{"id":5431,"date":"2024-03-14T07:14:00","date_gmt":"2024-03-14T11:14:00","guid":{"rendered":"https:\/\/worldvapersalliance.com\/?p=5431"},"modified":"2024-03-14T07:14:00","modified_gmt":"2024-03-14T11:14:00","slug":"vapers-protest-in-front-of-mexican-congress-to-call-for-an-end-to-the-ban-on-vaping","status":"publish","type":"post","link":"https:\/\/worldvapersalliance.com\/fr_be\/vapers-protest-in-front-of-mexican-congress-to-call-for-an-end-to-the-ban-on-vaping\/","title":{"rendered":"Des vapoteurs manifestent devant le Congr\u00e8s mexicain pour r\u00e9clamer la lev\u00e9e de l&#039;interdiction\u2026"},"content":{"rendered":"<p dir=\"ltr\">Mexico, le 13 mars 2024. \u2013 Des centaines de vapoteurs ont manifest\u00e9 devant le Congr\u00e8s de l&#039;Union mexicain pour r\u00e9clamer la lev\u00e9e de l&#039;interdiction du vapotage et une r\u00e9glementation bas\u00e9e sur les risques, lors d&#039;une manifestation organis\u00e9e par l&#039;Alliance mondiale des vapoteurs et All Vape Mexico.<\/p>\n<p dir=\"ltr\">Les manifestants ont exig\u00e9 la lev\u00e9e de l&#039;interdiction de vente des produits de vapotage \u2013 en vigueur dans le pays depuis mai 2020 \u2013 et l&#039;arr\u00eat de la r\u00e9forme constitutionnelle propos\u00e9e par le pr\u00e9sident Andr\u00e9s Manuel L\u00f3pez Obrador, qui vise \u00e0 inscrire cette interdiction dans la Constitution. Ils ont \u00e9galement r\u00e9clam\u00e9 l&#039;adoption d&#039;une r\u00e9glementation fond\u00e9e sur les risques, permettant aux fumeurs adultes d&#039;acc\u00e9der aux produits de vapotage pour arr\u00eater de fumer.<\/p>\n<p dir=\"ltr\">Alberto G\u00f3mez Hern\u00e1ndez, responsable des politiques de l&#039;Alliance mondiale des vapoteurs, a comment\u00e9\u00a0:<\/p>\n<p dir=\"ltr\"><em>\u201c L\u2019interdiction visait \u00e0 pr\u00e9venir le vapotage chez les mineurs. Or, ces derniers ont d\u00e9sormais pleinement acc\u00e8s \u00e0 des produits potentiellement dangereux sur le march\u00e9 noir. Parall\u00e8lement, les fumeurs souhaitant arr\u00eater de fumer peinent \u00e0 trouver des produits de vapotage s\u00fbrs. Cette interdiction est manifestement un \u00e9chec et doit \u00eatre lev\u00e9e au plus vite. La l\u00e9gislation ne saurait reposer sur des caprices ou des pr\u00e9jug\u00e9s id\u00e9ologiques\u00a0; elle doit s\u2019appuyer sur des donn\u00e9es scientifiques et sur l\u2019exp\u00e9rience des pays ayant obtenu de bons r\u00e9sultats. \u201d<\/em><\/p>\n<p dir=\"ltr\">Malgr\u00e9 l&#039;interdiction, les produits restent facilement accessibles sur le march\u00e9 informel, aupr\u00e8s de boutiques clandestines sp\u00e9cialis\u00e9es dans la cigarette \u00e9lectronique, et au march\u00e9 noir contr\u00f4l\u00e9 par le crime organis\u00e9. Faute de r\u00e9glementation, les cigarettes \u00e9lectroniques ne b\u00e9n\u00e9ficient d&#039;aucun contr\u00f4le de qualit\u00e9 ni de s\u00e9curit\u00e9, ce qui les rend potentiellement dangereuses.<\/p>\n<p dir=\"ltr\">Le d\u00e9put\u00e9 Sergio Barrera a comment\u00e9 :<\/p>\n<p dir=\"ltr\"><em>\u201c Il est tr\u00e8s regrettable que le gouvernement f\u00e9d\u00e9ral ait pens\u00e9 que l&#039;interdiction emp\u00eacherait de nombreux jeunes d&#039;avoir acc\u00e8s au vapotage et ne donne pas aux fumeurs qui souhaitent arr\u00eater cette pratique la possibilit\u00e9 d&#039;utiliser cette option. Nous avons besoin de r\u00e8gles claires. Nous devons savoir qui peut produire, distribuer et consommer ces produits, et c&#039;est pourquoi nous militons pour une r\u00e9glementation. \u201d<\/em><\/p>\n<p dir=\"ltr\">Au Mexique, le tabagisme cause plus de 40 000 d\u00e9c\u00e8s par an, alors qu&#039;on compte encore pr\u00e8s de 15 millions de fumeurs.<\/p>\n<p dir=\"ltr\">Antonio Toscano, porte-parole d&#039;All Vape M\u00e9xico, a d\u00e9clar\u00e9\u00a0:<\/p>\n<p dir=\"ltr\"><em>\u201c Le pr\u00e9sident voit un probl\u00e8me l\u00e0 o\u00f9 il existe une solution au tabagisme. Sa position prohibitionniste ne prot\u00e8ge pas les consommateurs adultes, qui sont contraints d&#039;acheter des produits du march\u00e9 noir, o\u00f9 aucun contr\u00f4le de qualit\u00e9 n&#039;est exerc\u00e9, et encore moins sur la vente aux mineurs. La prohibition est un danger pour la sant\u00e9 publique\u00a0; une bonne r\u00e9glementation pourrait \u00eatre extr\u00eamement b\u00e9n\u00e9fique pour la sant\u00e9 publique et sauver des millions de vies. \u201d<\/em><\/p>","protected":false},"excerpt":{"rendered":"<p>Mexico City, 13.03.2024. &#8211; Hundreds of vapers protested in front of Mexico&#8217;s Congress of the Union to call for an end to the ban on vaping and a risk-based regulation in a demonstration organised by the World Vapers&#8217; Alliance and All Vape Mexico. The protesters demanded an end to the ban on the sale of [&hellip;]<\/p>\n","protected":false},"author":11,"featured_media":3245,"comment_status":"open","ping_status":"open","sticky":false,"template":"","format":"standard","meta":{"footnotes":""},"categories":[13],"tags":[],"class_list":["post-5431","post","type-post","status-publish","format-standard","has-post-thumbnail","hentry","category-press-releases"],"yoast_head":"<!-- This site is optimized with the Yoast SEO plugin v27.3 - https:\/\/yoast.com\/product\/yoast-seo-wordpress\/ -->\n<title>Vapers protest in front of Mexican Congress to call for an end to the ban on vaping - World Vapers&#039; Alliance<\/title>\n<meta name=\"description\" content=\"Hundreds of vapers protested in front of Mexico&#039;s Congress of the Union to call for an end to the ban on vaping and a risk-based regulation.\" \/>\n<meta name=\"robots\" content=\"index, follow, max-snippet:-1, max-image-preview:large, max-video-preview:-1\" \/>\n<link rel=\"canonical\" href=\"https:\/\/worldvapersalliance.com\/fr_be\/vapers-protest-in-front-of-mexican-congress-to-call-for-an-end-to-the-ban-on-vaping\/\" \/>\n<meta property=\"og:locale\" content=\"fr_FR\" \/>\n<meta property=\"og:type\" content=\"article\" \/>\n<meta property=\"og:title\" content=\"Vapers protest in front of Mexican Congress to call for an end to the ban on vaping - World Vapers&#039; Alliance\" \/>\n<meta property=\"og:description\" content=\"Hundreds of vapers protested in front of Mexico&#039;s Congress of the Union to call for an end to the ban on vaping and a risk-based regulation.\" \/>\n<meta property=\"og:url\" content=\"https:\/\/worldvapersalliance.com\/fr_be\/vapers-protest-in-front-of-mexican-congress-to-call-for-an-end-to-the-ban-on-vaping\/\" \/>\n<meta property=\"og:site_name\" content=\"World Vapers&#039; Alliance\" \/>\n<meta property=\"article:published_time\" content=\"2024-03-14T11:14:00+00:00\" \/>\n<meta property=\"og:image\" content=\"https:\/\/worldvapersalliance.com\/wp-content\/uploads\/2022\/10\/WVA_Press-Release_Cover-new.png\" \/>\n\t<meta property=\"og:image:width\" content=\"4162\" \/>\n\t<meta property=\"og:image:height\" content=\"3840\" \/>\n\t<meta property=\"og:image:type\" content=\"image\/png\" \/>\n<meta name=\"author\" content=\"World Vapers&#039; Alliance\" \/>\n<meta name=\"twitter:card\" content=\"summary_large_image\" \/>\n<meta name=\"twitter:label1\" content=\"\u00c9crit par\" \/>\n\t<meta name=\"twitter:data1\" content=\"World Vapers&#039; Alliance\" \/>\n\t<meta name=\"twitter:label2\" content=\"Dur\u00e9e de lecture est.\" \/>\n\t<meta name=\"twitter:data2\" content=\"2 minutes\" \/>\n<script type=\"application\/ld+json\" class=\"yoast-schema-graph\">{\"@context\":\"https:\\\/\\\/schema.org\",\"@graph\":[{\"@type\":\"Article\",\"@id\":\"https:\\\/\\\/worldvapersalliance.com\\\/vapers-protest-in-front-of-mexican-congress-to-call-for-an-end-to-the-ban-on-vaping\\\/#article\",\"isPartOf\":{\"@id\":\"https:\\\/\\\/worldvapersalliance.com\\\/vapers-protest-in-front-of-mexican-congress-to-call-for-an-end-to-the-ban-on-vaping\\\/\"},\"author\":{\"name\":\"World Vapers' Alliance\",\"@id\":\"https:\\\/\\\/worldvapersalliance.com\\\/#\\\/schema\\\/person\\\/18484a6f20bcc6f70a2419c8babe017d\"},\"headline\":\"Vapers protest in front of Mexican Congress to call for an end to the ban o &hellip;\",\"datePublished\":\"2024-03-14T11:14:00+00:00\",\"mainEntityOfPage\":{\"@id\":\"https:\\\/\\\/worldvapersalliance.com\\\/vapers-protest-in-front-of-mexican-congress-to-call-for-an-end-to-the-ban-on-vaping\\\/\"},\"wordCount\":420,\"commentCount\":2,\"publisher\":{\"@id\":\"https:\\\/\\\/worldvapersalliance.com\\\/#organization\"},\"image\":{\"@id\":\"https:\\\/\\\/worldvapersalliance.com\\\/vapers-protest-in-front-of-mexican-congress-to-call-for-an-end-to-the-ban-on-vaping\\\/#primaryimage\"},\"thumbnailUrl\":\"https:\\\/\\\/worldvapersalliance.com\\\/wp-content\\\/uploads\\\/2022\\\/10\\\/WVA_Press-Release_Cover-new.png\",\"articleSection\":[\"Press Releases\"],\"inLanguage\":\"fr-BE\",\"potentialAction\":[{\"@type\":\"CommentAction\",\"name\":\"Comment\",\"target\":[\"https:\\\/\\\/worldvapersalliance.com\\\/vapers-protest-in-front-of-mexican-congress-to-call-for-an-end-to-the-ban-on-vaping\\\/#respond\"]}]},{\"@type\":\"WebPage\",\"@id\":\"https:\\\/\\\/worldvapersalliance.com\\\/vapers-protest-in-front-of-mexican-congress-to-call-for-an-end-to-the-ban-on-vaping\\\/\",\"url\":\"https:\\\/\\\/worldvapersalliance.com\\\/vapers-protest-in-front-of-mexican-congress-to-call-for-an-end-to-the-ban-on-vaping\\\/\",\"name\":\"Vapers protest in front of Mexican Congress to call for an end to the ban on vaping - World Vapers&#039; Alliance\",\"isPartOf\":{\"@id\":\"https:\\\/\\\/worldvapersalliance.com\\\/#website\"},\"primaryImageOfPage\":{\"@id\":\"https:\\\/\\\/worldvapersalliance.com\\\/vapers-protest-in-front-of-mexican-congress-to-call-for-an-end-to-the-ban-on-vaping\\\/#primaryimage\"},\"image\":{\"@id\":\"https:\\\/\\\/worldvapersalliance.com\\\/vapers-protest-in-front-of-mexican-congress-to-call-for-an-end-to-the-ban-on-vaping\\\/#primaryimage\"},\"thumbnailUrl\":\"https:\\\/\\\/worldvapersalliance.com\\\/wp-content\\\/uploads\\\/2022\\\/10\\\/WVA_Press-Release_Cover-new.png\",\"datePublished\":\"2024-03-14T11:14:00+00:00\",\"description\":\"Hundreds of vapers protested in front of Mexico's Congress of the Union to call for an end to the ban on vaping and a risk-based regulation.\",\"inLanguage\":\"fr-BE\",\"potentialAction\":[{\"@type\":\"ReadAction\",\"target\":[\"https:\\\/\\\/worldvapersalliance.com\\\/vapers-protest-in-front-of-mexican-congress-to-call-for-an-end-to-the-ban-on-vaping\\\/\"]}]},{\"@type\":\"ImageObject\",\"inLanguage\":\"fr-BE\",\"@id\":\"https:\\\/\\\/worldvapersalliance.com\\\/vapers-protest-in-front-of-mexican-congress-to-call-for-an-end-to-the-ban-on-vaping\\\/#primaryimage\",\"url\":\"https:\\\/\\\/worldvapersalliance.com\\\/wp-content\\\/uploads\\\/2022\\\/10\\\/WVA_Press-Release_Cover-new.png\",\"contentUrl\":\"https:\\\/\\\/worldvapersalliance.com\\\/wp-content\\\/uploads\\\/2022\\\/10\\\/WVA_Press-Release_Cover-new.png\",\"width\":4162,\"height\":3840},{\"@type\":\"WebSite\",\"@id\":\"https:\\\/\\\/worldvapersalliance.com\\\/#website\",\"url\":\"https:\\\/\\\/worldvapersalliance.com\\\/\",\"name\":\"World Vapers&#039; Alliance\",\"description\":\"The largest community of vapers\",\"publisher\":{\"@id\":\"https:\\\/\\\/worldvapersalliance.com\\\/#organization\"},\"potentialAction\":[{\"@type\":\"SearchAction\",\"target\":{\"@type\":\"EntryPoint\",\"urlTemplate\":\"https:\\\/\\\/worldvapersalliance.com\\\/?s={search_term_string}\"},\"query-input\":{\"@type\":\"PropertyValueSpecification\",\"valueRequired\":true,\"valueName\":\"search_term_string\"}}],\"inLanguage\":\"fr-BE\"},{\"@type\":\"Organization\",\"@id\":\"https:\\\/\\\/worldvapersalliance.com\\\/#organization\",\"name\":\"World Vapers&#039; Alliance\",\"url\":\"https:\\\/\\\/worldvapersalliance.com\\\/\",\"logo\":{\"@type\":\"ImageObject\",\"inLanguage\":\"fr-BE\",\"@id\":\"https:\\\/\\\/worldvapersalliance.com\\\/#\\\/schema\\\/logo\\\/image\\\/\",\"url\":\"https:\\\/\\\/worldvapersalliance.com\\\/wp-content\\\/uploads\\\/2022\\\/01\\\/WVA_RB_Fist_G.png\",\"contentUrl\":\"https:\\\/\\\/worldvapersalliance.com\\\/wp-content\\\/uploads\\\/2022\\\/01\\\/WVA_RB_Fist_G.png\",\"width\":985,\"height\":1177,\"caption\":\"World Vapers&#039; Alliance\"},\"image\":{\"@id\":\"https:\\\/\\\/worldvapersalliance.com\\\/#\\\/schema\\\/logo\\\/image\\\/\"}},{\"@type\":\"Person\",\"@id\":\"https:\\\/\\\/worldvapersalliance.com\\\/#\\\/schema\\\/person\\\/18484a6f20bcc6f70a2419c8babe017d\",\"name\":\"World Vapers' Alliance\",\"image\":{\"@type\":\"ImageObject\",\"inLanguage\":\"fr-BE\",\"@id\":\"https:\\\/\\\/secure.gravatar.com\\\/avatar\\\/456bf795c7a47c9ac527a94da4bff150aa49e48726d69bee9937f8383cffa246?s=96&d=mm&r=g\",\"url\":\"https:\\\/\\\/secure.gravatar.com\\\/avatar\\\/456bf795c7a47c9ac527a94da4bff150aa49e48726d69bee9937f8383cffa246?s=96&d=mm&r=g\",\"contentUrl\":\"https:\\\/\\\/secure.gravatar.com\\\/avatar\\\/456bf795c7a47c9ac527a94da4bff150aa49e48726d69bee9937f8383cffa246?s=96&d=mm&r=g\",\"caption\":\"World Vapers' Alliance\"},\"url\":\"https:\\\/\\\/worldvapersalliance.com\\\/fr_be\\\/author\\\/wva\\\/\"}]}<\/script>\n<!-- \/ Yoast SEO plugin. -->","yoast_head_json":{"title":"Des vapoteurs manifestent devant le Congr\u00e8s mexicain pour r\u00e9clamer la lev\u00e9e de l&#039;interdiction du vapotage - Alliance mondiale des vapoteurs","description":"Des centaines de vapoteurs ont manifest\u00e9 devant le Congr\u00e8s de l&#039;Union mexicain pour r\u00e9clamer la lev\u00e9e de l&#039;interdiction du vapotage et une r\u00e9glementation fond\u00e9e sur les risques.","robots":{"index":"index","follow":"follow","max-snippet":"max-snippet:-1","max-image-preview":"max-image-preview:large","max-video-preview":"max-video-preview:-1"},"canonical":"https:\/\/worldvapersalliance.com\/fr_be\/vapers-protest-in-front-of-mexican-congress-to-call-for-an-end-to-the-ban-on-vaping\/","og_locale":"fr_FR","og_type":"article","og_title":"Vapers protest in front of Mexican Congress to call for an end to the ban on vaping - World Vapers&#039; Alliance","og_description":"Hundreds of vapers protested in front of Mexico's Congress of the Union to call for an end to the ban on vaping and a risk-based regulation.","og_url":"https:\/\/worldvapersalliance.com\/fr_be\/vapers-protest-in-front-of-mexican-congress-to-call-for-an-end-to-the-ban-on-vaping\/","og_site_name":"World Vapers&#039; Alliance","article_published_time":"2024-03-14T11:14:00+00:00","og_image":[{"width":4162,"height":3840,"url":"https:\/\/worldvapersalliance.com\/wp-content\/uploads\/2022\/10\/WVA_Press-Release_Cover-new.png","type":"image\/png"}],"author":"World Vapers' Alliance","twitter_card":"summary_large_image","twitter_misc":{"\u00c9crit par":"World Vapers' Alliance","Dur\u00e9e de lecture est.":"2 minutes"},"schema":{"@context":"https:\/\/schema.org","@graph":[{"@type":"Article","@id":"https:\/\/worldvapersalliance.com\/vapers-protest-in-front-of-mexican-congress-to-call-for-an-end-to-the-ban-on-vaping\/#article","isPartOf":{"@id":"https:\/\/worldvapersalliance.com\/vapers-protest-in-front-of-mexican-congress-to-call-for-an-end-to-the-ban-on-vaping\/"},"author":{"name":"World Vapers' Alliance","@id":"https:\/\/worldvapersalliance.com\/#\/schema\/person\/18484a6f20bcc6f70a2419c8babe017d"},"headline":"Vapers protest in front of Mexican Congress to call for an end to the ban o &hellip;","datePublished":"2024-03-14T11:14:00+00:00","mainEntityOfPage":{"@id":"https:\/\/worldvapersalliance.com\/vapers-protest-in-front-of-mexican-congress-to-call-for-an-end-to-the-ban-on-vaping\/"},"wordCount":420,"commentCount":2,"publisher":{"@id":"https:\/\/worldvapersalliance.com\/#organization"},"image":{"@id":"https:\/\/worldvapersalliance.com\/vapers-protest-in-front-of-mexican-congress-to-call-for-an-end-to-the-ban-on-vaping\/#primaryimage"},"thumbnailUrl":"https:\/\/worldvapersalliance.com\/wp-content\/uploads\/2022\/10\/WVA_Press-Release_Cover-new.png","articleSection":["Press Releases"],"inLanguage":"fr-BE","potentialAction":[{"@type":"CommentAction","name":"Comment","target":["https:\/\/worldvapersalliance.com\/vapers-protest-in-front-of-mexican-congress-to-call-for-an-end-to-the-ban-on-vaping\/#respond"]}]},{"@type":"WebPage","@id":"https:\/\/worldvapersalliance.com\/vapers-protest-in-front-of-mexican-congress-to-call-for-an-end-to-the-ban-on-vaping\/","url":"https:\/\/worldvapersalliance.com\/vapers-protest-in-front-of-mexican-congress-to-call-for-an-end-to-the-ban-on-vaping\/","name":"Des vapoteurs manifestent devant le Congr\u00e8s mexicain pour r\u00e9clamer la lev\u00e9e de l&#039;interdiction du vapotage - Alliance mondiale des vapoteurs","isPartOf":{"@id":"https:\/\/worldvapersalliance.com\/#website"},"primaryImageOfPage":{"@id":"https:\/\/worldvapersalliance.com\/vapers-protest-in-front-of-mexican-congress-to-call-for-an-end-to-the-ban-on-vaping\/#primaryimage"},"image":{"@id":"https:\/\/worldvapersalliance.com\/vapers-protest-in-front-of-mexican-congress-to-call-for-an-end-to-the-ban-on-vaping\/#primaryimage"},"thumbnailUrl":"https:\/\/worldvapersalliance.com\/wp-content\/uploads\/2022\/10\/WVA_Press-Release_Cover-new.png","datePublished":"2024-03-14T11:14:00+00:00","description":"Des centaines de vapoteurs ont manifest\u00e9 devant le Congr\u00e8s de l&#039;Union mexicain pour r\u00e9clamer la lev\u00e9e de l&#039;interdiction du vapotage et une r\u00e9glementation fond\u00e9e sur les risques.","inLanguage":"fr-BE","potentialAction":[{"@type":"ReadAction","target":["https:\/\/worldvapersalliance.com\/vapers-protest-in-front-of-mexican-congress-to-call-for-an-end-to-the-ban-on-vaping\/"]}]},{"@type":"ImageObject","inLanguage":"fr-BE","@id":"https:\/\/worldvapersalliance.com\/vapers-protest-in-front-of-mexican-congress-to-call-for-an-end-to-the-ban-on-vaping\/#primaryimage","url":"https:\/\/worldvapersalliance.com\/wp-content\/uploads\/2022\/10\/WVA_Press-Release_Cover-new.png","contentUrl":"https:\/\/worldvapersalliance.com\/wp-content\/uploads\/2022\/10\/WVA_Press-Release_Cover-new.png","width":4162,"height":3840},{"@type":"WebSite","@id":"https:\/\/worldvapersalliance.com\/#website","url":"https:\/\/worldvapersalliance.com\/","name":"Alliance mondiale des vapoteurs","description":"La plus grande communaut\u00e9 de vapoteurs","publisher":{"@id":"https:\/\/worldvapersalliance.com\/#organization"},"potentialAction":[{"@type":"SearchAction","target":{"@type":"EntryPoint","urlTemplate":"https:\/\/worldvapersalliance.com\/?s={search_term_string}"},"query-input":{"@type":"PropertyValueSpecification","valueRequired":true,"valueName":"search_term_string"}}],"inLanguage":"fr-BE"},{"@type":"Organization","@id":"https:\/\/worldvapersalliance.com\/#organization","name":"Alliance mondiale des vapoteurs","url":"https:\/\/worldvapersalliance.com\/","logo":{"@type":"ImageObject","inLanguage":"fr-BE","@id":"https:\/\/worldvapersalliance.com\/#\/schema\/logo\/image\/","url":"https:\/\/worldvapersalliance.com\/wp-content\/uploads\/2022\/01\/WVA_RB_Fist_G.png","contentUrl":"https:\/\/worldvapersalliance.com\/wp-content\/uploads\/2022\/01\/WVA_RB_Fist_G.png","width":985,"height":1177,"caption":"World Vapers&#039; Alliance"},"image":{"@id":"https:\/\/worldvapersalliance.com\/#\/schema\/logo\/image\/"}},{"@type":"Person","@id":"https:\/\/worldvapersalliance.com\/#\/schema\/person\/18484a6f20bcc6f70a2419c8babe017d","name":"Alliance mondiale des vapoteurs","image":{"@type":"ImageObject","inLanguage":"fr-BE","@id":"https:\/\/secure.gravatar.com\/avatar\/456bf795c7a47c9ac527a94da4bff150aa49e48726d69bee9937f8383cffa246?s=96&d=mm&r=g","url":"https:\/\/secure.gravatar.com\/avatar\/456bf795c7a47c9ac527a94da4bff150aa49e48726d69bee9937f8383cffa246?s=96&d=mm&r=g","contentUrl":"https:\/\/secure.gravatar.com\/avatar\/456bf795c7a47c9ac527a94da4bff150aa49e48726d69bee9937f8383cffa246?s=96&d=mm&r=g","caption":"World Vapers' Alliance"},"url":"https:\/\/worldvapersalliance.com\/fr_be\/author\/wva\/"}]}},"_links":{"self":[{"href":"https:\/\/worldvapersalliance.com\/fr_be\/wp-json\/wp\/v2\/posts\/5431","targetHints":{"allow":["GET"]}}],"collection":[{"href":"https:\/\/worldvapersalliance.com\/fr_be\/wp-json\/wp\/v2\/posts"}],"about":[{"href":"https:\/\/worldvapersalliance.com\/fr_be\/wp-json\/wp\/v2\/types\/post"}],"author":[{"embeddable":true,"href":"https:\/\/worldvapersalliance.com\/fr_be\/wp-json\/wp\/v2\/users\/11"}],"replies":[{"embeddable":true,"href":"https:\/\/worldvapersalliance.com\/fr_be\/wp-json\/wp\/v2\/comments?post=5431"}],"version-history":[{"count":0,"href":"https:\/\/worldvapersalliance.com\/fr_be\/wp-json\/wp\/v2\/posts\/5431\/revisions"}],"wp:featuredmedia":[{"embeddable":true,"href":"https:\/\/worldvapersalliance.com\/fr_be\/wp-json\/wp\/v2\/media\/3245"}],"wp:attachment":[{"href":"https:\/\/worldvapersalliance.com\/fr_be\/wp-json\/wp\/v2\/media?parent=5431"}],"wp:term":[{"taxonomy":"category","embeddable":true,"href":"https:\/\/worldvapersalliance.com\/fr_be\/wp-json\/wp\/v2\/categories?post=5431"},{"taxonomy":"post_tag","embeddable":true,"href":"https:\/\/worldvapersalliance.com\/fr_be\/wp-json\/wp\/v2\/tags?post=5431"}],"curies":[{"name":"wp","href":"https:\/\/api.w.org\/{rel}","templated":true}]}}