{"id":5282,"date":"2023-12-13T08:33:09","date_gmt":"2023-12-13T13:33:09","guid":{"rendered":"https:\/\/worldvapersalliance.com\/?p=5282"},"modified":"2024-01-03T08:33:57","modified_gmt":"2024-01-03T13:33:57","slug":"argentina-asked-to-repeal-e-cigarette-ban","status":"publish","type":"post","link":"https:\/\/worldvapersalliance.com\/fr_be\/argentina-asked-to-repeal-e-cigarette-ban\/","title":{"rendered":"L&#039;Argentine somm\u00e9e d&#039;abroger l&#039;interdiction des cigarettes \u00e9lectroniques"},"content":{"rendered":"<p>L&#039;association argentine des vapoteurs, Asovape Argentina, et l&#039;Alliance mondiale des vapoteurs ont envoy\u00e9 un <a href=\"https:\/\/worldvapersalliance.com\/wp-content\/uploads\/2023\/12\/Open-letter-EN-Argentina.pdf\">lettre ouverte<\/a> Le pr\u00e9sident argentin r\u00e9cemment \u00e9lu, Javier Milei, appelle \u00e0 l&#039;abrogation de l&#039;Administration nationale des m\u00e9dicaments, des aliments et des technologies m\u00e9dicales. <a href=\"https:\/\/bancos.salud.gob.ar\/sites\/default\/files\/2018-10\/0000000026cnt-disposicion-anmat-ce.pdf\">Disposition 3226\/2011<\/a> interdire la commercialisation des cigarettes \u00e9lectroniques.<\/p>\n<p>Cette disposition interdisait l&#039;importation, la distribution, la commercialisation, la publicit\u00e9 et la promotion des cigarettes \u00e9lectroniques. Elle est entr\u00e9e en vigueur le 6 mai 2011.<\/p>\n<p>La lettre explique que de nombreuses \u00e9tudes men\u00e9es depuis l&#039;entr\u00e9e en vigueur de l&#039;interdiction ont d\u00e9montr\u00e9 le profil de risque nettement inf\u00e9rieur et l&#039;utilit\u00e9 des cigarettes \u00e9lectroniques pour le sevrage tabagique, ainsi que le faible risque pour la sant\u00e9 li\u00e9 \u00e0 la nicotine. Les signataires affirment \u00e9galement que l&#039;interdiction est incompatible avec le respect des libert\u00e9s individuelles des adultes argentins et leurs droits au libre \u00e9panouissement de la personnalit\u00e9, \u00e0 l&#039;information et \u00e0 la sant\u00e9.<\/p>\n<p>Lire le texte int\u00e9gral <a href=\"https:\/\/tobaccoreporter.com\/2023\/12\/13\/argentina-urged-to-repeal-e-cigarette-ban\/\" target=\"_blank\" rel=\"noopener\">ici<\/a><\/p>","protected":false},"excerpt":{"rendered":"<p>The Argentinean vapers\u2019 association, Asovape Argentina, and the World Vapers\u2019 Alliance have sent an open letter Argentina\u2019s recently elected president, Javier Milei, calling for the repeal of the National Administration of Medicines, Food and Medical Technology Provision 3226\/2011 banning the commercialization of e-cigarettes. The provision banned the import, distribution, marketing, advertising and promotion of e-cigarettes. [&hellip;]<\/p>\n","protected":false},"author":11,"featured_media":6394,"comment_status":"open","ping_status":"open","sticky":false,"template":"","format":"standard","meta":{"footnotes":""},"categories":[15],"tags":[],"class_list":["post-5282","post","type-post","status-publish","format-standard","has-post-thumbnail","hentry","category-wva-in-the-news"],"yoast_head":"<!-- This site is optimized with the Yoast SEO plugin v27.3 - https:\/\/yoast.com\/product\/yoast-seo-wordpress\/ -->\n<title>Argentina Asked to Repeal E-cigarette Ban - World Vapers&#039; Alliance<\/title>\n<meta name=\"robots\" content=\"index, follow, max-snippet:-1, max-image-preview:large, max-video-preview:-1\" \/>\n<link rel=\"canonical\" href=\"https:\/\/worldvapersalliance.com\/fr_be\/argentina-asked-to-repeal-e-cigarette-ban\/\" \/>\n<meta property=\"og:locale\" content=\"fr_FR\" \/>\n<meta property=\"og:type\" content=\"article\" \/>\n<meta property=\"og:title\" content=\"Argentina Asked to Repeal E-cigarette Ban - World Vapers&#039; Alliance\" \/>\n<meta property=\"og:description\" content=\"The Argentinean vapers\u2019 association, Asovape Argentina, and the World Vapers\u2019 Alliance have sent an open letter Argentina\u2019s recently elected president, Javier Milei, calling for the repeal of the National Administration of Medicines, Food and Medical Technology Provision 3226\/2011 banning the commercialization of e-cigarettes. The provision banned the import, distribution, marketing, advertising and promotion of e-cigarettes. [&hellip;]\" \/>\n<meta property=\"og:url\" content=\"https:\/\/worldvapersalliance.com\/fr_be\/argentina-asked-to-repeal-e-cigarette-ban\/\" \/>\n<meta property=\"og:site_name\" content=\"World Vapers&#039; Alliance\" \/>\n<meta property=\"article:published_time\" content=\"2023-12-13T13:33:09+00:00\" \/>\n<meta property=\"article:modified_time\" content=\"2024-01-03T13:33:57+00:00\" \/>\n<meta property=\"og:image\" content=\"https:\/\/worldvapersalliance.com\/wp-content\/uploads\/2022\/11\/tobacco-reporter.png\" \/>\n\t<meta property=\"og:image:width\" content=\"2081\" \/>\n\t<meta property=\"og:image:height\" content=\"1920\" \/>\n\t<meta property=\"og:image:type\" content=\"image\/png\" \/>\n<meta name=\"author\" content=\"World Vapers&#039; Alliance\" \/>\n<meta name=\"twitter:card\" content=\"summary_large_image\" \/>\n<meta name=\"twitter:label1\" content=\"\u00c9crit par\" \/>\n\t<meta name=\"twitter:data1\" content=\"World Vapers&#039; Alliance\" \/>\n\t<meta name=\"twitter:label2\" content=\"Dur\u00e9e de lecture est.\" \/>\n\t<meta name=\"twitter:data2\" content=\"1 minute\" \/>\n<script type=\"application\/ld+json\" class=\"yoast-schema-graph\">{\"@context\":\"https:\\\/\\\/schema.org\",\"@graph\":[{\"@type\":\"Article\",\"@id\":\"https:\\\/\\\/worldvapersalliance.com\\\/argentina-asked-to-repeal-e-cigarette-ban\\\/#article\",\"isPartOf\":{\"@id\":\"https:\\\/\\\/worldvapersalliance.com\\\/argentina-asked-to-repeal-e-cigarette-ban\\\/\"},\"author\":{\"name\":\"World Vapers' Alliance\",\"@id\":\"https:\\\/\\\/worldvapersalliance.com\\\/#\\\/schema\\\/person\\\/18484a6f20bcc6f70a2419c8babe017d\"},\"headline\":\"Argentina Asked to Repeal E-cigarette Ban\",\"datePublished\":\"2023-12-13T13:33:09+00:00\",\"dateModified\":\"2024-01-03T13:33:57+00:00\",\"mainEntityOfPage\":{\"@id\":\"https:\\\/\\\/worldvapersalliance.com\\\/argentina-asked-to-repeal-e-cigarette-ban\\\/\"},\"wordCount\":140,\"commentCount\":0,\"publisher\":{\"@id\":\"https:\\\/\\\/worldvapersalliance.com\\\/#organization\"},\"image\":{\"@id\":\"https:\\\/\\\/worldvapersalliance.com\\\/argentina-asked-to-repeal-e-cigarette-ban\\\/#primaryimage\"},\"thumbnailUrl\":\"https:\\\/\\\/worldvapersalliance.com\\\/wp-content\\\/uploads\\\/2025\\\/08\\\/WVA-in-the-news.png\",\"articleSection\":[\"WVA in the News\"],\"inLanguage\":\"fr-BE\",\"potentialAction\":[{\"@type\":\"CommentAction\",\"name\":\"Comment\",\"target\":[\"https:\\\/\\\/worldvapersalliance.com\\\/argentina-asked-to-repeal-e-cigarette-ban\\\/#respond\"]}]},{\"@type\":\"WebPage\",\"@id\":\"https:\\\/\\\/worldvapersalliance.com\\\/argentina-asked-to-repeal-e-cigarette-ban\\\/\",\"url\":\"https:\\\/\\\/worldvapersalliance.com\\\/argentina-asked-to-repeal-e-cigarette-ban\\\/\",\"name\":\"Argentina Asked to Repeal E-cigarette Ban - World Vapers&#039; Alliance\",\"isPartOf\":{\"@id\":\"https:\\\/\\\/worldvapersalliance.com\\\/#website\"},\"primaryImageOfPage\":{\"@id\":\"https:\\\/\\\/worldvapersalliance.com\\\/argentina-asked-to-repeal-e-cigarette-ban\\\/#primaryimage\"},\"image\":{\"@id\":\"https:\\\/\\\/worldvapersalliance.com\\\/argentina-asked-to-repeal-e-cigarette-ban\\\/#primaryimage\"},\"thumbnailUrl\":\"https:\\\/\\\/worldvapersalliance.com\\\/wp-content\\\/uploads\\\/2025\\\/08\\\/WVA-in-the-news.png\",\"datePublished\":\"2023-12-13T13:33:09+00:00\",\"dateModified\":\"2024-01-03T13:33:57+00:00\",\"inLanguage\":\"fr-BE\",\"potentialAction\":[{\"@type\":\"ReadAction\",\"target\":[\"https:\\\/\\\/worldvapersalliance.com\\\/argentina-asked-to-repeal-e-cigarette-ban\\\/\"]}]},{\"@type\":\"ImageObject\",\"inLanguage\":\"fr-BE\",\"@id\":\"https:\\\/\\\/worldvapersalliance.com\\\/argentina-asked-to-repeal-e-cigarette-ban\\\/#primaryimage\",\"url\":\"https:\\\/\\\/worldvapersalliance.com\\\/wp-content\\\/uploads\\\/2025\\\/08\\\/WVA-in-the-news.png\",\"contentUrl\":\"https:\\\/\\\/worldvapersalliance.com\\\/wp-content\\\/uploads\\\/2025\\\/08\\\/WVA-in-the-news.png\",\"width\":1264,\"height\":848},{\"@type\":\"WebSite\",\"@id\":\"https:\\\/\\\/worldvapersalliance.com\\\/#website\",\"url\":\"https:\\\/\\\/worldvapersalliance.com\\\/\",\"name\":\"World Vapers&#039; Alliance\",\"description\":\"The largest community of vapers\",\"publisher\":{\"@id\":\"https:\\\/\\\/worldvapersalliance.com\\\/#organization\"},\"potentialAction\":[{\"@type\":\"SearchAction\",\"target\":{\"@type\":\"EntryPoint\",\"urlTemplate\":\"https:\\\/\\\/worldvapersalliance.com\\\/?s={search_term_string}\"},\"query-input\":{\"@type\":\"PropertyValueSpecification\",\"valueRequired\":true,\"valueName\":\"search_term_string\"}}],\"inLanguage\":\"fr-BE\"},{\"@type\":\"Organization\",\"@id\":\"https:\\\/\\\/worldvapersalliance.com\\\/#organization\",\"name\":\"World Vapers&#039; Alliance\",\"url\":\"https:\\\/\\\/worldvapersalliance.com\\\/\",\"logo\":{\"@type\":\"ImageObject\",\"inLanguage\":\"fr-BE\",\"@id\":\"https:\\\/\\\/worldvapersalliance.com\\\/#\\\/schema\\\/logo\\\/image\\\/\",\"url\":\"https:\\\/\\\/worldvapersalliance.com\\\/wp-content\\\/uploads\\\/2022\\\/01\\\/WVA_RB_Fist_G.png\",\"contentUrl\":\"https:\\\/\\\/worldvapersalliance.com\\\/wp-content\\\/uploads\\\/2022\\\/01\\\/WVA_RB_Fist_G.png\",\"width\":985,\"height\":1177,\"caption\":\"World Vapers&#039; Alliance\"},\"image\":{\"@id\":\"https:\\\/\\\/worldvapersalliance.com\\\/#\\\/schema\\\/logo\\\/image\\\/\"}},{\"@type\":\"Person\",\"@id\":\"https:\\\/\\\/worldvapersalliance.com\\\/#\\\/schema\\\/person\\\/18484a6f20bcc6f70a2419c8babe017d\",\"name\":\"World Vapers' Alliance\",\"image\":{\"@type\":\"ImageObject\",\"inLanguage\":\"fr-BE\",\"@id\":\"https:\\\/\\\/secure.gravatar.com\\\/avatar\\\/456bf795c7a47c9ac527a94da4bff150aa49e48726d69bee9937f8383cffa246?s=96&d=mm&r=g\",\"url\":\"https:\\\/\\\/secure.gravatar.com\\\/avatar\\\/456bf795c7a47c9ac527a94da4bff150aa49e48726d69bee9937f8383cffa246?s=96&d=mm&r=g\",\"contentUrl\":\"https:\\\/\\\/secure.gravatar.com\\\/avatar\\\/456bf795c7a47c9ac527a94da4bff150aa49e48726d69bee9937f8383cffa246?s=96&d=mm&r=g\",\"caption\":\"World Vapers' Alliance\"},\"url\":\"https:\\\/\\\/worldvapersalliance.com\\\/fr_be\\\/author\\\/wva\\\/\"}]}<\/script>\n<!-- \/ Yoast SEO plugin. -->","yoast_head_json":{"title":"L&#039;Argentine somm\u00e9e d&#039;abroger l&#039;interdiction des cigarettes \u00e9lectroniques - Alliance mondiale des vapoteurs","robots":{"index":"index","follow":"follow","max-snippet":"max-snippet:-1","max-image-preview":"max-image-preview:large","max-video-preview":"max-video-preview:-1"},"canonical":"https:\/\/worldvapersalliance.com\/fr_be\/argentina-asked-to-repeal-e-cigarette-ban\/","og_locale":"fr_FR","og_type":"article","og_title":"Argentina Asked to Repeal E-cigarette Ban - World Vapers&#039; Alliance","og_description":"The Argentinean vapers\u2019 association, Asovape Argentina, and the World Vapers\u2019 Alliance have sent an open letter Argentina\u2019s recently elected president, Javier Milei, calling for the repeal of the National Administration of Medicines, Food and Medical Technology Provision 3226\/2011 banning the commercialization of e-cigarettes. The provision banned the import, distribution, marketing, advertising and promotion of e-cigarettes. [&hellip;]","og_url":"https:\/\/worldvapersalliance.com\/fr_be\/argentina-asked-to-repeal-e-cigarette-ban\/","og_site_name":"World Vapers&#039; Alliance","article_published_time":"2023-12-13T13:33:09+00:00","article_modified_time":"2024-01-03T13:33:57+00:00","og_image":[{"width":2081,"height":1920,"url":"https:\/\/worldvapersalliance.com\/wp-content\/uploads\/2022\/11\/tobacco-reporter.png","type":"image\/png"}],"author":"World Vapers' Alliance","twitter_card":"summary_large_image","twitter_misc":{"\u00c9crit par":"World Vapers' Alliance","Dur\u00e9e de lecture est.":"1 minute"},"schema":{"@context":"https:\/\/schema.org","@graph":[{"@type":"Article","@id":"https:\/\/worldvapersalliance.com\/argentina-asked-to-repeal-e-cigarette-ban\/#article","isPartOf":{"@id":"https:\/\/worldvapersalliance.com\/argentina-asked-to-repeal-e-cigarette-ban\/"},"author":{"name":"World Vapers' Alliance","@id":"https:\/\/worldvapersalliance.com\/#\/schema\/person\/18484a6f20bcc6f70a2419c8babe017d"},"headline":"Argentina Asked to Repeal E-cigarette Ban","datePublished":"2023-12-13T13:33:09+00:00","dateModified":"2024-01-03T13:33:57+00:00","mainEntityOfPage":{"@id":"https:\/\/worldvapersalliance.com\/argentina-asked-to-repeal-e-cigarette-ban\/"},"wordCount":140,"commentCount":0,"publisher":{"@id":"https:\/\/worldvapersalliance.com\/#organization"},"image":{"@id":"https:\/\/worldvapersalliance.com\/argentina-asked-to-repeal-e-cigarette-ban\/#primaryimage"},"thumbnailUrl":"https:\/\/worldvapersalliance.com\/wp-content\/uploads\/2025\/08\/WVA-in-the-news.png","articleSection":["WVA in the News"],"inLanguage":"fr-BE","potentialAction":[{"@type":"CommentAction","name":"Comment","target":["https:\/\/worldvapersalliance.com\/argentina-asked-to-repeal-e-cigarette-ban\/#respond"]}]},{"@type":"WebPage","@id":"https:\/\/worldvapersalliance.com\/argentina-asked-to-repeal-e-cigarette-ban\/","url":"https:\/\/worldvapersalliance.com\/argentina-asked-to-repeal-e-cigarette-ban\/","name":"L&#039;Argentine somm\u00e9e d&#039;abroger l&#039;interdiction des cigarettes \u00e9lectroniques - Alliance mondiale des vapoteurs","isPartOf":{"@id":"https:\/\/worldvapersalliance.com\/#website"},"primaryImageOfPage":{"@id":"https:\/\/worldvapersalliance.com\/argentina-asked-to-repeal-e-cigarette-ban\/#primaryimage"},"image":{"@id":"https:\/\/worldvapersalliance.com\/argentina-asked-to-repeal-e-cigarette-ban\/#primaryimage"},"thumbnailUrl":"https:\/\/worldvapersalliance.com\/wp-content\/uploads\/2025\/08\/WVA-in-the-news.png","datePublished":"2023-12-13T13:33:09+00:00","dateModified":"2024-01-03T13:33:57+00:00","inLanguage":"fr-BE","potentialAction":[{"@type":"ReadAction","target":["https:\/\/worldvapersalliance.com\/argentina-asked-to-repeal-e-cigarette-ban\/"]}]},{"@type":"ImageObject","inLanguage":"fr-BE","@id":"https:\/\/worldvapersalliance.com\/argentina-asked-to-repeal-e-cigarette-ban\/#primaryimage","url":"https:\/\/worldvapersalliance.com\/wp-content\/uploads\/2025\/08\/WVA-in-the-news.png","contentUrl":"https:\/\/worldvapersalliance.com\/wp-content\/uploads\/2025\/08\/WVA-in-the-news.png","width":1264,"height":848},{"@type":"WebSite","@id":"https:\/\/worldvapersalliance.com\/#website","url":"https:\/\/worldvapersalliance.com\/","name":"Alliance mondiale des vapoteurs","description":"La plus grande communaut\u00e9 de vapoteurs","publisher":{"@id":"https:\/\/worldvapersalliance.com\/#organization"},"potentialAction":[{"@type":"SearchAction","target":{"@type":"EntryPoint","urlTemplate":"https:\/\/worldvapersalliance.com\/?s={search_term_string}"},"query-input":{"@type":"PropertyValueSpecification","valueRequired":true,"valueName":"search_term_string"}}],"inLanguage":"fr-BE"},{"@type":"Organization","@id":"https:\/\/worldvapersalliance.com\/#organization","name":"Alliance mondiale des vapoteurs","url":"https:\/\/worldvapersalliance.com\/","logo":{"@type":"ImageObject","inLanguage":"fr-BE","@id":"https:\/\/worldvapersalliance.com\/#\/schema\/logo\/image\/","url":"https:\/\/worldvapersalliance.com\/wp-content\/uploads\/2022\/01\/WVA_RB_Fist_G.png","contentUrl":"https:\/\/worldvapersalliance.com\/wp-content\/uploads\/2022\/01\/WVA_RB_Fist_G.png","width":985,"height":1177,"caption":"World Vapers&#039; Alliance"},"image":{"@id":"https:\/\/worldvapersalliance.com\/#\/schema\/logo\/image\/"}},{"@type":"Person","@id":"https:\/\/worldvapersalliance.com\/#\/schema\/person\/18484a6f20bcc6f70a2419c8babe017d","name":"Alliance mondiale des vapoteurs","image":{"@type":"ImageObject","inLanguage":"fr-BE","@id":"https:\/\/secure.gravatar.com\/avatar\/456bf795c7a47c9ac527a94da4bff150aa49e48726d69bee9937f8383cffa246?s=96&d=mm&r=g","url":"https:\/\/secure.gravatar.com\/avatar\/456bf795c7a47c9ac527a94da4bff150aa49e48726d69bee9937f8383cffa246?s=96&d=mm&r=g","contentUrl":"https:\/\/secure.gravatar.com\/avatar\/456bf795c7a47c9ac527a94da4bff150aa49e48726d69bee9937f8383cffa246?s=96&d=mm&r=g","caption":"World Vapers' Alliance"},"url":"https:\/\/worldvapersalliance.com\/fr_be\/author\/wva\/"}]}},"_links":{"self":[{"href":"https:\/\/worldvapersalliance.com\/fr_be\/wp-json\/wp\/v2\/posts\/5282","targetHints":{"allow":["GET"]}}],"collection":[{"href":"https:\/\/worldvapersalliance.com\/fr_be\/wp-json\/wp\/v2\/posts"}],"about":[{"href":"https:\/\/worldvapersalliance.com\/fr_be\/wp-json\/wp\/v2\/types\/post"}],"author":[{"embeddable":true,"href":"https:\/\/worldvapersalliance.com\/fr_be\/wp-json\/wp\/v2\/users\/11"}],"replies":[{"embeddable":true,"href":"https:\/\/worldvapersalliance.com\/fr_be\/wp-json\/wp\/v2\/comments?post=5282"}],"version-history":[{"count":0,"href":"https:\/\/worldvapersalliance.com\/fr_be\/wp-json\/wp\/v2\/posts\/5282\/revisions"}],"wp:featuredmedia":[{"embeddable":true,"href":"https:\/\/worldvapersalliance.com\/fr_be\/wp-json\/wp\/v2\/media\/6394"}],"wp:attachment":[{"href":"https:\/\/worldvapersalliance.com\/fr_be\/wp-json\/wp\/v2\/media?parent=5282"}],"wp:term":[{"taxonomy":"category","embeddable":true,"href":"https:\/\/worldvapersalliance.com\/fr_be\/wp-json\/wp\/v2\/categories?post=5282"},{"taxonomy":"post_tag","embeddable":true,"href":"https:\/\/worldvapersalliance.com\/fr_be\/wp-json\/wp\/v2\/tags?post=5282"}],"curies":[{"name":"wp","href":"https:\/\/api.w.org\/{rel}","templated":true}]}}