{"id":1468,"date":"2022-05-26T06:08:42","date_gmt":"2022-05-26T10:08:42","guid":{"rendered":"https:\/\/worldvapersalliance.com\/?p=1468"},"modified":"2022-05-26T06:08:42","modified_gmt":"2022-05-26T10:08:42","slug":"consumer-group-world-vapers-alliance-will-celebrate-world-vape-day-one-day-before-whos-world-no-tobacco-day","status":"publish","type":"post","link":"https:\/\/worldvapersalliance.com\/fr_be\/consumer-group-world-vapers-alliance-will-celebrate-world-vape-day-one-day-before-whos-world-no-tobacco-day\/","title":{"rendered":"L&#039;association de consommateurs World Vapers&#039; Alliance c\u00e9l\u00e9brera la Journ\u00e9e mondiale du vapotage un jour\u2026"},"content":{"rendered":"<p dir=\"ltr\">Le 30 mai 2022, l&#039;Alliance mondiale des vapoteurs (WVA), une association internationale de consommateurs, organisera sa troisi\u00e8me Journ\u00e9e mondiale du vapotage, la veille de la Journ\u00e9e mondiale sans tabac de l&#039;OMS. Le choix de cette date n&#039;est pas fortuit et vise \u00e0 d\u00e9montrer que le vapotage et les autres outils de r\u00e9duction des risques constituent l&#039;un des moyens les plus efficaces d&#039;aider les fumeurs \u00e0 arr\u00eater.<\/p>\n<p dir=\"ltr\">\u201c Ensemble, nous voulons faire savoir au monde entier que des millions de fumeurs sont d\u00e9j\u00e0 pass\u00e9s \u00e0 la cigarette \u00e9lectronique pour une vie meilleure, et nous appelons les d\u00e9fenseurs et les consommateurs \u00e0 se faire entendre, \u00e0 promouvoir le vapotage et \u00e0 aider les fumeurs actuels \u00e0 faire de m\u00eame. Nous avons constat\u00e9 de nombreuses attaques infond\u00e9es contre le vapotage de la part de l&#039;OMS et, \u00e0 l&#039;occasion de la Journ\u00e9e mondiale de la cigarette \u00e9lectronique, nous voulons contrer cette d\u00e9sinformation \u201d, a d\u00e9clar\u00e9 Michael Landl, directeur de l&#039;Alliance mondiale des vapoteurs.<\/p>\n<p dir=\"ltr\">Le th\u00e8me de la Journ\u00e9e mondiale du vapotage de cette ann\u00e9e est la r\u00e9duction des risques, le vapotage \u00e9tant l&#039;un des outils les plus efficaces pour arr\u00eater de fumer. Le programme de l&#039;\u00e9v\u00e9nement comprend des discussions avec des experts en r\u00e9duction des risques, des t\u00e9moignages de militants du vapotage du monde entier et pr\u00e9sente diff\u00e9rentes campagnes de la WVA sur le sujet.<\/p>\n<p dir=\"ltr\">\u201c La Journ\u00e9e mondiale du vapotage est une occasion sp\u00e9ciale pour notre communaut\u00e9 mondiale de se rassembler et de c\u00e9l\u00e9brer le vapotage comme un outil qui a aid\u00e9 tant de personnes \u00e0 am\u00e9liorer leur vie. En cette journ\u00e9e, nous pouvons tous faire entendre notre voix et dire aux responsables politiques que le vapotage sauve des vies \u201d, a d\u00e9clar\u00e9 Liza Katsiashvili, responsable de la communaut\u00e9 WVA.<\/p>\n<p>&nbsp;<\/p>\n<p dir=\"ltr\">L&#039;\u00e9v\u00e9nement sera diffus\u00e9 en direct dans le monde entier le lundi 30 mai \u00e0 partir de 18h00 (heure d&#039;Europe centrale). Plus de d\u00e9tails sur le programme sont disponibles ici\u00a0: <a href=\"https:\/\/worldvapersalliance.com\/fr_be\/world-vape-day\/\" target=\"_blank\" rel=\"noopener\" data-saferedirecturl=\"https:\/\/www.google.com\/url?q=http:\/\/www.worldvapersalliance.com\/world-vape-day&amp;source=gmail&amp;ust=1653645821043000&amp;usg=AOvVaw328bAjscWbPB6ueIKv4Gfz\">www.worldvapersalliance.com\/<wbr \/>Journ\u00e9e mondiale du vapotage<\/a><\/p>","protected":false},"excerpt":{"rendered":"<p>On 30 May 2022, a global consumer group World Vapers\u2019 Alliance (WVA) will host its third annual World Vape Day, just one day before WHO\u2019s World No Tobacco Day. The choice of the date is not coincidental and is set to showcase that vaping and other harm reduction tools are one of the most efficient [&hellip;]<\/p>\n","protected":false},"author":11,"featured_media":1417,"comment_status":"open","ping_status":"open","sticky":false,"template":"","format":"standard","meta":{"footnotes":""},"categories":[13],"tags":[],"class_list":["post-1468","post","type-post","status-publish","format-standard","has-post-thumbnail","hentry","category-press-releases"],"yoast_head":"<!-- This site is optimized with the Yoast SEO plugin v27.3 - https:\/\/yoast.com\/product\/yoast-seo-wordpress\/ -->\n<title>WVA will celebrate World Vape Day one day before World No Tobacco Day<\/title>\n<meta name=\"description\" content=\"On 30 May 2022, consumer group World Vapers\u2019 Alliance will host its third annual World Vape Day, one day before WHO\u2019s World No Tobacco Day.\" \/>\n<meta name=\"robots\" content=\"index, follow, max-snippet:-1, max-image-preview:large, max-video-preview:-1\" \/>\n<link rel=\"canonical\" href=\"https:\/\/worldvapersalliance.com\/fr_be\/consumer-group-world-vapers-alliance-will-celebrate-world-vape-day-one-day-before-whos-world-no-tobacco-day\/\" \/>\n<meta property=\"og:locale\" content=\"fr_FR\" \/>\n<meta property=\"og:type\" content=\"article\" \/>\n<meta property=\"og:title\" content=\"WVA will celebrate World Vape Day one day before World No Tobacco Day\" \/>\n<meta property=\"og:description\" content=\"On 30 May 2022, consumer group World Vapers\u2019 Alliance will host its third annual World Vape Day, one day before WHO\u2019s World No Tobacco Day.\" \/>\n<meta property=\"og:url\" content=\"https:\/\/worldvapersalliance.com\/fr_be\/consumer-group-world-vapers-alliance-will-celebrate-world-vape-day-one-day-before-whos-world-no-tobacco-day\/\" \/>\n<meta property=\"og:site_name\" content=\"World Vapers&#039; Alliance\" \/>\n<meta property=\"article:published_time\" content=\"2022-05-26T10:08:42+00:00\" \/>\n<meta property=\"og:image\" content=\"https:\/\/worldvapersalliance.com\/wp-content\/uploads\/2022\/05\/world-vape-day.png\" \/>\n\t<meta property=\"og:image:width\" content=\"2081\" \/>\n\t<meta property=\"og:image:height\" content=\"1920\" \/>\n\t<meta property=\"og:image:type\" content=\"image\/png\" \/>\n<meta name=\"author\" content=\"World Vapers&#039; Alliance\" \/>\n<meta name=\"twitter:card\" content=\"summary_large_image\" \/>\n<meta name=\"twitter:label1\" content=\"\u00c9crit par\" \/>\n\t<meta name=\"twitter:data1\" content=\"World Vapers&#039; Alliance\" \/>\n\t<meta name=\"twitter:label2\" content=\"Dur\u00e9e de lecture est.\" \/>\n\t<meta name=\"twitter:data2\" content=\"2 minutes\" \/>\n<script type=\"application\/ld+json\" class=\"yoast-schema-graph\">{\"@context\":\"https:\\\/\\\/schema.org\",\"@graph\":[{\"@type\":\"Article\",\"@id\":\"https:\\\/\\\/worldvapersalliance.com\\\/consumer-group-world-vapers-alliance-will-celebrate-world-vape-day-one-day-before-whos-world-no-tobacco-day\\\/#article\",\"isPartOf\":{\"@id\":\"https:\\\/\\\/worldvapersalliance.com\\\/consumer-group-world-vapers-alliance-will-celebrate-world-vape-day-one-day-before-whos-world-no-tobacco-day\\\/\"},\"author\":{\"name\":\"World Vapers' Alliance\",\"@id\":\"https:\\\/\\\/worldvapersalliance.com\\\/#\\\/schema\\\/person\\\/18484a6f20bcc6f70a2419c8babe017d\"},\"headline\":\"Consumer group World Vapers\u2019 Alliance will celebrate World Vape Day one d &hellip;\",\"datePublished\":\"2022-05-26T10:08:42+00:00\",\"mainEntityOfPage\":{\"@id\":\"https:\\\/\\\/worldvapersalliance.com\\\/consumer-group-world-vapers-alliance-will-celebrate-world-vape-day-one-day-before-whos-world-no-tobacco-day\\\/\"},\"wordCount\":293,\"commentCount\":0,\"publisher\":{\"@id\":\"https:\\\/\\\/worldvapersalliance.com\\\/#organization\"},\"image\":{\"@id\":\"https:\\\/\\\/worldvapersalliance.com\\\/consumer-group-world-vapers-alliance-will-celebrate-world-vape-day-one-day-before-whos-world-no-tobacco-day\\\/#primaryimage\"},\"thumbnailUrl\":\"https:\\\/\\\/worldvapersalliance.com\\\/wp-content\\\/uploads\\\/2022\\\/05\\\/world-vape-day.png\",\"articleSection\":[\"Press Releases\"],\"inLanguage\":\"fr-BE\",\"potentialAction\":[{\"@type\":\"CommentAction\",\"name\":\"Comment\",\"target\":[\"https:\\\/\\\/worldvapersalliance.com\\\/consumer-group-world-vapers-alliance-will-celebrate-world-vape-day-one-day-before-whos-world-no-tobacco-day\\\/#respond\"]}]},{\"@type\":\"WebPage\",\"@id\":\"https:\\\/\\\/worldvapersalliance.com\\\/consumer-group-world-vapers-alliance-will-celebrate-world-vape-day-one-day-before-whos-world-no-tobacco-day\\\/\",\"url\":\"https:\\\/\\\/worldvapersalliance.com\\\/consumer-group-world-vapers-alliance-will-celebrate-world-vape-day-one-day-before-whos-world-no-tobacco-day\\\/\",\"name\":\"WVA will celebrate World Vape Day one day before World No Tobacco Day\",\"isPartOf\":{\"@id\":\"https:\\\/\\\/worldvapersalliance.com\\\/#website\"},\"primaryImageOfPage\":{\"@id\":\"https:\\\/\\\/worldvapersalliance.com\\\/consumer-group-world-vapers-alliance-will-celebrate-world-vape-day-one-day-before-whos-world-no-tobacco-day\\\/#primaryimage\"},\"image\":{\"@id\":\"https:\\\/\\\/worldvapersalliance.com\\\/consumer-group-world-vapers-alliance-will-celebrate-world-vape-day-one-day-before-whos-world-no-tobacco-day\\\/#primaryimage\"},\"thumbnailUrl\":\"https:\\\/\\\/worldvapersalliance.com\\\/wp-content\\\/uploads\\\/2022\\\/05\\\/world-vape-day.png\",\"datePublished\":\"2022-05-26T10:08:42+00:00\",\"description\":\"On 30 May 2022, consumer group World Vapers\u2019 Alliance will host its third annual World Vape Day, one day before WHO\u2019s World No Tobacco Day.\",\"inLanguage\":\"fr-BE\",\"potentialAction\":[{\"@type\":\"ReadAction\",\"target\":[\"https:\\\/\\\/worldvapersalliance.com\\\/consumer-group-world-vapers-alliance-will-celebrate-world-vape-day-one-day-before-whos-world-no-tobacco-day\\\/\"]}]},{\"@type\":\"ImageObject\",\"inLanguage\":\"fr-BE\",\"@id\":\"https:\\\/\\\/worldvapersalliance.com\\\/consumer-group-world-vapers-alliance-will-celebrate-world-vape-day-one-day-before-whos-world-no-tobacco-day\\\/#primaryimage\",\"url\":\"https:\\\/\\\/worldvapersalliance.com\\\/wp-content\\\/uploads\\\/2022\\\/05\\\/world-vape-day.png\",\"contentUrl\":\"https:\\\/\\\/worldvapersalliance.com\\\/wp-content\\\/uploads\\\/2022\\\/05\\\/world-vape-day.png\",\"width\":2081,\"height\":1920},{\"@type\":\"WebSite\",\"@id\":\"https:\\\/\\\/worldvapersalliance.com\\\/#website\",\"url\":\"https:\\\/\\\/worldvapersalliance.com\\\/\",\"name\":\"World Vapers&#039; Alliance\",\"description\":\"The largest community of vapers\",\"publisher\":{\"@id\":\"https:\\\/\\\/worldvapersalliance.com\\\/#organization\"},\"potentialAction\":[{\"@type\":\"SearchAction\",\"target\":{\"@type\":\"EntryPoint\",\"urlTemplate\":\"https:\\\/\\\/worldvapersalliance.com\\\/?s={search_term_string}\"},\"query-input\":{\"@type\":\"PropertyValueSpecification\",\"valueRequired\":true,\"valueName\":\"search_term_string\"}}],\"inLanguage\":\"fr-BE\"},{\"@type\":\"Organization\",\"@id\":\"https:\\\/\\\/worldvapersalliance.com\\\/#organization\",\"name\":\"World Vapers&#039; Alliance\",\"url\":\"https:\\\/\\\/worldvapersalliance.com\\\/\",\"logo\":{\"@type\":\"ImageObject\",\"inLanguage\":\"fr-BE\",\"@id\":\"https:\\\/\\\/worldvapersalliance.com\\\/#\\\/schema\\\/logo\\\/image\\\/\",\"url\":\"https:\\\/\\\/worldvapersalliance.com\\\/wp-content\\\/uploads\\\/2022\\\/01\\\/WVA_RB_Fist_G.png\",\"contentUrl\":\"https:\\\/\\\/worldvapersalliance.com\\\/wp-content\\\/uploads\\\/2022\\\/01\\\/WVA_RB_Fist_G.png\",\"width\":985,\"height\":1177,\"caption\":\"World Vapers&#039; Alliance\"},\"image\":{\"@id\":\"https:\\\/\\\/worldvapersalliance.com\\\/#\\\/schema\\\/logo\\\/image\\\/\"}},{\"@type\":\"Person\",\"@id\":\"https:\\\/\\\/worldvapersalliance.com\\\/#\\\/schema\\\/person\\\/18484a6f20bcc6f70a2419c8babe017d\",\"name\":\"World Vapers' Alliance\",\"image\":{\"@type\":\"ImageObject\",\"inLanguage\":\"fr-BE\",\"@id\":\"https:\\\/\\\/secure.gravatar.com\\\/avatar\\\/456bf795c7a47c9ac527a94da4bff150aa49e48726d69bee9937f8383cffa246?s=96&d=mm&r=g\",\"url\":\"https:\\\/\\\/secure.gravatar.com\\\/avatar\\\/456bf795c7a47c9ac527a94da4bff150aa49e48726d69bee9937f8383cffa246?s=96&d=mm&r=g\",\"contentUrl\":\"https:\\\/\\\/secure.gravatar.com\\\/avatar\\\/456bf795c7a47c9ac527a94da4bff150aa49e48726d69bee9937f8383cffa246?s=96&d=mm&r=g\",\"caption\":\"World Vapers' Alliance\"},\"url\":\"https:\\\/\\\/worldvapersalliance.com\\\/fr_be\\\/author\\\/wva\\\/\"}]}<\/script>\n<!-- \/ Yoast SEO plugin. -->","yoast_head_json":{"title":"WVA c\u00e9l\u00e9brera la Journ\u00e9e mondiale du vapotage la veille de la Journ\u00e9e mondiale sans tabac.","description":"Le 30 mai 2022, l&#039;association de consommateurs World Vapers&#039; Alliance organisera sa troisi\u00e8me Journ\u00e9e mondiale annuelle du vapotage, la veille de la Journ\u00e9e mondiale sans tabac de l&#039;OMS.","robots":{"index":"index","follow":"follow","max-snippet":"max-snippet:-1","max-image-preview":"max-image-preview:large","max-video-preview":"max-video-preview:-1"},"canonical":"https:\/\/worldvapersalliance.com\/fr_be\/consumer-group-world-vapers-alliance-will-celebrate-world-vape-day-one-day-before-whos-world-no-tobacco-day\/","og_locale":"fr_FR","og_type":"article","og_title":"WVA will celebrate World Vape Day one day before World No Tobacco Day","og_description":"On 30 May 2022, consumer group World Vapers\u2019 Alliance will host its third annual World Vape Day, one day before WHO\u2019s World No Tobacco Day.","og_url":"https:\/\/worldvapersalliance.com\/fr_be\/consumer-group-world-vapers-alliance-will-celebrate-world-vape-day-one-day-before-whos-world-no-tobacco-day\/","og_site_name":"World Vapers&#039; Alliance","article_published_time":"2022-05-26T10:08:42+00:00","og_image":[{"width":2081,"height":1920,"url":"https:\/\/worldvapersalliance.com\/wp-content\/uploads\/2022\/05\/world-vape-day.png","type":"image\/png"}],"author":"World Vapers' Alliance","twitter_card":"summary_large_image","twitter_misc":{"\u00c9crit par":"World Vapers' Alliance","Dur\u00e9e de lecture est.":"2 minutes"},"schema":{"@context":"https:\/\/schema.org","@graph":[{"@type":"Article","@id":"https:\/\/worldvapersalliance.com\/consumer-group-world-vapers-alliance-will-celebrate-world-vape-day-one-day-before-whos-world-no-tobacco-day\/#article","isPartOf":{"@id":"https:\/\/worldvapersalliance.com\/consumer-group-world-vapers-alliance-will-celebrate-world-vape-day-one-day-before-whos-world-no-tobacco-day\/"},"author":{"name":"World Vapers' Alliance","@id":"https:\/\/worldvapersalliance.com\/#\/schema\/person\/18484a6f20bcc6f70a2419c8babe017d"},"headline":"Consumer group World Vapers\u2019 Alliance will celebrate World Vape Day one d &hellip;","datePublished":"2022-05-26T10:08:42+00:00","mainEntityOfPage":{"@id":"https:\/\/worldvapersalliance.com\/consumer-group-world-vapers-alliance-will-celebrate-world-vape-day-one-day-before-whos-world-no-tobacco-day\/"},"wordCount":293,"commentCount":0,"publisher":{"@id":"https:\/\/worldvapersalliance.com\/#organization"},"image":{"@id":"https:\/\/worldvapersalliance.com\/consumer-group-world-vapers-alliance-will-celebrate-world-vape-day-one-day-before-whos-world-no-tobacco-day\/#primaryimage"},"thumbnailUrl":"https:\/\/worldvapersalliance.com\/wp-content\/uploads\/2022\/05\/world-vape-day.png","articleSection":["Press Releases"],"inLanguage":"fr-BE","potentialAction":[{"@type":"CommentAction","name":"Comment","target":["https:\/\/worldvapersalliance.com\/consumer-group-world-vapers-alliance-will-celebrate-world-vape-day-one-day-before-whos-world-no-tobacco-day\/#respond"]}]},{"@type":"WebPage","@id":"https:\/\/worldvapersalliance.com\/consumer-group-world-vapers-alliance-will-celebrate-world-vape-day-one-day-before-whos-world-no-tobacco-day\/","url":"https:\/\/worldvapersalliance.com\/consumer-group-world-vapers-alliance-will-celebrate-world-vape-day-one-day-before-whos-world-no-tobacco-day\/","name":"WVA c\u00e9l\u00e9brera la Journ\u00e9e mondiale du vapotage la veille de la Journ\u00e9e mondiale sans tabac.","isPartOf":{"@id":"https:\/\/worldvapersalliance.com\/#website"},"primaryImageOfPage":{"@id":"https:\/\/worldvapersalliance.com\/consumer-group-world-vapers-alliance-will-celebrate-world-vape-day-one-day-before-whos-world-no-tobacco-day\/#primaryimage"},"image":{"@id":"https:\/\/worldvapersalliance.com\/consumer-group-world-vapers-alliance-will-celebrate-world-vape-day-one-day-before-whos-world-no-tobacco-day\/#primaryimage"},"thumbnailUrl":"https:\/\/worldvapersalliance.com\/wp-content\/uploads\/2022\/05\/world-vape-day.png","datePublished":"2022-05-26T10:08:42+00:00","description":"Le 30 mai 2022, l&#039;association de consommateurs World Vapers&#039; Alliance organisera sa troisi\u00e8me Journ\u00e9e mondiale annuelle du vapotage, la veille de la Journ\u00e9e mondiale sans tabac de l&#039;OMS.","inLanguage":"fr-BE","potentialAction":[{"@type":"ReadAction","target":["https:\/\/worldvapersalliance.com\/consumer-group-world-vapers-alliance-will-celebrate-world-vape-day-one-day-before-whos-world-no-tobacco-day\/"]}]},{"@type":"ImageObject","inLanguage":"fr-BE","@id":"https:\/\/worldvapersalliance.com\/consumer-group-world-vapers-alliance-will-celebrate-world-vape-day-one-day-before-whos-world-no-tobacco-day\/#primaryimage","url":"https:\/\/worldvapersalliance.com\/wp-content\/uploads\/2022\/05\/world-vape-day.png","contentUrl":"https:\/\/worldvapersalliance.com\/wp-content\/uploads\/2022\/05\/world-vape-day.png","width":2081,"height":1920},{"@type":"WebSite","@id":"https:\/\/worldvapersalliance.com\/#website","url":"https:\/\/worldvapersalliance.com\/","name":"Alliance mondiale des vapoteurs","description":"La plus grande communaut\u00e9 de vapoteurs","publisher":{"@id":"https:\/\/worldvapersalliance.com\/#organization"},"potentialAction":[{"@type":"SearchAction","target":{"@type":"EntryPoint","urlTemplate":"https:\/\/worldvapersalliance.com\/?s={search_term_string}"},"query-input":{"@type":"PropertyValueSpecification","valueRequired":true,"valueName":"search_term_string"}}],"inLanguage":"fr-BE"},{"@type":"Organization","@id":"https:\/\/worldvapersalliance.com\/#organization","name":"Alliance mondiale des vapoteurs","url":"https:\/\/worldvapersalliance.com\/","logo":{"@type":"ImageObject","inLanguage":"fr-BE","@id":"https:\/\/worldvapersalliance.com\/#\/schema\/logo\/image\/","url":"https:\/\/worldvapersalliance.com\/wp-content\/uploads\/2022\/01\/WVA_RB_Fist_G.png","contentUrl":"https:\/\/worldvapersalliance.com\/wp-content\/uploads\/2022\/01\/WVA_RB_Fist_G.png","width":985,"height":1177,"caption":"World Vapers&#039; Alliance"},"image":{"@id":"https:\/\/worldvapersalliance.com\/#\/schema\/logo\/image\/"}},{"@type":"Person","@id":"https:\/\/worldvapersalliance.com\/#\/schema\/person\/18484a6f20bcc6f70a2419c8babe017d","name":"Alliance mondiale des vapoteurs","image":{"@type":"ImageObject","inLanguage":"fr-BE","@id":"https:\/\/secure.gravatar.com\/avatar\/456bf795c7a47c9ac527a94da4bff150aa49e48726d69bee9937f8383cffa246?s=96&d=mm&r=g","url":"https:\/\/secure.gravatar.com\/avatar\/456bf795c7a47c9ac527a94da4bff150aa49e48726d69bee9937f8383cffa246?s=96&d=mm&r=g","contentUrl":"https:\/\/secure.gravatar.com\/avatar\/456bf795c7a47c9ac527a94da4bff150aa49e48726d69bee9937f8383cffa246?s=96&d=mm&r=g","caption":"World Vapers' Alliance"},"url":"https:\/\/worldvapersalliance.com\/fr_be\/author\/wva\/"}]}},"_links":{"self":[{"href":"https:\/\/worldvapersalliance.com\/fr_be\/wp-json\/wp\/v2\/posts\/1468","targetHints":{"allow":["GET"]}}],"collection":[{"href":"https:\/\/worldvapersalliance.com\/fr_be\/wp-json\/wp\/v2\/posts"}],"about":[{"href":"https:\/\/worldvapersalliance.com\/fr_be\/wp-json\/wp\/v2\/types\/post"}],"author":[{"embeddable":true,"href":"https:\/\/worldvapersalliance.com\/fr_be\/wp-json\/wp\/v2\/users\/11"}],"replies":[{"embeddable":true,"href":"https:\/\/worldvapersalliance.com\/fr_be\/wp-json\/wp\/v2\/comments?post=1468"}],"version-history":[{"count":0,"href":"https:\/\/worldvapersalliance.com\/fr_be\/wp-json\/wp\/v2\/posts\/1468\/revisions"}],"wp:featuredmedia":[{"embeddable":true,"href":"https:\/\/worldvapersalliance.com\/fr_be\/wp-json\/wp\/v2\/media\/1417"}],"wp:attachment":[{"href":"https:\/\/worldvapersalliance.com\/fr_be\/wp-json\/wp\/v2\/media?parent=1468"}],"wp:term":[{"taxonomy":"category","embeddable":true,"href":"https:\/\/worldvapersalliance.com\/fr_be\/wp-json\/wp\/v2\/categories?post=1468"},{"taxonomy":"post_tag","embeddable":true,"href":"https:\/\/worldvapersalliance.com\/fr_be\/wp-json\/wp\/v2\/tags?post=1468"}],"curies":[{"name":"wp","href":"https:\/\/api.w.org\/{rel}","templated":true}]}}