{"id":7068,"date":"2026-08-12T04:52:28","date_gmt":"2026-08-12T08:52:28","guid":{"rendered":"https:\/\/worldvapersalliance.com\/?p=7068"},"modified":"2026-08-12T04:54:07","modified_gmt":"2026-08-12T08:54:07","slug":"eu-health-commissioner-varhelyi-continues-misinformation-push-on-nicotine","status":"publish","type":"post","link":"https:\/\/worldvapersalliance.com\/fr\/eu-health-commissioner-varhelyi-continues-misinformation-push-on-nicotine\/","title":{"rendered":"La commissaire europ\u00e9enne \u00e0 la sant\u00e9, V\u00e1rhelyi, poursuit sa campagne de d\u00e9sinformation sur la nicotine."},"content":{"rendered":"<p><span style=\"font-weight: 400;\">Le commissaire europ\u00e9en \u00e0 la sant\u00e9, Oliv\u00e9r V\u00e1rhelyi, a publi\u00e9 une mise \u00e0 jour sur <\/span><a href=\"https:\/\/www.linkedin.com\/posts\/oliv%C3%A9r-v%C3%A1rhelyi_publichealth-tobaccocontrol-prevention-share-7488982929717628929-mKy1\/\" target=\"_blank\" rel=\"noopener\"><span style=\"font-weight: 400;\">LinkedIn<\/span><\/a><span style=\"font-weight: 400;\"> cette semaine sous le titre <\/span><i><span style=\"font-weight: 400;\">\u201c Nouveaux produits, nouveaux risques : la r\u00e9glementation europ\u00e9enne du tabac doit \u00eatre adapt\u00e9e \u00e0 l\u2019avenir. \u201d<\/span><\/i><span style=\"font-weight: 400;\"> Il pr\u00e9sente la prochaine initiative de Bruxelles en mati\u00e8re de politique relative au tabac et \u00e0 la nicotine comme une protection des jeunes. Il affirme que l&#039;objectif de l&#039;UE est de \u2019<\/span><i><span style=\"font-weight: 400;\">\u201d Une g\u00e9n\u00e9ration sans tabac ni nicotine d\u2019ici 2040 \u00bb<\/span><\/i><span style=\"font-weight: 400;\"> et que la Commission europ\u00e9enne est <\/span><i><span style=\"font-weight: 400;\">\u201cconsulter largement \u201d<\/span><\/i><span style=\"font-weight: 400;\"> afin que les citoyens puissent donner leur avis sur l&#039;avenir de la lutte antitabac.\u00a0<\/span><\/p>\n<p><span style=\"font-weight: 400;\">Ces deux affirmations sont fausses et servent le m\u00eame objectif : renforcer un discours qui permet \u00e0 la Commission de justifier les restrictions impos\u00e9es depuis des ann\u00e9es aux produits nicotiniques moins nocifs.<\/span><\/p>\n<h4><b>L&#039;objectif n&#039;a jamais \u00e9t\u00e9 un syst\u00e8me sans nicotine.<\/b><\/h4>\n<p><span style=\"font-weight: 400;\">V\u00e1rhelyi a \u00e9crit : <\/span><i><span style=\"font-weight: 400;\">\u201c Notre objectif reste clair : une g\u00e9n\u00e9ration sans tabac ni nicotine d\u2019ici 2040. \u201d<\/span><\/i><span style=\"font-weight: 400;\"> Deux paragraphes plus loin, dans le m\u00eame article, l&#039;un de ses propres points cl\u00e9s d\u00e9crit le plan de la Commission comme \u00e9tant en mouvement <\/span><i><span style=\"font-weight: 400;\">\u201c\u00a0Plus pr\u00e8s d\u2019une g\u00e9n\u00e9ration sans tabac d\u2019ici 2040\u00a0\u201d<\/span><\/i><span style=\"font-weight: 400;\">. Si l&#039;objectif \u00e9tait aussi clair qu&#039;il le pr\u00e9tend, il n&#039;aurait pas besoin de deux noms diff\u00e9rents dans une seule publication LinkedIn.<\/span><\/p>\n<p><span style=\"font-weight: 400;\">Le v\u00e9ritable mandat vient de <\/span><a href=\"https:\/\/commission.europa.eu\/topics\/public-health\/european-health-union\/cancer-plan-europe_en\" target=\"_blank\" rel=\"noopener\"><span style=\"font-weight: 400;\">Le plan europ\u00e9en de lutte contre le cancer<\/span><\/a><span style=\"font-weight: 400;\">, Adopt\u00e9e en 2021, la loi am\u00e9ricaine sur la r\u00e9duction des risques li\u00e9s au tabac (UPRT) fixe l&#039;objectif d&#039;une g\u00e9n\u00e9ration sans tabac d&#039;ici 2040, d\u00e9finie comme une population dont moins de 51 % consomme des produits du tabac. La nicotine n&#039;a jamais \u00e9t\u00e9 incluse dans cet objectif, pour une raison simple\u00a0: ce n&#039;est pas la nicotine en elle-m\u00eame qui tue, mais la combustion. Plus pr\u00e9cis\u00e9ment, la combustion du tabac dans les cigarettes, qui produit le goudron et les substances toxiques responsables de la plupart des maladies li\u00e9es au tabagisme. Les produits nicotiniques moins nocifs rompent ce lien de diff\u00e9rentes mani\u00e8res\u00a0: les dispositifs \u00e0 tabac chauff\u00e9 contiennent du tabac mais ne le br\u00fblent pas, ils ne produisent donc pas de fum\u00e9e\u00a0; les cigarettes \u00e9lectroniques et les sachets de nicotine ne contiennent pas de tabac et ne produisent aucune fum\u00e9e. C&#039;est le principe m\u00eame de la r\u00e9duction des risques.<\/span><\/p>\n<p><span style=\"font-weight: 400;\">C&#039;est V\u00e1rhelyi lui-m\u00eame qui, dans son propre <\/span><a href=\"https:\/\/ec.europa.eu\/commission\/presscorner\/detail\/en\/statement_26_1197\" target=\"_blank\" rel=\"noopener\"><span style=\"font-weight: 400;\">D\u00e9claration de la Journ\u00e9e mondiale sans tabac<\/span><\/a><span style=\"font-weight: 400;\"> en mai 2026, rebaptis\u00e9 <\/span><i><span style=\"font-weight: 400;\">\u201c g\u00e9n\u00e9ration sans tabac \u201d <\/span><\/i><span style=\"font-weight: 400;\">dans un <\/span><i><span style=\"font-weight: 400;\">\u201c G\u00e9n\u00e9ration sans tabac ni nicotine. \u201d<\/span><\/i><span style=\"font-weight: 400;\"> Un commissaire a ajout\u00e9 un mot, et du coup, les cigarettes \u00e9lectroniques, les sachets de nicotine et le tabac chauff\u00e9 ont \u00e9t\u00e9 int\u00e9gr\u00e9s \u00e0 un objectif qui n&#039;en faisait absolument pas partie. R\u00e9sultat\u00a0: on traite tous les produits nicotin\u00e9s comme s&#039;ils pr\u00e9sentaient le m\u00eame risque qu&#039;une cigarette, alors que l&#039;ensemble des donn\u00e9es probantes sur la r\u00e9duction des risques li\u00e9s au tabac d\u00e9montre le contraire.<\/span><\/p>\n<h4><b>La science a tort (selon V\u00e1rhelyi)<\/b><\/h4>\n<p><span style=\"font-weight: 400;\">En septembre 2025, V\u00e1rhelyi <\/span><a href=\"https:\/\/clearingtheair.eu\/en\/post\/exclusive-varheyli-tweets-then-deletes-false-claim-that-nicotine-causes-cancer\/\" target=\"_blank\" rel=\"noopener\"><span style=\"font-weight: 400;\">tweet\u00e9<\/span><\/a><span style=\"font-weight: 400;\"> que <\/span><i><span style=\"font-weight: 400;\">\u201c La nicotine\u2026 provoque le cancer. \u201d<\/span><\/i><span style=\"font-weight: 400;\"> Cancer Research UK, la FDA et l&#039;OMS s&#039;accordent \u00e0 dire que la nicotine n&#039;est pas canc\u00e9rig\u00e8ne en soi\u00a0: le risque de cancer li\u00e9 au tabagisme provient de la combustion du tabac, et non de la nicotine qu&#039;il contient. Suite aux critiques, V\u00e1rhelyi n&#039;a pas retir\u00e9 son affirmation. Il l&#039;a simplement modifi\u00e9e pour mentionner la nicotine. <\/span><i><span style=\"font-weight: 400;\">\u201c contribue au d\u00e9veloppement du cancer \u201d,\u201d<\/span><\/i><span style=\"font-weight: 400;\"> une r\u00e9vision qui interpr\u00e8te encore mal les donn\u00e9es scientifiques.<\/span><\/p>\n<p><span style=\"font-weight: 400;\">Mais V\u00e1rhelyi ne s&#039;est pas arr\u00eat\u00e9 l\u00e0. Dans un <\/span><a href=\"https:\/\/worldvapersalliance.com\/en_gb\/commissioner-varhelyi-denies-science-again\/\" target=\"_blank\" rel=\"noopener\"><span style=\"font-weight: 400;\">R\u00e9ponse \u00e9crite au d\u00e9put\u00e9 europ\u00e9en Kristoffer Storm<\/span><\/a><span style=\"font-weight: 400;\">, V\u00e1rhelyi a d\u00e9clar\u00e9 que les produits de nicotine sans fum\u00e9e <\/span><i><span style=\"font-weight: 400;\">\u201c Ne r\u00e9duisez pas les risques pour la sant\u00e9 \u201d<\/span><\/i><span style=\"font-weight: 400;\"> Par rapport aux cigarettes, une affirmation contredit les autorit\u00e9s sanitaires du Royaume-Uni, de France et d&#039;Allemagne, ainsi que l&#039;avis de la FDA, qui reconnaissent toutes une r\u00e9duction substantielle des risques pour les fumeurs qui passent aux produits nicotin\u00e9s. La Commission avait besoin de preuves pour \u00e9tayer sa position selon laquelle les nouveaux produits nicotin\u00e9s contiennent <\/span><a href=\"https:\/\/worldvapersalliance.com\/fr\/eu-commission-makes-misinformation-its-official-policy\/\" target=\"_blank\" rel=\"noopener\"><span style=\"font-weight: 400;\">risques <\/span><i><span style=\"font-weight: 400;\">\u201c comparable au tabagisme \u201d,\u201d<\/span><\/i><\/a><span style=\"font-weight: 400;\"> L&#039;\u00e9tude sur laquelle elle s&#039;appuyait n&#039;a pas non plus r\u00e9sist\u00e9 \u00e0 l&#039;\u00e9preuve du temps\u00a0: le chercheur en tabac Peter Hajek a soulign\u00e9 que\u2026 <\/span><a href=\"https:\/\/clearingtheair.eu\/en\/post\/factually-wrong-experts-destroy-study-used-by-eu-commission-to-justify-nicotine-clampdown\/\" target=\"_blank\" rel=\"noopener\"><span style=\"font-weight: 400;\">L&#039;article contredit ses propres sources cit\u00e9es.<\/span><\/a><span style=\"font-weight: 400;\">, qui a constat\u00e9 que les produits nicotin\u00e9s sans combustion pr\u00e9sentent un faible risque compar\u00e9 au tabagisme.<\/span><\/p>\n<h4><b>\u201c Consulter largement \u201d (tant que tout le monde est d\u2019accord)<\/b><\/h4>\n<p><span style=\"font-weight: 400;\">V\u00e1rhelyi a \u00e9galement \u00e9crit que la Commission europ\u00e9enne <\/span><i><span style=\"font-weight: 400;\">\u201c\u00a0Mene de larges consultations afin de garantir que les citoyens, les jeunes, les professionnels de la sant\u00e9, les chercheurs, les autorit\u00e9s publiques, la soci\u00e9t\u00e9 civile et les entreprises puissent tous donner leur avis sur le futur cadre europ\u00e9en de lutte antitabac.\u00a0\u201d<\/span><\/i><span style=\"font-weight: 400;\"> En pratique, la consultation est con\u00e7ue de telle sorte qu&#039;une r\u00e9ponse ait \u00e0 peine d&#039;importance.<\/span><\/p>\n<p><span style=\"font-weight: 400;\">La consultation <\/span><a href=\"https:\/\/www.eunews.it\/en\/2026\/06\/11\/criticism-of-the-eu-commission-over-the-public-consultation-on-tobacco-impossible-by-design\/\" target=\"_blank\" rel=\"noopener\"><span style=\"font-weight: 400;\">questionnaire personnel<\/span><\/a><span style=\"font-weight: 400;\"> Le texte traite les cigarettes, les cigarettes \u00e9lectroniques, les sachets de nicotine et le tabac chauff\u00e9 comme une seule et m\u00eame cat\u00e9gorie, comme s&#039;ils pr\u00e9sentaient tous le m\u00eame risque. Pour quiconque comprend la diff\u00e9rence entre fum\u00e9e et vapeur, cette approche rend toute r\u00e9ponse honn\u00eate intrins\u00e8quement difficile. On a moins l&#039;impression d&#039;une v\u00e9ritable consultation que d&#039;une d\u00e9marche visant \u00e0 aboutir \u00e0 une conclusion \u00e0 laquelle la Commission \u00e9tait d\u00e9j\u00e0 parvenue avant m\u00eame son ouverture.<\/span><\/p>\n<p><span style=\"font-weight: 400;\">Cela s&#039;est d\u00e9j\u00e0 produit au moins une fois. Lorsque la Commission <\/span><a href=\"https:\/\/clearingtheair.eu\/en\/post\/opinion-the-eu-is-consulting-on-nicotine-bans-the-paper-trail-matters\/\" target=\"_blank\" rel=\"noopener\"><span style=\"font-weight: 400;\">r\u00e9ponses examin\u00e9es<\/span><\/a><span style=\"font-weight: 400;\"> Lors d&#039;une pr\u00e9c\u00e9dente consultation portant sur ce m\u00eame cadre, les quelque 891\u00a0000 r\u00e9pondants oppos\u00e9s \u00e0 de nouvelles restrictions ont \u00e9t\u00e9 ignor\u00e9s. Si tel a \u00e9t\u00e9 le cas lors de la consultation pr\u00e9c\u00e9dente, rien dans la conception de la consultation actuelle ne laisse pr\u00e9sager un traitement diff\u00e9rent.<\/span><\/p>\n<h4><b>Bruxelles ne peut pas avoir le beurre et l&#039;argent du beurre.<\/b><\/h4>\n<p><span style=\"font-weight: 400;\">UN <\/span><i><span style=\"font-weight: 400;\">\u201c&quot;clair&quot;\u201d<\/span><\/i><span style=\"font-weight: 400;\"> but et un <\/span><i><span style=\"font-weight: 400;\">\u201c&quot;large&quot;\u201d<\/span><\/i><span style=\"font-weight: 400;\"> Une consultation ne peut pas \u00eatre \u00e0 la fois vraie et fausse. Si l&#039;objectif est d\u00e9j\u00e0 fix\u00e9, la consultation n&#039;est qu&#039;une formalit\u00e9. Si la consultation est r\u00e9elle, l&#039;objectif doit pouvoir \u00e9voluer en fonction des avis exprim\u00e9s.<\/span><\/p>\n<p><span style=\"font-weight: 400;\">Le message de V\u00e1rhelyi se termine ironiquement par le hashtag\u00a0: ##EUHaveYourSay. Mais m\u00eame avec un grand nombre de r\u00e9ponses, un questionnaire con\u00e7u pour produire une seule r\u00e9ponse est vou\u00e9 \u00e0 l&#039;\u00e9chec.\u00a0<\/span><\/p>","protected":false},"excerpt":{"rendered":"<p>EU Health Commissioner Oliv\u00e9r V\u00e1rhelyi posted an update on LinkedIn this week under the headline \u201cNew products, new risks: Europe\u2019s tobacco rules must be fit for the future,\u201d framing Brussels\u2019 next move on tobacco and nicotine policy as protection for young people. In it, he claims the EU\u2019s goal is a \u201ctobacco and nicotine-free generation [&hellip;]<\/p>\n","protected":false},"author":14,"featured_media":7069,"comment_status":"open","ping_status":"open","sticky":false,"template":"","format":"standard","meta":{"footnotes":""},"categories":[17],"tags":[],"class_list":["post-7068","post","type-post","status-publish","format-standard","has-post-thumbnail","hentry","category-blog"],"yoast_head":"<!-- This site is optimized with the Yoast SEO plugin v28.4 - https:\/\/yoast.com\/product\/yoast-seo-wordpress\/ -->\n<title>EU Health Commissioner V\u00e1rhelyi Continues Misinformation Push on Nicotine - World Vapers&#039; Alliance<\/title>\n<meta name=\"description\" content=\"EU Health Commissioner Oliv\u00e9r V\u00e1rhelyi\u2019s tobacco claims face scrutiny as the Commission pushes its agenda on nicotine regulation and lower-risk products\" \/>\n<meta name=\"robots\" content=\"index, follow, max-snippet:-1, max-image-preview:large, max-video-preview:-1\" \/>\n<link rel=\"canonical\" href=\"https:\/\/worldvapersalliance.com\/fr\/eu-health-commissioner-varhelyi-continues-misinformation-push-on-nicotine\/\" \/>\n<meta property=\"og:locale\" content=\"fr_FR\" \/>\n<meta property=\"og:type\" content=\"article\" \/>\n<meta property=\"og:title\" content=\"EU Health Commissioner V\u00e1rhelyi Continues Misinformation Push on Nicotine - World Vapers&#039; Alliance\" \/>\n<meta property=\"og:description\" content=\"EU Health Commissioner Oliv\u00e9r V\u00e1rhelyi\u2019s tobacco claims face scrutiny as the Commission pushes its agenda on nicotine regulation and lower-risk products\" \/>\n<meta property=\"og:url\" content=\"https:\/\/worldvapersalliance.com\/fr\/eu-health-commissioner-varhelyi-continues-misinformation-push-on-nicotine\/\" \/>\n<meta property=\"og:site_name\" content=\"World Vapers&#039; Alliance\" \/>\n<meta property=\"article:published_time\" content=\"2026-08-12T08:52:28+00:00\" \/>\n<meta property=\"article:modified_time\" content=\"2026-08-12T08:54:07+00:00\" \/>\n<meta property=\"og:image\" content=\"https:\/\/worldvapersalliance.com\/wp-content\/uploads\/2026\/08\/Consultation-blog-image.jpg\" \/>\n\t<meta property=\"og:image:width\" content=\"2081\" \/>\n\t<meta property=\"og:image:height\" content=\"1920\" \/>\n\t<meta property=\"og:image:type\" content=\"image\/jpeg\" \/>\n<meta name=\"author\" content=\"Alberto Hernandez\" \/>\n<meta name=\"twitter:card\" content=\"summary_large_image\" \/>\n<meta name=\"twitter:label1\" content=\"\u00c9crit par\" \/>\n\t<meta name=\"twitter:data1\" content=\"Alberto Hernandez\" \/>\n\t<meta name=\"twitter:label2\" content=\"Dur\u00e9e de lecture estim\u00e9e\" \/>\n\t<meta name=\"twitter:data2\" content=\"4 minutes\" \/>\n<script type=\"application\/ld+json\" class=\"yoast-schema-graph\">{\"@context\":\"https:\\\/\\\/schema.org\",\"@graph\":[{\"@type\":\"Article\",\"@id\":\"https:\\\/\\\/worldvapersalliance.com\\\/eu-health-commissioner-varhelyi-continues-misinformation-push-on-nicotine\\\/#article\",\"isPartOf\":{\"@id\":\"https:\\\/\\\/worldvapersalliance.com\\\/eu-health-commissioner-varhelyi-continues-misinformation-push-on-nicotine\\\/\"},\"author\":{\"name\":\"Alberto Hernandez\",\"@id\":\"https:\\\/\\\/worldvapersalliance.com\\\/#\\\/schema\\\/person\\\/9b81eefe507e68fb5ab671aa0ab2bfb6\"},\"headline\":\"EU Health Commissioner V\u00e1rhelyi Continues Misinformation Push on Nicotine\",\"datePublished\":\"2026-08-12T08:52:28+00:00\",\"dateModified\":\"2026-08-12T08:54:07+00:00\",\"mainEntityOfPage\":{\"@id\":\"https:\\\/\\\/worldvapersalliance.com\\\/eu-health-commissioner-varhelyi-continues-misinformation-push-on-nicotine\\\/\"},\"wordCount\":818,\"commentCount\":0,\"publisher\":{\"@id\":\"https:\\\/\\\/worldvapersalliance.com\\\/#organization\"},\"image\":{\"@id\":\"https:\\\/\\\/worldvapersalliance.com\\\/eu-health-commissioner-varhelyi-continues-misinformation-push-on-nicotine\\\/#primaryimage\"},\"thumbnailUrl\":\"https:\\\/\\\/worldvapersalliance.com\\\/wp-content\\\/uploads\\\/2026\\\/08\\\/Consultation-blog-image.jpg\",\"articleSection\":[\"Blog\"],\"inLanguage\":\"fr-FR\",\"potentialAction\":[{\"@type\":\"CommentAction\",\"name\":\"Comment\",\"target\":[\"https:\\\/\\\/worldvapersalliance.com\\\/eu-health-commissioner-varhelyi-continues-misinformation-push-on-nicotine\\\/#respond\"]}]},{\"@type\":\"WebPage\",\"@id\":\"https:\\\/\\\/worldvapersalliance.com\\\/eu-health-commissioner-varhelyi-continues-misinformation-push-on-nicotine\\\/\",\"url\":\"https:\\\/\\\/worldvapersalliance.com\\\/eu-health-commissioner-varhelyi-continues-misinformation-push-on-nicotine\\\/\",\"name\":\"EU Health Commissioner V\u00e1rhelyi Continues Misinformation Push on Nicotine - World Vapers&#039; Alliance\",\"isPartOf\":{\"@id\":\"https:\\\/\\\/worldvapersalliance.com\\\/#website\"},\"primaryImageOfPage\":{\"@id\":\"https:\\\/\\\/worldvapersalliance.com\\\/eu-health-commissioner-varhelyi-continues-misinformation-push-on-nicotine\\\/#primaryimage\"},\"image\":{\"@id\":\"https:\\\/\\\/worldvapersalliance.com\\\/eu-health-commissioner-varhelyi-continues-misinformation-push-on-nicotine\\\/#primaryimage\"},\"thumbnailUrl\":\"https:\\\/\\\/worldvapersalliance.com\\\/wp-content\\\/uploads\\\/2026\\\/08\\\/Consultation-blog-image.jpg\",\"datePublished\":\"2026-08-12T08:52:28+00:00\",\"dateModified\":\"2026-08-12T08:54:07+00:00\",\"description\":\"EU Health Commissioner Oliv\u00e9r V\u00e1rhelyi\u2019s tobacco claims face scrutiny as the Commission pushes its agenda on nicotine regulation and lower-risk products\",\"inLanguage\":\"fr-FR\",\"potentialAction\":[{\"@type\":\"ReadAction\",\"target\":[\"https:\\\/\\\/worldvapersalliance.com\\\/eu-health-commissioner-varhelyi-continues-misinformation-push-on-nicotine\\\/\"]}]},{\"@type\":\"ImageObject\",\"inLanguage\":\"fr-FR\",\"@id\":\"https:\\\/\\\/worldvapersalliance.com\\\/eu-health-commissioner-varhelyi-continues-misinformation-push-on-nicotine\\\/#primaryimage\",\"url\":\"https:\\\/\\\/worldvapersalliance.com\\\/wp-content\\\/uploads\\\/2026\\\/08\\\/Consultation-blog-image.jpg\",\"contentUrl\":\"https:\\\/\\\/worldvapersalliance.com\\\/wp-content\\\/uploads\\\/2026\\\/08\\\/Consultation-blog-image.jpg\",\"width\":2081,\"height\":1920},{\"@type\":\"WebSite\",\"@id\":\"https:\\\/\\\/worldvapersalliance.com\\\/#website\",\"url\":\"https:\\\/\\\/worldvapersalliance.com\\\/\",\"name\":\"World Vapers&#039; Alliance\",\"description\":\"The largest community of vapers\",\"publisher\":{\"@id\":\"https:\\\/\\\/worldvapersalliance.com\\\/#organization\"},\"potentialAction\":[{\"@type\":\"SearchAction\",\"target\":{\"@type\":\"EntryPoint\",\"urlTemplate\":\"https:\\\/\\\/worldvapersalliance.com\\\/?s={search_term_string}\"},\"query-input\":{\"@type\":\"PropertyValueSpecification\",\"valueRequired\":true,\"valueName\":\"search_term_string\"}}],\"inLanguage\":\"fr-FR\"},{\"@type\":\"Organization\",\"@id\":\"https:\\\/\\\/worldvapersalliance.com\\\/#organization\",\"name\":\"World Vapers&#039; Alliance\",\"url\":\"https:\\\/\\\/worldvapersalliance.com\\\/\",\"logo\":{\"@type\":\"ImageObject\",\"inLanguage\":\"fr-FR\",\"@id\":\"https:\\\/\\\/worldvapersalliance.com\\\/#\\\/schema\\\/logo\\\/image\\\/\",\"url\":\"https:\\\/\\\/worldvapersalliance.com\\\/wp-content\\\/uploads\\\/2022\\\/01\\\/WVA_RB_Fist_G.png\",\"contentUrl\":\"https:\\\/\\\/worldvapersalliance.com\\\/wp-content\\\/uploads\\\/2022\\\/01\\\/WVA_RB_Fist_G.png\",\"width\":985,\"height\":1177,\"caption\":\"World Vapers&#039; Alliance\"},\"image\":{\"@id\":\"https:\\\/\\\/worldvapersalliance.com\\\/#\\\/schema\\\/logo\\\/image\\\/\"}},{\"@type\":\"Person\",\"@id\":\"https:\\\/\\\/worldvapersalliance.com\\\/#\\\/schema\\\/person\\\/9b81eefe507e68fb5ab671aa0ab2bfb6\",\"name\":\"Alberto Hernandez\",\"image\":{\"@type\":\"ImageObject\",\"inLanguage\":\"fr-FR\",\"@id\":\"https:\\\/\\\/secure.gravatar.com\\\/avatar\\\/124dc1dd8c5f9c9f352af940db00418f1add423008d32a51d5497b5de2c9ff35?s=96&d=mm&r=g\",\"url\":\"https:\\\/\\\/secure.gravatar.com\\\/avatar\\\/124dc1dd8c5f9c9f352af940db00418f1add423008d32a51d5497b5de2c9ff35?s=96&d=mm&r=g\",\"contentUrl\":\"https:\\\/\\\/secure.gravatar.com\\\/avatar\\\/124dc1dd8c5f9c9f352af940db00418f1add423008d32a51d5497b5de2c9ff35?s=96&d=mm&r=g\",\"caption\":\"Alberto Hernandez\"},\"url\":\"https:\\\/\\\/worldvapersalliance.com\\\/fr\\\/author\\\/alberto\\\/\"}]}<\/script>\n<!-- \/ Yoast SEO plugin. -->","yoast_head_json":{"title":"Le commissaire europ\u00e9en \u00e0 la sant\u00e9, V\u00e1rhelyi, poursuit sa campagne de d\u00e9sinformation sur la nicotine - Alliance mondiale des vapoteurs","description":"Les d\u00e9clarations du commissaire europ\u00e9en \u00e0 la sant\u00e9, Oliv\u00e9r V\u00e1rhelyi, concernant le tabac font l&#039;objet d&#039;un examen minutieux, alors que la Commission poursuit son programme de r\u00e9glementation de la nicotine et de promotion des produits \u00e0 moindre risque.","robots":{"index":"index","follow":"follow","max-snippet":"max-snippet:-1","max-image-preview":"max-image-preview:large","max-video-preview":"max-video-preview:-1"},"canonical":"https:\/\/worldvapersalliance.com\/fr\/eu-health-commissioner-varhelyi-continues-misinformation-push-on-nicotine\/","og_locale":"fr_FR","og_type":"article","og_title":"EU Health Commissioner V\u00e1rhelyi Continues Misinformation Push on Nicotine - World Vapers&#039; Alliance","og_description":"EU Health Commissioner Oliv\u00e9r V\u00e1rhelyi\u2019s tobacco claims face scrutiny as the Commission pushes its agenda on nicotine regulation and lower-risk products","og_url":"https:\/\/worldvapersalliance.com\/fr\/eu-health-commissioner-varhelyi-continues-misinformation-push-on-nicotine\/","og_site_name":"World Vapers&#039; Alliance","article_published_time":"2026-08-12T08:52:28+00:00","article_modified_time":"2026-08-12T08:54:07+00:00","og_image":[{"width":2081,"height":1920,"url":"https:\/\/worldvapersalliance.com\/wp-content\/uploads\/2026\/08\/Consultation-blog-image.jpg","type":"image\/jpeg"}],"author":"Alberto Hernandez","twitter_card":"summary_large_image","twitter_misc":{"\u00c9crit par":"Alberto Hernandez","Dur\u00e9e de lecture estim\u00e9e":"4 minutes"},"schema":{"@context":"https:\/\/schema.org","@graph":[{"@type":"Article","@id":"https:\/\/worldvapersalliance.com\/eu-health-commissioner-varhelyi-continues-misinformation-push-on-nicotine\/#article","isPartOf":{"@id":"https:\/\/worldvapersalliance.com\/eu-health-commissioner-varhelyi-continues-misinformation-push-on-nicotine\/"},"author":{"name":"Alberto Hernandez","@id":"https:\/\/worldvapersalliance.com\/#\/schema\/person\/9b81eefe507e68fb5ab671aa0ab2bfb6"},"headline":"EU Health Commissioner V\u00e1rhelyi Continues Misinformation Push on Nicotine","datePublished":"2026-08-12T08:52:28+00:00","dateModified":"2026-08-12T08:54:07+00:00","mainEntityOfPage":{"@id":"https:\/\/worldvapersalliance.com\/eu-health-commissioner-varhelyi-continues-misinformation-push-on-nicotine\/"},"wordCount":818,"commentCount":0,"publisher":{"@id":"https:\/\/worldvapersalliance.com\/#organization"},"image":{"@id":"https:\/\/worldvapersalliance.com\/eu-health-commissioner-varhelyi-continues-misinformation-push-on-nicotine\/#primaryimage"},"thumbnailUrl":"https:\/\/worldvapersalliance.com\/wp-content\/uploads\/2026\/08\/Consultation-blog-image.jpg","articleSection":["Blog"],"inLanguage":"fr-FR","potentialAction":[{"@type":"CommentAction","name":"Comment","target":["https:\/\/worldvapersalliance.com\/eu-health-commissioner-varhelyi-continues-misinformation-push-on-nicotine\/#respond"]}]},{"@type":"WebPage","@id":"https:\/\/worldvapersalliance.com\/eu-health-commissioner-varhelyi-continues-misinformation-push-on-nicotine\/","url":"https:\/\/worldvapersalliance.com\/eu-health-commissioner-varhelyi-continues-misinformation-push-on-nicotine\/","name":"Le commissaire europ\u00e9en \u00e0 la sant\u00e9, V\u00e1rhelyi, poursuit sa campagne de d\u00e9sinformation sur la nicotine - Alliance mondiale des vapoteurs","isPartOf":{"@id":"https:\/\/worldvapersalliance.com\/#website"},"primaryImageOfPage":{"@id":"https:\/\/worldvapersalliance.com\/eu-health-commissioner-varhelyi-continues-misinformation-push-on-nicotine\/#primaryimage"},"image":{"@id":"https:\/\/worldvapersalliance.com\/eu-health-commissioner-varhelyi-continues-misinformation-push-on-nicotine\/#primaryimage"},"thumbnailUrl":"https:\/\/worldvapersalliance.com\/wp-content\/uploads\/2026\/08\/Consultation-blog-image.jpg","datePublished":"2026-08-12T08:52:28+00:00","dateModified":"2026-08-12T08:54:07+00:00","description":"Les d\u00e9clarations du commissaire europ\u00e9en \u00e0 la sant\u00e9, Oliv\u00e9r V\u00e1rhelyi, concernant le tabac font l&#039;objet d&#039;un examen minutieux, alors que la Commission poursuit son programme de r\u00e9glementation de la nicotine et de promotion des produits \u00e0 moindre risque.","inLanguage":"fr-FR","potentialAction":[{"@type":"ReadAction","target":["https:\/\/worldvapersalliance.com\/eu-health-commissioner-varhelyi-continues-misinformation-push-on-nicotine\/"]}]},{"@type":"ImageObject","inLanguage":"fr-FR","@id":"https:\/\/worldvapersalliance.com\/eu-health-commissioner-varhelyi-continues-misinformation-push-on-nicotine\/#primaryimage","url":"https:\/\/worldvapersalliance.com\/wp-content\/uploads\/2026\/08\/Consultation-blog-image.jpg","contentUrl":"https:\/\/worldvapersalliance.com\/wp-content\/uploads\/2026\/08\/Consultation-blog-image.jpg","width":2081,"height":1920},{"@type":"WebSite","@id":"https:\/\/worldvapersalliance.com\/#website","url":"https:\/\/worldvapersalliance.com\/","name":"Alliance mondiale des vapoteurs","description":"La plus grande communaut\u00e9 de vapoteurs","publisher":{"@id":"https:\/\/worldvapersalliance.com\/#organization"},"potentialAction":[{"@type":"SearchAction","target":{"@type":"EntryPoint","urlTemplate":"https:\/\/worldvapersalliance.com\/?s={search_term_string}"},"query-input":{"@type":"PropertyValueSpecification","valueRequired":true,"valueName":"search_term_string"}}],"inLanguage":"fr-FR"},{"@type":"Organization","@id":"https:\/\/worldvapersalliance.com\/#organization","name":"Alliance mondiale des vapoteurs","url":"https:\/\/worldvapersalliance.com\/","logo":{"@type":"ImageObject","inLanguage":"fr-FR","@id":"https:\/\/worldvapersalliance.com\/#\/schema\/logo\/image\/","url":"https:\/\/worldvapersalliance.com\/wp-content\/uploads\/2022\/01\/WVA_RB_Fist_G.png","contentUrl":"https:\/\/worldvapersalliance.com\/wp-content\/uploads\/2022\/01\/WVA_RB_Fist_G.png","width":985,"height":1177,"caption":"World Vapers&#039; Alliance"},"image":{"@id":"https:\/\/worldvapersalliance.com\/#\/schema\/logo\/image\/"}},{"@type":"Person","@id":"https:\/\/worldvapersalliance.com\/#\/schema\/person\/9b81eefe507e68fb5ab671aa0ab2bfb6","name":"Alberto Hernandez","image":{"@type":"ImageObject","inLanguage":"fr-FR","@id":"https:\/\/secure.gravatar.com\/avatar\/124dc1dd8c5f9c9f352af940db00418f1add423008d32a51d5497b5de2c9ff35?s=96&d=mm&r=g","url":"https:\/\/secure.gravatar.com\/avatar\/124dc1dd8c5f9c9f352af940db00418f1add423008d32a51d5497b5de2c9ff35?s=96&d=mm&r=g","contentUrl":"https:\/\/secure.gravatar.com\/avatar\/124dc1dd8c5f9c9f352af940db00418f1add423008d32a51d5497b5de2c9ff35?s=96&d=mm&r=g","caption":"Alberto Hernandez"},"url":"https:\/\/worldvapersalliance.com\/fr\/author\/alberto\/"}]}},"_links":{"self":[{"href":"https:\/\/worldvapersalliance.com\/fr\/wp-json\/wp\/v2\/posts\/7068","targetHints":{"allow":["GET"]}}],"collection":[{"href":"https:\/\/worldvapersalliance.com\/fr\/wp-json\/wp\/v2\/posts"}],"about":[{"href":"https:\/\/worldvapersalliance.com\/fr\/wp-json\/wp\/v2\/types\/post"}],"author":[{"embeddable":true,"href":"https:\/\/worldvapersalliance.com\/fr\/wp-json\/wp\/v2\/users\/14"}],"replies":[{"embeddable":true,"href":"https:\/\/worldvapersalliance.com\/fr\/wp-json\/wp\/v2\/comments?post=7068"}],"version-history":[{"count":3,"href":"https:\/\/worldvapersalliance.com\/fr\/wp-json\/wp\/v2\/posts\/7068\/revisions"}],"predecessor-version":[{"id":7072,"href":"https:\/\/worldvapersalliance.com\/fr\/wp-json\/wp\/v2\/posts\/7068\/revisions\/7072"}],"wp:featuredmedia":[{"embeddable":true,"href":"https:\/\/worldvapersalliance.com\/fr\/wp-json\/wp\/v2\/media\/7069"}],"wp:attachment":[{"href":"https:\/\/worldvapersalliance.com\/fr\/wp-json\/wp\/v2\/media?parent=7068"}],"wp:term":[{"taxonomy":"category","embeddable":true,"href":"https:\/\/worldvapersalliance.com\/fr\/wp-json\/wp\/v2\/categories?post=7068"},{"taxonomy":"post_tag","embeddable":true,"href":"https:\/\/worldvapersalliance.com\/fr\/wp-json\/wp\/v2\/tags?post=7068"}],"curies":[{"name":"wp","href":"https:\/\/api.w.org\/{rel}","templated":true}]}}