{"id":6812,"date":"2026-01-29T10:16:45","date_gmt":"2026-01-29T15:16:45","guid":{"rendered":"https:\/\/worldvapersalliance.com\/?p=6812"},"modified":"2026-02-23T10:17:27","modified_gmt":"2026-02-23T15:17:27","slug":"eu-tobacco-tax-policy-risks-locking-smokers-into-their-habit-by-undermining-harm-reduction","status":"publish","type":"post","link":"https:\/\/worldvapersalliance.com\/fr\/eu-tobacco-tax-policy-risks-locking-smokers-into-their-habit-by-undermining-harm-reduction\/","title":{"rendered":"La politique fiscale de l&#039;UE en mati\u00e8re de tabac risque d&#039;enfermer les fumeurs dans leur d\u00e9pendance en sapant\u2026"},"content":{"rendered":"<p data-start=\"313\" data-end=\"908\">Une version r\u00e9vis\u00e9e divulgu\u00e9e du r\u00e8glement de l&#039;Union europ\u00e9enne\u00a0<a href=\"https:\/\/www.vapingpost.com\/2017\/02\/09\/revision-of-the-tobacco-excise-directive-have-your-say\/\">Directive sur les accises sur le tabac<\/a>\u00a0La proposition de loi TED, r\u00e9cemment diffus\u00e9e sous la pr\u00e9sidence chypriote, a raviv\u00e9 les inqui\u00e9tudes quant \u00e0 une d\u00e9rive id\u00e9ologique de l&#039;Europe, au d\u00e9triment de la sant\u00e9 publique. Si le projet r\u00e9vis\u00e9 assouplit l\u00e9g\u00e8rement certains taux d&#039;accise propos\u00e9s par la Commission europ\u00e9enne l&#039;an dernier, la philosophie sous-jacente demeure inchang\u00e9e\u00a0: dissuader les fumeurs d&#039;abandonner la cigarette en r\u00e9duisant l&#039;\u00e9cart de prix entre les produits combustibles et non combustibles.<\/p>\n<p data-start=\"910\" data-end=\"1280\">Au c\u0153ur de la controverse se trouve l&#039;objectif explicite du projet de loi\u00a0: emp\u00eacher ce qu&#039;il appelle la \u201c\u00a0substitution fiscale\u00a0\u201d entre les produits nicotin\u00e9s. Pour les sp\u00e9cialistes de la r\u00e9duction des risques, cette formulation est profond\u00e9ment inqui\u00e9tante. La substitution des cigarettes n&#039;est pas un probl\u00e8me \u00e0 r\u00e9soudre, soulignent-ils, mais\u2026\u00a0<a href=\"https:\/\/www.vapingpost.com\/2022\/12\/02\/study-switching-from-smoking-to-vaping-reduces-heart-disease-risk-by-34\/\">le m\u00e9canisme m\u00eame<\/a>\u00a0gr\u00e2ce \u00e0 quoi les d\u00e9c\u00e8s et les maladies li\u00e9s au tabagisme sont r\u00e9duits.<\/p>\n<p data-start=\"910\" data-end=\"1280\">Lire le texte int\u00e9gral <a href=\"https:\/\/www.vapingpost.com\/2026\/01\/29\/eu-tobacco-tax-policy-risks-locking-smokers-into-their-habit-by-undermining-harm-reduction\/\" target=\"_blank\" rel=\"noopener\">ici<\/a><\/p>","protected":false},"excerpt":{"rendered":"<p>A leaked revision of the European Union\u2019s\u00a0Tobacco Excise Directive\u00a0(TED), recently circulated under the Cypriot presidency, has reignited the concern that Europe is drifting toward ideology-driven policy at the expense of public health outcomes. While the revised draft slightly softens some of the excise rates proposed by the European Commission last year, the underlying philosophy remains [&hellip;]<\/p>\n","protected":false},"author":11,"featured_media":6394,"comment_status":"open","ping_status":"open","sticky":false,"template":"","format":"standard","meta":{"footnotes":""},"categories":[15],"tags":[],"class_list":["post-6812","post","type-post","status-publish","format-standard","has-post-thumbnail","hentry","category-wva-in-the-news"],"yoast_head":"<!-- This site is optimized with the Yoast SEO plugin v27.3 - https:\/\/yoast.com\/product\/yoast-seo-wordpress\/ -->\n<title>EU Tobacco Tax Policy Risks Locking Smokers Into Their Habit by Undermining Harm Reduction - World Vapers&#039; Alliance<\/title>\n<meta name=\"robots\" content=\"index, follow, max-snippet:-1, max-image-preview:large, max-video-preview:-1\" \/>\n<link rel=\"canonical\" href=\"https:\/\/worldvapersalliance.com\/fr\/eu-tobacco-tax-policy-risks-locking-smokers-into-their-habit-by-undermining-harm-reduction\/\" \/>\n<meta property=\"og:locale\" content=\"fr_FR\" \/>\n<meta property=\"og:type\" content=\"article\" \/>\n<meta property=\"og:title\" content=\"EU Tobacco Tax Policy Risks Locking Smokers Into Their Habit by Undermining Harm Reduction - World Vapers&#039; Alliance\" \/>\n<meta property=\"og:description\" content=\"A leaked revision of the European Union\u2019s\u00a0Tobacco Excise Directive\u00a0(TED), recently circulated under the Cypriot presidency, has reignited the concern that Europe is drifting toward ideology-driven policy at the expense of public health outcomes. While the revised draft slightly softens some of the excise rates proposed by the European Commission last year, the underlying philosophy remains [&hellip;]\" \/>\n<meta property=\"og:url\" content=\"https:\/\/worldvapersalliance.com\/fr\/eu-tobacco-tax-policy-risks-locking-smokers-into-their-habit-by-undermining-harm-reduction\/\" \/>\n<meta property=\"og:site_name\" content=\"World Vapers&#039; Alliance\" \/>\n<meta property=\"article:published_time\" content=\"2026-01-29T15:16:45+00:00\" \/>\n<meta property=\"article:modified_time\" content=\"2026-02-23T15:17:27+00:00\" \/>\n<meta property=\"og:image\" content=\"https:\/\/worldvapersalliance.com\/wp-content\/uploads\/2025\/08\/WVA-in-the-news.png\" \/>\n\t<meta property=\"og:image:width\" content=\"1264\" \/>\n\t<meta property=\"og:image:height\" content=\"848\" \/>\n\t<meta property=\"og:image:type\" content=\"image\/png\" \/>\n<meta name=\"author\" content=\"World Vapers&#039; Alliance\" \/>\n<meta name=\"twitter:card\" content=\"summary_large_image\" \/>\n<meta name=\"twitter:label1\" content=\"\u00c9crit par\" \/>\n\t<meta name=\"twitter:data1\" content=\"World Vapers&#039; Alliance\" \/>\n\t<meta name=\"twitter:label2\" content=\"Dur\u00e9e de lecture estim\u00e9e\" \/>\n\t<meta name=\"twitter:data2\" content=\"1 minute\" \/>\n<script type=\"application\/ld+json\" class=\"yoast-schema-graph\">{\"@context\":\"https:\\\/\\\/schema.org\",\"@graph\":[{\"@type\":\"Article\",\"@id\":\"https:\\\/\\\/worldvapersalliance.com\\\/eu-tobacco-tax-policy-risks-locking-smokers-into-their-habit-by-undermining-harm-reduction\\\/#article\",\"isPartOf\":{\"@id\":\"https:\\\/\\\/worldvapersalliance.com\\\/eu-tobacco-tax-policy-risks-locking-smokers-into-their-habit-by-undermining-harm-reduction\\\/\"},\"author\":{\"name\":\"World Vapers' Alliance\",\"@id\":\"https:\\\/\\\/worldvapersalliance.com\\\/#\\\/schema\\\/person\\\/18484a6f20bcc6f70a2419c8babe017d\"},\"headline\":\"EU Tobacco Tax Policy Risks Locking Smokers Into Their Habit by Undermining &hellip;\",\"datePublished\":\"2026-01-29T15:16:45+00:00\",\"dateModified\":\"2026-02-23T15:17:27+00:00\",\"mainEntityOfPage\":{\"@id\":\"https:\\\/\\\/worldvapersalliance.com\\\/eu-tobacco-tax-policy-risks-locking-smokers-into-their-habit-by-undermining-harm-reduction\\\/\"},\"wordCount\":150,\"commentCount\":0,\"publisher\":{\"@id\":\"https:\\\/\\\/worldvapersalliance.com\\\/#organization\"},\"image\":{\"@id\":\"https:\\\/\\\/worldvapersalliance.com\\\/eu-tobacco-tax-policy-risks-locking-smokers-into-their-habit-by-undermining-harm-reduction\\\/#primaryimage\"},\"thumbnailUrl\":\"https:\\\/\\\/worldvapersalliance.com\\\/wp-content\\\/uploads\\\/2025\\\/08\\\/WVA-in-the-news.png\",\"articleSection\":[\"WVA in the News\"],\"inLanguage\":\"fr-FR\",\"potentialAction\":[{\"@type\":\"CommentAction\",\"name\":\"Comment\",\"target\":[\"https:\\\/\\\/worldvapersalliance.com\\\/eu-tobacco-tax-policy-risks-locking-smokers-into-their-habit-by-undermining-harm-reduction\\\/#respond\"]}]},{\"@type\":\"WebPage\",\"@id\":\"https:\\\/\\\/worldvapersalliance.com\\\/eu-tobacco-tax-policy-risks-locking-smokers-into-their-habit-by-undermining-harm-reduction\\\/\",\"url\":\"https:\\\/\\\/worldvapersalliance.com\\\/eu-tobacco-tax-policy-risks-locking-smokers-into-their-habit-by-undermining-harm-reduction\\\/\",\"name\":\"EU Tobacco Tax Policy Risks Locking Smokers Into Their Habit by Undermining Harm Reduction - World Vapers&#039; Alliance\",\"isPartOf\":{\"@id\":\"https:\\\/\\\/worldvapersalliance.com\\\/#website\"},\"primaryImageOfPage\":{\"@id\":\"https:\\\/\\\/worldvapersalliance.com\\\/eu-tobacco-tax-policy-risks-locking-smokers-into-their-habit-by-undermining-harm-reduction\\\/#primaryimage\"},\"image\":{\"@id\":\"https:\\\/\\\/worldvapersalliance.com\\\/eu-tobacco-tax-policy-risks-locking-smokers-into-their-habit-by-undermining-harm-reduction\\\/#primaryimage\"},\"thumbnailUrl\":\"https:\\\/\\\/worldvapersalliance.com\\\/wp-content\\\/uploads\\\/2025\\\/08\\\/WVA-in-the-news.png\",\"datePublished\":\"2026-01-29T15:16:45+00:00\",\"dateModified\":\"2026-02-23T15:17:27+00:00\",\"inLanguage\":\"fr-FR\",\"potentialAction\":[{\"@type\":\"ReadAction\",\"target\":[\"https:\\\/\\\/worldvapersalliance.com\\\/eu-tobacco-tax-policy-risks-locking-smokers-into-their-habit-by-undermining-harm-reduction\\\/\"]}]},{\"@type\":\"ImageObject\",\"inLanguage\":\"fr-FR\",\"@id\":\"https:\\\/\\\/worldvapersalliance.com\\\/eu-tobacco-tax-policy-risks-locking-smokers-into-their-habit-by-undermining-harm-reduction\\\/#primaryimage\",\"url\":\"https:\\\/\\\/worldvapersalliance.com\\\/wp-content\\\/uploads\\\/2025\\\/08\\\/WVA-in-the-news.png\",\"contentUrl\":\"https:\\\/\\\/worldvapersalliance.com\\\/wp-content\\\/uploads\\\/2025\\\/08\\\/WVA-in-the-news.png\",\"width\":1264,\"height\":848},{\"@type\":\"WebSite\",\"@id\":\"https:\\\/\\\/worldvapersalliance.com\\\/#website\",\"url\":\"https:\\\/\\\/worldvapersalliance.com\\\/\",\"name\":\"World Vapers&#039; Alliance\",\"description\":\"The largest community of vapers\",\"publisher\":{\"@id\":\"https:\\\/\\\/worldvapersalliance.com\\\/#organization\"},\"potentialAction\":[{\"@type\":\"SearchAction\",\"target\":{\"@type\":\"EntryPoint\",\"urlTemplate\":\"https:\\\/\\\/worldvapersalliance.com\\\/?s={search_term_string}\"},\"query-input\":{\"@type\":\"PropertyValueSpecification\",\"valueRequired\":true,\"valueName\":\"search_term_string\"}}],\"inLanguage\":\"fr-FR\"},{\"@type\":\"Organization\",\"@id\":\"https:\\\/\\\/worldvapersalliance.com\\\/#organization\",\"name\":\"World Vapers&#039; Alliance\",\"url\":\"https:\\\/\\\/worldvapersalliance.com\\\/\",\"logo\":{\"@type\":\"ImageObject\",\"inLanguage\":\"fr-FR\",\"@id\":\"https:\\\/\\\/worldvapersalliance.com\\\/#\\\/schema\\\/logo\\\/image\\\/\",\"url\":\"https:\\\/\\\/worldvapersalliance.com\\\/wp-content\\\/uploads\\\/2022\\\/01\\\/WVA_RB_Fist_G.png\",\"contentUrl\":\"https:\\\/\\\/worldvapersalliance.com\\\/wp-content\\\/uploads\\\/2022\\\/01\\\/WVA_RB_Fist_G.png\",\"width\":985,\"height\":1177,\"caption\":\"World Vapers&#039; Alliance\"},\"image\":{\"@id\":\"https:\\\/\\\/worldvapersalliance.com\\\/#\\\/schema\\\/logo\\\/image\\\/\"}},{\"@type\":\"Person\",\"@id\":\"https:\\\/\\\/worldvapersalliance.com\\\/#\\\/schema\\\/person\\\/18484a6f20bcc6f70a2419c8babe017d\",\"name\":\"World Vapers' Alliance\",\"image\":{\"@type\":\"ImageObject\",\"inLanguage\":\"fr-FR\",\"@id\":\"https:\\\/\\\/secure.gravatar.com\\\/avatar\\\/456bf795c7a47c9ac527a94da4bff150aa49e48726d69bee9937f8383cffa246?s=96&d=mm&r=g\",\"url\":\"https:\\\/\\\/secure.gravatar.com\\\/avatar\\\/456bf795c7a47c9ac527a94da4bff150aa49e48726d69bee9937f8383cffa246?s=96&d=mm&r=g\",\"contentUrl\":\"https:\\\/\\\/secure.gravatar.com\\\/avatar\\\/456bf795c7a47c9ac527a94da4bff150aa49e48726d69bee9937f8383cffa246?s=96&d=mm&r=g\",\"caption\":\"World Vapers' Alliance\"},\"url\":\"https:\\\/\\\/worldvapersalliance.com\\\/fr\\\/author\\\/wva\\\/\"}]}<\/script>\n<!-- \/ Yoast SEO plugin. -->","yoast_head_json":{"title":"La politique fiscale de l&#039;UE en mati\u00e8re de tabac risque d&#039;enfermer les fumeurs dans leur d\u00e9pendance en compromettant la r\u00e9duction des risques - Alliance mondiale des vapoteurs","robots":{"index":"index","follow":"follow","max-snippet":"max-snippet:-1","max-image-preview":"max-image-preview:large","max-video-preview":"max-video-preview:-1"},"canonical":"https:\/\/worldvapersalliance.com\/fr\/eu-tobacco-tax-policy-risks-locking-smokers-into-their-habit-by-undermining-harm-reduction\/","og_locale":"fr_FR","og_type":"article","og_title":"EU Tobacco Tax Policy Risks Locking Smokers Into Their Habit by Undermining Harm Reduction - World Vapers&#039; Alliance","og_description":"A leaked revision of the European Union\u2019s\u00a0Tobacco Excise Directive\u00a0(TED), recently circulated under the Cypriot presidency, has reignited the concern that Europe is drifting toward ideology-driven policy at the expense of public health outcomes. While the revised draft slightly softens some of the excise rates proposed by the European Commission last year, the underlying philosophy remains [&hellip;]","og_url":"https:\/\/worldvapersalliance.com\/fr\/eu-tobacco-tax-policy-risks-locking-smokers-into-their-habit-by-undermining-harm-reduction\/","og_site_name":"World Vapers&#039; Alliance","article_published_time":"2026-01-29T15:16:45+00:00","article_modified_time":"2026-02-23T15:17:27+00:00","og_image":[{"width":1264,"height":848,"url":"https:\/\/worldvapersalliance.com\/wp-content\/uploads\/2025\/08\/WVA-in-the-news.png","type":"image\/png"}],"author":"World Vapers' Alliance","twitter_card":"summary_large_image","twitter_misc":{"\u00c9crit par":"World Vapers' Alliance","Dur\u00e9e de lecture estim\u00e9e":"1 minute"},"schema":{"@context":"https:\/\/schema.org","@graph":[{"@type":"Article","@id":"https:\/\/worldvapersalliance.com\/eu-tobacco-tax-policy-risks-locking-smokers-into-their-habit-by-undermining-harm-reduction\/#article","isPartOf":{"@id":"https:\/\/worldvapersalliance.com\/eu-tobacco-tax-policy-risks-locking-smokers-into-their-habit-by-undermining-harm-reduction\/"},"author":{"name":"World Vapers' Alliance","@id":"https:\/\/worldvapersalliance.com\/#\/schema\/person\/18484a6f20bcc6f70a2419c8babe017d"},"headline":"EU Tobacco Tax Policy Risks Locking Smokers Into Their Habit by Undermining &hellip;","datePublished":"2026-01-29T15:16:45+00:00","dateModified":"2026-02-23T15:17:27+00:00","mainEntityOfPage":{"@id":"https:\/\/worldvapersalliance.com\/eu-tobacco-tax-policy-risks-locking-smokers-into-their-habit-by-undermining-harm-reduction\/"},"wordCount":150,"commentCount":0,"publisher":{"@id":"https:\/\/worldvapersalliance.com\/#organization"},"image":{"@id":"https:\/\/worldvapersalliance.com\/eu-tobacco-tax-policy-risks-locking-smokers-into-their-habit-by-undermining-harm-reduction\/#primaryimage"},"thumbnailUrl":"https:\/\/worldvapersalliance.com\/wp-content\/uploads\/2025\/08\/WVA-in-the-news.png","articleSection":["WVA in the News"],"inLanguage":"fr-FR","potentialAction":[{"@type":"CommentAction","name":"Comment","target":["https:\/\/worldvapersalliance.com\/eu-tobacco-tax-policy-risks-locking-smokers-into-their-habit-by-undermining-harm-reduction\/#respond"]}]},{"@type":"WebPage","@id":"https:\/\/worldvapersalliance.com\/eu-tobacco-tax-policy-risks-locking-smokers-into-their-habit-by-undermining-harm-reduction\/","url":"https:\/\/worldvapersalliance.com\/eu-tobacco-tax-policy-risks-locking-smokers-into-their-habit-by-undermining-harm-reduction\/","name":"La politique fiscale de l&#039;UE en mati\u00e8re de tabac risque d&#039;enfermer les fumeurs dans leur d\u00e9pendance en compromettant la r\u00e9duction des risques - Alliance mondiale des vapoteurs","isPartOf":{"@id":"https:\/\/worldvapersalliance.com\/#website"},"primaryImageOfPage":{"@id":"https:\/\/worldvapersalliance.com\/eu-tobacco-tax-policy-risks-locking-smokers-into-their-habit-by-undermining-harm-reduction\/#primaryimage"},"image":{"@id":"https:\/\/worldvapersalliance.com\/eu-tobacco-tax-policy-risks-locking-smokers-into-their-habit-by-undermining-harm-reduction\/#primaryimage"},"thumbnailUrl":"https:\/\/worldvapersalliance.com\/wp-content\/uploads\/2025\/08\/WVA-in-the-news.png","datePublished":"2026-01-29T15:16:45+00:00","dateModified":"2026-02-23T15:17:27+00:00","inLanguage":"fr-FR","potentialAction":[{"@type":"ReadAction","target":["https:\/\/worldvapersalliance.com\/eu-tobacco-tax-policy-risks-locking-smokers-into-their-habit-by-undermining-harm-reduction\/"]}]},{"@type":"ImageObject","inLanguage":"fr-FR","@id":"https:\/\/worldvapersalliance.com\/eu-tobacco-tax-policy-risks-locking-smokers-into-their-habit-by-undermining-harm-reduction\/#primaryimage","url":"https:\/\/worldvapersalliance.com\/wp-content\/uploads\/2025\/08\/WVA-in-the-news.png","contentUrl":"https:\/\/worldvapersalliance.com\/wp-content\/uploads\/2025\/08\/WVA-in-the-news.png","width":1264,"height":848},{"@type":"WebSite","@id":"https:\/\/worldvapersalliance.com\/#website","url":"https:\/\/worldvapersalliance.com\/","name":"Alliance mondiale des vapoteurs","description":"La plus grande communaut\u00e9 de vapoteurs","publisher":{"@id":"https:\/\/worldvapersalliance.com\/#organization"},"potentialAction":[{"@type":"SearchAction","target":{"@type":"EntryPoint","urlTemplate":"https:\/\/worldvapersalliance.com\/?s={search_term_string}"},"query-input":{"@type":"PropertyValueSpecification","valueRequired":true,"valueName":"search_term_string"}}],"inLanguage":"fr-FR"},{"@type":"Organization","@id":"https:\/\/worldvapersalliance.com\/#organization","name":"Alliance mondiale des vapoteurs","url":"https:\/\/worldvapersalliance.com\/","logo":{"@type":"ImageObject","inLanguage":"fr-FR","@id":"https:\/\/worldvapersalliance.com\/#\/schema\/logo\/image\/","url":"https:\/\/worldvapersalliance.com\/wp-content\/uploads\/2022\/01\/WVA_RB_Fist_G.png","contentUrl":"https:\/\/worldvapersalliance.com\/wp-content\/uploads\/2022\/01\/WVA_RB_Fist_G.png","width":985,"height":1177,"caption":"World Vapers&#039; Alliance"},"image":{"@id":"https:\/\/worldvapersalliance.com\/#\/schema\/logo\/image\/"}},{"@type":"Person","@id":"https:\/\/worldvapersalliance.com\/#\/schema\/person\/18484a6f20bcc6f70a2419c8babe017d","name":"Alliance mondiale des vapoteurs","image":{"@type":"ImageObject","inLanguage":"fr-FR","@id":"https:\/\/secure.gravatar.com\/avatar\/456bf795c7a47c9ac527a94da4bff150aa49e48726d69bee9937f8383cffa246?s=96&d=mm&r=g","url":"https:\/\/secure.gravatar.com\/avatar\/456bf795c7a47c9ac527a94da4bff150aa49e48726d69bee9937f8383cffa246?s=96&d=mm&r=g","contentUrl":"https:\/\/secure.gravatar.com\/avatar\/456bf795c7a47c9ac527a94da4bff150aa49e48726d69bee9937f8383cffa246?s=96&d=mm&r=g","caption":"World Vapers' Alliance"},"url":"https:\/\/worldvapersalliance.com\/fr\/author\/wva\/"}]}},"_links":{"self":[{"href":"https:\/\/worldvapersalliance.com\/fr\/wp-json\/wp\/v2\/posts\/6812","targetHints":{"allow":["GET"]}}],"collection":[{"href":"https:\/\/worldvapersalliance.com\/fr\/wp-json\/wp\/v2\/posts"}],"about":[{"href":"https:\/\/worldvapersalliance.com\/fr\/wp-json\/wp\/v2\/types\/post"}],"author":[{"embeddable":true,"href":"https:\/\/worldvapersalliance.com\/fr\/wp-json\/wp\/v2\/users\/11"}],"replies":[{"embeddable":true,"href":"https:\/\/worldvapersalliance.com\/fr\/wp-json\/wp\/v2\/comments?post=6812"}],"version-history":[{"count":0,"href":"https:\/\/worldvapersalliance.com\/fr\/wp-json\/wp\/v2\/posts\/6812\/revisions"}],"wp:featuredmedia":[{"embeddable":true,"href":"https:\/\/worldvapersalliance.com\/fr\/wp-json\/wp\/v2\/media\/6394"}],"wp:attachment":[{"href":"https:\/\/worldvapersalliance.com\/fr\/wp-json\/wp\/v2\/media?parent=6812"}],"wp:term":[{"taxonomy":"category","embeddable":true,"href":"https:\/\/worldvapersalliance.com\/fr\/wp-json\/wp\/v2\/categories?post=6812"},{"taxonomy":"post_tag","embeddable":true,"href":"https:\/\/worldvapersalliance.com\/fr\/wp-json\/wp\/v2\/tags?post=6812"}],"curies":[{"name":"wp","href":"https:\/\/api.w.org\/{rel}","templated":true}]}}