{"id":596,"date":"2021-12-06T14:18:44","date_gmt":"2021-12-06T19:18:44","guid":{"rendered":"https:\/\/cccwva.wpengine.com\/?p=596"},"modified":"2022-02-05T14:00:22","modified_gmt":"2022-02-05T19:00:22","slug":"vapers-voices-heard-in-brussels","status":"publish","type":"post","link":"https:\/\/worldvapersalliance.com\/fr\/vapers-voices-heard-in-brussels\/","title":{"rendered":"Des voix de vapoteurs se font entendre \u00e0 Bruxelles"},"content":{"rendered":"<p><strong>L&#039;Alliance mondiale des vapoteurs affirme que les t\u00e9moignages des vapoteurs ont r\u00e9sonn\u00e9 jusqu&#039;aux eurod\u00e9put\u00e9s \u00e0 Bruxelles. Ces t\u00e9moignages, ainsi que leurs r\u00e9cits personnels sur la fa\u00e7on dont le vapotage les a aid\u00e9s \u00e0 arr\u00eater de fumer et \u00e0 am\u00e9liorer leur vie, ont \u00e9t\u00e9 diffus\u00e9s au c\u0153ur m\u00eame de l&#039;Union europ\u00e9enne afin d&#039;inciter les responsables politiques europ\u00e9ens \u00e0 soutenir des politiques favorables au vapotage.<\/strong><\/p>\n<p>Traversant Bruxelles \u00e0 bord de l&#039;embl\u00e9matique Vape Bus rose \u00e9lectrique, la World Vapers&#039; Alliance (WVA) affirme repr\u00e9senter les vapoteurs du monde entier.\u2019<em>pr\u00e9sentant une s\u00e9lection percutante de t\u00e9moignages de personnes ayant quitt\u00e9 l&#039;\u00e9cole \u00e0 travers l&#039;Europe \u201d<\/em>. Le recueil de t\u00e9moignages d&#039;anciens fumeurs a \u00e9t\u00e9 constitu\u00e9 dans le cadre de\u2026\u00a0<em>Retour au vapotage. Arr\u00eatez de fumer<\/em>\u00a0campagne, qui a sillonn\u00e9 l&#039;Europe tout au long de l&#039;ann\u00e9e 2021.<\/p>\n<p>La manifestation a permis de transmettre ces messages de toute l&#039;Europe directement aux membres du Parlement europ\u00e9en (d\u00e9put\u00e9s europ\u00e9ens), qui d\u00e9battaient du plan de lutte contre le cancer susceptible de d\u00e9finir l&#039;orientation des politiques antitabac \u00e0 travers l&#039;Europe.<\/p>\n<p>Michael Landl, directeur de la World Vapers&#039; Alliance, a d\u00e9clar\u00e9 : \u00ab<em>Les prochaines semaines seront cruciales pour les fumeurs, les vapoteurs et la sant\u00e9 publique en g\u00e9n\u00e9ral, avec la finalisation du plan europ\u00e9en de lutte contre le cancer. Nous sommes venus aujourd&#039;hui pour faire entendre la voix des vapoteurs et pour que les d\u00e9put\u00e9s europ\u00e9ens comprennent les t\u00e9moignages de personnes qui ont r\u00e9ussi \u00e0 arr\u00eater de fumer gr\u00e2ce au vapotage.<\/em><\/p>\n<p>\u00ab<em>Les d\u00e9cideurs politiques europ\u00e9ens ont l&#039;opportunit\u00e9 d&#039;\u00e9crire l&#039;histoire et de sauver des vies s&#039;ils soutiennent le vapotage comme outil de lutte contre le tabagisme. Notre message est clair\u00a0: choisissez la science et sauvez des vies.<\/em>,\u201d\u00a0\u00bb, a-t-il ajout\u00e9.<\/p>\n<p>19 millions de fumeurs en Europe pourraient passer au vapotage, une alternative moins nocive, si le Parlement europ\u00e9en soutenait les outils de r\u00e9duction des risques, tels que le vapotage, dans toute sa future l\u00e9gislation, y compris le plan europ\u00e9en de lutte contre le cancer.<\/p>\n<p>\u00ab<em>Il existe un risque que les l\u00e9gislateurs europ\u00e9ens, sous la pression des militants anti-vapotage, adoptent des lois assimilant le vapotage au tabagisme. Ce serait catastrophique pour les vapoteurs, les fumeurs et la sant\u00e9 publique mondiale. La meilleure fa\u00e7on de lutter contre le tabagisme est de promouvoir le vapotage dans le cadre des politiques de sant\u00e9 publique.<\/em>,\u201d\u00a0\u00bb, a conclu Michael Landl.<\/p>\n<p>La WVA affirme qu&#039;elle amplifie la voix des vapoteurs du monde entier et leur donne les moyens d&#039;agir pour leurs communaut\u00e9s.<\/p>\n<p>\u00ab<em>Nos membres sont 26 associations de vapoteurs ainsi que plus de 15\u00a0000 vapoteurs individuels du monde entier.<\/em>.\u201d<\/p>\n<p>Un exemple des histoires qu&#039;elle partage nous vient de Juan, de Barcelone, qui a d\u00e9clar\u00e9 : \u201c<em>Il y a quatre ans, j&#039;ai arr\u00eat\u00e9 de fumer gr\u00e2ce \u00e0 la cigarette \u00e9lectronique. Ma qualit\u00e9 de vie s&#039;est am\u00e9lior\u00e9e\u00a0: je ne suis plus fatigu\u00e9, mon nez ne coule plus le matin et la nourriture a un go\u00fbt d\u00e9licieux.<\/em>.\u201d<\/p>\n<p>Nicolas, de Paris, a d\u00e9clar\u00e9 : \u201c<em>Je suis pass\u00e9 \u00e0 la cigarette \u00e9lectronique dans le but pr\u00e9cis d&#039;arr\u00eater de fumer. J&#039;ai donc progressivement diminu\u00e9 mon taux de nicotine et je suis maintenant sur le point d&#039;arr\u00eater compl\u00e8tement. La cigarette \u00e9lectronique est une tr\u00e8s bonne m\u00e9thode pour arr\u00eater de fumer.<\/em>.\u201d<\/p>\n<p><a href=\"https:\/\/www.planetofthevapes.co.uk\/news\/vaping-news\/2021-12-02_vapers-voices-heard-in-brussels.html\" target=\"_blank\" rel=\"noreferrer noopener nofollow\" data-wpel-link=\"external\">Publi\u00e9 initialement ici<\/a><\/p>","protected":false},"excerpt":{"rendered":"<p>The World Vapers\u2019 Alliance says the \u201cvoices of vapers\u201d arrived at MEPs\u2019 front door in Brussels. These voices, and their personal stories about how vaping helped them quit smoking and change their lives for the better, were broadcast across the focal point of the European Union to encourage European politicians to support pro-vaping policies. Driving [&hellip;]<\/p>\n","protected":false},"author":4,"featured_media":6394,"comment_status":"open","ping_status":"open","sticky":false,"template":"","format":"standard","meta":{"footnotes":""},"categories":[15],"tags":[],"class_list":["post-596","post","type-post","status-publish","format-standard","has-post-thumbnail","hentry","category-wva-in-the-news"],"yoast_head":"<!-- This site is optimized with the Yoast SEO plugin v27.3 - https:\/\/yoast.com\/product\/yoast-seo-wordpress\/ -->\n<title>Vapers&#039; Voices Heard In Brussels - World Vapers&#039; Alliance<\/title>\n<meta name=\"robots\" content=\"index, follow, max-snippet:-1, max-image-preview:large, max-video-preview:-1\" \/>\n<link rel=\"canonical\" href=\"https:\/\/worldvapersalliance.com\/fr\/vapers-voices-heard-in-brussels\/\" \/>\n<meta property=\"og:locale\" content=\"fr_FR\" \/>\n<meta property=\"og:type\" content=\"article\" \/>\n<meta property=\"og:title\" content=\"Vapers&#039; Voices Heard In Brussels - World Vapers&#039; Alliance\" \/>\n<meta property=\"og:description\" content=\"The World Vapers\u2019 Alliance says the \u201cvoices of vapers\u201d arrived at MEPs\u2019 front door in Brussels. These voices, and their personal stories about how vaping helped them quit smoking and change their lives for the better, were broadcast across the focal point of the European Union to encourage European politicians to support pro-vaping policies. Driving [&hellip;]\" \/>\n<meta property=\"og:url\" content=\"https:\/\/worldvapersalliance.com\/fr\/vapers-voices-heard-in-brussels\/\" \/>\n<meta property=\"og:site_name\" content=\"World Vapers&#039; Alliance\" \/>\n<meta property=\"article:published_time\" content=\"2021-12-06T19:18:44+00:00\" \/>\n<meta property=\"article:modified_time\" content=\"2022-02-05T19:00:22+00:00\" \/>\n<meta property=\"og:image\" content=\"https:\/\/worldvapersalliance.com\/wp-content\/uploads\/2022\/02\/eu-flags.jpeg\" \/>\n\t<meta property=\"og:image:width\" content=\"908\" \/>\n\t<meta property=\"og:image:height\" content=\"320\" \/>\n\t<meta property=\"og:image:type\" content=\"image\/jpeg\" \/>\n<meta name=\"author\" content=\"Michael Landl\" \/>\n<meta name=\"twitter:card\" content=\"summary_large_image\" \/>\n<meta name=\"twitter:label1\" content=\"\u00c9crit par\" \/>\n\t<meta name=\"twitter:data1\" content=\"Michael Landl\" \/>\n\t<meta name=\"twitter:label2\" content=\"Dur\u00e9e de lecture estim\u00e9e\" \/>\n\t<meta name=\"twitter:data2\" content=\"2 minutes\" \/>\n<script type=\"application\/ld+json\" class=\"yoast-schema-graph\">{\"@context\":\"https:\\\/\\\/schema.org\",\"@graph\":[{\"@type\":\"Article\",\"@id\":\"https:\\\/\\\/worldvapersalliance.com\\\/vapers-voices-heard-in-brussels\\\/#article\",\"isPartOf\":{\"@id\":\"https:\\\/\\\/worldvapersalliance.com\\\/vapers-voices-heard-in-brussels\\\/\"},\"author\":{\"name\":\"Michael Landl\",\"@id\":\"https:\\\/\\\/worldvapersalliance.com\\\/#\\\/schema\\\/person\\\/05f663571d787d89a2d5c77c482a6583\"},\"headline\":\"Vapers&#8217; Voices Heard In Brussels\",\"datePublished\":\"2021-12-06T19:18:44+00:00\",\"dateModified\":\"2022-02-05T19:00:22+00:00\",\"mainEntityOfPage\":{\"@id\":\"https:\\\/\\\/worldvapersalliance.com\\\/vapers-voices-heard-in-brussels\\\/\"},\"wordCount\":469,\"commentCount\":0,\"publisher\":{\"@id\":\"https:\\\/\\\/worldvapersalliance.com\\\/#organization\"},\"image\":{\"@id\":\"https:\\\/\\\/worldvapersalliance.com\\\/vapers-voices-heard-in-brussels\\\/#primaryimage\"},\"thumbnailUrl\":\"https:\\\/\\\/worldvapersalliance.com\\\/wp-content\\\/uploads\\\/2025\\\/08\\\/WVA-in-the-news.png\",\"articleSection\":[\"WVA in the News\"],\"inLanguage\":\"fr-FR\",\"potentialAction\":[{\"@type\":\"CommentAction\",\"name\":\"Comment\",\"target\":[\"https:\\\/\\\/worldvapersalliance.com\\\/vapers-voices-heard-in-brussels\\\/#respond\"]}]},{\"@type\":\"WebPage\",\"@id\":\"https:\\\/\\\/worldvapersalliance.com\\\/vapers-voices-heard-in-brussels\\\/\",\"url\":\"https:\\\/\\\/worldvapersalliance.com\\\/vapers-voices-heard-in-brussels\\\/\",\"name\":\"Vapers' Voices Heard In Brussels - World Vapers&#039; Alliance\",\"isPartOf\":{\"@id\":\"https:\\\/\\\/worldvapersalliance.com\\\/#website\"},\"primaryImageOfPage\":{\"@id\":\"https:\\\/\\\/worldvapersalliance.com\\\/vapers-voices-heard-in-brussels\\\/#primaryimage\"},\"image\":{\"@id\":\"https:\\\/\\\/worldvapersalliance.com\\\/vapers-voices-heard-in-brussels\\\/#primaryimage\"},\"thumbnailUrl\":\"https:\\\/\\\/worldvapersalliance.com\\\/wp-content\\\/uploads\\\/2025\\\/08\\\/WVA-in-the-news.png\",\"datePublished\":\"2021-12-06T19:18:44+00:00\",\"dateModified\":\"2022-02-05T19:00:22+00:00\",\"inLanguage\":\"fr-FR\",\"potentialAction\":[{\"@type\":\"ReadAction\",\"target\":[\"https:\\\/\\\/worldvapersalliance.com\\\/vapers-voices-heard-in-brussels\\\/\"]}]},{\"@type\":\"ImageObject\",\"inLanguage\":\"fr-FR\",\"@id\":\"https:\\\/\\\/worldvapersalliance.com\\\/vapers-voices-heard-in-brussels\\\/#primaryimage\",\"url\":\"https:\\\/\\\/worldvapersalliance.com\\\/wp-content\\\/uploads\\\/2025\\\/08\\\/WVA-in-the-news.png\",\"contentUrl\":\"https:\\\/\\\/worldvapersalliance.com\\\/wp-content\\\/uploads\\\/2025\\\/08\\\/WVA-in-the-news.png\",\"width\":1264,\"height\":848},{\"@type\":\"WebSite\",\"@id\":\"https:\\\/\\\/worldvapersalliance.com\\\/#website\",\"url\":\"https:\\\/\\\/worldvapersalliance.com\\\/\",\"name\":\"World Vapers&#039; Alliance\",\"description\":\"The largest community of vapers\",\"publisher\":{\"@id\":\"https:\\\/\\\/worldvapersalliance.com\\\/#organization\"},\"potentialAction\":[{\"@type\":\"SearchAction\",\"target\":{\"@type\":\"EntryPoint\",\"urlTemplate\":\"https:\\\/\\\/worldvapersalliance.com\\\/?s={search_term_string}\"},\"query-input\":{\"@type\":\"PropertyValueSpecification\",\"valueRequired\":true,\"valueName\":\"search_term_string\"}}],\"inLanguage\":\"fr-FR\"},{\"@type\":\"Organization\",\"@id\":\"https:\\\/\\\/worldvapersalliance.com\\\/#organization\",\"name\":\"World Vapers&#039; Alliance\",\"url\":\"https:\\\/\\\/worldvapersalliance.com\\\/\",\"logo\":{\"@type\":\"ImageObject\",\"inLanguage\":\"fr-FR\",\"@id\":\"https:\\\/\\\/worldvapersalliance.com\\\/#\\\/schema\\\/logo\\\/image\\\/\",\"url\":\"https:\\\/\\\/worldvapersalliance.com\\\/wp-content\\\/uploads\\\/2022\\\/01\\\/WVA_RB_Fist_G.png\",\"contentUrl\":\"https:\\\/\\\/worldvapersalliance.com\\\/wp-content\\\/uploads\\\/2022\\\/01\\\/WVA_RB_Fist_G.png\",\"width\":985,\"height\":1177,\"caption\":\"World Vapers&#039; Alliance\"},\"image\":{\"@id\":\"https:\\\/\\\/worldvapersalliance.com\\\/#\\\/schema\\\/logo\\\/image\\\/\"}},{\"@type\":\"Person\",\"@id\":\"https:\\\/\\\/worldvapersalliance.com\\\/#\\\/schema\\\/person\\\/05f663571d787d89a2d5c77c482a6583\",\"name\":\"Michael Landl\",\"image\":{\"@type\":\"ImageObject\",\"inLanguage\":\"fr-FR\",\"@id\":\"https:\\\/\\\/secure.gravatar.com\\\/avatar\\\/1537a11db5ae7fef0631b6c662f439d8a632c50630c980828d0e2c4de581568b?s=96&d=mm&r=g\",\"url\":\"https:\\\/\\\/secure.gravatar.com\\\/avatar\\\/1537a11db5ae7fef0631b6c662f439d8a632c50630c980828d0e2c4de581568b?s=96&d=mm&r=g\",\"contentUrl\":\"https:\\\/\\\/secure.gravatar.com\\\/avatar\\\/1537a11db5ae7fef0631b6c662f439d8a632c50630c980828d0e2c4de581568b?s=96&d=mm&r=g\",\"caption\":\"Michael Landl\"},\"url\":\"https:\\\/\\\/worldvapersalliance.com\\\/fr\\\/author\\\/michael\\\/\"}]}<\/script>\n<!-- \/ Yoast SEO plugin. -->","yoast_head_json":{"title":"La voix des vapoteurs entendue \u00e0 Bruxelles - Alliance mondiale des vapoteurs","robots":{"index":"index","follow":"follow","max-snippet":"max-snippet:-1","max-image-preview":"max-image-preview:large","max-video-preview":"max-video-preview:-1"},"canonical":"https:\/\/worldvapersalliance.com\/fr\/vapers-voices-heard-in-brussels\/","og_locale":"fr_FR","og_type":"article","og_title":"Vapers' Voices Heard In Brussels - World Vapers&#039; Alliance","og_description":"The World Vapers\u2019 Alliance says the \u201cvoices of vapers\u201d arrived at MEPs\u2019 front door in Brussels. These voices, and their personal stories about how vaping helped them quit smoking and change their lives for the better, were broadcast across the focal point of the European Union to encourage European politicians to support pro-vaping policies. Driving [&hellip;]","og_url":"https:\/\/worldvapersalliance.com\/fr\/vapers-voices-heard-in-brussels\/","og_site_name":"World Vapers&#039; Alliance","article_published_time":"2021-12-06T19:18:44+00:00","article_modified_time":"2022-02-05T19:00:22+00:00","og_image":[{"width":908,"height":320,"url":"https:\/\/worldvapersalliance.com\/wp-content\/uploads\/2022\/02\/eu-flags.jpeg","type":"image\/jpeg"}],"author":"Michael Landl","twitter_card":"summary_large_image","twitter_misc":{"\u00c9crit par":"Michael Landl","Dur\u00e9e de lecture estim\u00e9e":"2 minutes"},"schema":{"@context":"https:\/\/schema.org","@graph":[{"@type":"Article","@id":"https:\/\/worldvapersalliance.com\/vapers-voices-heard-in-brussels\/#article","isPartOf":{"@id":"https:\/\/worldvapersalliance.com\/vapers-voices-heard-in-brussels\/"},"author":{"name":"Michael Landl","@id":"https:\/\/worldvapersalliance.com\/#\/schema\/person\/05f663571d787d89a2d5c77c482a6583"},"headline":"Vapers&#8217; Voices Heard In Brussels","datePublished":"2021-12-06T19:18:44+00:00","dateModified":"2022-02-05T19:00:22+00:00","mainEntityOfPage":{"@id":"https:\/\/worldvapersalliance.com\/vapers-voices-heard-in-brussels\/"},"wordCount":469,"commentCount":0,"publisher":{"@id":"https:\/\/worldvapersalliance.com\/#organization"},"image":{"@id":"https:\/\/worldvapersalliance.com\/vapers-voices-heard-in-brussels\/#primaryimage"},"thumbnailUrl":"https:\/\/worldvapersalliance.com\/wp-content\/uploads\/2025\/08\/WVA-in-the-news.png","articleSection":["WVA in the News"],"inLanguage":"fr-FR","potentialAction":[{"@type":"CommentAction","name":"Comment","target":["https:\/\/worldvapersalliance.com\/vapers-voices-heard-in-brussels\/#respond"]}]},{"@type":"WebPage","@id":"https:\/\/worldvapersalliance.com\/vapers-voices-heard-in-brussels\/","url":"https:\/\/worldvapersalliance.com\/vapers-voices-heard-in-brussels\/","name":"La voix des vapoteurs entendue \u00e0 Bruxelles - Alliance mondiale des vapoteurs","isPartOf":{"@id":"https:\/\/worldvapersalliance.com\/#website"},"primaryImageOfPage":{"@id":"https:\/\/worldvapersalliance.com\/vapers-voices-heard-in-brussels\/#primaryimage"},"image":{"@id":"https:\/\/worldvapersalliance.com\/vapers-voices-heard-in-brussels\/#primaryimage"},"thumbnailUrl":"https:\/\/worldvapersalliance.com\/wp-content\/uploads\/2025\/08\/WVA-in-the-news.png","datePublished":"2021-12-06T19:18:44+00:00","dateModified":"2022-02-05T19:00:22+00:00","inLanguage":"fr-FR","potentialAction":[{"@type":"ReadAction","target":["https:\/\/worldvapersalliance.com\/vapers-voices-heard-in-brussels\/"]}]},{"@type":"ImageObject","inLanguage":"fr-FR","@id":"https:\/\/worldvapersalliance.com\/vapers-voices-heard-in-brussels\/#primaryimage","url":"https:\/\/worldvapersalliance.com\/wp-content\/uploads\/2025\/08\/WVA-in-the-news.png","contentUrl":"https:\/\/worldvapersalliance.com\/wp-content\/uploads\/2025\/08\/WVA-in-the-news.png","width":1264,"height":848},{"@type":"WebSite","@id":"https:\/\/worldvapersalliance.com\/#website","url":"https:\/\/worldvapersalliance.com\/","name":"Alliance mondiale des vapoteurs","description":"La plus grande communaut\u00e9 de vapoteurs","publisher":{"@id":"https:\/\/worldvapersalliance.com\/#organization"},"potentialAction":[{"@type":"SearchAction","target":{"@type":"EntryPoint","urlTemplate":"https:\/\/worldvapersalliance.com\/?s={search_term_string}"},"query-input":{"@type":"PropertyValueSpecification","valueRequired":true,"valueName":"search_term_string"}}],"inLanguage":"fr-FR"},{"@type":"Organization","@id":"https:\/\/worldvapersalliance.com\/#organization","name":"Alliance mondiale des vapoteurs","url":"https:\/\/worldvapersalliance.com\/","logo":{"@type":"ImageObject","inLanguage":"fr-FR","@id":"https:\/\/worldvapersalliance.com\/#\/schema\/logo\/image\/","url":"https:\/\/worldvapersalliance.com\/wp-content\/uploads\/2022\/01\/WVA_RB_Fist_G.png","contentUrl":"https:\/\/worldvapersalliance.com\/wp-content\/uploads\/2022\/01\/WVA_RB_Fist_G.png","width":985,"height":1177,"caption":"World Vapers&#039; Alliance"},"image":{"@id":"https:\/\/worldvapersalliance.com\/#\/schema\/logo\/image\/"}},{"@type":"Person","@id":"https:\/\/worldvapersalliance.com\/#\/schema\/person\/05f663571d787d89a2d5c77c482a6583","name":"Michel Landl","image":{"@type":"ImageObject","inLanguage":"fr-FR","@id":"https:\/\/secure.gravatar.com\/avatar\/1537a11db5ae7fef0631b6c662f439d8a632c50630c980828d0e2c4de581568b?s=96&d=mm&r=g","url":"https:\/\/secure.gravatar.com\/avatar\/1537a11db5ae7fef0631b6c662f439d8a632c50630c980828d0e2c4de581568b?s=96&d=mm&r=g","contentUrl":"https:\/\/secure.gravatar.com\/avatar\/1537a11db5ae7fef0631b6c662f439d8a632c50630c980828d0e2c4de581568b?s=96&d=mm&r=g","caption":"Michael Landl"},"url":"https:\/\/worldvapersalliance.com\/fr\/author\/michael\/"}]}},"_links":{"self":[{"href":"https:\/\/worldvapersalliance.com\/fr\/wp-json\/wp\/v2\/posts\/596","targetHints":{"allow":["GET"]}}],"collection":[{"href":"https:\/\/worldvapersalliance.com\/fr\/wp-json\/wp\/v2\/posts"}],"about":[{"href":"https:\/\/worldvapersalliance.com\/fr\/wp-json\/wp\/v2\/types\/post"}],"author":[{"embeddable":true,"href":"https:\/\/worldvapersalliance.com\/fr\/wp-json\/wp\/v2\/users\/4"}],"replies":[{"embeddable":true,"href":"https:\/\/worldvapersalliance.com\/fr\/wp-json\/wp\/v2\/comments?post=596"}],"version-history":[{"count":0,"href":"https:\/\/worldvapersalliance.com\/fr\/wp-json\/wp\/v2\/posts\/596\/revisions"}],"wp:featuredmedia":[{"embeddable":true,"href":"https:\/\/worldvapersalliance.com\/fr\/wp-json\/wp\/v2\/media\/6394"}],"wp:attachment":[{"href":"https:\/\/worldvapersalliance.com\/fr\/wp-json\/wp\/v2\/media?parent=596"}],"wp:term":[{"taxonomy":"category","embeddable":true,"href":"https:\/\/worldvapersalliance.com\/fr\/wp-json\/wp\/v2\/categories?post=596"},{"taxonomy":"post_tag","embeddable":true,"href":"https:\/\/worldvapersalliance.com\/fr\/wp-json\/wp\/v2\/tags?post=596"}],"curies":[{"name":"wp","href":"https:\/\/api.w.org\/{rel}","templated":true}]}}