{"id":5286,"date":"2023-12-19T08:36:05","date_gmt":"2023-12-19T13:36:05","guid":{"rendered":"https:\/\/worldvapersalliance.com\/?p=5286"},"modified":"2024-01-03T08:37:53","modified_gmt":"2024-01-03T13:37:53","slug":"scotland-announces-generational-tobacco-ban-which-includes-vaping","status":"publish","type":"post","link":"https:\/\/worldvapersalliance.com\/fr\/scotland-announces-generational-tobacco-ban-which-includes-vaping\/","title":{"rendered":"L\u2019\u00c9cosse annonce une interdiction du tabac g\u00e9n\u00e9rationnelle, qui inclut le vapotage."},"content":{"rendered":"<h4>Alors que la Nouvelle-Z\u00e9lande vient d&#039;annoncer l&#039;abandon de son projet d&#039;interdiction du tabac pour toute une g\u00e9n\u00e9ration, l&#039;\u00c9cosse vient d&#039;annoncer une mesure similaire.<\/h4>\n<p>L\u2019\u00c9cosse envisage de mettre en place une interdiction de fumer interg\u00e9n\u00e9rationnelle qui emp\u00eacherait toute personne n\u00e9e en 2009 ou apr\u00e8s (actuellement \u00e2g\u00e9e de 14 ans ou moins) d\u2019acheter l\u00e9galement des produits du tabac ou de vapotage. En r\u00e9action \u00e0 cette annonce, <a href=\"https:\/\/www.vapingpost.com\/?p=65439\">r\u00e9duction des m\u00e9faits du tabac<\/a> Les experts de la THR s&#039;inqui\u00e8tent des cons\u00e9quences impr\u00e9vues potentielles d&#039;une telle mesure.<\/p>\n<p>Michael Landl, directeur de<a href=\"https:\/\/www.vapingpost.com\/2022\/11\/18\/the-wva-presents-the-portuguese-govt-with-a-7-step-plan-to-reduce-smoking-rates\/\"> Alliance mondiale des vapoteurs<\/a> Selon WVA, si la lutte contre le tabagisme est essentielle, \u00e9tendre l&#039;interdiction au vapotage pose probl\u00e8me. Les autorit\u00e9s doivent faire la distinction entre fumer et vapoter et se concentrer sur l&#039;application effective des lois existantes, tout en s&#039;attaquant aux raisons qui poussent les adolescents \u00e0 fumer ou \u00e0 vapoter, plut\u00f4t que d&#039;ajouter une nouvelle couche d&#039;interdiction.<\/p>\n<p>En fait, en approfondissant ce dernier point, des \u00e9tudes ont<a href=\"https:\/\/www.vapingpost.com\/2023\/11\/10\/study-links-youth-vaping-to-stress-but-is-vaping-the-cause-or-the-response\/\"> indiqu\u00e9<\/a> Les adolescents confront\u00e9s \u00e0 des difficult\u00e9s telles que des probl\u00e8mes de sant\u00e9 mentale et des r\u00e9sultats scolaires m\u00e9diocres sont plus susceptibles de vapoter, l&#039;\u00e9tude 51% citant le soulagement de l&#039;anxi\u00e9t\u00e9 comme motivation. Ce constat est similaire aux r\u00e9sultats concernant le tabagisme.<\/p>\n<p>Lire le texte int\u00e9gral <a href=\"https:\/\/www.vapingpost.com\/2023\/12\/19\/scotland-announces-generational-tobacco-ban-which-includes-vaping\/\" target=\"_blank\" rel=\"noopener\">ici<\/a><\/p>","protected":false},"excerpt":{"rendered":"<p>While New Zealand has just announced it is repealing its plans for a a generational tobacco ban, Scotland has just announced a similar measure. Scotland is considering implementing a generational smoking ban which would prevent anyone born in 2009 or later (currently 14 or younger) from legally purchasing tobacco or vaping products. In response to [&hellip;]<\/p>\n","protected":false},"author":11,"featured_media":6394,"comment_status":"open","ping_status":"open","sticky":false,"template":"","format":"standard","meta":{"footnotes":""},"categories":[15],"tags":[],"class_list":["post-5286","post","type-post","status-publish","format-standard","has-post-thumbnail","hentry","category-wva-in-the-news"],"yoast_head":"<!-- This site is optimized with the Yoast SEO plugin v27.3 - https:\/\/yoast.com\/product\/yoast-seo-wordpress\/ -->\n<title>Scotland Announces Generational Tobacco Ban Which Includes Vaping - World Vapers&#039; Alliance<\/title>\n<meta name=\"robots\" content=\"index, follow, max-snippet:-1, max-image-preview:large, max-video-preview:-1\" \/>\n<link rel=\"canonical\" href=\"https:\/\/worldvapersalliance.com\/fr\/scotland-announces-generational-tobacco-ban-which-includes-vaping\/\" \/>\n<meta property=\"og:locale\" content=\"fr_FR\" \/>\n<meta property=\"og:type\" content=\"article\" \/>\n<meta property=\"og:title\" content=\"Scotland Announces Generational Tobacco Ban Which Includes Vaping - World Vapers&#039; Alliance\" \/>\n<meta property=\"og:description\" content=\"While New Zealand has just announced it is repealing its plans for a a generational tobacco ban, Scotland has just announced a similar measure. Scotland is considering implementing a generational smoking ban which would prevent anyone born in 2009 or later (currently 14 or younger) from legally purchasing tobacco or vaping products. In response to [&hellip;]\" \/>\n<meta property=\"og:url\" content=\"https:\/\/worldvapersalliance.com\/fr\/scotland-announces-generational-tobacco-ban-which-includes-vaping\/\" \/>\n<meta property=\"og:site_name\" content=\"World Vapers&#039; Alliance\" \/>\n<meta property=\"article:published_time\" content=\"2023-12-19T13:36:05+00:00\" \/>\n<meta property=\"article:modified_time\" content=\"2024-01-03T13:37:53+00:00\" \/>\n<meta property=\"og:image\" content=\"https:\/\/worldvapersalliance.com\/wp-content\/uploads\/2022\/08\/vaping-post.png\" \/>\n\t<meta property=\"og:image:width\" content=\"2081\" \/>\n\t<meta property=\"og:image:height\" content=\"1920\" \/>\n\t<meta property=\"og:image:type\" content=\"image\/png\" \/>\n<meta name=\"author\" content=\"World Vapers&#039; Alliance\" \/>\n<meta name=\"twitter:card\" content=\"summary_large_image\" \/>\n<meta name=\"twitter:label1\" content=\"\u00c9crit par\" \/>\n\t<meta name=\"twitter:data1\" content=\"World Vapers&#039; Alliance\" \/>\n\t<meta name=\"twitter:label2\" content=\"Dur\u00e9e de lecture estim\u00e9e\" \/>\n\t<meta name=\"twitter:data2\" content=\"1 minute\" \/>\n<script type=\"application\/ld+json\" class=\"yoast-schema-graph\">{\"@context\":\"https:\\\/\\\/schema.org\",\"@graph\":[{\"@type\":\"Article\",\"@id\":\"https:\\\/\\\/worldvapersalliance.com\\\/scotland-announces-generational-tobacco-ban-which-includes-vaping\\\/#article\",\"isPartOf\":{\"@id\":\"https:\\\/\\\/worldvapersalliance.com\\\/scotland-announces-generational-tobacco-ban-which-includes-vaping\\\/\"},\"author\":{\"name\":\"World Vapers' Alliance\",\"@id\":\"https:\\\/\\\/worldvapersalliance.com\\\/#\\\/schema\\\/person\\\/18484a6f20bcc6f70a2419c8babe017d\"},\"headline\":\"Scotland Announces Generational Tobacco Ban Which Includes Vaping\",\"datePublished\":\"2023-12-19T13:36:05+00:00\",\"dateModified\":\"2024-01-03T13:37:53+00:00\",\"mainEntityOfPage\":{\"@id\":\"https:\\\/\\\/worldvapersalliance.com\\\/scotland-announces-generational-tobacco-ban-which-includes-vaping\\\/\"},\"wordCount\":181,\"commentCount\":0,\"publisher\":{\"@id\":\"https:\\\/\\\/worldvapersalliance.com\\\/#organization\"},\"image\":{\"@id\":\"https:\\\/\\\/worldvapersalliance.com\\\/scotland-announces-generational-tobacco-ban-which-includes-vaping\\\/#primaryimage\"},\"thumbnailUrl\":\"https:\\\/\\\/worldvapersalliance.com\\\/wp-content\\\/uploads\\\/2025\\\/08\\\/WVA-in-the-news.png\",\"articleSection\":[\"WVA in the News\"],\"inLanguage\":\"fr-FR\",\"potentialAction\":[{\"@type\":\"CommentAction\",\"name\":\"Comment\",\"target\":[\"https:\\\/\\\/worldvapersalliance.com\\\/scotland-announces-generational-tobacco-ban-which-includes-vaping\\\/#respond\"]}]},{\"@type\":\"WebPage\",\"@id\":\"https:\\\/\\\/worldvapersalliance.com\\\/scotland-announces-generational-tobacco-ban-which-includes-vaping\\\/\",\"url\":\"https:\\\/\\\/worldvapersalliance.com\\\/scotland-announces-generational-tobacco-ban-which-includes-vaping\\\/\",\"name\":\"Scotland Announces Generational Tobacco Ban Which Includes Vaping - World Vapers&#039; Alliance\",\"isPartOf\":{\"@id\":\"https:\\\/\\\/worldvapersalliance.com\\\/#website\"},\"primaryImageOfPage\":{\"@id\":\"https:\\\/\\\/worldvapersalliance.com\\\/scotland-announces-generational-tobacco-ban-which-includes-vaping\\\/#primaryimage\"},\"image\":{\"@id\":\"https:\\\/\\\/worldvapersalliance.com\\\/scotland-announces-generational-tobacco-ban-which-includes-vaping\\\/#primaryimage\"},\"thumbnailUrl\":\"https:\\\/\\\/worldvapersalliance.com\\\/wp-content\\\/uploads\\\/2025\\\/08\\\/WVA-in-the-news.png\",\"datePublished\":\"2023-12-19T13:36:05+00:00\",\"dateModified\":\"2024-01-03T13:37:53+00:00\",\"inLanguage\":\"fr-FR\",\"potentialAction\":[{\"@type\":\"ReadAction\",\"target\":[\"https:\\\/\\\/worldvapersalliance.com\\\/scotland-announces-generational-tobacco-ban-which-includes-vaping\\\/\"]}]},{\"@type\":\"ImageObject\",\"inLanguage\":\"fr-FR\",\"@id\":\"https:\\\/\\\/worldvapersalliance.com\\\/scotland-announces-generational-tobacco-ban-which-includes-vaping\\\/#primaryimage\",\"url\":\"https:\\\/\\\/worldvapersalliance.com\\\/wp-content\\\/uploads\\\/2025\\\/08\\\/WVA-in-the-news.png\",\"contentUrl\":\"https:\\\/\\\/worldvapersalliance.com\\\/wp-content\\\/uploads\\\/2025\\\/08\\\/WVA-in-the-news.png\",\"width\":1264,\"height\":848},{\"@type\":\"WebSite\",\"@id\":\"https:\\\/\\\/worldvapersalliance.com\\\/#website\",\"url\":\"https:\\\/\\\/worldvapersalliance.com\\\/\",\"name\":\"World Vapers&#039; Alliance\",\"description\":\"The largest community of vapers\",\"publisher\":{\"@id\":\"https:\\\/\\\/worldvapersalliance.com\\\/#organization\"},\"potentialAction\":[{\"@type\":\"SearchAction\",\"target\":{\"@type\":\"EntryPoint\",\"urlTemplate\":\"https:\\\/\\\/worldvapersalliance.com\\\/?s={search_term_string}\"},\"query-input\":{\"@type\":\"PropertyValueSpecification\",\"valueRequired\":true,\"valueName\":\"search_term_string\"}}],\"inLanguage\":\"fr-FR\"},{\"@type\":\"Organization\",\"@id\":\"https:\\\/\\\/worldvapersalliance.com\\\/#organization\",\"name\":\"World Vapers&#039; Alliance\",\"url\":\"https:\\\/\\\/worldvapersalliance.com\\\/\",\"logo\":{\"@type\":\"ImageObject\",\"inLanguage\":\"fr-FR\",\"@id\":\"https:\\\/\\\/worldvapersalliance.com\\\/#\\\/schema\\\/logo\\\/image\\\/\",\"url\":\"https:\\\/\\\/worldvapersalliance.com\\\/wp-content\\\/uploads\\\/2022\\\/01\\\/WVA_RB_Fist_G.png\",\"contentUrl\":\"https:\\\/\\\/worldvapersalliance.com\\\/wp-content\\\/uploads\\\/2022\\\/01\\\/WVA_RB_Fist_G.png\",\"width\":985,\"height\":1177,\"caption\":\"World Vapers&#039; Alliance\"},\"image\":{\"@id\":\"https:\\\/\\\/worldvapersalliance.com\\\/#\\\/schema\\\/logo\\\/image\\\/\"}},{\"@type\":\"Person\",\"@id\":\"https:\\\/\\\/worldvapersalliance.com\\\/#\\\/schema\\\/person\\\/18484a6f20bcc6f70a2419c8babe017d\",\"name\":\"World Vapers' Alliance\",\"image\":{\"@type\":\"ImageObject\",\"inLanguage\":\"fr-FR\",\"@id\":\"https:\\\/\\\/secure.gravatar.com\\\/avatar\\\/456bf795c7a47c9ac527a94da4bff150aa49e48726d69bee9937f8383cffa246?s=96&d=mm&r=g\",\"url\":\"https:\\\/\\\/secure.gravatar.com\\\/avatar\\\/456bf795c7a47c9ac527a94da4bff150aa49e48726d69bee9937f8383cffa246?s=96&d=mm&r=g\",\"contentUrl\":\"https:\\\/\\\/secure.gravatar.com\\\/avatar\\\/456bf795c7a47c9ac527a94da4bff150aa49e48726d69bee9937f8383cffa246?s=96&d=mm&r=g\",\"caption\":\"World Vapers' Alliance\"},\"url\":\"https:\\\/\\\/worldvapersalliance.com\\\/fr\\\/author\\\/wva\\\/\"}]}<\/script>\n<!-- \/ Yoast SEO plugin. -->","yoast_head_json":{"title":"L&#039;\u00c9cosse annonce une interdiction g\u00e9n\u00e9rationnelle du tabac, y compris du vapotage - Alliance mondiale des vapoteurs","robots":{"index":"index","follow":"follow","max-snippet":"max-snippet:-1","max-image-preview":"max-image-preview:large","max-video-preview":"max-video-preview:-1"},"canonical":"https:\/\/worldvapersalliance.com\/fr\/scotland-announces-generational-tobacco-ban-which-includes-vaping\/","og_locale":"fr_FR","og_type":"article","og_title":"Scotland Announces Generational Tobacco Ban Which Includes Vaping - World Vapers&#039; Alliance","og_description":"While New Zealand has just announced it is repealing its plans for a a generational tobacco ban, Scotland has just announced a similar measure. Scotland is considering implementing a generational smoking ban which would prevent anyone born in 2009 or later (currently 14 or younger) from legally purchasing tobacco or vaping products. In response to [&hellip;]","og_url":"https:\/\/worldvapersalliance.com\/fr\/scotland-announces-generational-tobacco-ban-which-includes-vaping\/","og_site_name":"World Vapers&#039; Alliance","article_published_time":"2023-12-19T13:36:05+00:00","article_modified_time":"2024-01-03T13:37:53+00:00","og_image":[{"width":2081,"height":1920,"url":"https:\/\/worldvapersalliance.com\/wp-content\/uploads\/2022\/08\/vaping-post.png","type":"image\/png"}],"author":"World Vapers' Alliance","twitter_card":"summary_large_image","twitter_misc":{"\u00c9crit par":"World Vapers' Alliance","Dur\u00e9e de lecture estim\u00e9e":"1 minute"},"schema":{"@context":"https:\/\/schema.org","@graph":[{"@type":"Article","@id":"https:\/\/worldvapersalliance.com\/scotland-announces-generational-tobacco-ban-which-includes-vaping\/#article","isPartOf":{"@id":"https:\/\/worldvapersalliance.com\/scotland-announces-generational-tobacco-ban-which-includes-vaping\/"},"author":{"name":"World Vapers' Alliance","@id":"https:\/\/worldvapersalliance.com\/#\/schema\/person\/18484a6f20bcc6f70a2419c8babe017d"},"headline":"Scotland Announces Generational Tobacco Ban Which Includes Vaping","datePublished":"2023-12-19T13:36:05+00:00","dateModified":"2024-01-03T13:37:53+00:00","mainEntityOfPage":{"@id":"https:\/\/worldvapersalliance.com\/scotland-announces-generational-tobacco-ban-which-includes-vaping\/"},"wordCount":181,"commentCount":0,"publisher":{"@id":"https:\/\/worldvapersalliance.com\/#organization"},"image":{"@id":"https:\/\/worldvapersalliance.com\/scotland-announces-generational-tobacco-ban-which-includes-vaping\/#primaryimage"},"thumbnailUrl":"https:\/\/worldvapersalliance.com\/wp-content\/uploads\/2025\/08\/WVA-in-the-news.png","articleSection":["WVA in the News"],"inLanguage":"fr-FR","potentialAction":[{"@type":"CommentAction","name":"Comment","target":["https:\/\/worldvapersalliance.com\/scotland-announces-generational-tobacco-ban-which-includes-vaping\/#respond"]}]},{"@type":"WebPage","@id":"https:\/\/worldvapersalliance.com\/scotland-announces-generational-tobacco-ban-which-includes-vaping\/","url":"https:\/\/worldvapersalliance.com\/scotland-announces-generational-tobacco-ban-which-includes-vaping\/","name":"L&#039;\u00c9cosse annonce une interdiction g\u00e9n\u00e9rationnelle du tabac, y compris du vapotage - Alliance mondiale des vapoteurs","isPartOf":{"@id":"https:\/\/worldvapersalliance.com\/#website"},"primaryImageOfPage":{"@id":"https:\/\/worldvapersalliance.com\/scotland-announces-generational-tobacco-ban-which-includes-vaping\/#primaryimage"},"image":{"@id":"https:\/\/worldvapersalliance.com\/scotland-announces-generational-tobacco-ban-which-includes-vaping\/#primaryimage"},"thumbnailUrl":"https:\/\/worldvapersalliance.com\/wp-content\/uploads\/2025\/08\/WVA-in-the-news.png","datePublished":"2023-12-19T13:36:05+00:00","dateModified":"2024-01-03T13:37:53+00:00","inLanguage":"fr-FR","potentialAction":[{"@type":"ReadAction","target":["https:\/\/worldvapersalliance.com\/scotland-announces-generational-tobacco-ban-which-includes-vaping\/"]}]},{"@type":"ImageObject","inLanguage":"fr-FR","@id":"https:\/\/worldvapersalliance.com\/scotland-announces-generational-tobacco-ban-which-includes-vaping\/#primaryimage","url":"https:\/\/worldvapersalliance.com\/wp-content\/uploads\/2025\/08\/WVA-in-the-news.png","contentUrl":"https:\/\/worldvapersalliance.com\/wp-content\/uploads\/2025\/08\/WVA-in-the-news.png","width":1264,"height":848},{"@type":"WebSite","@id":"https:\/\/worldvapersalliance.com\/#website","url":"https:\/\/worldvapersalliance.com\/","name":"Alliance mondiale des vapoteurs","description":"La plus grande communaut\u00e9 de vapoteurs","publisher":{"@id":"https:\/\/worldvapersalliance.com\/#organization"},"potentialAction":[{"@type":"SearchAction","target":{"@type":"EntryPoint","urlTemplate":"https:\/\/worldvapersalliance.com\/?s={search_term_string}"},"query-input":{"@type":"PropertyValueSpecification","valueRequired":true,"valueName":"search_term_string"}}],"inLanguage":"fr-FR"},{"@type":"Organization","@id":"https:\/\/worldvapersalliance.com\/#organization","name":"Alliance mondiale des vapoteurs","url":"https:\/\/worldvapersalliance.com\/","logo":{"@type":"ImageObject","inLanguage":"fr-FR","@id":"https:\/\/worldvapersalliance.com\/#\/schema\/logo\/image\/","url":"https:\/\/worldvapersalliance.com\/wp-content\/uploads\/2022\/01\/WVA_RB_Fist_G.png","contentUrl":"https:\/\/worldvapersalliance.com\/wp-content\/uploads\/2022\/01\/WVA_RB_Fist_G.png","width":985,"height":1177,"caption":"World Vapers&#039; Alliance"},"image":{"@id":"https:\/\/worldvapersalliance.com\/#\/schema\/logo\/image\/"}},{"@type":"Person","@id":"https:\/\/worldvapersalliance.com\/#\/schema\/person\/18484a6f20bcc6f70a2419c8babe017d","name":"Alliance mondiale des vapoteurs","image":{"@type":"ImageObject","inLanguage":"fr-FR","@id":"https:\/\/secure.gravatar.com\/avatar\/456bf795c7a47c9ac527a94da4bff150aa49e48726d69bee9937f8383cffa246?s=96&d=mm&r=g","url":"https:\/\/secure.gravatar.com\/avatar\/456bf795c7a47c9ac527a94da4bff150aa49e48726d69bee9937f8383cffa246?s=96&d=mm&r=g","contentUrl":"https:\/\/secure.gravatar.com\/avatar\/456bf795c7a47c9ac527a94da4bff150aa49e48726d69bee9937f8383cffa246?s=96&d=mm&r=g","caption":"World Vapers' Alliance"},"url":"https:\/\/worldvapersalliance.com\/fr\/author\/wva\/"}]}},"_links":{"self":[{"href":"https:\/\/worldvapersalliance.com\/fr\/wp-json\/wp\/v2\/posts\/5286","targetHints":{"allow":["GET"]}}],"collection":[{"href":"https:\/\/worldvapersalliance.com\/fr\/wp-json\/wp\/v2\/posts"}],"about":[{"href":"https:\/\/worldvapersalliance.com\/fr\/wp-json\/wp\/v2\/types\/post"}],"author":[{"embeddable":true,"href":"https:\/\/worldvapersalliance.com\/fr\/wp-json\/wp\/v2\/users\/11"}],"replies":[{"embeddable":true,"href":"https:\/\/worldvapersalliance.com\/fr\/wp-json\/wp\/v2\/comments?post=5286"}],"version-history":[{"count":0,"href":"https:\/\/worldvapersalliance.com\/fr\/wp-json\/wp\/v2\/posts\/5286\/revisions"}],"wp:featuredmedia":[{"embeddable":true,"href":"https:\/\/worldvapersalliance.com\/fr\/wp-json\/wp\/v2\/media\/6394"}],"wp:attachment":[{"href":"https:\/\/worldvapersalliance.com\/fr\/wp-json\/wp\/v2\/media?parent=5286"}],"wp:term":[{"taxonomy":"category","embeddable":true,"href":"https:\/\/worldvapersalliance.com\/fr\/wp-json\/wp\/v2\/categories?post=5286"},{"taxonomy":"post_tag","embeddable":true,"href":"https:\/\/worldvapersalliance.com\/fr\/wp-json\/wp\/v2\/tags?post=5286"}],"curies":[{"name":"wp","href":"https:\/\/api.w.org\/{rel}","templated":true}]}}