{"id":5247,"date":"2023-11-29T08:04:58","date_gmt":"2023-11-29T13:04:58","guid":{"rendered":"https:\/\/worldvapersalliance.com\/?p=5247"},"modified":"2023-11-30T08:06:56","modified_gmt":"2023-11-30T13:06:56","slug":"king-of-spain-inaugurates-new-legislative-session-in-barcelona","status":"publish","type":"post","link":"https:\/\/worldvapersalliance.com\/fr\/king-of-spain-inaugurates-new-legislative-session-in-barcelona\/","title":{"rendered":"Le roi d&#039;Espagne inaugure la nouvelle session l\u00e9gislative \u00e0 Barcelone"},"content":{"rendered":"<p>Le paysage politique espagnol s&#039;est illumin\u00e9 lorsque le roi d&#039;Espagne, accompagn\u00e9 de la reine Letizia et de la princesse des Asturies, a pr\u00e9sid\u00e9 l&#039;ouverture solennelle de la session l\u00e9gislative lors d&#039;une s\u00e9ance conjointe des Cortes Generales au Congr\u00e8s de Barcelone. Cette session a marqu\u00e9 le d\u00e9but officiel de la nouvelle l\u00e9gislature. Cet \u00e9v\u00e9nement majeur, ancr\u00e9 dans une longue tradition espagnole, souligne le r\u00f4le constitutionnel de la monarchie au sein du syst\u00e8me politique du pays.<\/p>\n<h4>Une affaire royale<\/h4>\n<p>La c\u00e9r\u00e9monie a offert une grandiose d\u00e9monstration de la convergence politique du pays et de son h\u00e9ritage royal. D\u00e9butant \u00e0 11 h sur la Carrera de San Jer\u00f3nimo, l&#039;\u00e9v\u00e9nement a \u00e9t\u00e9 marqu\u00e9 par une r\u00e9ception militaire en l&#039;honneur de la famille royale. Le cort\u00e8ge a travers\u00e9 la majestueuse Porte des Lions, orn\u00e9e d&#039;un dais de gala de 130 m\u00e8tres carr\u00e9s, donnant le ton aux festivit\u00e9s de la journ\u00e9e.<\/p>\n<p>Parmi les personnes pr\u00e9sentes figuraient les ministres nouvellement nomm\u00e9s du gouvernement de Pedro S\u00e1nchez. Cet \u00e9v\u00e9nement marquait leur premi\u00e8re apparition au Parlement, une \u00e9tape importante de leur parcours politique. La c\u00e9r\u00e9monie s&#039;est conclue par un d\u00e9fil\u00e9 militaire devant les Cortes Generales, un spectacle qui a offert un final en apoth\u00e9ose \u00e0 cette grande inauguration.<\/p>\n<p>Lire le texte int\u00e9gral <a href=\"https:\/\/bnn.network\/politics\/king-of-spain-inaugurates-new-legislative-session-in-barcelona\/\" target=\"_blank\" rel=\"noopener\">ici<\/a><\/p>","protected":false},"excerpt":{"rendered":"<p>Spain\u2019s political landscape lit up as the King of Spain, accompanied by Queen Letizia and the Princess of Asturias, presided over the solemn opening of the legislative session in a joint meeting of the Cortes Generales held at the Congress in Barcelona. The session marked the ceremonial commencement of parliament for the new legislative term. [&hellip;]<\/p>\n","protected":false},"author":11,"featured_media":6394,"comment_status":"open","ping_status":"open","sticky":false,"template":"","format":"standard","meta":{"footnotes":""},"categories":[15],"tags":[],"class_list":["post-5247","post","type-post","status-publish","format-standard","has-post-thumbnail","hentry","category-wva-in-the-news"],"yoast_head":"<!-- This site is optimized with the Yoast SEO plugin v27.5 - https:\/\/yoast.com\/product\/yoast-seo-wordpress\/ -->\n<title>King of Spain Inaugurates New Legislative Session in Barcelona - World Vapers&#039; Alliance<\/title>\n<meta name=\"robots\" content=\"index, follow, max-snippet:-1, max-image-preview:large, max-video-preview:-1\" \/>\n<link rel=\"canonical\" href=\"https:\/\/worldvapersalliance.com\/fr\/king-of-spain-inaugurates-new-legislative-session-in-barcelona\/\" \/>\n<meta property=\"og:locale\" content=\"fr_FR\" \/>\n<meta property=\"og:type\" content=\"article\" \/>\n<meta property=\"og:title\" content=\"King of Spain Inaugurates New Legislative Session in Barcelona - World Vapers&#039; Alliance\" \/>\n<meta property=\"og:description\" content=\"Spain\u2019s political landscape lit up as the King of Spain, accompanied by Queen Letizia and the Princess of Asturias, presided over the solemn opening of the legislative session in a joint meeting of the Cortes Generales held at the Congress in Barcelona. The session marked the ceremonial commencement of parliament for the new legislative term. [&hellip;]\" \/>\n<meta property=\"og:url\" content=\"https:\/\/worldvapersalliance.com\/fr\/king-of-spain-inaugurates-new-legislative-session-in-barcelona\/\" \/>\n<meta property=\"og:site_name\" content=\"World Vapers&#039; Alliance\" \/>\n<meta property=\"article:published_time\" content=\"2023-11-29T13:04:58+00:00\" \/>\n<meta property=\"article:modified_time\" content=\"2023-11-30T13:06:56+00:00\" \/>\n<meta property=\"og:image\" content=\"https:\/\/worldvapersalliance.com\/wp-content\/uploads\/2023\/11\/bnn.png\" \/>\n\t<meta property=\"og:image:width\" content=\"2081\" \/>\n\t<meta property=\"og:image:height\" content=\"1920\" \/>\n\t<meta property=\"og:image:type\" content=\"image\/png\" \/>\n<meta name=\"author\" content=\"World Vapers&#039; Alliance\" \/>\n<meta name=\"twitter:card\" content=\"summary_large_image\" \/>\n<meta name=\"twitter:label1\" content=\"\u00c9crit par\" \/>\n\t<meta name=\"twitter:data1\" content=\"World Vapers&#039; Alliance\" \/>\n\t<meta name=\"twitter:label2\" content=\"Dur\u00e9e de lecture estim\u00e9e\" \/>\n\t<meta name=\"twitter:data2\" content=\"1 minute\" \/>\n<script type=\"application\/ld+json\" class=\"yoast-schema-graph\">{\"@context\":\"https:\\\/\\\/schema.org\",\"@graph\":[{\"@type\":\"Article\",\"@id\":\"https:\\\/\\\/worldvapersalliance.com\\\/king-of-spain-inaugurates-new-legislative-session-in-barcelona\\\/#article\",\"isPartOf\":{\"@id\":\"https:\\\/\\\/worldvapersalliance.com\\\/king-of-spain-inaugurates-new-legislative-session-in-barcelona\\\/\"},\"author\":{\"name\":\"World Vapers' Alliance\",\"@id\":\"https:\\\/\\\/worldvapersalliance.com\\\/#\\\/schema\\\/person\\\/18484a6f20bcc6f70a2419c8babe017d\"},\"headline\":\"King of Spain Inaugurates New Legislative Session in Barcelona\",\"datePublished\":\"2023-11-29T13:04:58+00:00\",\"dateModified\":\"2023-11-30T13:06:56+00:00\",\"mainEntityOfPage\":{\"@id\":\"https:\\\/\\\/worldvapersalliance.com\\\/king-of-spain-inaugurates-new-legislative-session-in-barcelona\\\/\"},\"wordCount\":214,\"commentCount\":0,\"publisher\":{\"@id\":\"https:\\\/\\\/worldvapersalliance.com\\\/#organization\"},\"image\":{\"@id\":\"https:\\\/\\\/worldvapersalliance.com\\\/king-of-spain-inaugurates-new-legislative-session-in-barcelona\\\/#primaryimage\"},\"thumbnailUrl\":\"https:\\\/\\\/worldvapersalliance.com\\\/wp-content\\\/uploads\\\/2025\\\/08\\\/WVA-in-the-news.png\",\"articleSection\":[\"WVA in the News\"],\"inLanguage\":\"fr-FR\",\"potentialAction\":[{\"@type\":\"CommentAction\",\"name\":\"Comment\",\"target\":[\"https:\\\/\\\/worldvapersalliance.com\\\/king-of-spain-inaugurates-new-legislative-session-in-barcelona\\\/#respond\"]}]},{\"@type\":\"WebPage\",\"@id\":\"https:\\\/\\\/worldvapersalliance.com\\\/king-of-spain-inaugurates-new-legislative-session-in-barcelona\\\/\",\"url\":\"https:\\\/\\\/worldvapersalliance.com\\\/king-of-spain-inaugurates-new-legislative-session-in-barcelona\\\/\",\"name\":\"King of Spain Inaugurates New Legislative Session in Barcelona - World Vapers&#039; Alliance\",\"isPartOf\":{\"@id\":\"https:\\\/\\\/worldvapersalliance.com\\\/#website\"},\"primaryImageOfPage\":{\"@id\":\"https:\\\/\\\/worldvapersalliance.com\\\/king-of-spain-inaugurates-new-legislative-session-in-barcelona\\\/#primaryimage\"},\"image\":{\"@id\":\"https:\\\/\\\/worldvapersalliance.com\\\/king-of-spain-inaugurates-new-legislative-session-in-barcelona\\\/#primaryimage\"},\"thumbnailUrl\":\"https:\\\/\\\/worldvapersalliance.com\\\/wp-content\\\/uploads\\\/2025\\\/08\\\/WVA-in-the-news.png\",\"datePublished\":\"2023-11-29T13:04:58+00:00\",\"dateModified\":\"2023-11-30T13:06:56+00:00\",\"inLanguage\":\"fr-FR\",\"potentialAction\":[{\"@type\":\"ReadAction\",\"target\":[\"https:\\\/\\\/worldvapersalliance.com\\\/king-of-spain-inaugurates-new-legislative-session-in-barcelona\\\/\"]}]},{\"@type\":\"ImageObject\",\"inLanguage\":\"fr-FR\",\"@id\":\"https:\\\/\\\/worldvapersalliance.com\\\/king-of-spain-inaugurates-new-legislative-session-in-barcelona\\\/#primaryimage\",\"url\":\"https:\\\/\\\/worldvapersalliance.com\\\/wp-content\\\/uploads\\\/2025\\\/08\\\/WVA-in-the-news.png\",\"contentUrl\":\"https:\\\/\\\/worldvapersalliance.com\\\/wp-content\\\/uploads\\\/2025\\\/08\\\/WVA-in-the-news.png\",\"width\":1264,\"height\":848},{\"@type\":\"WebSite\",\"@id\":\"https:\\\/\\\/worldvapersalliance.com\\\/#website\",\"url\":\"https:\\\/\\\/worldvapersalliance.com\\\/\",\"name\":\"World Vapers&#039; Alliance\",\"description\":\"The largest community of vapers\",\"publisher\":{\"@id\":\"https:\\\/\\\/worldvapersalliance.com\\\/#organization\"},\"potentialAction\":[{\"@type\":\"SearchAction\",\"target\":{\"@type\":\"EntryPoint\",\"urlTemplate\":\"https:\\\/\\\/worldvapersalliance.com\\\/?s={search_term_string}\"},\"query-input\":{\"@type\":\"PropertyValueSpecification\",\"valueRequired\":true,\"valueName\":\"search_term_string\"}}],\"inLanguage\":\"fr-FR\"},{\"@type\":\"Organization\",\"@id\":\"https:\\\/\\\/worldvapersalliance.com\\\/#organization\",\"name\":\"World Vapers&#039; Alliance\",\"url\":\"https:\\\/\\\/worldvapersalliance.com\\\/\",\"logo\":{\"@type\":\"ImageObject\",\"inLanguage\":\"fr-FR\",\"@id\":\"https:\\\/\\\/worldvapersalliance.com\\\/#\\\/schema\\\/logo\\\/image\\\/\",\"url\":\"https:\\\/\\\/worldvapersalliance.com\\\/wp-content\\\/uploads\\\/2022\\\/01\\\/WVA_RB_Fist_G.png\",\"contentUrl\":\"https:\\\/\\\/worldvapersalliance.com\\\/wp-content\\\/uploads\\\/2022\\\/01\\\/WVA_RB_Fist_G.png\",\"width\":985,\"height\":1177,\"caption\":\"World Vapers&#039; Alliance\"},\"image\":{\"@id\":\"https:\\\/\\\/worldvapersalliance.com\\\/#\\\/schema\\\/logo\\\/image\\\/\"}},{\"@type\":\"Person\",\"@id\":\"https:\\\/\\\/worldvapersalliance.com\\\/#\\\/schema\\\/person\\\/18484a6f20bcc6f70a2419c8babe017d\",\"name\":\"World Vapers' Alliance\",\"image\":{\"@type\":\"ImageObject\",\"inLanguage\":\"fr-FR\",\"@id\":\"https:\\\/\\\/secure.gravatar.com\\\/avatar\\\/456bf795c7a47c9ac527a94da4bff150aa49e48726d69bee9937f8383cffa246?s=96&d=mm&r=g\",\"url\":\"https:\\\/\\\/secure.gravatar.com\\\/avatar\\\/456bf795c7a47c9ac527a94da4bff150aa49e48726d69bee9937f8383cffa246?s=96&d=mm&r=g\",\"contentUrl\":\"https:\\\/\\\/secure.gravatar.com\\\/avatar\\\/456bf795c7a47c9ac527a94da4bff150aa49e48726d69bee9937f8383cffa246?s=96&d=mm&r=g\",\"caption\":\"World Vapers' Alliance\"},\"url\":\"https:\\\/\\\/worldvapersalliance.com\\\/fr\\\/author\\\/wva\\\/\"}]}<\/script>\n<!-- \/ Yoast SEO plugin. -->","yoast_head_json":{"title":"Le roi d&#039;Espagne inaugure la nouvelle session l\u00e9gislative \u00e0 Barcelone - Alliance mondiale des vapoteurs","robots":{"index":"index","follow":"follow","max-snippet":"max-snippet:-1","max-image-preview":"max-image-preview:large","max-video-preview":"max-video-preview:-1"},"canonical":"https:\/\/worldvapersalliance.com\/fr\/king-of-spain-inaugurates-new-legislative-session-in-barcelona\/","og_locale":"fr_FR","og_type":"article","og_title":"King of Spain Inaugurates New Legislative Session in Barcelona - World Vapers&#039; Alliance","og_description":"Spain\u2019s political landscape lit up as the King of Spain, accompanied by Queen Letizia and the Princess of Asturias, presided over the solemn opening of the legislative session in a joint meeting of the Cortes Generales held at the Congress in Barcelona. The session marked the ceremonial commencement of parliament for the new legislative term. [&hellip;]","og_url":"https:\/\/worldvapersalliance.com\/fr\/king-of-spain-inaugurates-new-legislative-session-in-barcelona\/","og_site_name":"World Vapers&#039; Alliance","article_published_time":"2023-11-29T13:04:58+00:00","article_modified_time":"2023-11-30T13:06:56+00:00","og_image":[{"width":2081,"height":1920,"url":"https:\/\/worldvapersalliance.com\/wp-content\/uploads\/2023\/11\/bnn.png","type":"image\/png"}],"author":"World Vapers' Alliance","twitter_card":"summary_large_image","twitter_misc":{"\u00c9crit par":"World Vapers' Alliance","Dur\u00e9e de lecture estim\u00e9e":"1 minute"},"schema":{"@context":"https:\/\/schema.org","@graph":[{"@type":"Article","@id":"https:\/\/worldvapersalliance.com\/king-of-spain-inaugurates-new-legislative-session-in-barcelona\/#article","isPartOf":{"@id":"https:\/\/worldvapersalliance.com\/king-of-spain-inaugurates-new-legislative-session-in-barcelona\/"},"author":{"name":"World Vapers' Alliance","@id":"https:\/\/worldvapersalliance.com\/#\/schema\/person\/18484a6f20bcc6f70a2419c8babe017d"},"headline":"King of Spain Inaugurates New Legislative Session in Barcelona","datePublished":"2023-11-29T13:04:58+00:00","dateModified":"2023-11-30T13:06:56+00:00","mainEntityOfPage":{"@id":"https:\/\/worldvapersalliance.com\/king-of-spain-inaugurates-new-legislative-session-in-barcelona\/"},"wordCount":214,"commentCount":0,"publisher":{"@id":"https:\/\/worldvapersalliance.com\/#organization"},"image":{"@id":"https:\/\/worldvapersalliance.com\/king-of-spain-inaugurates-new-legislative-session-in-barcelona\/#primaryimage"},"thumbnailUrl":"https:\/\/worldvapersalliance.com\/wp-content\/uploads\/2025\/08\/WVA-in-the-news.png","articleSection":["WVA in the News"],"inLanguage":"fr-FR","potentialAction":[{"@type":"CommentAction","name":"Comment","target":["https:\/\/worldvapersalliance.com\/king-of-spain-inaugurates-new-legislative-session-in-barcelona\/#respond"]}]},{"@type":"WebPage","@id":"https:\/\/worldvapersalliance.com\/king-of-spain-inaugurates-new-legislative-session-in-barcelona\/","url":"https:\/\/worldvapersalliance.com\/king-of-spain-inaugurates-new-legislative-session-in-barcelona\/","name":"Le roi d&#039;Espagne inaugure la nouvelle session l\u00e9gislative \u00e0 Barcelone - Alliance mondiale des vapoteurs","isPartOf":{"@id":"https:\/\/worldvapersalliance.com\/#website"},"primaryImageOfPage":{"@id":"https:\/\/worldvapersalliance.com\/king-of-spain-inaugurates-new-legislative-session-in-barcelona\/#primaryimage"},"image":{"@id":"https:\/\/worldvapersalliance.com\/king-of-spain-inaugurates-new-legislative-session-in-barcelona\/#primaryimage"},"thumbnailUrl":"https:\/\/worldvapersalliance.com\/wp-content\/uploads\/2025\/08\/WVA-in-the-news.png","datePublished":"2023-11-29T13:04:58+00:00","dateModified":"2023-11-30T13:06:56+00:00","inLanguage":"fr-FR","potentialAction":[{"@type":"ReadAction","target":["https:\/\/worldvapersalliance.com\/king-of-spain-inaugurates-new-legislative-session-in-barcelona\/"]}]},{"@type":"ImageObject","inLanguage":"fr-FR","@id":"https:\/\/worldvapersalliance.com\/king-of-spain-inaugurates-new-legislative-session-in-barcelona\/#primaryimage","url":"https:\/\/worldvapersalliance.com\/wp-content\/uploads\/2025\/08\/WVA-in-the-news.png","contentUrl":"https:\/\/worldvapersalliance.com\/wp-content\/uploads\/2025\/08\/WVA-in-the-news.png","width":1264,"height":848},{"@type":"WebSite","@id":"https:\/\/worldvapersalliance.com\/#website","url":"https:\/\/worldvapersalliance.com\/","name":"Alliance mondiale des vapoteurs","description":"La plus grande communaut\u00e9 de vapoteurs","publisher":{"@id":"https:\/\/worldvapersalliance.com\/#organization"},"potentialAction":[{"@type":"SearchAction","target":{"@type":"EntryPoint","urlTemplate":"https:\/\/worldvapersalliance.com\/?s={search_term_string}"},"query-input":{"@type":"PropertyValueSpecification","valueRequired":true,"valueName":"search_term_string"}}],"inLanguage":"fr-FR"},{"@type":"Organization","@id":"https:\/\/worldvapersalliance.com\/#organization","name":"Alliance mondiale des vapoteurs","url":"https:\/\/worldvapersalliance.com\/","logo":{"@type":"ImageObject","inLanguage":"fr-FR","@id":"https:\/\/worldvapersalliance.com\/#\/schema\/logo\/image\/","url":"https:\/\/worldvapersalliance.com\/wp-content\/uploads\/2022\/01\/WVA_RB_Fist_G.png","contentUrl":"https:\/\/worldvapersalliance.com\/wp-content\/uploads\/2022\/01\/WVA_RB_Fist_G.png","width":985,"height":1177,"caption":"World Vapers&#039; Alliance"},"image":{"@id":"https:\/\/worldvapersalliance.com\/#\/schema\/logo\/image\/"}},{"@type":"Person","@id":"https:\/\/worldvapersalliance.com\/#\/schema\/person\/18484a6f20bcc6f70a2419c8babe017d","name":"Alliance mondiale des vapoteurs","image":{"@type":"ImageObject","inLanguage":"fr-FR","@id":"https:\/\/secure.gravatar.com\/avatar\/456bf795c7a47c9ac527a94da4bff150aa49e48726d69bee9937f8383cffa246?s=96&d=mm&r=g","url":"https:\/\/secure.gravatar.com\/avatar\/456bf795c7a47c9ac527a94da4bff150aa49e48726d69bee9937f8383cffa246?s=96&d=mm&r=g","contentUrl":"https:\/\/secure.gravatar.com\/avatar\/456bf795c7a47c9ac527a94da4bff150aa49e48726d69bee9937f8383cffa246?s=96&d=mm&r=g","caption":"World Vapers' Alliance"},"url":"https:\/\/worldvapersalliance.com\/fr\/author\/wva\/"}]}},"_links":{"self":[{"href":"https:\/\/worldvapersalliance.com\/fr\/wp-json\/wp\/v2\/posts\/5247","targetHints":{"allow":["GET"]}}],"collection":[{"href":"https:\/\/worldvapersalliance.com\/fr\/wp-json\/wp\/v2\/posts"}],"about":[{"href":"https:\/\/worldvapersalliance.com\/fr\/wp-json\/wp\/v2\/types\/post"}],"author":[{"embeddable":true,"href":"https:\/\/worldvapersalliance.com\/fr\/wp-json\/wp\/v2\/users\/11"}],"replies":[{"embeddable":true,"href":"https:\/\/worldvapersalliance.com\/fr\/wp-json\/wp\/v2\/comments?post=5247"}],"version-history":[{"count":0,"href":"https:\/\/worldvapersalliance.com\/fr\/wp-json\/wp\/v2\/posts\/5247\/revisions"}],"wp:featuredmedia":[{"embeddable":true,"href":"https:\/\/worldvapersalliance.com\/fr\/wp-json\/wp\/v2\/media\/6394"}],"wp:attachment":[{"href":"https:\/\/worldvapersalliance.com\/fr\/wp-json\/wp\/v2\/media?parent=5247"}],"wp:term":[{"taxonomy":"category","embeddable":true,"href":"https:\/\/worldvapersalliance.com\/fr\/wp-json\/wp\/v2\/categories?post=5247"},{"taxonomy":"post_tag","embeddable":true,"href":"https:\/\/worldvapersalliance.com\/fr\/wp-json\/wp\/v2\/tags?post=5247"}],"curies":[{"name":"wp","href":"https:\/\/api.w.org\/{rel}","templated":true}]}}