{"id":5120,"date":"2023-11-16T09:12:40","date_gmt":"2023-11-16T14:12:40","guid":{"rendered":"https:\/\/worldvapersalliance.com\/?p=5120"},"modified":"2023-11-16T09:12:40","modified_gmt":"2023-11-16T14:12:40","slug":"france-nicotine-and-tobacco-policy-risks-pushing-people-towards-cigarettes","status":"publish","type":"post","link":"https:\/\/worldvapersalliance.com\/fr\/france-nicotine-and-tobacco-policy-risks-pushing-people-towards-cigarettes\/","title":{"rendered":"La politique fran\u00e7aise en mati\u00e8re de nicotine et de tabac risque d&#039;inciter les gens \u00e0 fumer."},"content":{"rendered":"<p dir=\"ltr\"><strong>Paris, France \u2014<\/strong> Les derni\u00e8res \u00e9volutions de la politique fran\u00e7aise en mati\u00e8re de nicotine et de tabac risquent d&#039;inciter les anciens fumeurs \u00e0 reprendre la cigarette, selon l&#039;Alliance mondiale des vapoteurs. Le mardi 14 novembre, le ministre fran\u00e7ais de la Sant\u00e9, Aur\u00e9lien Rousseau, s&#039;est exprim\u00e9 \u00e0 ce sujet lors d&#039;une \u00e9mission sur Sud Radio. <a href=\"https:\/\/link.mediaoutreach.meltwater.com\/ls\/click?upn=v2OU6mEZsrF8RQMJ1eCY0mgWc6Lh-2B-2BA1cCnAmpymX6ediAWMntGsJg-2B9GjpUF7vrnMrUyW3cPQUNm5QZHM8wjIOI9NIbRHJzLTwHY9dAds0X0WQH0kJnsewZJoVisppXjsIc7YkbiPF4dYqp6RqopJ7g5Pz-2FLy9-2BvbK4XxrFgp6LtKoyRb0hbAxlKcuMfFnw_bsU_6-2BOayirWiMnL4NNJ9ivl6YavKZeo6-2F4wNJspN1hyqCqN9Iica8t3kuAqeTUsoEZyEPArUXwlTHpmuotWGUYRcpQrE8nNUswQ7G-2Fk02oN1WEWHHt54BxhdFiplpKrmGj1G1UeMi9V5vik5ouN-2FYqqXpnaFef5HOf-2B1BRK9b5-2FlHOz-2BKhOOz8PT4OLKrOUcKpbog7OOuRVjWgG452U65aWzbZan-2BRcVj-2FcuXOyJ18-2BLiTDg9tA1K4Ph8nBYv4u-2BPOsneuj-2FKf7l-2Ffd0Tr6ja80RE3vb54s5oUQgNdsOtqgjSW8-2FJ4PROSkLiV6wfuulUNrHZQ8du7N2xVNOC9JTARQ4ZHcRlPMFgzWvB8kpMCe0veYmnvX-2FRZ13JvdxOUaw1RdvNOXK5wyPumzwEOt8-2FYMhw-3D-3D\" target=\"_blank\" rel=\"noopener\" data-saferedirecturl=\"https:\/\/www.google.com\/url?q=https:\/\/link.mediaoutreach.meltwater.com\/ls\/click?upn%3Dv2OU6mEZsrF8RQMJ1eCY0mgWc6Lh-2B-2BA1cCnAmpymX6ediAWMntGsJg-2B9GjpUF7vrnMrUyW3cPQUNm5QZHM8wjIOI9NIbRHJzLTwHY9dAds0X0WQH0kJnsewZJoVisppXjsIc7YkbiPF4dYqp6RqopJ7g5Pz-2FLy9-2BvbK4XxrFgp6LtKoyRb0hbAxlKcuMfFnw_bsU_6-2BOayirWiMnL4NNJ9ivl6YavKZeo6-2F4wNJspN1hyqCqN9Iica8t3kuAqeTUsoEZyEPArUXwlTHpmuotWGUYRcpQrE8nNUswQ7G-2Fk02oN1WEWHHt54BxhdFiplpKrmGj1G1UeMi9V5vik5ouN-2FYqqXpnaFef5HOf-2B1BRK9b5-2FlHOz-2BKhOOz8PT4OLKrOUcKpbog7OOuRVjWgG452U65aWzbZan-2BRcVj-2FcuXOyJ18-2BLiTDg9tA1K4Ph8nBYv4u-2BPOsneuj-2FKf7l-2Ffd0Tr6ja80RE3vb54s5oUQgNdsOtqgjSW8-2FJ4PROSkLiV6wfuulUNrHZQ8du7N2xVNOC9JTARQ4ZHcRlPMFgzWvB8kpMCe0veYmnvX-2FRZ13JvdxOUaw1RdvNOXK5wyPumzwEOt8-2FYMhw-3D-3D&amp;source=gmail&amp;ust=1700230028123000&amp;usg=AOvVaw1OyrMxkhV3KjH3OLiOsrPh\">ouvert<\/a> la porte ouverte \u00e0 une possible interdiction de la vente de sachets de nicotine en France.<\/p>\n<p dir=\"ltr\">Le ministre de la Sant\u00e9 \u00e9labore actuellement un nouveau cadre de lutte contre le tabagisme en France et travaille avec le gouvernement sur l&#039;interdiction des cigarettes \u00e9lectroniques jetables.<\/p>\n<p dir=\"ltr\">\u00a0\u00ab<em>Tr\u00e8s souvent, lorsqu&#039;ils tentent de lutter contre le tabagisme, les d\u00e9cideurs politiques croient \u00e0 tort que la nicotine en est la cause principale. Or, plusieurs \u00e9tudes men\u00e9es par des organismes de recherche m\u00e9dicale ont confirm\u00e9 que si la nicotine est un composant addictif des cigarettes, elle n&#039;est pas canc\u00e9rig\u00e8ne. C&#039;est la combustion du tabac qui l&#039;est. <strong>En interdisant les produits de r\u00e9duction des risques tels que les cigarettes \u00e9lectroniques jetables ou les sachets de nicotine, qui ne contiennent pas de tabac, les responsables politiques fran\u00e7ais ne r\u00e9soudront pas le probl\u00e8me des 12 millions de fumeurs.\u201d<\/strong><\/em> d\u00e9clare Julia Kril, responsable des relations publiques de l&#039;Alliance mondiale des vapoteurs.<\/p>\n<p dir=\"ltr\"><em>\u201c Alors que la France s&#039;efforce de lutter contre le tabagisme, elle devrait s&#039;inspirer d&#039;exemples r\u00e9ussis, comme celui de la Su\u00e8de. La Su\u00e8de a obtenu le statut de pays sans tabac gr\u00e2ce \u00e0 sa politique de tol\u00e9rance au snus, un produit aux propri\u00e9t\u00e9s similaires \u00e0 celles des sachets de nicotine. La Su\u00e8de applique une r\u00e9glementation fond\u00e9e sur l&#039;\u00e9valuation des risques, et le minist\u00e8re fran\u00e7ais de la Sant\u00e9 devrait faire de m\u00eame. \u00bb. <strong>Interdire les alternatives moins nocives telles que les cigarettes \u00e9lectroniques ou les sachets de nicotine ne fera qu&#039;entra\u00eener une augmentation du nombre de fumeurs en France.\u201d<\/strong><\/em> ajouta Kril.<\/p>\n<p dir=\"ltr\"><em>\u201c La France compte 12 millions de fumeurs, soit plus de 301\u00a0000\u00a0% de sa population. Ces 12 millions de personnes m\u00e9ritent un large \u00e9ventail de possibilit\u00e9s pour arr\u00eater de fumer, et il a \u00e9t\u00e9 prouv\u00e9 que le passage \u00e0 des alternatives moins nocives plut\u00f4t que l\u2019arr\u00eat complet est beaucoup plus efficace. \u00bb. <strong>Ce que fait le minist\u00e8re fran\u00e7ais de la Sant\u00e9, c&#039;est inciter les Fran\u00e7ais \u00e0 recommencer \u00e0 fumer.\u201d <\/strong><\/em>conclut Kril.<\/p>\n<p dir=\"ltr\">Plus t\u00f4t cette ann\u00e9e, la Su\u00e8de <a href=\"https:\/\/link.mediaoutreach.meltwater.com\/ls\/click?upn=v2OU6mEZsrF8RQMJ1eCY0g8ZtW9ddvzmg6KflWYNU1uetxbjfwa-2BwicoYDyAGyyGVzjzS8e1k2vznWty8IOsxzUoYIxGbfHXycUz9tnQ3Y0-3D930I_6-2BOayirWiMnL4NNJ9ivl6YavKZeo6-2F4wNJspN1hyqCqN9Iica8t3kuAqeTUsoEZyEPArUXwlTHpmuotWGUYRcpQrE8nNUswQ7G-2Fk02oN1WEWHHt54BxhdFiplpKrmGj1G1UeMi9V5vik5ouN-2FYqqXpnaFef5HOf-2B1BRK9b5-2FlHOz-2BKhOOz8PT4OLKrOUcKpbog7OOuRVjWgG452U65aWzbZan-2BRcVj-2FcuXOyJ18-2BLiRiJT9C7rK2-2BNuzlX8CBbk-2Bfd5E9yqB1ElAP9ezOYRC3C9CcgRXuhAHsnMbZRbxKswIRPhPqJvAkLH9opsDHeipyvL7UaQo2YnGAi9oXgok18ONtJsiXOp9llYklhdhQpgnXZo1HPUkk14HkTzD3fppm05vDXjupPteAa8H-2FS9Yqw-3D-3D\" target=\"_blank\" rel=\"noopener\" data-saferedirecturl=\"https:\/\/www.google.com\/url?q=https:\/\/link.mediaoutreach.meltwater.com\/ls\/click?upn%3Dv2OU6mEZsrF8RQMJ1eCY0g8ZtW9ddvzmg6KflWYNU1uetxbjfwa-2BwicoYDyAGyyGVzjzS8e1k2vznWty8IOsxzUoYIxGbfHXycUz9tnQ3Y0-3D930I_6-2BOayirWiMnL4NNJ9ivl6YavKZeo6-2F4wNJspN1hyqCqN9Iica8t3kuAqeTUsoEZyEPArUXwlTHpmuotWGUYRcpQrE8nNUswQ7G-2Fk02oN1WEWHHt54BxhdFiplpKrmGj1G1UeMi9V5vik5ouN-2FYqqXpnaFef5HOf-2B1BRK9b5-2FlHOz-2BKhOOz8PT4OLKrOUcKpbog7OOuRVjWgG452U65aWzbZan-2BRcVj-2FcuXOyJ18-2BLiRiJT9C7rK2-2BNuzlX8CBbk-2Bfd5E9yqB1ElAP9ezOYRC3C9CcgRXuhAHsnMbZRbxKswIRPhPqJvAkLH9opsDHeipyvL7UaQo2YnGAi9oXgok18ONtJsiXOp9llYklhdhQpgnXZo1HPUkk14HkTzD3fppm05vDXjupPteAa8H-2FS9Yqw-3D-3D&amp;source=gmail&amp;ust=1700230028124000&amp;usg=AOvVaw1iY9ekfi5qI1_1zl5-yRv3\">annonc\u00e9<\/a> un programme visant \u00e0 baisser les taxes sur le snus et les sachets de nicotine tout en augmentant significativement les taxes sur les cigarettes.<\/p>\n<p dir=\"ltr\">L&#039;Alliance mondiale des vapoteurs a publi\u00e9 une fiche d&#039;information d\u00e9taill\u00e9e sur la r\u00e9duction des risques li\u00e9s au vapotage et au tabac, qui est disponible. <a href=\"https:\/\/link.mediaoutreach.meltwater.com\/ls\/click?upn=v2OU6mEZsrF8RQMJ1eCY0g8ZtW9ddvzmg6KflWYNU1vqD5UTAad7hdqLnvzRVgQn0rESJQAbGQa73LkeNbwXTl9FFQxPGmKtlqGHHOEElA0-3DYk64_6-2BOayirWiMnL4NNJ9ivl6YavKZeo6-2F4wNJspN1hyqCqN9Iica8t3kuAqeTUsoEZyEPArUXwlTHpmuotWGUYRcpQrE8nNUswQ7G-2Fk02oN1WEWHHt54BxhdFiplpKrmGj1G1UeMi9V5vik5ouN-2FYqqXpnaFef5HOf-2B1BRK9b5-2FlHOz-2BKhOOz8PT4OLKrOUcKpbog7OOuRVjWgG452U65aWzbZan-2BRcVj-2FcuXOyJ18-2BLiQg-2FvfzCWhG4-2FH-2FriWFXKBG8yrWHzlhVwhF7ft5ulqb3wIoRKStpbkxuFY1ftFhWRnk9HKY0iiPtvzp0e8jtWC1o6MYAb0SPjgHxdRAB5MvyxjOHtKgzTeQFRc1zw686RapONIx44GOfqlymrTglxrdqMx0bdcGQF6VT1sloeUS0A-3D-3D\" target=\"_blank\" rel=\"noopener\" data-saferedirecturl=\"https:\/\/www.google.com\/url?q=https:\/\/link.mediaoutreach.meltwater.com\/ls\/click?upn%3Dv2OU6mEZsrF8RQMJ1eCY0g8ZtW9ddvzmg6KflWYNU1vqD5UTAad7hdqLnvzRVgQn0rESJQAbGQa73LkeNbwXTl9FFQxPGmKtlqGHHOEElA0-3DYk64_6-2BOayirWiMnL4NNJ9ivl6YavKZeo6-2F4wNJspN1hyqCqN9Iica8t3kuAqeTUsoEZyEPArUXwlTHpmuotWGUYRcpQrE8nNUswQ7G-2Fk02oN1WEWHHt54BxhdFiplpKrmGj1G1UeMi9V5vik5ouN-2FYqqXpnaFef5HOf-2B1BRK9b5-2FlHOz-2BKhOOz8PT4OLKrOUcKpbog7OOuRVjWgG452U65aWzbZan-2BRcVj-2FcuXOyJ18-2BLiQg-2FvfzCWhG4-2FH-2FriWFXKBG8yrWHzlhVwhF7ft5ulqb3wIoRKStpbkxuFY1ftFhWRnk9HKY0iiPtvzp0e8jtWC1o6MYAb0SPjgHxdRAB5MvyxjOHtKgzTeQFRc1zw686RapONIx44GOfqlymrTglxrdqMx0bdcGQF6VT1sloeUS0A-3D-3D&amp;source=gmail&amp;ust=1700230028124000&amp;usg=AOvVaw2i9Y29segJvkNWh_hCqH8p\">ici<\/a>.<\/p>","protected":false},"excerpt":{"rendered":"<p>Paris, France \u2014 Latest developments on the nicotine and tobacco policy in France risk pushing former smokers back to smoking, says consumer advocacy organisation World Vapers\u2019 Alliance. On Tuesday, 14 November, French Health Minister Aur\u00e9lien Rousseau in a talk show on Sud Radio opened the door to a possible ban on the sale of nicotine [&hellip;]<\/p>\n","protected":false},"author":11,"featured_media":3245,"comment_status":"open","ping_status":"open","sticky":false,"template":"","format":"standard","meta":{"footnotes":""},"categories":[13],"tags":[],"class_list":["post-5120","post","type-post","status-publish","format-standard","has-post-thumbnail","hentry","category-press-releases"],"yoast_head":"<!-- This site is optimized with the Yoast SEO plugin v27.3 - https:\/\/yoast.com\/product\/yoast-seo-wordpress\/ -->\n<title>France nicotine and tobacco policy risks pushing people towards cigarettes - World Vapers&#039; Alliance<\/title>\n<meta name=\"robots\" content=\"index, follow, max-snippet:-1, max-image-preview:large, max-video-preview:-1\" \/>\n<link rel=\"canonical\" href=\"https:\/\/worldvapersalliance.com\/fr\/france-nicotine-and-tobacco-policy-risks-pushing-people-towards-cigarettes\/\" \/>\n<meta property=\"og:locale\" content=\"fr_FR\" \/>\n<meta property=\"og:type\" content=\"article\" \/>\n<meta property=\"og:title\" content=\"France nicotine and tobacco policy risks pushing people towards cigarettes - World Vapers&#039; Alliance\" \/>\n<meta property=\"og:description\" content=\"Paris, France \u2014 Latest developments on the nicotine and tobacco policy in France risk pushing former smokers back to smoking, says consumer advocacy organisation World Vapers\u2019 Alliance. On Tuesday, 14 November, French Health Minister Aur\u00e9lien Rousseau in a talk show on Sud Radio opened the door to a possible ban on the sale of nicotine [&hellip;]\" \/>\n<meta property=\"og:url\" content=\"https:\/\/worldvapersalliance.com\/fr\/france-nicotine-and-tobacco-policy-risks-pushing-people-towards-cigarettes\/\" \/>\n<meta property=\"og:site_name\" content=\"World Vapers&#039; Alliance\" \/>\n<meta property=\"article:published_time\" content=\"2023-11-16T14:12:40+00:00\" \/>\n<meta property=\"og:image\" content=\"https:\/\/worldvapersalliance.com\/wp-content\/uploads\/2022\/10\/WVA_Press-Release_Cover-new.png\" \/>\n\t<meta property=\"og:image:width\" content=\"4162\" \/>\n\t<meta property=\"og:image:height\" content=\"3840\" \/>\n\t<meta property=\"og:image:type\" content=\"image\/png\" \/>\n<meta name=\"author\" content=\"World Vapers&#039; Alliance\" \/>\n<meta name=\"twitter:card\" content=\"summary_large_image\" \/>\n<meta name=\"twitter:label1\" content=\"\u00c9crit par\" \/>\n\t<meta name=\"twitter:data1\" content=\"World Vapers&#039; Alliance\" \/>\n\t<meta name=\"twitter:label2\" content=\"Dur\u00e9e de lecture estim\u00e9e\" \/>\n\t<meta name=\"twitter:data2\" content=\"2 minutes\" \/>\n<script type=\"application\/ld+json\" class=\"yoast-schema-graph\">{\"@context\":\"https:\\\/\\\/schema.org\",\"@graph\":[{\"@type\":\"Article\",\"@id\":\"https:\\\/\\\/worldvapersalliance.com\\\/france-nicotine-and-tobacco-policy-risks-pushing-people-towards-cigarettes\\\/#article\",\"isPartOf\":{\"@id\":\"https:\\\/\\\/worldvapersalliance.com\\\/france-nicotine-and-tobacco-policy-risks-pushing-people-towards-cigarettes\\\/\"},\"author\":{\"name\":\"World Vapers' Alliance\",\"@id\":\"https:\\\/\\\/worldvapersalliance.com\\\/#\\\/schema\\\/person\\\/18484a6f20bcc6f70a2419c8babe017d\"},\"headline\":\"France nicotine and tobacco policy risks pushing people towards cigarettes\",\"datePublished\":\"2023-11-16T14:12:40+00:00\",\"mainEntityOfPage\":{\"@id\":\"https:\\\/\\\/worldvapersalliance.com\\\/france-nicotine-and-tobacco-policy-risks-pushing-people-towards-cigarettes\\\/\"},\"wordCount\":344,\"commentCount\":0,\"publisher\":{\"@id\":\"https:\\\/\\\/worldvapersalliance.com\\\/#organization\"},\"image\":{\"@id\":\"https:\\\/\\\/worldvapersalliance.com\\\/france-nicotine-and-tobacco-policy-risks-pushing-people-towards-cigarettes\\\/#primaryimage\"},\"thumbnailUrl\":\"https:\\\/\\\/worldvapersalliance.com\\\/wp-content\\\/uploads\\\/2022\\\/10\\\/WVA_Press-Release_Cover-new.png\",\"articleSection\":[\"Press Releases\"],\"inLanguage\":\"fr-FR\",\"potentialAction\":[{\"@type\":\"CommentAction\",\"name\":\"Comment\",\"target\":[\"https:\\\/\\\/worldvapersalliance.com\\\/france-nicotine-and-tobacco-policy-risks-pushing-people-towards-cigarettes\\\/#respond\"]}]},{\"@type\":\"WebPage\",\"@id\":\"https:\\\/\\\/worldvapersalliance.com\\\/france-nicotine-and-tobacco-policy-risks-pushing-people-towards-cigarettes\\\/\",\"url\":\"https:\\\/\\\/worldvapersalliance.com\\\/france-nicotine-and-tobacco-policy-risks-pushing-people-towards-cigarettes\\\/\",\"name\":\"France nicotine and tobacco policy risks pushing people towards cigarettes - World Vapers&#039; Alliance\",\"isPartOf\":{\"@id\":\"https:\\\/\\\/worldvapersalliance.com\\\/#website\"},\"primaryImageOfPage\":{\"@id\":\"https:\\\/\\\/worldvapersalliance.com\\\/france-nicotine-and-tobacco-policy-risks-pushing-people-towards-cigarettes\\\/#primaryimage\"},\"image\":{\"@id\":\"https:\\\/\\\/worldvapersalliance.com\\\/france-nicotine-and-tobacco-policy-risks-pushing-people-towards-cigarettes\\\/#primaryimage\"},\"thumbnailUrl\":\"https:\\\/\\\/worldvapersalliance.com\\\/wp-content\\\/uploads\\\/2022\\\/10\\\/WVA_Press-Release_Cover-new.png\",\"datePublished\":\"2023-11-16T14:12:40+00:00\",\"inLanguage\":\"fr-FR\",\"potentialAction\":[{\"@type\":\"ReadAction\",\"target\":[\"https:\\\/\\\/worldvapersalliance.com\\\/france-nicotine-and-tobacco-policy-risks-pushing-people-towards-cigarettes\\\/\"]}]},{\"@type\":\"ImageObject\",\"inLanguage\":\"fr-FR\",\"@id\":\"https:\\\/\\\/worldvapersalliance.com\\\/france-nicotine-and-tobacco-policy-risks-pushing-people-towards-cigarettes\\\/#primaryimage\",\"url\":\"https:\\\/\\\/worldvapersalliance.com\\\/wp-content\\\/uploads\\\/2022\\\/10\\\/WVA_Press-Release_Cover-new.png\",\"contentUrl\":\"https:\\\/\\\/worldvapersalliance.com\\\/wp-content\\\/uploads\\\/2022\\\/10\\\/WVA_Press-Release_Cover-new.png\",\"width\":4162,\"height\":3840},{\"@type\":\"WebSite\",\"@id\":\"https:\\\/\\\/worldvapersalliance.com\\\/#website\",\"url\":\"https:\\\/\\\/worldvapersalliance.com\\\/\",\"name\":\"World Vapers&#039; Alliance\",\"description\":\"The largest community of vapers\",\"publisher\":{\"@id\":\"https:\\\/\\\/worldvapersalliance.com\\\/#organization\"},\"potentialAction\":[{\"@type\":\"SearchAction\",\"target\":{\"@type\":\"EntryPoint\",\"urlTemplate\":\"https:\\\/\\\/worldvapersalliance.com\\\/?s={search_term_string}\"},\"query-input\":{\"@type\":\"PropertyValueSpecification\",\"valueRequired\":true,\"valueName\":\"search_term_string\"}}],\"inLanguage\":\"fr-FR\"},{\"@type\":\"Organization\",\"@id\":\"https:\\\/\\\/worldvapersalliance.com\\\/#organization\",\"name\":\"World Vapers&#039; Alliance\",\"url\":\"https:\\\/\\\/worldvapersalliance.com\\\/\",\"logo\":{\"@type\":\"ImageObject\",\"inLanguage\":\"fr-FR\",\"@id\":\"https:\\\/\\\/worldvapersalliance.com\\\/#\\\/schema\\\/logo\\\/image\\\/\",\"url\":\"https:\\\/\\\/worldvapersalliance.com\\\/wp-content\\\/uploads\\\/2022\\\/01\\\/WVA_RB_Fist_G.png\",\"contentUrl\":\"https:\\\/\\\/worldvapersalliance.com\\\/wp-content\\\/uploads\\\/2022\\\/01\\\/WVA_RB_Fist_G.png\",\"width\":985,\"height\":1177,\"caption\":\"World Vapers&#039; Alliance\"},\"image\":{\"@id\":\"https:\\\/\\\/worldvapersalliance.com\\\/#\\\/schema\\\/logo\\\/image\\\/\"}},{\"@type\":\"Person\",\"@id\":\"https:\\\/\\\/worldvapersalliance.com\\\/#\\\/schema\\\/person\\\/18484a6f20bcc6f70a2419c8babe017d\",\"name\":\"World Vapers' Alliance\",\"image\":{\"@type\":\"ImageObject\",\"inLanguage\":\"fr-FR\",\"@id\":\"https:\\\/\\\/secure.gravatar.com\\\/avatar\\\/456bf795c7a47c9ac527a94da4bff150aa49e48726d69bee9937f8383cffa246?s=96&d=mm&r=g\",\"url\":\"https:\\\/\\\/secure.gravatar.com\\\/avatar\\\/456bf795c7a47c9ac527a94da4bff150aa49e48726d69bee9937f8383cffa246?s=96&d=mm&r=g\",\"contentUrl\":\"https:\\\/\\\/secure.gravatar.com\\\/avatar\\\/456bf795c7a47c9ac527a94da4bff150aa49e48726d69bee9937f8383cffa246?s=96&d=mm&r=g\",\"caption\":\"World Vapers' Alliance\"},\"url\":\"https:\\\/\\\/worldvapersalliance.com\\\/fr\\\/author\\\/wva\\\/\"}]}<\/script>\n<!-- \/ Yoast SEO plugin. -->","yoast_head_json":{"title":"La politique fran\u00e7aise en mati\u00e8re de nicotine et de tabac risque d&#039;inciter les gens \u00e0 fumer \u2013 Alliance mondiale des vapoteurs","robots":{"index":"index","follow":"follow","max-snippet":"max-snippet:-1","max-image-preview":"max-image-preview:large","max-video-preview":"max-video-preview:-1"},"canonical":"https:\/\/worldvapersalliance.com\/fr\/france-nicotine-and-tobacco-policy-risks-pushing-people-towards-cigarettes\/","og_locale":"fr_FR","og_type":"article","og_title":"France nicotine and tobacco policy risks pushing people towards cigarettes - World Vapers&#039; Alliance","og_description":"Paris, France \u2014 Latest developments on the nicotine and tobacco policy in France risk pushing former smokers back to smoking, says consumer advocacy organisation World Vapers\u2019 Alliance. On Tuesday, 14 November, French Health Minister Aur\u00e9lien Rousseau in a talk show on Sud Radio opened the door to a possible ban on the sale of nicotine [&hellip;]","og_url":"https:\/\/worldvapersalliance.com\/fr\/france-nicotine-and-tobacco-policy-risks-pushing-people-towards-cigarettes\/","og_site_name":"World Vapers&#039; Alliance","article_published_time":"2023-11-16T14:12:40+00:00","og_image":[{"width":4162,"height":3840,"url":"https:\/\/worldvapersalliance.com\/wp-content\/uploads\/2022\/10\/WVA_Press-Release_Cover-new.png","type":"image\/png"}],"author":"World Vapers' Alliance","twitter_card":"summary_large_image","twitter_misc":{"\u00c9crit par":"World Vapers' Alliance","Dur\u00e9e de lecture estim\u00e9e":"2 minutes"},"schema":{"@context":"https:\/\/schema.org","@graph":[{"@type":"Article","@id":"https:\/\/worldvapersalliance.com\/france-nicotine-and-tobacco-policy-risks-pushing-people-towards-cigarettes\/#article","isPartOf":{"@id":"https:\/\/worldvapersalliance.com\/france-nicotine-and-tobacco-policy-risks-pushing-people-towards-cigarettes\/"},"author":{"name":"World Vapers' Alliance","@id":"https:\/\/worldvapersalliance.com\/#\/schema\/person\/18484a6f20bcc6f70a2419c8babe017d"},"headline":"France nicotine and tobacco policy risks pushing people towards cigarettes","datePublished":"2023-11-16T14:12:40+00:00","mainEntityOfPage":{"@id":"https:\/\/worldvapersalliance.com\/france-nicotine-and-tobacco-policy-risks-pushing-people-towards-cigarettes\/"},"wordCount":344,"commentCount":0,"publisher":{"@id":"https:\/\/worldvapersalliance.com\/#organization"},"image":{"@id":"https:\/\/worldvapersalliance.com\/france-nicotine-and-tobacco-policy-risks-pushing-people-towards-cigarettes\/#primaryimage"},"thumbnailUrl":"https:\/\/worldvapersalliance.com\/wp-content\/uploads\/2022\/10\/WVA_Press-Release_Cover-new.png","articleSection":["Press Releases"],"inLanguage":"fr-FR","potentialAction":[{"@type":"CommentAction","name":"Comment","target":["https:\/\/worldvapersalliance.com\/france-nicotine-and-tobacco-policy-risks-pushing-people-towards-cigarettes\/#respond"]}]},{"@type":"WebPage","@id":"https:\/\/worldvapersalliance.com\/france-nicotine-and-tobacco-policy-risks-pushing-people-towards-cigarettes\/","url":"https:\/\/worldvapersalliance.com\/france-nicotine-and-tobacco-policy-risks-pushing-people-towards-cigarettes\/","name":"La politique fran\u00e7aise en mati\u00e8re de nicotine et de tabac risque d&#039;inciter les gens \u00e0 fumer \u2013 Alliance mondiale des vapoteurs","isPartOf":{"@id":"https:\/\/worldvapersalliance.com\/#website"},"primaryImageOfPage":{"@id":"https:\/\/worldvapersalliance.com\/france-nicotine-and-tobacco-policy-risks-pushing-people-towards-cigarettes\/#primaryimage"},"image":{"@id":"https:\/\/worldvapersalliance.com\/france-nicotine-and-tobacco-policy-risks-pushing-people-towards-cigarettes\/#primaryimage"},"thumbnailUrl":"https:\/\/worldvapersalliance.com\/wp-content\/uploads\/2022\/10\/WVA_Press-Release_Cover-new.png","datePublished":"2023-11-16T14:12:40+00:00","inLanguage":"fr-FR","potentialAction":[{"@type":"ReadAction","target":["https:\/\/worldvapersalliance.com\/france-nicotine-and-tobacco-policy-risks-pushing-people-towards-cigarettes\/"]}]},{"@type":"ImageObject","inLanguage":"fr-FR","@id":"https:\/\/worldvapersalliance.com\/france-nicotine-and-tobacco-policy-risks-pushing-people-towards-cigarettes\/#primaryimage","url":"https:\/\/worldvapersalliance.com\/wp-content\/uploads\/2022\/10\/WVA_Press-Release_Cover-new.png","contentUrl":"https:\/\/worldvapersalliance.com\/wp-content\/uploads\/2022\/10\/WVA_Press-Release_Cover-new.png","width":4162,"height":3840},{"@type":"WebSite","@id":"https:\/\/worldvapersalliance.com\/#website","url":"https:\/\/worldvapersalliance.com\/","name":"Alliance mondiale des vapoteurs","description":"La plus grande communaut\u00e9 de vapoteurs","publisher":{"@id":"https:\/\/worldvapersalliance.com\/#organization"},"potentialAction":[{"@type":"SearchAction","target":{"@type":"EntryPoint","urlTemplate":"https:\/\/worldvapersalliance.com\/?s={search_term_string}"},"query-input":{"@type":"PropertyValueSpecification","valueRequired":true,"valueName":"search_term_string"}}],"inLanguage":"fr-FR"},{"@type":"Organization","@id":"https:\/\/worldvapersalliance.com\/#organization","name":"Alliance mondiale des vapoteurs","url":"https:\/\/worldvapersalliance.com\/","logo":{"@type":"ImageObject","inLanguage":"fr-FR","@id":"https:\/\/worldvapersalliance.com\/#\/schema\/logo\/image\/","url":"https:\/\/worldvapersalliance.com\/wp-content\/uploads\/2022\/01\/WVA_RB_Fist_G.png","contentUrl":"https:\/\/worldvapersalliance.com\/wp-content\/uploads\/2022\/01\/WVA_RB_Fist_G.png","width":985,"height":1177,"caption":"World Vapers&#039; Alliance"},"image":{"@id":"https:\/\/worldvapersalliance.com\/#\/schema\/logo\/image\/"}},{"@type":"Person","@id":"https:\/\/worldvapersalliance.com\/#\/schema\/person\/18484a6f20bcc6f70a2419c8babe017d","name":"Alliance mondiale des vapoteurs","image":{"@type":"ImageObject","inLanguage":"fr-FR","@id":"https:\/\/secure.gravatar.com\/avatar\/456bf795c7a47c9ac527a94da4bff150aa49e48726d69bee9937f8383cffa246?s=96&d=mm&r=g","url":"https:\/\/secure.gravatar.com\/avatar\/456bf795c7a47c9ac527a94da4bff150aa49e48726d69bee9937f8383cffa246?s=96&d=mm&r=g","contentUrl":"https:\/\/secure.gravatar.com\/avatar\/456bf795c7a47c9ac527a94da4bff150aa49e48726d69bee9937f8383cffa246?s=96&d=mm&r=g","caption":"World Vapers' Alliance"},"url":"https:\/\/worldvapersalliance.com\/fr\/author\/wva\/"}]}},"_links":{"self":[{"href":"https:\/\/worldvapersalliance.com\/fr\/wp-json\/wp\/v2\/posts\/5120","targetHints":{"allow":["GET"]}}],"collection":[{"href":"https:\/\/worldvapersalliance.com\/fr\/wp-json\/wp\/v2\/posts"}],"about":[{"href":"https:\/\/worldvapersalliance.com\/fr\/wp-json\/wp\/v2\/types\/post"}],"author":[{"embeddable":true,"href":"https:\/\/worldvapersalliance.com\/fr\/wp-json\/wp\/v2\/users\/11"}],"replies":[{"embeddable":true,"href":"https:\/\/worldvapersalliance.com\/fr\/wp-json\/wp\/v2\/comments?post=5120"}],"version-history":[{"count":0,"href":"https:\/\/worldvapersalliance.com\/fr\/wp-json\/wp\/v2\/posts\/5120\/revisions"}],"wp:featuredmedia":[{"embeddable":true,"href":"https:\/\/worldvapersalliance.com\/fr\/wp-json\/wp\/v2\/media\/3245"}],"wp:attachment":[{"href":"https:\/\/worldvapersalliance.com\/fr\/wp-json\/wp\/v2\/media?parent=5120"}],"wp:term":[{"taxonomy":"category","embeddable":true,"href":"https:\/\/worldvapersalliance.com\/fr\/wp-json\/wp\/v2\/categories?post=5120"},{"taxonomy":"post_tag","embeddable":true,"href":"https:\/\/worldvapersalliance.com\/fr\/wp-json\/wp\/v2\/tags?post=5120"}],"curies":[{"name":"wp","href":"https:\/\/api.w.org\/{rel}","templated":true}]}}