{"id":5095,"date":"2023-10-31T08:25:53","date_gmt":"2023-10-31T12:25:53","guid":{"rendered":"https:\/\/worldvapersalliance.com\/?p=5095"},"modified":"2023-11-08T08:26:59","modified_gmt":"2023-11-08T13:26:59","slug":"panama-conferenza-sul-tabacco-preoccupano-le-posizioni-anti-svapo-della-commissione-ue","status":"publish","type":"post","link":"https:\/\/worldvapersalliance.com\/fr\/panama-conferenza-sul-tabacco-preoccupano-le-posizioni-anti-svapo-della-commissione-ue\/","title":{"rendered":"Panama, Conf\u00e9rence sur le tabac : pr\u00e9occupons les positions anti-svapo della C\u2026"},"content":{"rendered":"<p>La <strong>Alliance mondiale des vapoteurs<\/strong> esprime preoccupazione \u201c<em>pour la transparence et l&#039;inclusion du prochain participant \u00e0 la COP10 pour la Convention quadro de l&#039;Organisation mondiale de la sant\u00e9 sur le contr\u00f4le du tabac \u201d.<\/em><br \/>\nCos\u00ec testualmente la note stampa posta in essere dell&#039;associazione international guidedata dal Presidente<strong> Michael Landl.<\/strong><br \/>\nLe riferimento est probablement le point qui se trouve sur la terre du Panama \u2013 \u00e0 ce moment-l\u00e0 \u2013 et qui va discuter de la future politique internationale face au contraste avec le tabagisme.<\/p>\n<p>Cela risque de le rendre difficile, en particulier, que la Commission europ\u00e9enne ait r\u00e9cit\u00e9 un r\u00e9cit de la premi\u00e8re femme dans le concours \u201c accentu\u00e9 \u201d de l&#039;interlocuteur principal et des rel\u00e9gu\u00e9s dans un seul \u00c9tat dans une position plus d\u00e9fiante.<br \/>\nUne perplexit\u00e9 qui, aujourd&#039;hui comme aujourd&#039;hui, sera la condition de ce pays qui aura rencontr\u00e9 le propri\u00e9taire de l&#039;interlocuteur non m\u00e9diateur d&#039;un autre sujet.<\/p>\n<p><em>\u201cC&#039;est profond\u00e9ment pr\u00e9occupant<\/em> \u2013 poursuivre la note World Vapers&#039;Alliace du personnage de Landl \u2013<em> Les discussions sont donc cruciales pour prot\u00e9ger des millions de vapoteurs et de fumeurs dans toute l&#039;Union europ\u00e9enne qui pourraient ne pas tirer sur divers points de vue et int\u00e9resser tous les membres des \u00c9tats, pour ne pas parler de divers points de vue sur leurs citoyens \u201d.<\/em><\/p>\n<p>Lire le texte int\u00e9gral <a href=\"https:\/\/www.skyvape.it\/index.php\/news-dal-mondo\/23-news-dal-mondo\/4441-panama-conferebacco-preoccupano-le-posizioni-anti-svapo-della-commissione-uenza-sul-ta\" target=\"_blank\" rel=\"noopener\">ici<\/a><\/p>","protected":false},"excerpt":{"rendered":"<p>La World Vapers&#8217; Alliance esprime preoccupazione \u201cper la trasparenza e l&#8217;inclusivit\u00e0 del prossimo incontro COP10 per la Convenzione quadro dell&#8217;Organizzazione mondiale della Sanit\u00e0 sul controllo del tabacco\u201d. Cos\u00ec testualmente la nota stampa posta in essere dall\u2019associazione internazionale guidata dal Presidente Michael Landl. Il riferimento \u00e8 al prossimo appuntamento che si terr\u00e0 a Panama \u2013 in [&hellip;]<\/p>\n","protected":false},"author":11,"featured_media":6394,"comment_status":"open","ping_status":"open","sticky":false,"template":"","format":"standard","meta":{"footnotes":""},"categories":[15],"tags":[],"class_list":["post-5095","post","type-post","status-publish","format-standard","has-post-thumbnail","hentry","category-wva-in-the-news"],"yoast_head":"<!-- This site is optimized with the Yoast SEO plugin v27.3 - https:\/\/yoast.com\/product\/yoast-seo-wordpress\/ -->\n<title>Panama, Conferenza sul tabacco: preoccupano le posizioni anti-svapo della Commissione Ue - World Vapers&#039; Alliance<\/title>\n<meta name=\"robots\" content=\"index, follow, max-snippet:-1, max-image-preview:large, max-video-preview:-1\" \/>\n<link rel=\"canonical\" href=\"https:\/\/worldvapersalliance.com\/fr\/panama-conferenza-sul-tabacco-preoccupano-le-posizioni-anti-svapo-della-commissione-ue\/\" \/>\n<meta property=\"og:locale\" content=\"fr_FR\" \/>\n<meta property=\"og:type\" content=\"article\" \/>\n<meta property=\"og:title\" content=\"Panama, Conferenza sul tabacco: preoccupano le posizioni anti-svapo della Commissione Ue - World Vapers&#039; Alliance\" \/>\n<meta property=\"og:description\" content=\"La World Vapers&#8217; Alliance esprime preoccupazione \u201cper la trasparenza e l&#8217;inclusivit\u00e0 del prossimo incontro COP10 per la Convenzione quadro dell&#8217;Organizzazione mondiale della Sanit\u00e0 sul controllo del tabacco\u201d. Cos\u00ec testualmente la nota stampa posta in essere dall\u2019associazione internazionale guidata dal Presidente Michael Landl. Il riferimento \u00e8 al prossimo appuntamento che si terr\u00e0 a Panama \u2013 in [&hellip;]\" \/>\n<meta property=\"og:url\" content=\"https:\/\/worldvapersalliance.com\/fr\/panama-conferenza-sul-tabacco-preoccupano-le-posizioni-anti-svapo-della-commissione-ue\/\" \/>\n<meta property=\"og:site_name\" content=\"World Vapers&#039; Alliance\" \/>\n<meta property=\"article:published_time\" content=\"2023-10-31T12:25:53+00:00\" \/>\n<meta property=\"article:modified_time\" content=\"2023-11-08T13:26:59+00:00\" \/>\n<meta property=\"og:image\" content=\"https:\/\/worldvapersalliance.com\/wp-content\/uploads\/2023\/03\/skyvape.it_.png\" \/>\n\t<meta property=\"og:image:width\" content=\"2081\" \/>\n\t<meta property=\"og:image:height\" content=\"1920\" \/>\n\t<meta property=\"og:image:type\" content=\"image\/png\" \/>\n<meta name=\"author\" content=\"World Vapers&#039; Alliance\" \/>\n<meta name=\"twitter:card\" content=\"summary_large_image\" \/>\n<meta name=\"twitter:label1\" content=\"\u00c9crit par\" \/>\n\t<meta name=\"twitter:data1\" content=\"World Vapers&#039; Alliance\" \/>\n\t<meta name=\"twitter:label2\" content=\"Dur\u00e9e de lecture estim\u00e9e\" \/>\n\t<meta name=\"twitter:data2\" content=\"1 minute\" \/>\n<script type=\"application\/ld+json\" class=\"yoast-schema-graph\">{\"@context\":\"https:\\\/\\\/schema.org\",\"@graph\":[{\"@type\":\"Article\",\"@id\":\"https:\\\/\\\/worldvapersalliance.com\\\/panama-conferenza-sul-tabacco-preoccupano-le-posizioni-anti-svapo-della-commissione-ue\\\/#article\",\"isPartOf\":{\"@id\":\"https:\\\/\\\/worldvapersalliance.com\\\/panama-conferenza-sul-tabacco-preoccupano-le-posizioni-anti-svapo-della-commissione-ue\\\/\"},\"author\":{\"name\":\"World Vapers' Alliance\",\"@id\":\"https:\\\/\\\/worldvapersalliance.com\\\/#\\\/schema\\\/person\\\/18484a6f20bcc6f70a2419c8babe017d\"},\"headline\":\"Panama, Conferenza sul tabacco: preoccupano le posizioni anti-svapo della C &hellip;\",\"datePublished\":\"2023-10-31T12:25:53+00:00\",\"dateModified\":\"2023-11-08T13:26:59+00:00\",\"mainEntityOfPage\":{\"@id\":\"https:\\\/\\\/worldvapersalliance.com\\\/panama-conferenza-sul-tabacco-preoccupano-le-posizioni-anti-svapo-della-commissione-ue\\\/\"},\"wordCount\":207,\"commentCount\":0,\"publisher\":{\"@id\":\"https:\\\/\\\/worldvapersalliance.com\\\/#organization\"},\"image\":{\"@id\":\"https:\\\/\\\/worldvapersalliance.com\\\/panama-conferenza-sul-tabacco-preoccupano-le-posizioni-anti-svapo-della-commissione-ue\\\/#primaryimage\"},\"thumbnailUrl\":\"https:\\\/\\\/worldvapersalliance.com\\\/wp-content\\\/uploads\\\/2025\\\/08\\\/WVA-in-the-news.png\",\"articleSection\":[\"WVA in the News\"],\"inLanguage\":\"fr-FR\",\"potentialAction\":[{\"@type\":\"CommentAction\",\"name\":\"Comment\",\"target\":[\"https:\\\/\\\/worldvapersalliance.com\\\/panama-conferenza-sul-tabacco-preoccupano-le-posizioni-anti-svapo-della-commissione-ue\\\/#respond\"]}]},{\"@type\":\"WebPage\",\"@id\":\"https:\\\/\\\/worldvapersalliance.com\\\/panama-conferenza-sul-tabacco-preoccupano-le-posizioni-anti-svapo-della-commissione-ue\\\/\",\"url\":\"https:\\\/\\\/worldvapersalliance.com\\\/panama-conferenza-sul-tabacco-preoccupano-le-posizioni-anti-svapo-della-commissione-ue\\\/\",\"name\":\"Panama, Conferenza sul tabacco: preoccupano le posizioni anti-svapo della Commissione Ue - World Vapers&#039; Alliance\",\"isPartOf\":{\"@id\":\"https:\\\/\\\/worldvapersalliance.com\\\/#website\"},\"primaryImageOfPage\":{\"@id\":\"https:\\\/\\\/worldvapersalliance.com\\\/panama-conferenza-sul-tabacco-preoccupano-le-posizioni-anti-svapo-della-commissione-ue\\\/#primaryimage\"},\"image\":{\"@id\":\"https:\\\/\\\/worldvapersalliance.com\\\/panama-conferenza-sul-tabacco-preoccupano-le-posizioni-anti-svapo-della-commissione-ue\\\/#primaryimage\"},\"thumbnailUrl\":\"https:\\\/\\\/worldvapersalliance.com\\\/wp-content\\\/uploads\\\/2025\\\/08\\\/WVA-in-the-news.png\",\"datePublished\":\"2023-10-31T12:25:53+00:00\",\"dateModified\":\"2023-11-08T13:26:59+00:00\",\"inLanguage\":\"fr-FR\",\"potentialAction\":[{\"@type\":\"ReadAction\",\"target\":[\"https:\\\/\\\/worldvapersalliance.com\\\/panama-conferenza-sul-tabacco-preoccupano-le-posizioni-anti-svapo-della-commissione-ue\\\/\"]}]},{\"@type\":\"ImageObject\",\"inLanguage\":\"fr-FR\",\"@id\":\"https:\\\/\\\/worldvapersalliance.com\\\/panama-conferenza-sul-tabacco-preoccupano-le-posizioni-anti-svapo-della-commissione-ue\\\/#primaryimage\",\"url\":\"https:\\\/\\\/worldvapersalliance.com\\\/wp-content\\\/uploads\\\/2025\\\/08\\\/WVA-in-the-news.png\",\"contentUrl\":\"https:\\\/\\\/worldvapersalliance.com\\\/wp-content\\\/uploads\\\/2025\\\/08\\\/WVA-in-the-news.png\",\"width\":1264,\"height\":848},{\"@type\":\"WebSite\",\"@id\":\"https:\\\/\\\/worldvapersalliance.com\\\/#website\",\"url\":\"https:\\\/\\\/worldvapersalliance.com\\\/\",\"name\":\"World Vapers&#039; Alliance\",\"description\":\"The largest community of vapers\",\"publisher\":{\"@id\":\"https:\\\/\\\/worldvapersalliance.com\\\/#organization\"},\"potentialAction\":[{\"@type\":\"SearchAction\",\"target\":{\"@type\":\"EntryPoint\",\"urlTemplate\":\"https:\\\/\\\/worldvapersalliance.com\\\/?s={search_term_string}\"},\"query-input\":{\"@type\":\"PropertyValueSpecification\",\"valueRequired\":true,\"valueName\":\"search_term_string\"}}],\"inLanguage\":\"fr-FR\"},{\"@type\":\"Organization\",\"@id\":\"https:\\\/\\\/worldvapersalliance.com\\\/#organization\",\"name\":\"World Vapers&#039; Alliance\",\"url\":\"https:\\\/\\\/worldvapersalliance.com\\\/\",\"logo\":{\"@type\":\"ImageObject\",\"inLanguage\":\"fr-FR\",\"@id\":\"https:\\\/\\\/worldvapersalliance.com\\\/#\\\/schema\\\/logo\\\/image\\\/\",\"url\":\"https:\\\/\\\/worldvapersalliance.com\\\/wp-content\\\/uploads\\\/2022\\\/01\\\/WVA_RB_Fist_G.png\",\"contentUrl\":\"https:\\\/\\\/worldvapersalliance.com\\\/wp-content\\\/uploads\\\/2022\\\/01\\\/WVA_RB_Fist_G.png\",\"width\":985,\"height\":1177,\"caption\":\"World Vapers&#039; Alliance\"},\"image\":{\"@id\":\"https:\\\/\\\/worldvapersalliance.com\\\/#\\\/schema\\\/logo\\\/image\\\/\"}},{\"@type\":\"Person\",\"@id\":\"https:\\\/\\\/worldvapersalliance.com\\\/#\\\/schema\\\/person\\\/18484a6f20bcc6f70a2419c8babe017d\",\"name\":\"World Vapers' Alliance\",\"image\":{\"@type\":\"ImageObject\",\"inLanguage\":\"fr-FR\",\"@id\":\"https:\\\/\\\/secure.gravatar.com\\\/avatar\\\/456bf795c7a47c9ac527a94da4bff150aa49e48726d69bee9937f8383cffa246?s=96&d=mm&r=g\",\"url\":\"https:\\\/\\\/secure.gravatar.com\\\/avatar\\\/456bf795c7a47c9ac527a94da4bff150aa49e48726d69bee9937f8383cffa246?s=96&d=mm&r=g\",\"contentUrl\":\"https:\\\/\\\/secure.gravatar.com\\\/avatar\\\/456bf795c7a47c9ac527a94da4bff150aa49e48726d69bee9937f8383cffa246?s=96&d=mm&r=g\",\"caption\":\"World Vapers' Alliance\"},\"url\":\"https:\\\/\\\/worldvapersalliance.com\\\/fr\\\/author\\\/wva\\\/\"}]}<\/script>\n<!-- \/ Yoast SEO plugin. -->","yoast_head_json":{"title":"Panama, Conf\u00e9rence sur le tabac : inqui\u00e9tude sur les positions anti-svapo de la Commission europ\u00e9enne - World Vapers&#039; Alliance","robots":{"index":"index","follow":"follow","max-snippet":"max-snippet:-1","max-image-preview":"max-image-preview:large","max-video-preview":"max-video-preview:-1"},"canonical":"https:\/\/worldvapersalliance.com\/fr\/panama-conferenza-sul-tabacco-preoccupano-le-posizioni-anti-svapo-della-commissione-ue\/","og_locale":"fr_FR","og_type":"article","og_title":"Panama, Conferenza sul tabacco: preoccupano le posizioni anti-svapo della Commissione Ue - World Vapers&#039; Alliance","og_description":"La World Vapers&#8217; Alliance esprime preoccupazione \u201cper la trasparenza e l&#8217;inclusivit\u00e0 del prossimo incontro COP10 per la Convenzione quadro dell&#8217;Organizzazione mondiale della Sanit\u00e0 sul controllo del tabacco\u201d. Cos\u00ec testualmente la nota stampa posta in essere dall\u2019associazione internazionale guidata dal Presidente Michael Landl. Il riferimento \u00e8 al prossimo appuntamento che si terr\u00e0 a Panama \u2013 in [&hellip;]","og_url":"https:\/\/worldvapersalliance.com\/fr\/panama-conferenza-sul-tabacco-preoccupano-le-posizioni-anti-svapo-della-commissione-ue\/","og_site_name":"World Vapers&#039; Alliance","article_published_time":"2023-10-31T12:25:53+00:00","article_modified_time":"2023-11-08T13:26:59+00:00","og_image":[{"width":2081,"height":1920,"url":"https:\/\/worldvapersalliance.com\/wp-content\/uploads\/2023\/03\/skyvape.it_.png","type":"image\/png"}],"author":"World Vapers' Alliance","twitter_card":"summary_large_image","twitter_misc":{"\u00c9crit par":"World Vapers' Alliance","Dur\u00e9e de lecture estim\u00e9e":"1 minute"},"schema":{"@context":"https:\/\/schema.org","@graph":[{"@type":"Article","@id":"https:\/\/worldvapersalliance.com\/panama-conferenza-sul-tabacco-preoccupano-le-posizioni-anti-svapo-della-commissione-ue\/#article","isPartOf":{"@id":"https:\/\/worldvapersalliance.com\/panama-conferenza-sul-tabacco-preoccupano-le-posizioni-anti-svapo-della-commissione-ue\/"},"author":{"name":"World Vapers' Alliance","@id":"https:\/\/worldvapersalliance.com\/#\/schema\/person\/18484a6f20bcc6f70a2419c8babe017d"},"headline":"Panama, Conferenza sul tabacco: preoccupano le posizioni anti-svapo della C &hellip;","datePublished":"2023-10-31T12:25:53+00:00","dateModified":"2023-11-08T13:26:59+00:00","mainEntityOfPage":{"@id":"https:\/\/worldvapersalliance.com\/panama-conferenza-sul-tabacco-preoccupano-le-posizioni-anti-svapo-della-commissione-ue\/"},"wordCount":207,"commentCount":0,"publisher":{"@id":"https:\/\/worldvapersalliance.com\/#organization"},"image":{"@id":"https:\/\/worldvapersalliance.com\/panama-conferenza-sul-tabacco-preoccupano-le-posizioni-anti-svapo-della-commissione-ue\/#primaryimage"},"thumbnailUrl":"https:\/\/worldvapersalliance.com\/wp-content\/uploads\/2025\/08\/WVA-in-the-news.png","articleSection":["WVA in the News"],"inLanguage":"fr-FR","potentialAction":[{"@type":"CommentAction","name":"Comment","target":["https:\/\/worldvapersalliance.com\/panama-conferenza-sul-tabacco-preoccupano-le-posizioni-anti-svapo-della-commissione-ue\/#respond"]}]},{"@type":"WebPage","@id":"https:\/\/worldvapersalliance.com\/panama-conferenza-sul-tabacco-preoccupano-le-posizioni-anti-svapo-della-commissione-ue\/","url":"https:\/\/worldvapersalliance.com\/panama-conferenza-sul-tabacco-preoccupano-le-posizioni-anti-svapo-della-commissione-ue\/","name":"Panama, Conf\u00e9rence sur le tabac : inqui\u00e9tude sur les positions anti-svapo de la Commission europ\u00e9enne - World Vapers&#039; Alliance","isPartOf":{"@id":"https:\/\/worldvapersalliance.com\/#website"},"primaryImageOfPage":{"@id":"https:\/\/worldvapersalliance.com\/panama-conferenza-sul-tabacco-preoccupano-le-posizioni-anti-svapo-della-commissione-ue\/#primaryimage"},"image":{"@id":"https:\/\/worldvapersalliance.com\/panama-conferenza-sul-tabacco-preoccupano-le-posizioni-anti-svapo-della-commissione-ue\/#primaryimage"},"thumbnailUrl":"https:\/\/worldvapersalliance.com\/wp-content\/uploads\/2025\/08\/WVA-in-the-news.png","datePublished":"2023-10-31T12:25:53+00:00","dateModified":"2023-11-08T13:26:59+00:00","inLanguage":"fr-FR","potentialAction":[{"@type":"ReadAction","target":["https:\/\/worldvapersalliance.com\/panama-conferenza-sul-tabacco-preoccupano-le-posizioni-anti-svapo-della-commissione-ue\/"]}]},{"@type":"ImageObject","inLanguage":"fr-FR","@id":"https:\/\/worldvapersalliance.com\/panama-conferenza-sul-tabacco-preoccupano-le-posizioni-anti-svapo-della-commissione-ue\/#primaryimage","url":"https:\/\/worldvapersalliance.com\/wp-content\/uploads\/2025\/08\/WVA-in-the-news.png","contentUrl":"https:\/\/worldvapersalliance.com\/wp-content\/uploads\/2025\/08\/WVA-in-the-news.png","width":1264,"height":848},{"@type":"WebSite","@id":"https:\/\/worldvapersalliance.com\/#website","url":"https:\/\/worldvapersalliance.com\/","name":"Alliance mondiale des vapoteurs","description":"La plus grande communaut\u00e9 de vapoteurs","publisher":{"@id":"https:\/\/worldvapersalliance.com\/#organization"},"potentialAction":[{"@type":"SearchAction","target":{"@type":"EntryPoint","urlTemplate":"https:\/\/worldvapersalliance.com\/?s={search_term_string}"},"query-input":{"@type":"PropertyValueSpecification","valueRequired":true,"valueName":"search_term_string"}}],"inLanguage":"fr-FR"},{"@type":"Organization","@id":"https:\/\/worldvapersalliance.com\/#organization","name":"Alliance mondiale des vapoteurs","url":"https:\/\/worldvapersalliance.com\/","logo":{"@type":"ImageObject","inLanguage":"fr-FR","@id":"https:\/\/worldvapersalliance.com\/#\/schema\/logo\/image\/","url":"https:\/\/worldvapersalliance.com\/wp-content\/uploads\/2022\/01\/WVA_RB_Fist_G.png","contentUrl":"https:\/\/worldvapersalliance.com\/wp-content\/uploads\/2022\/01\/WVA_RB_Fist_G.png","width":985,"height":1177,"caption":"World Vapers&#039; Alliance"},"image":{"@id":"https:\/\/worldvapersalliance.com\/#\/schema\/logo\/image\/"}},{"@type":"Person","@id":"https:\/\/worldvapersalliance.com\/#\/schema\/person\/18484a6f20bcc6f70a2419c8babe017d","name":"Alliance mondiale des vapoteurs","image":{"@type":"ImageObject","inLanguage":"fr-FR","@id":"https:\/\/secure.gravatar.com\/avatar\/456bf795c7a47c9ac527a94da4bff150aa49e48726d69bee9937f8383cffa246?s=96&d=mm&r=g","url":"https:\/\/secure.gravatar.com\/avatar\/456bf795c7a47c9ac527a94da4bff150aa49e48726d69bee9937f8383cffa246?s=96&d=mm&r=g","contentUrl":"https:\/\/secure.gravatar.com\/avatar\/456bf795c7a47c9ac527a94da4bff150aa49e48726d69bee9937f8383cffa246?s=96&d=mm&r=g","caption":"World Vapers' Alliance"},"url":"https:\/\/worldvapersalliance.com\/fr\/author\/wva\/"}]}},"_links":{"self":[{"href":"https:\/\/worldvapersalliance.com\/fr\/wp-json\/wp\/v2\/posts\/5095","targetHints":{"allow":["GET"]}}],"collection":[{"href":"https:\/\/worldvapersalliance.com\/fr\/wp-json\/wp\/v2\/posts"}],"about":[{"href":"https:\/\/worldvapersalliance.com\/fr\/wp-json\/wp\/v2\/types\/post"}],"author":[{"embeddable":true,"href":"https:\/\/worldvapersalliance.com\/fr\/wp-json\/wp\/v2\/users\/11"}],"replies":[{"embeddable":true,"href":"https:\/\/worldvapersalliance.com\/fr\/wp-json\/wp\/v2\/comments?post=5095"}],"version-history":[{"count":0,"href":"https:\/\/worldvapersalliance.com\/fr\/wp-json\/wp\/v2\/posts\/5095\/revisions"}],"wp:featuredmedia":[{"embeddable":true,"href":"https:\/\/worldvapersalliance.com\/fr\/wp-json\/wp\/v2\/media\/6394"}],"wp:attachment":[{"href":"https:\/\/worldvapersalliance.com\/fr\/wp-json\/wp\/v2\/media?parent=5095"}],"wp:term":[{"taxonomy":"category","embeddable":true,"href":"https:\/\/worldvapersalliance.com\/fr\/wp-json\/wp\/v2\/categories?post=5095"},{"taxonomy":"post_tag","embeddable":true,"href":"https:\/\/worldvapersalliance.com\/fr\/wp-json\/wp\/v2\/tags?post=5095"}],"curies":[{"name":"wp","href":"https:\/\/api.w.org\/{rel}","templated":true}]}}