{"id":4921,"date":"2023-10-17T06:41:33","date_gmt":"2023-10-17T10:41:33","guid":{"rendered":"https:\/\/worldvapersalliance.com\/?p=4921"},"modified":"2023-10-17T06:41:33","modified_gmt":"2023-10-17T10:41:33","slug":"european-consumers-urge-belgian-presidency-to-prioritise-harm-reduction","status":"publish","type":"post","link":"https:\/\/worldvapersalliance.com\/fr\/european-consumers-urge-belgian-presidency-to-prioritise-harm-reduction\/","title":{"rendered":"Les consommateurs europ\u00e9ens exhortent la pr\u00e9sidence belge \u00e0 faire de la r\u00e9duction des risques une priorit\u00e9."},"content":{"rendered":"<p dir=\"ltr\"><strong>Bruxelles, Belgique, 17.10.2023 \u2014<\/strong> Les membres europ\u00e9ens de l&#039;Alliance mondiale des vapoteurs exhortent le gouvernement belge \u00e0 faire de la r\u00e9duction des risques une priorit\u00e9 en mati\u00e8re de sant\u00e9 publique lors de la prochaine pr\u00e9sidence du Conseil, qui d\u00e9butera le 1er janvier 2024.<\/p>\n<p dir=\"ltr\">Plus t\u00f4t dans la journ\u00e9e, Politico a publi\u00e9 le programme de travail de la pr\u00e9sidence belge qui aborde ses cinq priorit\u00e9s en mati\u00e8re de sant\u00e9, notamment la r\u00e9silience du syst\u00e8me de sant\u00e9, l&#039;\u00e9galit\u00e9 en mati\u00e8re de sant\u00e9 et la sant\u00e9 de la population. <em><strong>\u201c La r\u00e9duction des risques li\u00e9s au tabac devrait \u00eatre la pierre angulaire des priorit\u00e9s sanitaires de l\u2019UE, car le tabagisme reste la premi\u00e8re cause de d\u00e9c\u00e8s \u00e9vitable dans l\u2019UE. \u201d<\/strong><\/em> d\u00e9clare Michael Landl, directeur de l&#039;Alliance mondiale des vapoteurs.<\/p>\n<p dir=\"ltr\"><em>\u201c Plus de 1,3 milliard de personnes fument encore, avec <a href=\"https:\/\/link.mediaoutreach.meltwater.com\/ls\/click?upn=v2OU6mEZsrF8RQMJ1eCY0jOfBK6KgGHbLFBq6pw7Q8bb53hWkDhT548pA00hhN-2FKoxAOwZxAxiKk8O-2FNJWVsVsBEBuqX4qGc9KZ-2B2D6SIBJZ9V3bRHOwr63T3OxwIlCRDUDo4vDl0r5N-2FishOArnEw-3D-3DjxfY_6-2BOayirWiMnL4NNJ9ivl6YavKZeo6-2F4wNJspN1hyqCqN9Iica8t3kuAqeTUsoEZyEPArUXwlTHpmuotWGUYRcpQrE8nNUswQ7G-2Fk02oN1WEWHHt54BxhdFiplpKrmGj1ZPwqqtWNZ9IBD5fcBQLl-2BT-2BSTUvXypqJKYDHwcv7o4hU7o9Bd3Pvglep-2Bo4zvaNg89DB1OornddnG3TjDd2VEXMlmzXJIsINaITLb3CzW1ruTl8Ou7-2F2nvqITJ7YSrWenKl1dMPjG3rwTKPAuSTG5sK6nhGt-2F64spPlHRVRCNvFddaALeUl5ktpS4-2BVGbXJhCxkJgIHXdK4dfVDk2SahIQS-2B-2FYFVO2wbmcceZDF6p518BuyzH5ng1tTTVNV3Gum5rZw1lQclyqWIueG0pjSfwg-3D-3D\" target=\"_blank\" rel=\"noopener\" data-saferedirecturl=\"https:\/\/www.google.com\/url?q=https:\/\/link.mediaoutreach.meltwater.com\/ls\/click?upn%3Dv2OU6mEZsrF8RQMJ1eCY0jOfBK6KgGHbLFBq6pw7Q8bb53hWkDhT548pA00hhN-2FKoxAOwZxAxiKk8O-2FNJWVsVsBEBuqX4qGc9KZ-2B2D6SIBJZ9V3bRHOwr63T3OxwIlCRDUDo4vDl0r5N-2FishOArnEw-3D-3DjxfY_6-2BOayirWiMnL4NNJ9ivl6YavKZeo6-2F4wNJspN1hyqCqN9Iica8t3kuAqeTUsoEZyEPArUXwlTHpmuotWGUYRcpQrE8nNUswQ7G-2Fk02oN1WEWHHt54BxhdFiplpKrmGj1ZPwqqtWNZ9IBD5fcBQLl-2BT-2BSTUvXypqJKYDHwcv7o4hU7o9Bd3Pvglep-2Bo4zvaNg89DB1OornddnG3TjDd2VEXMlmzXJIsINaITLb3CzW1ruTl8Ou7-2F2nvqITJ7YSrWenKl1dMPjG3rwTKPAuSTG5sK6nhGt-2F64spPlHRVRCNvFddaALeUl5ktpS4-2BVGbXJhCxkJgIHXdK4dfVDk2SahIQS-2B-2FYFVO2wbmcceZDF6p518BuyzH5ng1tTTVNV3Gum5rZw1lQclyqWIueG0pjSfwg-3D-3D&amp;source=gmail&amp;ust=1697625599703000&amp;usg=AOvVaw30OcaE8xKwCE7xJTPLID7z\">88 millions dans l&#039;Union europ\u00e9enne<\/a> Seule, la Su\u00e8de est devenue un champion de la r\u00e9duction des risques en adoptant une politique nationale fond\u00e9e sur les risques concernant le snus, un produit traditionnel du tabac sans fum\u00e9e, dont la taxe a \u00e9t\u00e9 r\u00e9duite de 20%. <strong>Nous exhortons le gouvernement belge \u00e0 suivre l\u2019exemple su\u00e9dois et \u00e0 faire de la r\u00e9duction des risques un moteur essentiel pour une Europe sans tabac.\u201d<\/strong><\/em> ajout\u00e9 Landl.<\/p>\n<p dir=\"ltr\"><em><strong>\u201c L\u2019UE devrait faciliter l\u2019arr\u00eat du tabac pour les fumeurs, et non le compliquer. \u00bb.<\/strong> Autoriser les ar\u00f4mes et r\u00e9duire les taxes sur les produits \u00e0 faible risque se sont av\u00e9r\u00e9s \u00eatre les moyens les plus efficaces d&#039;encourager l&#039;arr\u00eat du tabac, comme en Su\u00e8de et au Royaume-Uni.,<\/em>\u201d\u00a0\u00bb conclut Landl.<\/p>\n<p dir=\"ltr\">L&#039;Alliance mondiale des vapoteurs a r\u00e9cemment publi\u00e9 une fiche d&#039;information exhaustive reprenant les recherches disponibles aupr\u00e8s des institutions gouvernementales, m\u00e9dicales et de recherche sur le vapotage et la r\u00e9duction des risques li\u00e9s au tabac. Cette ressource est disponible. <a href=\"https:\/\/link.mediaoutreach.meltwater.com\/ls\/click?upn=v2OU6mEZsrF8RQMJ1eCY0g8ZtW9ddvzmg6KflWYNU1vqD5UTAad7hdqLnvzRVgQn0rESJQAbGQa73LkeNbwXTl9FFQxPGmKtlqGHHOEElA0-3DTK___6-2BOayirWiMnL4NNJ9ivl6YavKZeo6-2F4wNJspN1hyqCqN9Iica8t3kuAqeTUsoEZyEPArUXwlTHpmuotWGUYRcpQrE8nNUswQ7G-2Fk02oN1WEWHHt54BxhdFiplpKrmGj1ZPwqqtWNZ9IBD5fcBQLl-2BT-2BSTUvXypqJKYDHwcv7o4hU7o9Bd3Pvglep-2Bo4zvaNg89DB1OornddnG3TjDd2VEXMlmzXJIsINaITLb3CzW1ql7dlI82J6MZ2Ux6hZALM7ptOxwPTgQA6bF9GDRRibgT0wgn4EUNgIkNTcSjQVDjPYqk1Cw3w0DtyUkY4EDeaS-2BENu7KSd4-2BFTSZAzmL5FO12HcrrxAsWB0T4vS3gRaJyZBhKyTiwp1NxTkgY-2FqkxkrNcs-2FhT7ITk90Bd8r7Bo6Q-3D-3D\" target=\"_blank\" rel=\"noopener\" data-saferedirecturl=\"https:\/\/www.google.com\/url?q=https:\/\/link.mediaoutreach.meltwater.com\/ls\/click?upn%3Dv2OU6mEZsrF8RQMJ1eCY0g8ZtW9ddvzmg6KflWYNU1vqD5UTAad7hdqLnvzRVgQn0rESJQAbGQa73LkeNbwXTl9FFQxPGmKtlqGHHOEElA0-3DTK___6-2BOayirWiMnL4NNJ9ivl6YavKZeo6-2F4wNJspN1hyqCqN9Iica8t3kuAqeTUsoEZyEPArUXwlTHpmuotWGUYRcpQrE8nNUswQ7G-2Fk02oN1WEWHHt54BxhdFiplpKrmGj1ZPwqqtWNZ9IBD5fcBQLl-2BT-2BSTUvXypqJKYDHwcv7o4hU7o9Bd3Pvglep-2Bo4zvaNg89DB1OornddnG3TjDd2VEXMlmzXJIsINaITLb3CzW1ql7dlI82J6MZ2Ux6hZALM7ptOxwPTgQA6bF9GDRRibgT0wgn4EUNgIkNTcSjQVDjPYqk1Cw3w0DtyUkY4EDeaS-2BENu7KSd4-2BFTSZAzmL5FO12HcrrxAsWB0T4vS3gRaJyZBhKyTiwp1NxTkgY-2FqkxkrNcs-2FhT7ITk90Bd8r7Bo6Q-3D-3D&amp;source=gmail&amp;ust=1697625599703000&amp;usg=AOvVaw23BbtgGWzZgWTCdijUKqg1\">ici<\/a>.<\/p>","protected":false},"excerpt":{"rendered":"<p>Brussels, Belgium, 17.10.2023\u00a0 \u2014 European members of the World Vapers\u2019 Alliance urge the Belgian government to address harm reduction as their health priority in the upcoming Council presidency term which starts on 1 January 2024. Earlier today, Politico published a working program of the Belgian presidency that addresses its five health priorities, including resiliency of [&hellip;]<\/p>\n","protected":false},"author":11,"featured_media":3245,"comment_status":"open","ping_status":"open","sticky":false,"template":"","format":"standard","meta":{"footnotes":""},"categories":[13],"tags":[],"class_list":["post-4921","post","type-post","status-publish","format-standard","has-post-thumbnail","hentry","category-press-releases"],"yoast_head":"<!-- This site is optimized with the Yoast SEO plugin v27.3 - https:\/\/yoast.com\/product\/yoast-seo-wordpress\/ -->\n<title>European consumers urge Belgian presidency to prioritise harm reduction - World Vapers&#039; Alliance<\/title>\n<meta name=\"description\" content=\"European members of the WVA urge the Belgian government to address harm reduction as their health priority in the upcoming Council presidency term.\" \/>\n<meta name=\"robots\" content=\"index, follow, max-snippet:-1, max-image-preview:large, max-video-preview:-1\" \/>\n<link rel=\"canonical\" href=\"https:\/\/worldvapersalliance.com\/fr\/european-consumers-urge-belgian-presidency-to-prioritise-harm-reduction\/\" \/>\n<meta property=\"og:locale\" content=\"fr_FR\" \/>\n<meta property=\"og:type\" content=\"article\" \/>\n<meta property=\"og:title\" content=\"European consumers urge Belgian presidency to prioritise harm reduction - World Vapers&#039; Alliance\" \/>\n<meta property=\"og:description\" content=\"European members of the WVA urge the Belgian government to address harm reduction as their health priority in the upcoming Council presidency term.\" \/>\n<meta property=\"og:url\" content=\"https:\/\/worldvapersalliance.com\/fr\/european-consumers-urge-belgian-presidency-to-prioritise-harm-reduction\/\" \/>\n<meta property=\"og:site_name\" content=\"World Vapers&#039; Alliance\" \/>\n<meta property=\"article:published_time\" content=\"2023-10-17T10:41:33+00:00\" \/>\n<meta property=\"og:image\" content=\"https:\/\/worldvapersalliance.com\/wp-content\/uploads\/2022\/10\/WVA_Press-Release_Cover-new.png\" \/>\n\t<meta property=\"og:image:width\" content=\"4162\" \/>\n\t<meta property=\"og:image:height\" content=\"3840\" \/>\n\t<meta property=\"og:image:type\" content=\"image\/png\" \/>\n<meta name=\"author\" content=\"World Vapers&#039; Alliance\" \/>\n<meta name=\"twitter:card\" content=\"summary_large_image\" \/>\n<meta name=\"twitter:label1\" content=\"\u00c9crit par\" \/>\n\t<meta name=\"twitter:data1\" content=\"World Vapers&#039; Alliance\" \/>\n\t<meta name=\"twitter:label2\" content=\"Dur\u00e9e de lecture estim\u00e9e\" \/>\n\t<meta name=\"twitter:data2\" content=\"2 minutes\" \/>\n<script type=\"application\/ld+json\" class=\"yoast-schema-graph\">{\"@context\":\"https:\\\/\\\/schema.org\",\"@graph\":[{\"@type\":\"Article\",\"@id\":\"https:\\\/\\\/worldvapersalliance.com\\\/european-consumers-urge-belgian-presidency-to-prioritise-harm-reduction\\\/#article\",\"isPartOf\":{\"@id\":\"https:\\\/\\\/worldvapersalliance.com\\\/european-consumers-urge-belgian-presidency-to-prioritise-harm-reduction\\\/\"},\"author\":{\"name\":\"World Vapers' Alliance\",\"@id\":\"https:\\\/\\\/worldvapersalliance.com\\\/#\\\/schema\\\/person\\\/18484a6f20bcc6f70a2419c8babe017d\"},\"headline\":\"European consumers urge Belgian presidency to prioritise harm reduction\",\"datePublished\":\"2023-10-17T10:41:33+00:00\",\"mainEntityOfPage\":{\"@id\":\"https:\\\/\\\/worldvapersalliance.com\\\/european-consumers-urge-belgian-presidency-to-prioritise-harm-reduction\\\/\"},\"wordCount\":246,\"commentCount\":0,\"publisher\":{\"@id\":\"https:\\\/\\\/worldvapersalliance.com\\\/#organization\"},\"image\":{\"@id\":\"https:\\\/\\\/worldvapersalliance.com\\\/european-consumers-urge-belgian-presidency-to-prioritise-harm-reduction\\\/#primaryimage\"},\"thumbnailUrl\":\"https:\\\/\\\/worldvapersalliance.com\\\/wp-content\\\/uploads\\\/2022\\\/10\\\/WVA_Press-Release_Cover-new.png\",\"articleSection\":[\"Press Releases\"],\"inLanguage\":\"fr-FR\",\"potentialAction\":[{\"@type\":\"CommentAction\",\"name\":\"Comment\",\"target\":[\"https:\\\/\\\/worldvapersalliance.com\\\/european-consumers-urge-belgian-presidency-to-prioritise-harm-reduction\\\/#respond\"]}]},{\"@type\":\"WebPage\",\"@id\":\"https:\\\/\\\/worldvapersalliance.com\\\/european-consumers-urge-belgian-presidency-to-prioritise-harm-reduction\\\/\",\"url\":\"https:\\\/\\\/worldvapersalliance.com\\\/european-consumers-urge-belgian-presidency-to-prioritise-harm-reduction\\\/\",\"name\":\"European consumers urge Belgian presidency to prioritise harm reduction - World Vapers&#039; Alliance\",\"isPartOf\":{\"@id\":\"https:\\\/\\\/worldvapersalliance.com\\\/#website\"},\"primaryImageOfPage\":{\"@id\":\"https:\\\/\\\/worldvapersalliance.com\\\/european-consumers-urge-belgian-presidency-to-prioritise-harm-reduction\\\/#primaryimage\"},\"image\":{\"@id\":\"https:\\\/\\\/worldvapersalliance.com\\\/european-consumers-urge-belgian-presidency-to-prioritise-harm-reduction\\\/#primaryimage\"},\"thumbnailUrl\":\"https:\\\/\\\/worldvapersalliance.com\\\/wp-content\\\/uploads\\\/2022\\\/10\\\/WVA_Press-Release_Cover-new.png\",\"datePublished\":\"2023-10-17T10:41:33+00:00\",\"description\":\"European members of the WVA urge the Belgian government to address harm reduction as their health priority in the upcoming Council presidency term.\",\"inLanguage\":\"fr-FR\",\"potentialAction\":[{\"@type\":\"ReadAction\",\"target\":[\"https:\\\/\\\/worldvapersalliance.com\\\/european-consumers-urge-belgian-presidency-to-prioritise-harm-reduction\\\/\"]}]},{\"@type\":\"ImageObject\",\"inLanguage\":\"fr-FR\",\"@id\":\"https:\\\/\\\/worldvapersalliance.com\\\/european-consumers-urge-belgian-presidency-to-prioritise-harm-reduction\\\/#primaryimage\",\"url\":\"https:\\\/\\\/worldvapersalliance.com\\\/wp-content\\\/uploads\\\/2022\\\/10\\\/WVA_Press-Release_Cover-new.png\",\"contentUrl\":\"https:\\\/\\\/worldvapersalliance.com\\\/wp-content\\\/uploads\\\/2022\\\/10\\\/WVA_Press-Release_Cover-new.png\",\"width\":4162,\"height\":3840},{\"@type\":\"WebSite\",\"@id\":\"https:\\\/\\\/worldvapersalliance.com\\\/#website\",\"url\":\"https:\\\/\\\/worldvapersalliance.com\\\/\",\"name\":\"World Vapers&#039; Alliance\",\"description\":\"The largest community of vapers\",\"publisher\":{\"@id\":\"https:\\\/\\\/worldvapersalliance.com\\\/#organization\"},\"potentialAction\":[{\"@type\":\"SearchAction\",\"target\":{\"@type\":\"EntryPoint\",\"urlTemplate\":\"https:\\\/\\\/worldvapersalliance.com\\\/?s={search_term_string}\"},\"query-input\":{\"@type\":\"PropertyValueSpecification\",\"valueRequired\":true,\"valueName\":\"search_term_string\"}}],\"inLanguage\":\"fr-FR\"},{\"@type\":\"Organization\",\"@id\":\"https:\\\/\\\/worldvapersalliance.com\\\/#organization\",\"name\":\"World Vapers&#039; Alliance\",\"url\":\"https:\\\/\\\/worldvapersalliance.com\\\/\",\"logo\":{\"@type\":\"ImageObject\",\"inLanguage\":\"fr-FR\",\"@id\":\"https:\\\/\\\/worldvapersalliance.com\\\/#\\\/schema\\\/logo\\\/image\\\/\",\"url\":\"https:\\\/\\\/worldvapersalliance.com\\\/wp-content\\\/uploads\\\/2022\\\/01\\\/WVA_RB_Fist_G.png\",\"contentUrl\":\"https:\\\/\\\/worldvapersalliance.com\\\/wp-content\\\/uploads\\\/2022\\\/01\\\/WVA_RB_Fist_G.png\",\"width\":985,\"height\":1177,\"caption\":\"World Vapers&#039; Alliance\"},\"image\":{\"@id\":\"https:\\\/\\\/worldvapersalliance.com\\\/#\\\/schema\\\/logo\\\/image\\\/\"}},{\"@type\":\"Person\",\"@id\":\"https:\\\/\\\/worldvapersalliance.com\\\/#\\\/schema\\\/person\\\/18484a6f20bcc6f70a2419c8babe017d\",\"name\":\"World Vapers' Alliance\",\"image\":{\"@type\":\"ImageObject\",\"inLanguage\":\"fr-FR\",\"@id\":\"https:\\\/\\\/secure.gravatar.com\\\/avatar\\\/456bf795c7a47c9ac527a94da4bff150aa49e48726d69bee9937f8383cffa246?s=96&d=mm&r=g\",\"url\":\"https:\\\/\\\/secure.gravatar.com\\\/avatar\\\/456bf795c7a47c9ac527a94da4bff150aa49e48726d69bee9937f8383cffa246?s=96&d=mm&r=g\",\"contentUrl\":\"https:\\\/\\\/secure.gravatar.com\\\/avatar\\\/456bf795c7a47c9ac527a94da4bff150aa49e48726d69bee9937f8383cffa246?s=96&d=mm&r=g\",\"caption\":\"World Vapers' Alliance\"},\"url\":\"https:\\\/\\\/worldvapersalliance.com\\\/fr\\\/author\\\/wva\\\/\"}]}<\/script>\n<!-- \/ Yoast SEO plugin. -->","yoast_head_json":{"title":"Les consommateurs europ\u00e9ens exhortent la pr\u00e9sidence belge \u00e0 faire de la r\u00e9duction des risques une priorit\u00e9 - Alliance mondiale des vapoteurs","description":"Les membres europ\u00e9ens de l&#039;Alliance mondiale contre les abus (AMA) exhortent le gouvernement belge \u00e0 faire de la r\u00e9duction des risques une priorit\u00e9 en mati\u00e8re de sant\u00e9 publique lors de sa prochaine pr\u00e9sidence du Conseil.","robots":{"index":"index","follow":"follow","max-snippet":"max-snippet:-1","max-image-preview":"max-image-preview:large","max-video-preview":"max-video-preview:-1"},"canonical":"https:\/\/worldvapersalliance.com\/fr\/european-consumers-urge-belgian-presidency-to-prioritise-harm-reduction\/","og_locale":"fr_FR","og_type":"article","og_title":"European consumers urge Belgian presidency to prioritise harm reduction - World Vapers&#039; Alliance","og_description":"European members of the WVA urge the Belgian government to address harm reduction as their health priority in the upcoming Council presidency term.","og_url":"https:\/\/worldvapersalliance.com\/fr\/european-consumers-urge-belgian-presidency-to-prioritise-harm-reduction\/","og_site_name":"World Vapers&#039; Alliance","article_published_time":"2023-10-17T10:41:33+00:00","og_image":[{"width":4162,"height":3840,"url":"https:\/\/worldvapersalliance.com\/wp-content\/uploads\/2022\/10\/WVA_Press-Release_Cover-new.png","type":"image\/png"}],"author":"World Vapers' Alliance","twitter_card":"summary_large_image","twitter_misc":{"\u00c9crit par":"World Vapers' Alliance","Dur\u00e9e de lecture estim\u00e9e":"2 minutes"},"schema":{"@context":"https:\/\/schema.org","@graph":[{"@type":"Article","@id":"https:\/\/worldvapersalliance.com\/european-consumers-urge-belgian-presidency-to-prioritise-harm-reduction\/#article","isPartOf":{"@id":"https:\/\/worldvapersalliance.com\/european-consumers-urge-belgian-presidency-to-prioritise-harm-reduction\/"},"author":{"name":"World Vapers' Alliance","@id":"https:\/\/worldvapersalliance.com\/#\/schema\/person\/18484a6f20bcc6f70a2419c8babe017d"},"headline":"European consumers urge Belgian presidency to prioritise harm reduction","datePublished":"2023-10-17T10:41:33+00:00","mainEntityOfPage":{"@id":"https:\/\/worldvapersalliance.com\/european-consumers-urge-belgian-presidency-to-prioritise-harm-reduction\/"},"wordCount":246,"commentCount":0,"publisher":{"@id":"https:\/\/worldvapersalliance.com\/#organization"},"image":{"@id":"https:\/\/worldvapersalliance.com\/european-consumers-urge-belgian-presidency-to-prioritise-harm-reduction\/#primaryimage"},"thumbnailUrl":"https:\/\/worldvapersalliance.com\/wp-content\/uploads\/2022\/10\/WVA_Press-Release_Cover-new.png","articleSection":["Press Releases"],"inLanguage":"fr-FR","potentialAction":[{"@type":"CommentAction","name":"Comment","target":["https:\/\/worldvapersalliance.com\/european-consumers-urge-belgian-presidency-to-prioritise-harm-reduction\/#respond"]}]},{"@type":"WebPage","@id":"https:\/\/worldvapersalliance.com\/european-consumers-urge-belgian-presidency-to-prioritise-harm-reduction\/","url":"https:\/\/worldvapersalliance.com\/european-consumers-urge-belgian-presidency-to-prioritise-harm-reduction\/","name":"Les consommateurs europ\u00e9ens exhortent la pr\u00e9sidence belge \u00e0 faire de la r\u00e9duction des risques une priorit\u00e9 - Alliance mondiale des vapoteurs","isPartOf":{"@id":"https:\/\/worldvapersalliance.com\/#website"},"primaryImageOfPage":{"@id":"https:\/\/worldvapersalliance.com\/european-consumers-urge-belgian-presidency-to-prioritise-harm-reduction\/#primaryimage"},"image":{"@id":"https:\/\/worldvapersalliance.com\/european-consumers-urge-belgian-presidency-to-prioritise-harm-reduction\/#primaryimage"},"thumbnailUrl":"https:\/\/worldvapersalliance.com\/wp-content\/uploads\/2022\/10\/WVA_Press-Release_Cover-new.png","datePublished":"2023-10-17T10:41:33+00:00","description":"Les membres europ\u00e9ens de l&#039;Alliance mondiale contre les abus (AMA) exhortent le gouvernement belge \u00e0 faire de la r\u00e9duction des risques une priorit\u00e9 en mati\u00e8re de sant\u00e9 publique lors de sa prochaine pr\u00e9sidence du Conseil.","inLanguage":"fr-FR","potentialAction":[{"@type":"ReadAction","target":["https:\/\/worldvapersalliance.com\/european-consumers-urge-belgian-presidency-to-prioritise-harm-reduction\/"]}]},{"@type":"ImageObject","inLanguage":"fr-FR","@id":"https:\/\/worldvapersalliance.com\/european-consumers-urge-belgian-presidency-to-prioritise-harm-reduction\/#primaryimage","url":"https:\/\/worldvapersalliance.com\/wp-content\/uploads\/2022\/10\/WVA_Press-Release_Cover-new.png","contentUrl":"https:\/\/worldvapersalliance.com\/wp-content\/uploads\/2022\/10\/WVA_Press-Release_Cover-new.png","width":4162,"height":3840},{"@type":"WebSite","@id":"https:\/\/worldvapersalliance.com\/#website","url":"https:\/\/worldvapersalliance.com\/","name":"Alliance mondiale des vapoteurs","description":"La plus grande communaut\u00e9 de vapoteurs","publisher":{"@id":"https:\/\/worldvapersalliance.com\/#organization"},"potentialAction":[{"@type":"SearchAction","target":{"@type":"EntryPoint","urlTemplate":"https:\/\/worldvapersalliance.com\/?s={search_term_string}"},"query-input":{"@type":"PropertyValueSpecification","valueRequired":true,"valueName":"search_term_string"}}],"inLanguage":"fr-FR"},{"@type":"Organization","@id":"https:\/\/worldvapersalliance.com\/#organization","name":"Alliance mondiale des vapoteurs","url":"https:\/\/worldvapersalliance.com\/","logo":{"@type":"ImageObject","inLanguage":"fr-FR","@id":"https:\/\/worldvapersalliance.com\/#\/schema\/logo\/image\/","url":"https:\/\/worldvapersalliance.com\/wp-content\/uploads\/2022\/01\/WVA_RB_Fist_G.png","contentUrl":"https:\/\/worldvapersalliance.com\/wp-content\/uploads\/2022\/01\/WVA_RB_Fist_G.png","width":985,"height":1177,"caption":"World Vapers&#039; Alliance"},"image":{"@id":"https:\/\/worldvapersalliance.com\/#\/schema\/logo\/image\/"}},{"@type":"Person","@id":"https:\/\/worldvapersalliance.com\/#\/schema\/person\/18484a6f20bcc6f70a2419c8babe017d","name":"Alliance mondiale des vapoteurs","image":{"@type":"ImageObject","inLanguage":"fr-FR","@id":"https:\/\/secure.gravatar.com\/avatar\/456bf795c7a47c9ac527a94da4bff150aa49e48726d69bee9937f8383cffa246?s=96&d=mm&r=g","url":"https:\/\/secure.gravatar.com\/avatar\/456bf795c7a47c9ac527a94da4bff150aa49e48726d69bee9937f8383cffa246?s=96&d=mm&r=g","contentUrl":"https:\/\/secure.gravatar.com\/avatar\/456bf795c7a47c9ac527a94da4bff150aa49e48726d69bee9937f8383cffa246?s=96&d=mm&r=g","caption":"World Vapers' Alliance"},"url":"https:\/\/worldvapersalliance.com\/fr\/author\/wva\/"}]}},"_links":{"self":[{"href":"https:\/\/worldvapersalliance.com\/fr\/wp-json\/wp\/v2\/posts\/4921","targetHints":{"allow":["GET"]}}],"collection":[{"href":"https:\/\/worldvapersalliance.com\/fr\/wp-json\/wp\/v2\/posts"}],"about":[{"href":"https:\/\/worldvapersalliance.com\/fr\/wp-json\/wp\/v2\/types\/post"}],"author":[{"embeddable":true,"href":"https:\/\/worldvapersalliance.com\/fr\/wp-json\/wp\/v2\/users\/11"}],"replies":[{"embeddable":true,"href":"https:\/\/worldvapersalliance.com\/fr\/wp-json\/wp\/v2\/comments?post=4921"}],"version-history":[{"count":0,"href":"https:\/\/worldvapersalliance.com\/fr\/wp-json\/wp\/v2\/posts\/4921\/revisions"}],"wp:featuredmedia":[{"embeddable":true,"href":"https:\/\/worldvapersalliance.com\/fr\/wp-json\/wp\/v2\/media\/3245"}],"wp:attachment":[{"href":"https:\/\/worldvapersalliance.com\/fr\/wp-json\/wp\/v2\/media?parent=4921"}],"wp:term":[{"taxonomy":"category","embeddable":true,"href":"https:\/\/worldvapersalliance.com\/fr\/wp-json\/wp\/v2\/categories?post=4921"},{"taxonomy":"post_tag","embeddable":true,"href":"https:\/\/worldvapersalliance.com\/fr\/wp-json\/wp\/v2\/tags?post=4921"}],"curies":[{"name":"wp","href":"https:\/\/api.w.org\/{rel}","templated":true}]}}