{"id":1019,"date":"2022-03-01T09:59:34","date_gmt":"2022-03-01T14:59:34","guid":{"rendered":"https:\/\/cccwva.wpengine.com\/?p=1019"},"modified":"2022-04-09T03:18:00","modified_gmt":"2022-04-09T07:18:00","slug":"el-parlamento-europeo-confirma-que-el-vapeo-puede-ayudar-a-combatir-el-tabaquismo","status":"publish","type":"post","link":"https:\/\/worldvapersalliance.com\/fr\/el-parlamento-europeo-confirma-que-el-vapeo-puede-ayudar-a-combatir-el-tabaquismo\/","title":{"rendered":"Le Parlement europ\u00e9en confirme que le vapeo peut aider \u00e0 combattre le tabac\u2026"},"content":{"rendered":"<p><em>L&#039;Europe a fait une grande \u00e9tape dans la reconnaissance du vape comme une strat\u00e9gie pour arr\u00eater de fumer. Sans embargo, certains pr\u00e9jug\u00e9s persistants persistent.<\/em><\/p>\r\n\r\n\r\n\r\n<p>Le Parlement europ\u00e9en a vot\u00e9 aujourd&#039;hui pour adopter le\u00a0<a href=\"https:\/\/www.europarl.europa.eu\/doceo\/document\/A-9-2022-0001_EN.html\" target=\"_blank\" rel=\"noreferrer noopener\"><strong>Plan europ\u00e9en de lutte contre le cancer\u00a0<\/strong><\/a>propuesto por el Comit\u00e9 Especial de Lucha contra el Cancer. C&#039;est la premi\u00e8re fois qu&#039;une institution europ\u00e9enne reconna\u00eet publiquement que le vape joue un r\u00f4le vital dans l&#039;abandon de l&#039;habitude de fumer. En m\u00eame temps, et de mani\u00e8re lamentable, les eurodiputados ne s&#039;engagent pas \u00e0 l&#039;avenir dans des interdictions de manger, car ils ont une m\u00e9thode compromise pour aider \u00e0 arr\u00eater de fumer.<\/p>\r\n\r\n\r\n\r\n<h3 class=\"wp-block-heading\" id=\"la-posicion-del-parlamento\">La posici\u00f3n del Parlamento<\/h3>\r\n\r\n\r\n\r\n<p>Dans la \u201c Proposition de r\u00e9solution du Parlement europ\u00e9en sur la consolidation de l&#039;Europe dans la lutte contre le cancer : il y a une strat\u00e9gie mondiale et coordonn\u00e9e \u201d, dans le domaine d&#039;action I, \u201c La pr\u00e9vention du cancer dans toutes les politiques europ\u00e9ennes \u201d, point 12, on lit :<\/p>\r\n\r\n\r\n\r\n<p><em>\u201c\u00a0Pide \u00e0 la Commission qui a un suivi des \u00e9valuations scientifiques des risques pour la sant\u00e9 li\u00e9e aux cigarettes \u00e9lectroniques, aux produits du tabac pour le chauffage et aux nouveaux produits du tabac, y compris l&#039;\u00e9valuation des risques de l&#039;utilisation de ces produits en comparaison avec la consommation d&#039;autres produits. produits de tabac, et l&#039;\u00e9tablissement au niveau europ\u00e9en d&#039;une liste de substances contenues et \u00e9mises par ces produits\u00a0; en consid\u00e9rant que les cigarettes \u00e9lectroniques peuvent permettre \u00e0 certains fumeurs de cesser de fumer progressivement\u00a0; produits attractifs pour les petites et les non-fumeurs\u00a0; aussi, selon la Commission qui a \u00e9valu\u00e9, dans le cadre de la Directive sur les produits de tabac, que les ar\u00f4mes des cigarettes \u00e9lectroniques sont particuli\u00e8rement attractifs pour les petits et les non-fumeurs, et qu&#039;ils propagent leur interdiction et, en outre, qu&#039;ils propagent une interdiction de tous les aliments caract\u00e9ristiques en produits de tabac calentado et produits de tabac nouveaux \u201d.<\/em><\/p>\r\n\r\n\r\n\r\n<h3 class=\"wp-block-heading\" id=\"la-voz-de-los-usuarios\">La voix des utilisateurs<\/h3>\r\n\r\n\r\n\r\n<p>L&#039;Alianza Mundial de Vapeadores (WVA), qui repr\u00e9sente des kilom\u00e8tres de voix de vapeadores dans toute l&#039;Europe, dans sa campagne\u00a0<a href=\"https:\/\/worldvapersalliance.com\/fr\/back-vaping-beat-smoking\/\" target=\"_blank\" rel=\"noreferrer noopener\">Vapoter est pr\u00e9f\u00e9rable \u00e0 fumer<\/a>\u00a0Il a fallu beaucoup de temps pour r\u00e9duire les risques et utiliser le vape comme un outil pour arr\u00eater les fum\u00e9es et faire partie du plan europ\u00e9en de lutte contre le cancer.<\/p>\r\n\r\n\r\n\r\n<p>En commentant le r\u00e9sultat du vote d&#039;aujourd&#039;hui, Michael Landl, directeur de WVA, a d\u00e9clar\u00e9\u00a0:<\/p>\r\n\r\n\r\n\r\n<p>\u201c&quot;Enfin, une institution de l&#039;UE reconna\u00eet que le vapeo aide les fumeurs \u00e0 arr\u00eater de fumer. C&#039;est une \u00e9tape importante \u00e0 suivre dans notre lutte pour sauver des vies afin de r\u00e9duire les dommages caus\u00e9s par le fumage. Nous devons le pouvoir de la voix des consommateurs individuels qui se trouvent un. Maintenant, c&#039;est le tour de la Commission de refuser d&#039;ignorer la science et l&#039;exp\u00e9rience de millions de consommateurs \u201d.<\/p>\r\n\r\n\r\n\r\n<p>Sans embargo, la position relative aux sabores ne change pas. Les eurod\u00e9put\u00e9s sollicitent la Commission pour que les aliments de vape soient \u00e9tiquet\u00e9s comme \u201c\u00a0attractifs pour les enfants\u00a0\u201d dans un espace interdit.<\/p>\r\n\r\n\r\n\r\n<p>Carmine Canino, pr\u00e9sident de\u00a0<a href=\"https:\/\/www.anpvu.it\/\" target=\"_blank\" rel=\"noreferrer noopener\">Association Nationale de Protection de la Vie Priv\u00e9e (ANVPV)<\/a>\u00a0L&#039;Italie et le membre du conseiller-assureur de WVA, ont ajout\u00e9\u00a0:<\/p>\r\n\r\n\r\n\r\n<p>\u201c&quot;Les scientifiques, les experts en r\u00e9duction des risques et les consommateurs ont \u00e9t\u00e9 clairs sur les cons\u00e9quences n\u00e9gatives de l&#039;interdiction ou m\u00eame de la limitation des soins. Une fois et d&#039;autres, les enqu\u00eates ont d\u00e9montr\u00e9 que les soins sont essentiels pour r\u00e9duire le tabagisme entre les adultes. Nous avons besoin que nos legisladores escuchen y act\u00faen\u201d.<\/p>\r\n\r\n\r\n\r\n<p>Demain, la Commission se r\u00e9unira dans les premi\u00e8res \u00e9tapes de la mise \u00e0 jour de sa directive sur les produits de tabac, et cela pour voir comment le vote d&#039;aujourd&#039;hui affectera cette l\u00e9gislation en ce qui concerne le vapeo.<\/p>\r\n\r\n\r\n\r\n<p>\u201c&quot;Il est crucial que les experts et les consommateurs signent leur voix. Nous esp\u00e9rons que les futurs propri\u00e9taires de la Commission reconna\u00eetront la r\u00e9duction des dommages. Nous continuerons \u00e0 d\u00e9fendre nos membres, en veillant \u00e0 ce que leurs voix soient \u00e9cout\u00e9es&quot;, a conclu Michael Landl.<\/p>\r\n\r\n\r\n\r\n<h4 class=\"wp-block-heading\" id=\"miembros-del-parlamento-presentes-para-la-votacion-final\">Les d\u00e9put\u00e9s du Parlement pr\u00e9sentent pour le vote final\u00a0:<\/h4>\r\n\r\n\r\n\r\n<p>Maria Arena, Bartosz Ar\u0142ukowicz, Sara Cerdas, Angelo Ciocca, Tudor Ciuhodaru, Nathalie Colin-Oesterl\u00e9, Antoni Com\u00edn i Oliveres, Margarita de la Pisa Carri\u00f3n, Cyrus Engerer, Pietro Fiocchi, Loucas Fourlas, Cindy Franssen, S\u00f8ren Gade, Giorgos Georgiou, Nicol\u00e1s Gonz\u00e1lez Casares, Ivars Ijabs, L\u00edvia J\u00e1r\u00f3ka, Ond\u0159ej Knotek, Kate\u0159ina Kone\u010dn\u00e1, Ewa Kopacz, Joanna Kopci\u0144ska, Peter Liese, Marian-Jean Marinescu, Jo\u00eblle M\u00e9lin, Dolors Montserrat, Alessandra Moretti, Manuela Ripa, Mich\u00e8le Rivasi, Bronis Rop\u0117, Maria Spyraki, Nicolae \u015etef\u0103nu\u021b\u0103, V\u00e9ronique Trillet-Lenoir, Stefania Zambelli. Au moment de la publication de cet article, le texte\u00a0<em>R\u00e9solution du Parlement europ\u00e9en, du 16 f\u00e9vrier 2022, sur le feu europ\u00e9en pour la lutte contre le cancer : une strat\u00e9gie mondiale et coordonn\u00e9e<\/em>\u00a0(2020\/2267(INI)) est aujourd\u2019hui en cours de publication. Mise \u00e0 jour ici\u00a0:\u00a0<a href=\"https:\/\/www.europarl.europa.eu\/doceo\/document\/TA-9-2022-0038_EN.html\" target=\"_blank\" rel=\"noreferrer noopener\">https:\/\/www.europarl.europa.eu\/doceo\/document\/TA-9-2022-0038_EN.html<\/a><\/p>\r\n\r\n\r\n\r\n<p><a href=\"https:\/\/www.thevapingtoday.com\/el-parlamento-europeo-confirma-que-el-vapeo-puede-ayudar-a-combatir-el-tabaquismo\/\">Initialement publi\u00e9 ici.<\/a><\/p>","protected":false},"excerpt":{"rendered":"<p>Europa ha dado un gran paso hacia el reconocimiento del vapeo como una estrategia para dejar de fumar. Sin embargo, a\u00fan persisten algunos prejuicios equivocados. El Parlamento Europeo ha votado hoy para adoptar el\u00a0Plan Europeo de Lucha contra el C\u00e1ncer\u00a0propuesto por el Comit\u00e9 Especial de Lucha contra el C\u00e1ncer. Esta es la primera vez que [&hellip;]<\/p>\n","protected":false},"author":7,"featured_media":6394,"comment_status":"open","ping_status":"open","sticky":false,"template":"","format":"standard","meta":{"footnotes":""},"categories":[15],"tags":[],"class_list":["post-1019","post","type-post","status-publish","format-standard","has-post-thumbnail","hentry","category-wva-in-the-news"],"yoast_head":"<!-- This site is optimized with the Yoast SEO plugin v27.3 - https:\/\/yoast.com\/product\/yoast-seo-wordpress\/ -->\n<title>El Parlamento Europeo confirma que el vapeo puede ayudar a combatir el tabaquismo - World Vapers&#039; Alliance<\/title>\n<meta name=\"robots\" content=\"index, follow, max-snippet:-1, max-image-preview:large, max-video-preview:-1\" \/>\n<link rel=\"canonical\" href=\"https:\/\/worldvapersalliance.com\/fr\/el-parlamento-europeo-confirma-que-el-vapeo-puede-ayudar-a-combatir-el-tabaquismo\/\" \/>\n<meta property=\"og:locale\" content=\"fr_FR\" \/>\n<meta property=\"og:type\" content=\"article\" \/>\n<meta property=\"og:title\" content=\"El Parlamento Europeo confirma que el vapeo puede ayudar a combatir el tabaquismo - World Vapers&#039; Alliance\" \/>\n<meta property=\"og:description\" content=\"Europa ha dado un gran paso hacia el reconocimiento del vapeo como una estrategia para dejar de fumar. Sin embargo, a\u00fan persisten algunos prejuicios equivocados. El Parlamento Europeo ha votado hoy para adoptar el\u00a0Plan Europeo de Lucha contra el C\u00e1ncer\u00a0propuesto por el Comit\u00e9 Especial de Lucha contra el C\u00e1ncer. Esta es la primera vez que [&hellip;]\" \/>\n<meta property=\"og:url\" content=\"https:\/\/worldvapersalliance.com\/fr\/el-parlamento-europeo-confirma-que-el-vapeo-puede-ayudar-a-combatir-el-tabaquismo\/\" \/>\n<meta property=\"og:site_name\" content=\"World Vapers&#039; Alliance\" \/>\n<meta property=\"article:published_time\" content=\"2022-03-01T14:59:34+00:00\" \/>\n<meta property=\"article:modified_time\" content=\"2022-04-09T07:18:00+00:00\" \/>\n<meta property=\"og:image\" content=\"https:\/\/worldvapersalliance.com\/wp-content\/uploads\/2022\/03\/World_Vapers_Alliance_Logo_White_Stripes.png\" \/>\n\t<meta property=\"og:image:width\" content=\"2081\" \/>\n\t<meta property=\"og:image:height\" content=\"1920\" \/>\n\t<meta property=\"og:image:type\" content=\"image\/png\" \/>\n<meta name=\"author\" content=\"Fabio Fernandes\" \/>\n<meta name=\"twitter:card\" content=\"summary_large_image\" \/>\n<meta name=\"twitter:label1\" content=\"\u00c9crit par\" \/>\n\t<meta name=\"twitter:data1\" content=\"Fabio Fernandes\" \/>\n\t<meta name=\"twitter:label2\" content=\"Dur\u00e9e de lecture estim\u00e9e\" \/>\n\t<meta name=\"twitter:data2\" content=\"4 minutes\" \/>\n<script type=\"application\/ld+json\" class=\"yoast-schema-graph\">{\"@context\":\"https:\\\/\\\/schema.org\",\"@graph\":[{\"@type\":\"Article\",\"@id\":\"https:\\\/\\\/worldvapersalliance.com\\\/el-parlamento-europeo-confirma-que-el-vapeo-puede-ayudar-a-combatir-el-tabaquismo\\\/#article\",\"isPartOf\":{\"@id\":\"https:\\\/\\\/worldvapersalliance.com\\\/el-parlamento-europeo-confirma-que-el-vapeo-puede-ayudar-a-combatir-el-tabaquismo\\\/\"},\"author\":{\"name\":\"Fabio Fernandes\",\"@id\":\"https:\\\/\\\/worldvapersalliance.com\\\/#\\\/schema\\\/person\\\/216fd3755694b5cf40a75104b7567982\"},\"headline\":\"El Parlamento Europeo confirma que el vapeo puede ayudar a combatir el taba &hellip;\",\"datePublished\":\"2022-03-01T14:59:34+00:00\",\"dateModified\":\"2022-04-09T07:18:00+00:00\",\"mainEntityOfPage\":{\"@id\":\"https:\\\/\\\/worldvapersalliance.com\\\/el-parlamento-europeo-confirma-que-el-vapeo-puede-ayudar-a-combatir-el-tabaquismo\\\/\"},\"wordCount\":876,\"commentCount\":0,\"publisher\":{\"@id\":\"https:\\\/\\\/worldvapersalliance.com\\\/#organization\"},\"image\":{\"@id\":\"https:\\\/\\\/worldvapersalliance.com\\\/el-parlamento-europeo-confirma-que-el-vapeo-puede-ayudar-a-combatir-el-tabaquismo\\\/#primaryimage\"},\"thumbnailUrl\":\"https:\\\/\\\/worldvapersalliance.com\\\/wp-content\\\/uploads\\\/2025\\\/08\\\/WVA-in-the-news.png\",\"articleSection\":[\"WVA in the News\"],\"inLanguage\":\"fr-FR\",\"potentialAction\":[{\"@type\":\"CommentAction\",\"name\":\"Comment\",\"target\":[\"https:\\\/\\\/worldvapersalliance.com\\\/el-parlamento-europeo-confirma-que-el-vapeo-puede-ayudar-a-combatir-el-tabaquismo\\\/#respond\"]}]},{\"@type\":\"WebPage\",\"@id\":\"https:\\\/\\\/worldvapersalliance.com\\\/el-parlamento-europeo-confirma-que-el-vapeo-puede-ayudar-a-combatir-el-tabaquismo\\\/\",\"url\":\"https:\\\/\\\/worldvapersalliance.com\\\/el-parlamento-europeo-confirma-que-el-vapeo-puede-ayudar-a-combatir-el-tabaquismo\\\/\",\"name\":\"El Parlamento Europeo confirma que el vapeo puede ayudar a combatir el tabaquismo - World Vapers&#039; Alliance\",\"isPartOf\":{\"@id\":\"https:\\\/\\\/worldvapersalliance.com\\\/#website\"},\"primaryImageOfPage\":{\"@id\":\"https:\\\/\\\/worldvapersalliance.com\\\/el-parlamento-europeo-confirma-que-el-vapeo-puede-ayudar-a-combatir-el-tabaquismo\\\/#primaryimage\"},\"image\":{\"@id\":\"https:\\\/\\\/worldvapersalliance.com\\\/el-parlamento-europeo-confirma-que-el-vapeo-puede-ayudar-a-combatir-el-tabaquismo\\\/#primaryimage\"},\"thumbnailUrl\":\"https:\\\/\\\/worldvapersalliance.com\\\/wp-content\\\/uploads\\\/2025\\\/08\\\/WVA-in-the-news.png\",\"datePublished\":\"2022-03-01T14:59:34+00:00\",\"dateModified\":\"2022-04-09T07:18:00+00:00\",\"inLanguage\":\"fr-FR\",\"potentialAction\":[{\"@type\":\"ReadAction\",\"target\":[\"https:\\\/\\\/worldvapersalliance.com\\\/el-parlamento-europeo-confirma-que-el-vapeo-puede-ayudar-a-combatir-el-tabaquismo\\\/\"]}]},{\"@type\":\"ImageObject\",\"inLanguage\":\"fr-FR\",\"@id\":\"https:\\\/\\\/worldvapersalliance.com\\\/el-parlamento-europeo-confirma-que-el-vapeo-puede-ayudar-a-combatir-el-tabaquismo\\\/#primaryimage\",\"url\":\"https:\\\/\\\/worldvapersalliance.com\\\/wp-content\\\/uploads\\\/2025\\\/08\\\/WVA-in-the-news.png\",\"contentUrl\":\"https:\\\/\\\/worldvapersalliance.com\\\/wp-content\\\/uploads\\\/2025\\\/08\\\/WVA-in-the-news.png\",\"width\":1264,\"height\":848},{\"@type\":\"WebSite\",\"@id\":\"https:\\\/\\\/worldvapersalliance.com\\\/#website\",\"url\":\"https:\\\/\\\/worldvapersalliance.com\\\/\",\"name\":\"World Vapers&#039; Alliance\",\"description\":\"The largest community of vapers\",\"publisher\":{\"@id\":\"https:\\\/\\\/worldvapersalliance.com\\\/#organization\"},\"potentialAction\":[{\"@type\":\"SearchAction\",\"target\":{\"@type\":\"EntryPoint\",\"urlTemplate\":\"https:\\\/\\\/worldvapersalliance.com\\\/?s={search_term_string}\"},\"query-input\":{\"@type\":\"PropertyValueSpecification\",\"valueRequired\":true,\"valueName\":\"search_term_string\"}}],\"inLanguage\":\"fr-FR\"},{\"@type\":\"Organization\",\"@id\":\"https:\\\/\\\/worldvapersalliance.com\\\/#organization\",\"name\":\"World Vapers&#039; Alliance\",\"url\":\"https:\\\/\\\/worldvapersalliance.com\\\/\",\"logo\":{\"@type\":\"ImageObject\",\"inLanguage\":\"fr-FR\",\"@id\":\"https:\\\/\\\/worldvapersalliance.com\\\/#\\\/schema\\\/logo\\\/image\\\/\",\"url\":\"https:\\\/\\\/worldvapersalliance.com\\\/wp-content\\\/uploads\\\/2022\\\/01\\\/WVA_RB_Fist_G.png\",\"contentUrl\":\"https:\\\/\\\/worldvapersalliance.com\\\/wp-content\\\/uploads\\\/2022\\\/01\\\/WVA_RB_Fist_G.png\",\"width\":985,\"height\":1177,\"caption\":\"World Vapers&#039; Alliance\"},\"image\":{\"@id\":\"https:\\\/\\\/worldvapersalliance.com\\\/#\\\/schema\\\/logo\\\/image\\\/\"}},{\"@type\":\"Person\",\"@id\":\"https:\\\/\\\/worldvapersalliance.com\\\/#\\\/schema\\\/person\\\/216fd3755694b5cf40a75104b7567982\",\"name\":\"Fabio Fernandes\",\"image\":{\"@type\":\"ImageObject\",\"inLanguage\":\"fr-FR\",\"@id\":\"https:\\\/\\\/secure.gravatar.com\\\/avatar\\\/d8016ed50889fcf1724876c34d4add2dafff82d053be50f8406714cfd387b500?s=96&d=mm&r=g\",\"url\":\"https:\\\/\\\/secure.gravatar.com\\\/avatar\\\/d8016ed50889fcf1724876c34d4add2dafff82d053be50f8406714cfd387b500?s=96&d=mm&r=g\",\"contentUrl\":\"https:\\\/\\\/secure.gravatar.com\\\/avatar\\\/d8016ed50889fcf1724876c34d4add2dafff82d053be50f8406714cfd387b500?s=96&d=mm&r=g\",\"caption\":\"Fabio Fernandes\"},\"url\":\"https:\\\/\\\/worldvapersalliance.com\\\/fr\\\/author\\\/fabio\\\/\"}]}<\/script>\n<!-- \/ Yoast SEO plugin. -->","yoast_head_json":{"title":"Le Parlement europ\u00e9en confirme que le vapeo peut aider \u00e0 combattre le tabaquisme - World Vapers&#039; Alliance","robots":{"index":"index","follow":"follow","max-snippet":"max-snippet:-1","max-image-preview":"max-image-preview:large","max-video-preview":"max-video-preview:-1"},"canonical":"https:\/\/worldvapersalliance.com\/fr\/el-parlamento-europeo-confirma-que-el-vapeo-puede-ayudar-a-combatir-el-tabaquismo\/","og_locale":"fr_FR","og_type":"article","og_title":"El Parlamento Europeo confirma que el vapeo puede ayudar a combatir el tabaquismo - World Vapers&#039; Alliance","og_description":"Europa ha dado un gran paso hacia el reconocimiento del vapeo como una estrategia para dejar de fumar. Sin embargo, a\u00fan persisten algunos prejuicios equivocados. El Parlamento Europeo ha votado hoy para adoptar el\u00a0Plan Europeo de Lucha contra el C\u00e1ncer\u00a0propuesto por el Comit\u00e9 Especial de Lucha contra el C\u00e1ncer. Esta es la primera vez que [&hellip;]","og_url":"https:\/\/worldvapersalliance.com\/fr\/el-parlamento-europeo-confirma-que-el-vapeo-puede-ayudar-a-combatir-el-tabaquismo\/","og_site_name":"World Vapers&#039; Alliance","article_published_time":"2022-03-01T14:59:34+00:00","article_modified_time":"2022-04-09T07:18:00+00:00","og_image":[{"width":2081,"height":1920,"url":"https:\/\/worldvapersalliance.com\/wp-content\/uploads\/2022\/03\/World_Vapers_Alliance_Logo_White_Stripes.png","type":"image\/png"}],"author":"Fabio Fernandes","twitter_card":"summary_large_image","twitter_misc":{"\u00c9crit par":"Fabio Fernandes","Dur\u00e9e de lecture estim\u00e9e":"4 minutes"},"schema":{"@context":"https:\/\/schema.org","@graph":[{"@type":"Article","@id":"https:\/\/worldvapersalliance.com\/el-parlamento-europeo-confirma-que-el-vapeo-puede-ayudar-a-combatir-el-tabaquismo\/#article","isPartOf":{"@id":"https:\/\/worldvapersalliance.com\/el-parlamento-europeo-confirma-que-el-vapeo-puede-ayudar-a-combatir-el-tabaquismo\/"},"author":{"name":"Fabio Fernandes","@id":"https:\/\/worldvapersalliance.com\/#\/schema\/person\/216fd3755694b5cf40a75104b7567982"},"headline":"El Parlamento Europeo confirma que el vapeo puede ayudar a combatir el taba &hellip;","datePublished":"2022-03-01T14:59:34+00:00","dateModified":"2022-04-09T07:18:00+00:00","mainEntityOfPage":{"@id":"https:\/\/worldvapersalliance.com\/el-parlamento-europeo-confirma-que-el-vapeo-puede-ayudar-a-combatir-el-tabaquismo\/"},"wordCount":876,"commentCount":0,"publisher":{"@id":"https:\/\/worldvapersalliance.com\/#organization"},"image":{"@id":"https:\/\/worldvapersalliance.com\/el-parlamento-europeo-confirma-que-el-vapeo-puede-ayudar-a-combatir-el-tabaquismo\/#primaryimage"},"thumbnailUrl":"https:\/\/worldvapersalliance.com\/wp-content\/uploads\/2025\/08\/WVA-in-the-news.png","articleSection":["WVA in the News"],"inLanguage":"fr-FR","potentialAction":[{"@type":"CommentAction","name":"Comment","target":["https:\/\/worldvapersalliance.com\/el-parlamento-europeo-confirma-que-el-vapeo-puede-ayudar-a-combatir-el-tabaquismo\/#respond"]}]},{"@type":"WebPage","@id":"https:\/\/worldvapersalliance.com\/el-parlamento-europeo-confirma-que-el-vapeo-puede-ayudar-a-combatir-el-tabaquismo\/","url":"https:\/\/worldvapersalliance.com\/el-parlamento-europeo-confirma-que-el-vapeo-puede-ayudar-a-combatir-el-tabaquismo\/","name":"Le Parlement europ\u00e9en confirme que le vapeo peut aider \u00e0 combattre le tabaquisme - World Vapers&#039; Alliance","isPartOf":{"@id":"https:\/\/worldvapersalliance.com\/#website"},"primaryImageOfPage":{"@id":"https:\/\/worldvapersalliance.com\/el-parlamento-europeo-confirma-que-el-vapeo-puede-ayudar-a-combatir-el-tabaquismo\/#primaryimage"},"image":{"@id":"https:\/\/worldvapersalliance.com\/el-parlamento-europeo-confirma-que-el-vapeo-puede-ayudar-a-combatir-el-tabaquismo\/#primaryimage"},"thumbnailUrl":"https:\/\/worldvapersalliance.com\/wp-content\/uploads\/2025\/08\/WVA-in-the-news.png","datePublished":"2022-03-01T14:59:34+00:00","dateModified":"2022-04-09T07:18:00+00:00","inLanguage":"fr-FR","potentialAction":[{"@type":"ReadAction","target":["https:\/\/worldvapersalliance.com\/el-parlamento-europeo-confirma-que-el-vapeo-puede-ayudar-a-combatir-el-tabaquismo\/"]}]},{"@type":"ImageObject","inLanguage":"fr-FR","@id":"https:\/\/worldvapersalliance.com\/el-parlamento-europeo-confirma-que-el-vapeo-puede-ayudar-a-combatir-el-tabaquismo\/#primaryimage","url":"https:\/\/worldvapersalliance.com\/wp-content\/uploads\/2025\/08\/WVA-in-the-news.png","contentUrl":"https:\/\/worldvapersalliance.com\/wp-content\/uploads\/2025\/08\/WVA-in-the-news.png","width":1264,"height":848},{"@type":"WebSite","@id":"https:\/\/worldvapersalliance.com\/#website","url":"https:\/\/worldvapersalliance.com\/","name":"Alliance mondiale des vapoteurs","description":"La plus grande communaut\u00e9 de vapoteurs","publisher":{"@id":"https:\/\/worldvapersalliance.com\/#organization"},"potentialAction":[{"@type":"SearchAction","target":{"@type":"EntryPoint","urlTemplate":"https:\/\/worldvapersalliance.com\/?s={search_term_string}"},"query-input":{"@type":"PropertyValueSpecification","valueRequired":true,"valueName":"search_term_string"}}],"inLanguage":"fr-FR"},{"@type":"Organization","@id":"https:\/\/worldvapersalliance.com\/#organization","name":"Alliance mondiale des vapoteurs","url":"https:\/\/worldvapersalliance.com\/","logo":{"@type":"ImageObject","inLanguage":"fr-FR","@id":"https:\/\/worldvapersalliance.com\/#\/schema\/logo\/image\/","url":"https:\/\/worldvapersalliance.com\/wp-content\/uploads\/2022\/01\/WVA_RB_Fist_G.png","contentUrl":"https:\/\/worldvapersalliance.com\/wp-content\/uploads\/2022\/01\/WVA_RB_Fist_G.png","width":985,"height":1177,"caption":"World Vapers&#039; Alliance"},"image":{"@id":"https:\/\/worldvapersalliance.com\/#\/schema\/logo\/image\/"}},{"@type":"Person","@id":"https:\/\/worldvapersalliance.com\/#\/schema\/person\/216fd3755694b5cf40a75104b7567982","name":"Fabio Fernandes","image":{"@type":"ImageObject","inLanguage":"fr-FR","@id":"https:\/\/secure.gravatar.com\/avatar\/d8016ed50889fcf1724876c34d4add2dafff82d053be50f8406714cfd387b500?s=96&d=mm&r=g","url":"https:\/\/secure.gravatar.com\/avatar\/d8016ed50889fcf1724876c34d4add2dafff82d053be50f8406714cfd387b500?s=96&d=mm&r=g","contentUrl":"https:\/\/secure.gravatar.com\/avatar\/d8016ed50889fcf1724876c34d4add2dafff82d053be50f8406714cfd387b500?s=96&d=mm&r=g","caption":"Fabio Fernandes"},"url":"https:\/\/worldvapersalliance.com\/fr\/author\/fabio\/"}]}},"_links":{"self":[{"href":"https:\/\/worldvapersalliance.com\/fr\/wp-json\/wp\/v2\/posts\/1019","targetHints":{"allow":["GET"]}}],"collection":[{"href":"https:\/\/worldvapersalliance.com\/fr\/wp-json\/wp\/v2\/posts"}],"about":[{"href":"https:\/\/worldvapersalliance.com\/fr\/wp-json\/wp\/v2\/types\/post"}],"author":[{"embeddable":true,"href":"https:\/\/worldvapersalliance.com\/fr\/wp-json\/wp\/v2\/users\/7"}],"replies":[{"embeddable":true,"href":"https:\/\/worldvapersalliance.com\/fr\/wp-json\/wp\/v2\/comments?post=1019"}],"version-history":[{"count":0,"href":"https:\/\/worldvapersalliance.com\/fr\/wp-json\/wp\/v2\/posts\/1019\/revisions"}],"wp:featuredmedia":[{"embeddable":true,"href":"https:\/\/worldvapersalliance.com\/fr\/wp-json\/wp\/v2\/media\/6394"}],"wp:attachment":[{"href":"https:\/\/worldvapersalliance.com\/fr\/wp-json\/wp\/v2\/media?parent=1019"}],"wp:term":[{"taxonomy":"category","embeddable":true,"href":"https:\/\/worldvapersalliance.com\/fr\/wp-json\/wp\/v2\/categories?post=1019"},{"taxonomy":"post_tag","embeddable":true,"href":"https:\/\/worldvapersalliance.com\/fr\/wp-json\/wp\/v2\/tags?post=1019"}],"curies":[{"name":"wp","href":"https:\/\/api.w.org\/{rel}","templated":true}]}}