{"id":6398,"date":"2025-06-11T12:04:48","date_gmt":"2025-06-11T16:04:48","guid":{"rendered":"https:\/\/worldvapersalliance.com\/?p=6398"},"modified":"2025-08-08T12:05:28","modified_gmt":"2025-08-08T16:05:28","slug":"brussels-to-raise-tax-on-vapes-pouches-and-iqos","status":"publish","type":"post","link":"https:\/\/worldvapersalliance.com\/fi\/brussels-to-raise-tax-on-vapes-pouches-and-iqos\/","title":{"rendered":"BRYSSEL KOROTTAA VEROA VAPEISTA, PUSSEISTA JA IQOSISTA"},"content":{"rendered":"<p><strong>Euroopan komissio suunnittelee massiivisia veronkorotuksia h\u00f6yrystystuotteille, pusseille ja l\u00e4mmitett\u00e4ville tupakkatuotteille, kuten iQOS:lle, Clearing the Airin n\u00e4kem\u00e4\u00e4n vuodettuun vaikutustenarviointiin.<\/strong><\/p>\n<p>Suunniteltujen toimenpiteiden mukaan, jotka Clearing the Airin mukaan julkistetaan ennen EU:n kes\u00e4taukoa elokuussa, 10 ml:n e-nesteen hinta nousisi nelj\u00e4n vuoden aikana v\u00e4hint\u00e4\u00e4n 3,60 euroa. T\u00e4m\u00e4 puolittuisi miedompien nesteiden osalta, mik\u00e4 rankaisisi ahkerasti tupakoivia ja lopettamista yritt\u00e4vi\u00e4.<\/p>\n<p>Komissio v\u00e4itt\u00e4\u00e4, ett\u00e4 kyse on terveydest\u00e4: 700 000 tupakkakuolemaa vuodessa, &quot;tupakoimaton sukupolvi&quot; -tavoite ja sy\u00f6v\u00e4n ehk\u00e4isy.<\/p>\n<p>Mutta kansanterveyden savuverhon takana virkamiehet my\u00f6nt\u00e4v\u00e4t, ett\u00e4 uudet verot toisivat miljardeja uusia tuloja \u2013 samalla kun ne iskeisiv\u00e4t kovimmin pieniin s\u00e4hk\u00f6tupakkakauppoihin, rajat ylitt\u00e4viin ostajiin ja Euroopan k\u00f6yhimpiin tupakoitsijoihin.<\/p>\n<p>Lue koko teksti <a href=\"https:\/\/clearingtheair.eu\/en\/post\/exclusive-brussels-to-raise-tax-on-vapes-pouches-and-iqos\/\" target=\"_blank\" rel=\"noopener\">t\u00e4ss\u00e4<\/a><\/p>","protected":false},"excerpt":{"rendered":"<p>The European Commission is planning to require massive tax hikes on vapes, pouches and heated tobacco products like iQOS, according to a leaked impact assessment seen by Clearing the Air. Under the planned measures, which Clearing the Air understands is to be announced before the EU\u2019s summer break in August, the price of a 10ml [&hellip;]<\/p>\n","protected":false},"author":11,"featured_media":6394,"comment_status":"open","ping_status":"open","sticky":false,"template":"","format":"standard","meta":{"footnotes":""},"categories":[15],"tags":[],"class_list":["post-6398","post","type-post","status-publish","format-standard","has-post-thumbnail","hentry","category-wva-in-the-news"],"yoast_head":"<!-- This site is optimized with the Yoast SEO plugin v28.4 - https:\/\/yoast.com\/product\/yoast-seo-wordpress\/ -->\n<title>BRUSSELS TO RAISE TAX ON VAPES, POUCHES AND IQOS - World Vapers&#039; Alliance<\/title>\n<meta name=\"robots\" content=\"index, follow, max-snippet:-1, max-image-preview:large, max-video-preview:-1\" \/>\n<link rel=\"canonical\" href=\"https:\/\/worldvapersalliance.com\/fi\/brussels-to-raise-tax-on-vapes-pouches-and-iqos\/\" \/>\n<meta property=\"og:locale\" content=\"fi_FI\" \/>\n<meta property=\"og:type\" content=\"article\" \/>\n<meta property=\"og:title\" content=\"BRUSSELS TO RAISE TAX ON VAPES, POUCHES AND IQOS - World Vapers&#039; Alliance\" \/>\n<meta property=\"og:description\" content=\"The European Commission is planning to require massive tax hikes on vapes, pouches and heated tobacco products like iQOS, according to a leaked impact assessment seen by Clearing the Air. Under the planned measures, which Clearing the Air understands is to be announced before the EU\u2019s summer break in August, the price of a 10ml [&hellip;]\" \/>\n<meta property=\"og:url\" content=\"https:\/\/worldvapersalliance.com\/fi\/brussels-to-raise-tax-on-vapes-pouches-and-iqos\/\" \/>\n<meta property=\"og:site_name\" content=\"World Vapers&#039; Alliance\" \/>\n<meta property=\"article:published_time\" content=\"2025-06-11T16:04:48+00:00\" \/>\n<meta property=\"article:modified_time\" content=\"2025-08-08T16:05:28+00:00\" \/>\n<meta property=\"og:image\" content=\"https:\/\/worldvapersalliance.com\/wp-content\/uploads\/2025\/08\/WVA-in-the-news.png\" \/>\n\t<meta property=\"og:image:width\" content=\"1264\" \/>\n\t<meta property=\"og:image:height\" content=\"848\" \/>\n\t<meta property=\"og:image:type\" content=\"image\/png\" \/>\n<meta name=\"author\" content=\"World Vapers&#039; Alliance\" \/>\n<meta name=\"twitter:card\" content=\"summary_large_image\" \/>\n<meta name=\"twitter:label1\" content=\"Kirjoittanut\" \/>\n\t<meta name=\"twitter:data1\" content=\"World Vapers&#039; Alliance\" \/>\n\t<meta name=\"twitter:label2\" content=\"Arvioitu lukuaika\" \/>\n\t<meta name=\"twitter:data2\" content=\"1 minuutti\" \/>\n<script type=\"application\/ld+json\" class=\"yoast-schema-graph\">{\"@context\":\"https:\\\/\\\/schema.org\",\"@graph\":[{\"@type\":\"Article\",\"@id\":\"https:\\\/\\\/worldvapersalliance.com\\\/brussels-to-raise-tax-on-vapes-pouches-and-iqos\\\/#article\",\"isPartOf\":{\"@id\":\"https:\\\/\\\/worldvapersalliance.com\\\/brussels-to-raise-tax-on-vapes-pouches-and-iqos\\\/\"},\"author\":{\"name\":\"World Vapers' Alliance\",\"@id\":\"https:\\\/\\\/worldvapersalliance.com\\\/#\\\/schema\\\/person\\\/18484a6f20bcc6f70a2419c8babe017d\"},\"headline\":\"BRUSSELS TO RAISE TAX ON VAPES, POUCHES AND IQOS\",\"datePublished\":\"2025-06-11T16:04:48+00:00\",\"dateModified\":\"2025-08-08T16:05:28+00:00\",\"mainEntityOfPage\":{\"@id\":\"https:\\\/\\\/worldvapersalliance.com\\\/brussels-to-raise-tax-on-vapes-pouches-and-iqos\\\/\"},\"wordCount\":149,\"commentCount\":0,\"publisher\":{\"@id\":\"https:\\\/\\\/worldvapersalliance.com\\\/#organization\"},\"image\":{\"@id\":\"https:\\\/\\\/worldvapersalliance.com\\\/brussels-to-raise-tax-on-vapes-pouches-and-iqos\\\/#primaryimage\"},\"thumbnailUrl\":\"https:\\\/\\\/worldvapersalliance.com\\\/wp-content\\\/uploads\\\/2025\\\/08\\\/WVA-in-the-news.png\",\"articleSection\":[\"WVA in the News\"],\"inLanguage\":\"fi\",\"potentialAction\":[{\"@type\":\"CommentAction\",\"name\":\"Comment\",\"target\":[\"https:\\\/\\\/worldvapersalliance.com\\\/brussels-to-raise-tax-on-vapes-pouches-and-iqos\\\/#respond\"]}]},{\"@type\":\"WebPage\",\"@id\":\"https:\\\/\\\/worldvapersalliance.com\\\/brussels-to-raise-tax-on-vapes-pouches-and-iqos\\\/\",\"url\":\"https:\\\/\\\/worldvapersalliance.com\\\/brussels-to-raise-tax-on-vapes-pouches-and-iqos\\\/\",\"name\":\"BRUSSELS TO RAISE TAX ON VAPES, POUCHES AND IQOS - World Vapers&#039; Alliance\",\"isPartOf\":{\"@id\":\"https:\\\/\\\/worldvapersalliance.com\\\/#website\"},\"primaryImageOfPage\":{\"@id\":\"https:\\\/\\\/worldvapersalliance.com\\\/brussels-to-raise-tax-on-vapes-pouches-and-iqos\\\/#primaryimage\"},\"image\":{\"@id\":\"https:\\\/\\\/worldvapersalliance.com\\\/brussels-to-raise-tax-on-vapes-pouches-and-iqos\\\/#primaryimage\"},\"thumbnailUrl\":\"https:\\\/\\\/worldvapersalliance.com\\\/wp-content\\\/uploads\\\/2025\\\/08\\\/WVA-in-the-news.png\",\"datePublished\":\"2025-06-11T16:04:48+00:00\",\"dateModified\":\"2025-08-08T16:05:28+00:00\",\"inLanguage\":\"fi\",\"potentialAction\":[{\"@type\":\"ReadAction\",\"target\":[\"https:\\\/\\\/worldvapersalliance.com\\\/brussels-to-raise-tax-on-vapes-pouches-and-iqos\\\/\"]}]},{\"@type\":\"ImageObject\",\"inLanguage\":\"fi\",\"@id\":\"https:\\\/\\\/worldvapersalliance.com\\\/brussels-to-raise-tax-on-vapes-pouches-and-iqos\\\/#primaryimage\",\"url\":\"https:\\\/\\\/worldvapersalliance.com\\\/wp-content\\\/uploads\\\/2025\\\/08\\\/WVA-in-the-news.png\",\"contentUrl\":\"https:\\\/\\\/worldvapersalliance.com\\\/wp-content\\\/uploads\\\/2025\\\/08\\\/WVA-in-the-news.png\",\"width\":1264,\"height\":848},{\"@type\":\"WebSite\",\"@id\":\"https:\\\/\\\/worldvapersalliance.com\\\/#website\",\"url\":\"https:\\\/\\\/worldvapersalliance.com\\\/\",\"name\":\"World Vapers&#039; Alliance\",\"description\":\"The largest community of vapers\",\"publisher\":{\"@id\":\"https:\\\/\\\/worldvapersalliance.com\\\/#organization\"},\"potentialAction\":[{\"@type\":\"SearchAction\",\"target\":{\"@type\":\"EntryPoint\",\"urlTemplate\":\"https:\\\/\\\/worldvapersalliance.com\\\/?s={search_term_string}\"},\"query-input\":{\"@type\":\"PropertyValueSpecification\",\"valueRequired\":true,\"valueName\":\"search_term_string\"}}],\"inLanguage\":\"fi\"},{\"@type\":\"Organization\",\"@id\":\"https:\\\/\\\/worldvapersalliance.com\\\/#organization\",\"name\":\"World Vapers&#039; Alliance\",\"url\":\"https:\\\/\\\/worldvapersalliance.com\\\/\",\"logo\":{\"@type\":\"ImageObject\",\"inLanguage\":\"fi\",\"@id\":\"https:\\\/\\\/worldvapersalliance.com\\\/#\\\/schema\\\/logo\\\/image\\\/\",\"url\":\"https:\\\/\\\/worldvapersalliance.com\\\/wp-content\\\/uploads\\\/2022\\\/01\\\/WVA_RB_Fist_G.png\",\"contentUrl\":\"https:\\\/\\\/worldvapersalliance.com\\\/wp-content\\\/uploads\\\/2022\\\/01\\\/WVA_RB_Fist_G.png\",\"width\":985,\"height\":1177,\"caption\":\"World Vapers&#039; Alliance\"},\"image\":{\"@id\":\"https:\\\/\\\/worldvapersalliance.com\\\/#\\\/schema\\\/logo\\\/image\\\/\"}},{\"@type\":\"Person\",\"@id\":\"https:\\\/\\\/worldvapersalliance.com\\\/#\\\/schema\\\/person\\\/18484a6f20bcc6f70a2419c8babe017d\",\"name\":\"World Vapers' Alliance\",\"image\":{\"@type\":\"ImageObject\",\"inLanguage\":\"fi\",\"@id\":\"https:\\\/\\\/secure.gravatar.com\\\/avatar\\\/456bf795c7a47c9ac527a94da4bff150aa49e48726d69bee9937f8383cffa246?s=96&d=mm&r=g\",\"url\":\"https:\\\/\\\/secure.gravatar.com\\\/avatar\\\/456bf795c7a47c9ac527a94da4bff150aa49e48726d69bee9937f8383cffa246?s=96&d=mm&r=g\",\"contentUrl\":\"https:\\\/\\\/secure.gravatar.com\\\/avatar\\\/456bf795c7a47c9ac527a94da4bff150aa49e48726d69bee9937f8383cffa246?s=96&d=mm&r=g\",\"caption\":\"World Vapers' Alliance\"},\"url\":\"https:\\\/\\\/worldvapersalliance.com\\\/fi\\\/author\\\/wva\\\/\"}]}<\/script>\n<!-- \/ Yoast SEO plugin. -->","yoast_head_json":{"title":"Bryssel korottaa vape-s\u00e4hk\u00f6tupakkatuotteiden, pussien ja IQO-s\u00e4hk\u00f6tupakkatuotteiden veroja - World Vapers&#039; Alliance","robots":{"index":"index","follow":"follow","max-snippet":"max-snippet:-1","max-image-preview":"max-image-preview:large","max-video-preview":"max-video-preview:-1"},"canonical":"https:\/\/worldvapersalliance.com\/fi\/brussels-to-raise-tax-on-vapes-pouches-and-iqos\/","og_locale":"fi_FI","og_type":"article","og_title":"BRUSSELS TO RAISE TAX ON VAPES, POUCHES AND IQOS - World Vapers&#039; Alliance","og_description":"The European Commission is planning to require massive tax hikes on vapes, pouches and heated tobacco products like iQOS, according to a leaked impact assessment seen by Clearing the Air. Under the planned measures, which Clearing the Air understands is to be announced before the EU\u2019s summer break in August, the price of a 10ml [&hellip;]","og_url":"https:\/\/worldvapersalliance.com\/fi\/brussels-to-raise-tax-on-vapes-pouches-and-iqos\/","og_site_name":"World Vapers&#039; Alliance","article_published_time":"2025-06-11T16:04:48+00:00","article_modified_time":"2025-08-08T16:05:28+00:00","og_image":[{"width":1264,"height":848,"url":"https:\/\/worldvapersalliance.com\/wp-content\/uploads\/2025\/08\/WVA-in-the-news.png","type":"image\/png"}],"author":"World Vapers' Alliance","twitter_card":"summary_large_image","twitter_misc":{"Kirjoittanut":"World Vapers' Alliance","Arvioitu lukuaika":"1 minuutti"},"schema":{"@context":"https:\/\/schema.org","@graph":[{"@type":"Article","@id":"https:\/\/worldvapersalliance.com\/brussels-to-raise-tax-on-vapes-pouches-and-iqos\/#article","isPartOf":{"@id":"https:\/\/worldvapersalliance.com\/brussels-to-raise-tax-on-vapes-pouches-and-iqos\/"},"author":{"name":"World Vapers' Alliance","@id":"https:\/\/worldvapersalliance.com\/#\/schema\/person\/18484a6f20bcc6f70a2419c8babe017d"},"headline":"BRUSSELS TO RAISE TAX ON VAPES, POUCHES AND IQOS","datePublished":"2025-06-11T16:04:48+00:00","dateModified":"2025-08-08T16:05:28+00:00","mainEntityOfPage":{"@id":"https:\/\/worldvapersalliance.com\/brussels-to-raise-tax-on-vapes-pouches-and-iqos\/"},"wordCount":149,"commentCount":0,"publisher":{"@id":"https:\/\/worldvapersalliance.com\/#organization"},"image":{"@id":"https:\/\/worldvapersalliance.com\/brussels-to-raise-tax-on-vapes-pouches-and-iqos\/#primaryimage"},"thumbnailUrl":"https:\/\/worldvapersalliance.com\/wp-content\/uploads\/2025\/08\/WVA-in-the-news.png","articleSection":["WVA in the News"],"inLanguage":"fi","potentialAction":[{"@type":"CommentAction","name":"Comment","target":["https:\/\/worldvapersalliance.com\/brussels-to-raise-tax-on-vapes-pouches-and-iqos\/#respond"]}]},{"@type":"WebPage","@id":"https:\/\/worldvapersalliance.com\/brussels-to-raise-tax-on-vapes-pouches-and-iqos\/","url":"https:\/\/worldvapersalliance.com\/brussels-to-raise-tax-on-vapes-pouches-and-iqos\/","name":"Bryssel korottaa vape-s\u00e4hk\u00f6tupakkatuotteiden, pussien ja IQO-s\u00e4hk\u00f6tupakkatuotteiden veroja - World Vapers&#039; Alliance","isPartOf":{"@id":"https:\/\/worldvapersalliance.com\/#website"},"primaryImageOfPage":{"@id":"https:\/\/worldvapersalliance.com\/brussels-to-raise-tax-on-vapes-pouches-and-iqos\/#primaryimage"},"image":{"@id":"https:\/\/worldvapersalliance.com\/brussels-to-raise-tax-on-vapes-pouches-and-iqos\/#primaryimage"},"thumbnailUrl":"https:\/\/worldvapersalliance.com\/wp-content\/uploads\/2025\/08\/WVA-in-the-news.png","datePublished":"2025-06-11T16:04:48+00:00","dateModified":"2025-08-08T16:05:28+00:00","inLanguage":"fi","potentialAction":[{"@type":"ReadAction","target":["https:\/\/worldvapersalliance.com\/brussels-to-raise-tax-on-vapes-pouches-and-iqos\/"]}]},{"@type":"ImageObject","inLanguage":"fi","@id":"https:\/\/worldvapersalliance.com\/brussels-to-raise-tax-on-vapes-pouches-and-iqos\/#primaryimage","url":"https:\/\/worldvapersalliance.com\/wp-content\/uploads\/2025\/08\/WVA-in-the-news.png","contentUrl":"https:\/\/worldvapersalliance.com\/wp-content\/uploads\/2025\/08\/WVA-in-the-news.png","width":1264,"height":848},{"@type":"WebSite","@id":"https:\/\/worldvapersalliance.com\/#website","url":"https:\/\/worldvapersalliance.com\/","name":"World Vapers&#039; Alliance","description":"Suurin vapaiden yhteis\u00f6","publisher":{"@id":"https:\/\/worldvapersalliance.com\/#organization"},"potentialAction":[{"@type":"SearchAction","target":{"@type":"EntryPoint","urlTemplate":"https:\/\/worldvapersalliance.com\/?s={search_term_string}"},"query-input":{"@type":"PropertyValueSpecification","valueRequired":true,"valueName":"search_term_string"}}],"inLanguage":"fi"},{"@type":"Organization","@id":"https:\/\/worldvapersalliance.com\/#organization","name":"World Vapers&#039; Alliance","url":"https:\/\/worldvapersalliance.com\/","logo":{"@type":"ImageObject","inLanguage":"fi","@id":"https:\/\/worldvapersalliance.com\/#\/schema\/logo\/image\/","url":"https:\/\/worldvapersalliance.com\/wp-content\/uploads\/2022\/01\/WVA_RB_Fist_G.png","contentUrl":"https:\/\/worldvapersalliance.com\/wp-content\/uploads\/2022\/01\/WVA_RB_Fist_G.png","width":985,"height":1177,"caption":"World Vapers&#039; Alliance"},"image":{"@id":"https:\/\/worldvapersalliance.com\/#\/schema\/logo\/image\/"}},{"@type":"Person","@id":"https:\/\/worldvapersalliance.com\/#\/schema\/person\/18484a6f20bcc6f70a2419c8babe017d","name":"World Vapers&#039; Alliance","image":{"@type":"ImageObject","inLanguage":"fi","@id":"https:\/\/secure.gravatar.com\/avatar\/456bf795c7a47c9ac527a94da4bff150aa49e48726d69bee9937f8383cffa246?s=96&d=mm&r=g","url":"https:\/\/secure.gravatar.com\/avatar\/456bf795c7a47c9ac527a94da4bff150aa49e48726d69bee9937f8383cffa246?s=96&d=mm&r=g","contentUrl":"https:\/\/secure.gravatar.com\/avatar\/456bf795c7a47c9ac527a94da4bff150aa49e48726d69bee9937f8383cffa246?s=96&d=mm&r=g","caption":"World Vapers' Alliance"},"url":"https:\/\/worldvapersalliance.com\/fi\/author\/wva\/"}]}},"_links":{"self":[{"href":"https:\/\/worldvapersalliance.com\/fi\/wp-json\/wp\/v2\/posts\/6398","targetHints":{"allow":["GET"]}}],"collection":[{"href":"https:\/\/worldvapersalliance.com\/fi\/wp-json\/wp\/v2\/posts"}],"about":[{"href":"https:\/\/worldvapersalliance.com\/fi\/wp-json\/wp\/v2\/types\/post"}],"author":[{"embeddable":true,"href":"https:\/\/worldvapersalliance.com\/fi\/wp-json\/wp\/v2\/users\/11"}],"replies":[{"embeddable":true,"href":"https:\/\/worldvapersalliance.com\/fi\/wp-json\/wp\/v2\/comments?post=6398"}],"version-history":[{"count":0,"href":"https:\/\/worldvapersalliance.com\/fi\/wp-json\/wp\/v2\/posts\/6398\/revisions"}],"wp:featuredmedia":[{"embeddable":true,"href":"https:\/\/worldvapersalliance.com\/fi\/wp-json\/wp\/v2\/media\/6394"}],"wp:attachment":[{"href":"https:\/\/worldvapersalliance.com\/fi\/wp-json\/wp\/v2\/media?parent=6398"}],"wp:term":[{"taxonomy":"category","embeddable":true,"href":"https:\/\/worldvapersalliance.com\/fi\/wp-json\/wp\/v2\/categories?post=6398"},{"taxonomy":"post_tag","embeddable":true,"href":"https:\/\/worldvapersalliance.com\/fi\/wp-json\/wp\/v2\/tags?post=6398"}],"curies":[{"name":"wp","href":"https:\/\/api.w.org\/{rel}","templated":true}]}}