{"id":6163,"date":"2025-04-15T07:31:29","date_gmt":"2025-04-15T11:31:29","guid":{"rendered":"https:\/\/worldvapersalliance.com\/?p=6163"},"modified":"2025-04-15T07:31:29","modified_gmt":"2025-04-15T11:31:29","slug":"eu-commissions-new-tobacco-tax-plan-a-direct-attack-on-public-health-the-poor-and-common-sense","status":"publish","type":"post","link":"https:\/\/worldvapersalliance.com\/fi\/eu-commissions-new-tobacco-tax-plan-a-direct-attack-on-public-health-the-poor-and-common-sense\/","title":{"rendered":"EU-komission uusi tupakkaverosuunnitelma: Suora hy\u00f6kk\u00e4ys kansanterveytt\u00e4 vastaan\u2026"},"content":{"rendered":"<p>Bryssel, 15. huhtikuuta 2025 \u2013 Maailman h\u00f6yryttelij\u00f6iden liitto (WVA) on reagoinut h\u00e4lytt\u00e4v\u00e4sti <a href=\"https:\/\/link.mediaoutreach.meltwater.com\/ls\/click?upn=u001.kkA-2B5AE43OxWPGlc5bDzqL07cU9zHPMiNNCpTvmb27Br-2FnKlHSMgfRymn4ptBT9t6kH0n0xiZfc6edklxmpOnUl28bFxk2rBv89PNqEGrFnZzAkmdzp8hZq8IDXTybYL21bvHDbIR-2F-2BxFdKOXkhaajp1nBVCIGaRRpS-2BAkdLSwed9zVinjeyWao-2BevJvK8fR1Vb7TBjTzd0mDjmuHjZPxXFOlF-2FgecXLVBsucof3p0bEJWEDdrsArfloHfYhLeBtJAhy1EtyPmPqepOrzXyRka72uagq9vLI6AntyuUHu3liMYVjQ0iMRfiYMY-2FmQJITTFi8_EHy7tFOGs40gVcYn37LlHB4LH7beuJx4SJAbMI-2FNlfkwhj-2FQYzYY45KYKypHva6I1tReIGTC-2F9uofjPB6G1W8Z5yfAA4M5nDR1OxL4yWRazKlUaNgNPNqmnJJzpn28lscqHnpFBurxH0iFOLCEBKoCvCbnGamPhj1FWz5YS2RGrgx2LjClX-2FGMoW9UWTnxJX1ZRpS-2FSvKp1GlOOp5i-2FkRWK9Wk4EIF5YLk7rKPfHofpoaRHbk448FiaHgt-2FLzbiG9l2cxNINLzA-2FXamUu6WPqmWmerItEStI6Je5yxcshAcKRCiho-2FLpCmkqKuryqkKHAMgp95iNtdjj-2FK-2Fbx9ZL1y2772IIl-2FZuJ5JbgXuVfQc0zUg0SYt2giNdwJk9PQ9C222ckJ2ejDvEXz9AUu9-2FUA-3D-3D\" target=\"_blank\" rel=\"noopener\" data-saferedirecturl=\"https:\/\/www.google.com\/url?q=https:\/\/link.mediaoutreach.meltwater.com\/ls\/click?upn%3Du001.kkA-2B5AE43OxWPGlc5bDzqL07cU9zHPMiNNCpTvmb27Br-2FnKlHSMgfRymn4ptBT9t6kH0n0xiZfc6edklxmpOnUl28bFxk2rBv89PNqEGrFnZzAkmdzp8hZq8IDXTybYL21bvHDbIR-2F-2BxFdKOXkhaajp1nBVCIGaRRpS-2BAkdLSwed9zVinjeyWao-2BevJvK8fR1Vb7TBjTzd0mDjmuHjZPxXFOlF-2FgecXLVBsucof3p0bEJWEDdrsArfloHfYhLeBtJAhy1EtyPmPqepOrzXyRka72uagq9vLI6AntyuUHu3liMYVjQ0iMRfiYMY-2FmQJITTFi8_EHy7tFOGs40gVcYn37LlHB4LH7beuJx4SJAbMI-2FNlfkwhj-2FQYzYY45KYKypHva6I1tReIGTC-2F9uofjPB6G1W8Z5yfAA4M5nDR1OxL4yWRazKlUaNgNPNqmnJJzpn28lscqHnpFBurxH0iFOLCEBKoCvCbnGamPhj1FWz5YS2RGrgx2LjClX-2FGMoW9UWTnxJX1ZRpS-2FSvKp1GlOOp5i-2FkRWK9Wk4EIF5YLk7rKPfHofpoaRHbk448FiaHgt-2FLzbiG9l2cxNINLzA-2FXamUu6WPqmWmerItEStI6Je5yxcshAcKRCiho-2FLpCmkqKuryqkKHAMgp95iNtdjj-2FK-2Fbx9ZL1y2772IIl-2FZuJ5JbgXuVfQc0zUg0SYt2giNdwJk9PQ9C222ckJ2ejDvEXz9AUu9-2FUA-3D-3D&amp;source=gmail&amp;ust=1744802964098000&amp;usg=AOvVaw0aTEHArO3AW7eyUErYnrmA\">Bild Zeitung<\/a> Raportti paljastaa Euroopan komission nikotiiniverosuunnitelman. EU harkitsee savukkeiden hintojen korotusta 30%:n mukaisesti ja, mik\u00e4 viel\u00e4 p\u00f6yristytt\u00e4v\u00e4mp\u00e4\u00e4, suunnittelee h\u00f6yryttelytuotteiden ja muiden v\u00e4hemm\u00e4n haitallisten nikotiinivaihtoehtojen verotuksen dramaattista korottamista. Virallisen ilmoituksen tullessa mahdollisesti jo huomenna, WVA kehottaa komissiota luopumaan t\u00e4st\u00e4 holtittomasta toimenpiteest\u00e4, joka rankaisisi miljoonia tupakointia lopettamaan yritt\u00e4vi\u00e4 tupakoitsijoita, iskeisi kovimmin k\u00f6yhimpiin ja antaisi EU:n vastaisille populisteille uuden voimakkaan puheenvuoron.<\/p>\n<p>Michael Landl, World Vapers&#039; Alliancen johtaja, sanoi:<\/p>\n<p><strong><em>\u201cT\u00e4m\u00e4 ei ole vain huonoa politiikkaa, se on kansanterveydellinen katastrofi, joka johtaa sosiaaliseen ep\u00e4oikeudenmukaisuuteen. Komissio j\u00e4tt\u00e4\u00e4 tieteen huomiotta, rankaisee k\u00f6yhi\u00e4 ja antaa EU:n vastaisille \u00e4\u00e4nille juuri sit\u00e4, mit\u00e4 ne haluavat: todisteita siit\u00e4, ett\u00e4 Bryssel on vieraantunut eik\u00e4 v\u00e4lit\u00e4 tavallisista ihmisist\u00e4.\u201d<br \/>\n<\/em><\/strong><\/p>\n<p>Tupakointi on korkeinta pienituloisten eurooppalaisten keskuudessa, joilla on my\u00f6s v\u00e4hiten varaa korkeampiin hintoihin. <strong><em>\u201cKorottamalla veroja kaikilla aloilla komissio vaikeuttaa entisest\u00e4\u00e4n v\u00e4h\u00e4osaisimpien mahdollisuuksia p\u00e4\u00e4st\u00e4 irti savukeriippuvuudesta. S\u00e4hk\u00f6tupakkaa ja muita v\u00e4hemm\u00e4n haitallisia vaihtoehtoja tulisi verottaa v\u00e4hemm\u00e4n, ei enemp\u00e4\u00e4, jotta tupakoitsijoilla olisi kaikki kannustimet vaihtamiseen. EU:n on k\u00e4\u00e4nnett\u00e4v\u00e4 kurssi ennen kuin se aiheuttaa korjaamatonta vahinkoa miljoonille kansalaisilleen.\u201d,<\/em><\/strong> Landl p\u00e4\u00e4tti asian.<\/p>","protected":false},"excerpt":{"rendered":"<p>Brussels, 15 April 2025 \u2013 The World Vapers\u2019 Alliance (WVA) reacts with alarm to the Bild Zeitung report revealing the European Commission\u2019s nicotine tax plan. The EU is considering a 30% hike in cigarette prices and, even more outrageously, plans to drastically increase taxation on vaping products and other less harmful nicotine alternatives. With the [&hellip;]<\/p>\n","protected":false},"author":11,"featured_media":3245,"comment_status":"open","ping_status":"open","sticky":false,"template":"","format":"standard","meta":{"footnotes":""},"categories":[13],"tags":[],"class_list":["post-6163","post","type-post","status-publish","format-standard","has-post-thumbnail","hentry","category-press-releases"],"yoast_head":"<!-- This site is optimized with the Yoast SEO plugin v27.3 - https:\/\/yoast.com\/product\/yoast-seo-wordpress\/ -->\n<title>EU Commission\u2019s New Tobacco Tax Plan: A Direct Attack on Public Health, the Poor, and Common Sense - World Vapers&#039; Alliance<\/title>\n<meta name=\"description\" content=\"The World Vapers\u2019 Alliance (WVA) reacts with alarm to the Bild Zeitung report revealing the European Commission\u2019s nicotine tax plan.\" \/>\n<meta name=\"robots\" content=\"index, follow, max-snippet:-1, max-image-preview:large, max-video-preview:-1\" \/>\n<link rel=\"canonical\" href=\"https:\/\/worldvapersalliance.com\/fi\/eu-commissions-new-tobacco-tax-plan-a-direct-attack-on-public-health-the-poor-and-common-sense\/\" \/>\n<meta property=\"og:locale\" content=\"fi_FI\" \/>\n<meta property=\"og:type\" content=\"article\" \/>\n<meta property=\"og:title\" content=\"EU Commission\u2019s New Tobacco Tax Plan: A Direct Attack on Public Health, the Poor, and Common Sense - World Vapers&#039; Alliance\" \/>\n<meta property=\"og:description\" content=\"The World Vapers\u2019 Alliance (WVA) reacts with alarm to the Bild Zeitung report revealing the European Commission\u2019s nicotine tax plan.\" \/>\n<meta property=\"og:url\" content=\"https:\/\/worldvapersalliance.com\/fi\/eu-commissions-new-tobacco-tax-plan-a-direct-attack-on-public-health-the-poor-and-common-sense\/\" \/>\n<meta property=\"og:site_name\" content=\"World Vapers&#039; Alliance\" \/>\n<meta property=\"article:published_time\" content=\"2025-04-15T11:31:29+00:00\" \/>\n<meta property=\"og:image\" content=\"https:\/\/worldvapersalliance.com\/wp-content\/uploads\/2022\/10\/WVA_Press-Release_Cover-new.png\" \/>\n\t<meta property=\"og:image:width\" content=\"4162\" \/>\n\t<meta property=\"og:image:height\" content=\"3840\" \/>\n\t<meta property=\"og:image:type\" content=\"image\/png\" \/>\n<meta name=\"author\" content=\"World Vapers&#039; Alliance\" \/>\n<meta name=\"twitter:card\" content=\"summary_large_image\" \/>\n<meta name=\"twitter:label1\" content=\"Kirjoittanut\" \/>\n\t<meta name=\"twitter:data1\" content=\"World Vapers&#039; Alliance\" \/>\n\t<meta name=\"twitter:label2\" content=\"Arvioitu lukuaika\" \/>\n\t<meta name=\"twitter:data2\" content=\"2 minuuttia\" \/>\n<script type=\"application\/ld+json\" class=\"yoast-schema-graph\">{\"@context\":\"https:\\\/\\\/schema.org\",\"@graph\":[{\"@type\":\"Article\",\"@id\":\"https:\\\/\\\/worldvapersalliance.com\\\/eu-commissions-new-tobacco-tax-plan-a-direct-attack-on-public-health-the-poor-and-common-sense\\\/#article\",\"isPartOf\":{\"@id\":\"https:\\\/\\\/worldvapersalliance.com\\\/eu-commissions-new-tobacco-tax-plan-a-direct-attack-on-public-health-the-poor-and-common-sense\\\/\"},\"author\":{\"name\":\"World Vapers' Alliance\",\"@id\":\"https:\\\/\\\/worldvapersalliance.com\\\/#\\\/schema\\\/person\\\/18484a6f20bcc6f70a2419c8babe017d\"},\"headline\":\"EU Commission\u2019s New Tobacco Tax Plan: A Direct Attack on Public Health, t &hellip;\",\"datePublished\":\"2025-04-15T11:31:29+00:00\",\"mainEntityOfPage\":{\"@id\":\"https:\\\/\\\/worldvapersalliance.com\\\/eu-commissions-new-tobacco-tax-plan-a-direct-attack-on-public-health-the-poor-and-common-sense\\\/\"},\"wordCount\":240,\"commentCount\":1,\"publisher\":{\"@id\":\"https:\\\/\\\/worldvapersalliance.com\\\/#organization\"},\"image\":{\"@id\":\"https:\\\/\\\/worldvapersalliance.com\\\/eu-commissions-new-tobacco-tax-plan-a-direct-attack-on-public-health-the-poor-and-common-sense\\\/#primaryimage\"},\"thumbnailUrl\":\"https:\\\/\\\/worldvapersalliance.com\\\/wp-content\\\/uploads\\\/2022\\\/10\\\/WVA_Press-Release_Cover-new.png\",\"articleSection\":[\"Press Releases\"],\"inLanguage\":\"fi\",\"potentialAction\":[{\"@type\":\"CommentAction\",\"name\":\"Comment\",\"target\":[\"https:\\\/\\\/worldvapersalliance.com\\\/eu-commissions-new-tobacco-tax-plan-a-direct-attack-on-public-health-the-poor-and-common-sense\\\/#respond\"]}]},{\"@type\":\"WebPage\",\"@id\":\"https:\\\/\\\/worldvapersalliance.com\\\/eu-commissions-new-tobacco-tax-plan-a-direct-attack-on-public-health-the-poor-and-common-sense\\\/\",\"url\":\"https:\\\/\\\/worldvapersalliance.com\\\/eu-commissions-new-tobacco-tax-plan-a-direct-attack-on-public-health-the-poor-and-common-sense\\\/\",\"name\":\"EU Commission\u2019s New Tobacco Tax Plan: A Direct Attack on Public Health, the Poor, and Common Sense - World Vapers&#039; Alliance\",\"isPartOf\":{\"@id\":\"https:\\\/\\\/worldvapersalliance.com\\\/#website\"},\"primaryImageOfPage\":{\"@id\":\"https:\\\/\\\/worldvapersalliance.com\\\/eu-commissions-new-tobacco-tax-plan-a-direct-attack-on-public-health-the-poor-and-common-sense\\\/#primaryimage\"},\"image\":{\"@id\":\"https:\\\/\\\/worldvapersalliance.com\\\/eu-commissions-new-tobacco-tax-plan-a-direct-attack-on-public-health-the-poor-and-common-sense\\\/#primaryimage\"},\"thumbnailUrl\":\"https:\\\/\\\/worldvapersalliance.com\\\/wp-content\\\/uploads\\\/2022\\\/10\\\/WVA_Press-Release_Cover-new.png\",\"datePublished\":\"2025-04-15T11:31:29+00:00\",\"description\":\"The World Vapers\u2019 Alliance (WVA) reacts with alarm to the Bild Zeitung report revealing the European Commission\u2019s nicotine tax plan.\",\"inLanguage\":\"fi\",\"potentialAction\":[{\"@type\":\"ReadAction\",\"target\":[\"https:\\\/\\\/worldvapersalliance.com\\\/eu-commissions-new-tobacco-tax-plan-a-direct-attack-on-public-health-the-poor-and-common-sense\\\/\"]}]},{\"@type\":\"ImageObject\",\"inLanguage\":\"fi\",\"@id\":\"https:\\\/\\\/worldvapersalliance.com\\\/eu-commissions-new-tobacco-tax-plan-a-direct-attack-on-public-health-the-poor-and-common-sense\\\/#primaryimage\",\"url\":\"https:\\\/\\\/worldvapersalliance.com\\\/wp-content\\\/uploads\\\/2022\\\/10\\\/WVA_Press-Release_Cover-new.png\",\"contentUrl\":\"https:\\\/\\\/worldvapersalliance.com\\\/wp-content\\\/uploads\\\/2022\\\/10\\\/WVA_Press-Release_Cover-new.png\",\"width\":4162,\"height\":3840},{\"@type\":\"WebSite\",\"@id\":\"https:\\\/\\\/worldvapersalliance.com\\\/#website\",\"url\":\"https:\\\/\\\/worldvapersalliance.com\\\/\",\"name\":\"World Vapers&#039; Alliance\",\"description\":\"The largest community of vapers\",\"publisher\":{\"@id\":\"https:\\\/\\\/worldvapersalliance.com\\\/#organization\"},\"potentialAction\":[{\"@type\":\"SearchAction\",\"target\":{\"@type\":\"EntryPoint\",\"urlTemplate\":\"https:\\\/\\\/worldvapersalliance.com\\\/?s={search_term_string}\"},\"query-input\":{\"@type\":\"PropertyValueSpecification\",\"valueRequired\":true,\"valueName\":\"search_term_string\"}}],\"inLanguage\":\"fi\"},{\"@type\":\"Organization\",\"@id\":\"https:\\\/\\\/worldvapersalliance.com\\\/#organization\",\"name\":\"World Vapers&#039; Alliance\",\"url\":\"https:\\\/\\\/worldvapersalliance.com\\\/\",\"logo\":{\"@type\":\"ImageObject\",\"inLanguage\":\"fi\",\"@id\":\"https:\\\/\\\/worldvapersalliance.com\\\/#\\\/schema\\\/logo\\\/image\\\/\",\"url\":\"https:\\\/\\\/worldvapersalliance.com\\\/wp-content\\\/uploads\\\/2022\\\/01\\\/WVA_RB_Fist_G.png\",\"contentUrl\":\"https:\\\/\\\/worldvapersalliance.com\\\/wp-content\\\/uploads\\\/2022\\\/01\\\/WVA_RB_Fist_G.png\",\"width\":985,\"height\":1177,\"caption\":\"World Vapers&#039; Alliance\"},\"image\":{\"@id\":\"https:\\\/\\\/worldvapersalliance.com\\\/#\\\/schema\\\/logo\\\/image\\\/\"}},{\"@type\":\"Person\",\"@id\":\"https:\\\/\\\/worldvapersalliance.com\\\/#\\\/schema\\\/person\\\/18484a6f20bcc6f70a2419c8babe017d\",\"name\":\"World Vapers' Alliance\",\"image\":{\"@type\":\"ImageObject\",\"inLanguage\":\"fi\",\"@id\":\"https:\\\/\\\/secure.gravatar.com\\\/avatar\\\/456bf795c7a47c9ac527a94da4bff150aa49e48726d69bee9937f8383cffa246?s=96&d=mm&r=g\",\"url\":\"https:\\\/\\\/secure.gravatar.com\\\/avatar\\\/456bf795c7a47c9ac527a94da4bff150aa49e48726d69bee9937f8383cffa246?s=96&d=mm&r=g\",\"contentUrl\":\"https:\\\/\\\/secure.gravatar.com\\\/avatar\\\/456bf795c7a47c9ac527a94da4bff150aa49e48726d69bee9937f8383cffa246?s=96&d=mm&r=g\",\"caption\":\"World Vapers' Alliance\"},\"url\":\"https:\\\/\\\/worldvapersalliance.com\\\/fi\\\/author\\\/wva\\\/\"}]}<\/script>\n<!-- \/ Yoast SEO plugin. -->","yoast_head_json":{"title":"EU-komission uusi tupakkaverosuunnitelma: Suora hy\u00f6kk\u00e4ys kansanterveytt\u00e4, k\u00f6yhi\u00e4 ja maalaisj\u00e4rke\u00e4 vastaan - World Vapers&#039; Alliance","description":"Maailman h\u00f6yryttelij\u00f6iden liitto (WVA) reagoi h\u00e4lytt\u00e4v\u00e4sti Bild Zeitungin raporttiin, jossa paljastetaan Euroopan komission nikotiiniverosuunnitelma.","robots":{"index":"index","follow":"follow","max-snippet":"max-snippet:-1","max-image-preview":"max-image-preview:large","max-video-preview":"max-video-preview:-1"},"canonical":"https:\/\/worldvapersalliance.com\/fi\/eu-commissions-new-tobacco-tax-plan-a-direct-attack-on-public-health-the-poor-and-common-sense\/","og_locale":"fi_FI","og_type":"article","og_title":"EU Commission\u2019s New Tobacco Tax Plan: A Direct Attack on Public Health, the Poor, and Common Sense - World Vapers&#039; Alliance","og_description":"The World Vapers\u2019 Alliance (WVA) reacts with alarm to the Bild Zeitung report revealing the European Commission\u2019s nicotine tax plan.","og_url":"https:\/\/worldvapersalliance.com\/fi\/eu-commissions-new-tobacco-tax-plan-a-direct-attack-on-public-health-the-poor-and-common-sense\/","og_site_name":"World Vapers&#039; Alliance","article_published_time":"2025-04-15T11:31:29+00:00","og_image":[{"width":4162,"height":3840,"url":"https:\/\/worldvapersalliance.com\/wp-content\/uploads\/2022\/10\/WVA_Press-Release_Cover-new.png","type":"image\/png"}],"author":"World Vapers' Alliance","twitter_card":"summary_large_image","twitter_misc":{"Kirjoittanut":"World Vapers' Alliance","Arvioitu lukuaika":"2 minuuttia"},"schema":{"@context":"https:\/\/schema.org","@graph":[{"@type":"Article","@id":"https:\/\/worldvapersalliance.com\/eu-commissions-new-tobacco-tax-plan-a-direct-attack-on-public-health-the-poor-and-common-sense\/#article","isPartOf":{"@id":"https:\/\/worldvapersalliance.com\/eu-commissions-new-tobacco-tax-plan-a-direct-attack-on-public-health-the-poor-and-common-sense\/"},"author":{"name":"World Vapers' Alliance","@id":"https:\/\/worldvapersalliance.com\/#\/schema\/person\/18484a6f20bcc6f70a2419c8babe017d"},"headline":"EU Commission\u2019s New Tobacco Tax Plan: A Direct Attack on Public Health, t &hellip;","datePublished":"2025-04-15T11:31:29+00:00","mainEntityOfPage":{"@id":"https:\/\/worldvapersalliance.com\/eu-commissions-new-tobacco-tax-plan-a-direct-attack-on-public-health-the-poor-and-common-sense\/"},"wordCount":240,"commentCount":1,"publisher":{"@id":"https:\/\/worldvapersalliance.com\/#organization"},"image":{"@id":"https:\/\/worldvapersalliance.com\/eu-commissions-new-tobacco-tax-plan-a-direct-attack-on-public-health-the-poor-and-common-sense\/#primaryimage"},"thumbnailUrl":"https:\/\/worldvapersalliance.com\/wp-content\/uploads\/2022\/10\/WVA_Press-Release_Cover-new.png","articleSection":["Press Releases"],"inLanguage":"fi","potentialAction":[{"@type":"CommentAction","name":"Comment","target":["https:\/\/worldvapersalliance.com\/eu-commissions-new-tobacco-tax-plan-a-direct-attack-on-public-health-the-poor-and-common-sense\/#respond"]}]},{"@type":"WebPage","@id":"https:\/\/worldvapersalliance.com\/eu-commissions-new-tobacco-tax-plan-a-direct-attack-on-public-health-the-poor-and-common-sense\/","url":"https:\/\/worldvapersalliance.com\/eu-commissions-new-tobacco-tax-plan-a-direct-attack-on-public-health-the-poor-and-common-sense\/","name":"EU-komission uusi tupakkaverosuunnitelma: Suora hy\u00f6kk\u00e4ys kansanterveytt\u00e4, k\u00f6yhi\u00e4 ja maalaisj\u00e4rke\u00e4 vastaan - World Vapers&#039; Alliance","isPartOf":{"@id":"https:\/\/worldvapersalliance.com\/#website"},"primaryImageOfPage":{"@id":"https:\/\/worldvapersalliance.com\/eu-commissions-new-tobacco-tax-plan-a-direct-attack-on-public-health-the-poor-and-common-sense\/#primaryimage"},"image":{"@id":"https:\/\/worldvapersalliance.com\/eu-commissions-new-tobacco-tax-plan-a-direct-attack-on-public-health-the-poor-and-common-sense\/#primaryimage"},"thumbnailUrl":"https:\/\/worldvapersalliance.com\/wp-content\/uploads\/2022\/10\/WVA_Press-Release_Cover-new.png","datePublished":"2025-04-15T11:31:29+00:00","description":"Maailman h\u00f6yryttelij\u00f6iden liitto (WVA) reagoi h\u00e4lytt\u00e4v\u00e4sti Bild Zeitungin raporttiin, jossa paljastetaan Euroopan komission nikotiiniverosuunnitelma.","inLanguage":"fi","potentialAction":[{"@type":"ReadAction","target":["https:\/\/worldvapersalliance.com\/eu-commissions-new-tobacco-tax-plan-a-direct-attack-on-public-health-the-poor-and-common-sense\/"]}]},{"@type":"ImageObject","inLanguage":"fi","@id":"https:\/\/worldvapersalliance.com\/eu-commissions-new-tobacco-tax-plan-a-direct-attack-on-public-health-the-poor-and-common-sense\/#primaryimage","url":"https:\/\/worldvapersalliance.com\/wp-content\/uploads\/2022\/10\/WVA_Press-Release_Cover-new.png","contentUrl":"https:\/\/worldvapersalliance.com\/wp-content\/uploads\/2022\/10\/WVA_Press-Release_Cover-new.png","width":4162,"height":3840},{"@type":"WebSite","@id":"https:\/\/worldvapersalliance.com\/#website","url":"https:\/\/worldvapersalliance.com\/","name":"World Vapers&#039; Alliance","description":"Suurin vapaiden yhteis\u00f6","publisher":{"@id":"https:\/\/worldvapersalliance.com\/#organization"},"potentialAction":[{"@type":"SearchAction","target":{"@type":"EntryPoint","urlTemplate":"https:\/\/worldvapersalliance.com\/?s={search_term_string}"},"query-input":{"@type":"PropertyValueSpecification","valueRequired":true,"valueName":"search_term_string"}}],"inLanguage":"fi"},{"@type":"Organization","@id":"https:\/\/worldvapersalliance.com\/#organization","name":"World Vapers&#039; Alliance","url":"https:\/\/worldvapersalliance.com\/","logo":{"@type":"ImageObject","inLanguage":"fi","@id":"https:\/\/worldvapersalliance.com\/#\/schema\/logo\/image\/","url":"https:\/\/worldvapersalliance.com\/wp-content\/uploads\/2022\/01\/WVA_RB_Fist_G.png","contentUrl":"https:\/\/worldvapersalliance.com\/wp-content\/uploads\/2022\/01\/WVA_RB_Fist_G.png","width":985,"height":1177,"caption":"World Vapers&#039; Alliance"},"image":{"@id":"https:\/\/worldvapersalliance.com\/#\/schema\/logo\/image\/"}},{"@type":"Person","@id":"https:\/\/worldvapersalliance.com\/#\/schema\/person\/18484a6f20bcc6f70a2419c8babe017d","name":"World Vapers&#039; Alliance","image":{"@type":"ImageObject","inLanguage":"fi","@id":"https:\/\/secure.gravatar.com\/avatar\/456bf795c7a47c9ac527a94da4bff150aa49e48726d69bee9937f8383cffa246?s=96&d=mm&r=g","url":"https:\/\/secure.gravatar.com\/avatar\/456bf795c7a47c9ac527a94da4bff150aa49e48726d69bee9937f8383cffa246?s=96&d=mm&r=g","contentUrl":"https:\/\/secure.gravatar.com\/avatar\/456bf795c7a47c9ac527a94da4bff150aa49e48726d69bee9937f8383cffa246?s=96&d=mm&r=g","caption":"World Vapers' Alliance"},"url":"https:\/\/worldvapersalliance.com\/fi\/author\/wva\/"}]}},"_links":{"self":[{"href":"https:\/\/worldvapersalliance.com\/fi\/wp-json\/wp\/v2\/posts\/6163","targetHints":{"allow":["GET"]}}],"collection":[{"href":"https:\/\/worldvapersalliance.com\/fi\/wp-json\/wp\/v2\/posts"}],"about":[{"href":"https:\/\/worldvapersalliance.com\/fi\/wp-json\/wp\/v2\/types\/post"}],"author":[{"embeddable":true,"href":"https:\/\/worldvapersalliance.com\/fi\/wp-json\/wp\/v2\/users\/11"}],"replies":[{"embeddable":true,"href":"https:\/\/worldvapersalliance.com\/fi\/wp-json\/wp\/v2\/comments?post=6163"}],"version-history":[{"count":0,"href":"https:\/\/worldvapersalliance.com\/fi\/wp-json\/wp\/v2\/posts\/6163\/revisions"}],"wp:featuredmedia":[{"embeddable":true,"href":"https:\/\/worldvapersalliance.com\/fi\/wp-json\/wp\/v2\/media\/3245"}],"wp:attachment":[{"href":"https:\/\/worldvapersalliance.com\/fi\/wp-json\/wp\/v2\/media?parent=6163"}],"wp:term":[{"taxonomy":"category","embeddable":true,"href":"https:\/\/worldvapersalliance.com\/fi\/wp-json\/wp\/v2\/categories?post=6163"},{"taxonomy":"post_tag","embeddable":true,"href":"https:\/\/worldvapersalliance.com\/fi\/wp-json\/wp\/v2\/tags?post=6163"}],"curies":[{"name":"wp","href":"https:\/\/api.w.org\/{rel}","templated":true}]}}