{"id":594,"date":"2021-12-09T15:54:26","date_gmt":"2021-12-09T20:54:26","guid":{"rendered":"https:\/\/cccwva.wpengine.com\/?p=594"},"modified":"2022-02-05T13:54:14","modified_gmt":"2022-02-05T18:54:14","slug":"beca-vote","status":"publish","type":"post","link":"https:\/\/worldvapersalliance.com\/fi\/beca-vote\/","title":{"rendered":"Kuluttajien \u00e4\u00e4net keskeisess\u00e4 asemassa Euroopan parlamentin p\u00e4\u00e4t\u00f6ksess\u00e4 tukea \u2026"},"content":{"rendered":"<p><strong>8. joulukuuta \u2013 Bryssel<\/strong>\u00a0\u2013 Euroopan parlamentti \u00e4\u00e4nesti t\u00e4n\u00e4\u00e4n tupakoinnin aiheuttamien haittojen v\u00e4hent\u00e4misen puolesta osana Euroopan sy\u00f6v\u00e4ntorjuntasuunnitelmaa, mutta sitoo h\u00f6yryttelij\u00f6iden k\u00e4det makuvalintojen suhteen.<\/p>\n<p>Tuhansia eurooppalaisia h\u00f6yryttelij\u00f6it\u00e4 edustava World Vapers&#039; Alliance oli vaatinut makujen sis\u00e4llytt\u00e4mist\u00e4 Euroopan sy\u00f6v\u00e4ntorjuntasuunnitelmaan Back Vaping Beat Smoking -kiertueensa aikana.<\/p>\n<p>Kommentoidessaan t\u00e4n\u00e4\u00e4n sy\u00f6v\u00e4n torjunnan erityiskomiteassa pidetyn \u00e4\u00e4nestyksen tulosta, Maailman h\u00f6yryttelij\u00f6iden liiton johtaja Michael Landl sanoi:<\/p>\n<p><em>\u201cParlamentti tunnusti, ett\u00e4 s\u00e4hk\u00f6tupakointi auttaa tupakoitsijoita lopettamaan tupakoinnin, ja se on merkitt\u00e4v\u00e4 askel eteenp\u00e4in taistelussamme ihmishenkien pelastamiseksi v\u00e4hent\u00e4m\u00e4ll\u00e4 tupakoinnin aiheuttamia haittoja. Se on osoitus yksitt\u00e4isten kuluttajien yhteenliittym\u00e4n \u00e4\u00e4nen voimasta. S\u00e4hk\u00f6tupakointilaisten p\u00e4\u00e4syn makuvaihtoehtoihin vaarantaminen tarkoittaa kuitenkin sit\u00e4, ett\u00e4 ep\u00e4varmuus varjostaa t\u00e4t\u00e4 my\u00f6nteist\u00e4 askelta eteenp\u00e4in.\u2019<\/em><\/p>\n<p>Sy\u00f6p\u00e4suunnitelmaan hyv\u00e4ksyttyjen tarkistusten sanamuoto antaa komissiolle mahdollisuuden tunnistaa &quot;lapsiin vetoavat&quot; h\u00f6yryttelymaut ja kielt\u00e4\u00e4 ne.<\/p>\n<p><em>\u201cAsiantuntijat ja kuluttajat ovat olleet selvi\u00e4 makujen kielt\u00e4misen ja haittojen v\u00e4hent\u00e4misen laiminly\u00f6nnin seurauksista kansanterveydelle. Yh\u00e4 uudelleen on todistettu, ett\u00e4 maut est\u00e4v\u00e4t aikuisia palaamasta savukkeisiin, ja meid\u00e4n on p\u00e4\u00e4tt\u00e4j\u00e4mme kuunneltava ja s\u00e4\u00e4dett\u00e4v\u00e4 t\u00e4st\u00e4 lains\u00e4\u00e4d\u00e4nt\u00f6\u00e4.\u201d\u00a0<\/em>Landl lis\u00e4si.<em>\u00a0<\/em><\/p>\n<p>Tulevaisuutta ajatellen komissio on tupakkatuotedirektiivins\u00e4 p\u00e4ivitt\u00e4misen alkuvaiheessa, ja j\u00e4\u00e4 n\u00e4ht\u00e4v\u00e4ksi, miten t\u00e4m\u00e4np\u00e4iv\u00e4inen \u00e4\u00e4nestys vaikuttaa lains\u00e4\u00e4d\u00e4nt\u00f6\u00f6n s\u00e4hk\u00f6tupakoinnin osalta.<\/p>\n<p><em>\u201cOn ratkaisevan t\u00e4rke\u00e4\u00e4, ett\u00e4 asiantuntijat ja kuluttajat jatkavat \u00e4\u00e4nens\u00e4 nostamista. Se, ett\u00e4 Euroopan unionin t\u00e4rkein vaaleilla valittu elin on tunnustanut haittojen v\u00e4hent\u00e4misen, on osoitus edistyksest\u00e4, jota olemme saavuttaneet. Toivomme, ett\u00e4 n\u00e4in on my\u00f6s komission tulevien ehdotusten kohdalla. Jatkamme j\u00e4senten puolestapuhumista ja varmistamme, ett\u00e4 heid\u00e4n \u00e4\u00e4nens\u00e4 kuullaan t\u00e4m\u00e4n prosessin edetess\u00e4.\u201d,\u00a0<\/em>Michael Landl p\u00e4\u00e4tti.<\/p>\n<p>P\u00c4\u00c4TTYY<\/p>\n<p>\u2014<\/p>\n<p>Lehdist\u00f6yhteydet:<\/p>\n<p>Michael Landl<\/p>\n<p>Maailman h\u00f6yryttelij\u00f6iden liiton johtaja<\/p>\n<p><a href=\"mailto:michael@worldvapersalliance.com\">michael@worldvapersalliance.com<\/a><\/p>\n<p>Huomautuksia toimittajalle:<\/p>\n<ul>\n<li>Lis\u00e4tietoja BECA-komiteasta l\u00f6ytyy\u00a0<a href=\"https:\/\/www.europarl.europa.eu\/committees\/en\/beca\/home\/highlights\" target=\"_blank\" rel=\"nofollow noopener noreferrer\" data-wpel-link=\"external\">t\u00e4ss\u00e4<\/a>.<\/li>\n<li>World Vapers&#039; Alliance (WVA) vahvistaa h\u00f6yryttelij\u00f6iden \u00e4\u00e4nt\u00e4 ymp\u00e4ri maailmaa ja antaa heille mahdollisuuden vaikuttaa yhteis\u00f6jens\u00e4 el\u00e4m\u00e4\u00e4n. J\u00e4senemme ovat h\u00f6yryttelij\u00f6iden yhdistyksi\u00e4 sek\u00e4 yksitt\u00e4isi\u00e4 h\u00f6yryttelij\u00f6it\u00e4 ymp\u00e4ri maailmaa. Lis\u00e4tietoja\u00a0<a href=\"https:\/\/worldvapersalliance.com\/fi\/\" data-wpel-link=\"internal\">www.worldvapersalliance.com<\/a><\/li>\n<li>Michael Landl on World Vapers&#039; Alliancen johtaja. H\u00e4n on kotoisin It\u00e4vallasta ja asuu Wieniss\u00e4. H\u00e4n on kokenut politiikan ammattilainen ja intohimoinen h\u00f6yryttelij\u00e4. H\u00e4n opiskeli St. Gallenin yliopistossa ja ty\u00f6skenteli useissa julkisen politiikan julkaisuissa ja Saksan parlamentissa.<\/li>\n<\/ul>","protected":false},"excerpt":{"rendered":"<p>8 December \u2013 Brussels\u00a0\u2013 The European Parliament has today voted to support reducing the harm caused by smoking, as part of Europe\u2019s Beating Cancer plan, but ties vapers\u2019 hands when it comes to flavour choices. The World Vapers\u2019 Alliance, representing thousands of vapers voices around Europe, had called for flavours to be part of Europe\u2019s [&hellip;]<\/p>\n","protected":false},"author":4,"featured_media":595,"comment_status":"open","ping_status":"open","sticky":false,"template":"","format":"standard","meta":{"footnotes":""},"categories":[13],"tags":[],"class_list":["post-594","post","type-post","status-publish","format-standard","has-post-thumbnail","hentry","category-press-releases"],"yoast_head":"<!-- This site is optimized with the Yoast SEO plugin v27.3 - https:\/\/yoast.com\/product\/yoast-seo-wordpress\/ -->\n<title>Consumer voices central to European Parliament&#039;s decision to support harm reduction - World Vapers&#039; Alliance<\/title>\n<meta name=\"robots\" content=\"index, follow, max-snippet:-1, max-image-preview:large, max-video-preview:-1\" \/>\n<link rel=\"canonical\" href=\"https:\/\/worldvapersalliance.com\/fi\/beca-vote\/\" \/>\n<meta property=\"og:locale\" content=\"fi_FI\" \/>\n<meta property=\"og:type\" content=\"article\" \/>\n<meta property=\"og:title\" content=\"Consumer voices central to European Parliament&#039;s decision to support harm reduction - World Vapers&#039; Alliance\" \/>\n<meta property=\"og:description\" content=\"8 December \u2013 Brussels\u00a0\u2013 The European Parliament has today voted to support reducing the harm caused by smoking, as part of Europe\u2019s Beating Cancer plan, but ties vapers\u2019 hands when it comes to flavour choices. The World Vapers\u2019 Alliance, representing thousands of vapers voices around Europe, had called for flavours to be part of Europe\u2019s [&hellip;]\" \/>\n<meta property=\"og:url\" content=\"https:\/\/worldvapersalliance.com\/fi\/beca-vote\/\" \/>\n<meta property=\"og:site_name\" content=\"World Vapers&#039; Alliance\" \/>\n<meta property=\"article:published_time\" content=\"2021-12-09T20:54:26+00:00\" \/>\n<meta property=\"article:modified_time\" content=\"2022-02-05T18:54:14+00:00\" \/>\n<meta property=\"og:image\" content=\"https:\/\/worldvapersalliance.com\/wp-content\/uploads\/2022\/02\/harm-reduction.png\" \/>\n\t<meta property=\"og:image:width\" content=\"1600\" \/>\n\t<meta property=\"og:image:height\" content=\"900\" \/>\n\t<meta property=\"og:image:type\" content=\"image\/png\" \/>\n<meta name=\"author\" content=\"Michael Landl\" \/>\n<meta name=\"twitter:card\" content=\"summary_large_image\" \/>\n<meta name=\"twitter:label1\" content=\"Kirjoittanut\" \/>\n\t<meta name=\"twitter:data1\" content=\"Michael Landl\" \/>\n\t<meta name=\"twitter:label2\" content=\"Arvioitu lukuaika\" \/>\n\t<meta name=\"twitter:data2\" content=\"2 minuuttia\" \/>\n<script type=\"application\/ld+json\" class=\"yoast-schema-graph\">{\"@context\":\"https:\\\/\\\/schema.org\",\"@graph\":[{\"@type\":\"Article\",\"@id\":\"https:\\\/\\\/worldvapersalliance.com\\\/beca-vote\\\/#article\",\"isPartOf\":{\"@id\":\"https:\\\/\\\/worldvapersalliance.com\\\/beca-vote\\\/\"},\"author\":{\"name\":\"Michael Landl\",\"@id\":\"https:\\\/\\\/worldvapersalliance.com\\\/#\\\/schema\\\/person\\\/05f663571d787d89a2d5c77c482a6583\"},\"headline\":\"Consumer voices central to European Parliament&#8217;s decision to support &hellip;\",\"datePublished\":\"2021-12-09T20:54:26+00:00\",\"dateModified\":\"2022-02-05T18:54:14+00:00\",\"mainEntityOfPage\":{\"@id\":\"https:\\\/\\\/worldvapersalliance.com\\\/beca-vote\\\/\"},\"wordCount\":475,\"commentCount\":0,\"publisher\":{\"@id\":\"https:\\\/\\\/worldvapersalliance.com\\\/#organization\"},\"image\":{\"@id\":\"https:\\\/\\\/worldvapersalliance.com\\\/beca-vote\\\/#primaryimage\"},\"thumbnailUrl\":\"https:\\\/\\\/worldvapersalliance.com\\\/wp-content\\\/uploads\\\/2022\\\/02\\\/harm-reduction.png\",\"articleSection\":[\"Press Releases\"],\"inLanguage\":\"fi\",\"potentialAction\":[{\"@type\":\"CommentAction\",\"name\":\"Comment\",\"target\":[\"https:\\\/\\\/worldvapersalliance.com\\\/beca-vote\\\/#respond\"]}]},{\"@type\":\"WebPage\",\"@id\":\"https:\\\/\\\/worldvapersalliance.com\\\/beca-vote\\\/\",\"url\":\"https:\\\/\\\/worldvapersalliance.com\\\/beca-vote\\\/\",\"name\":\"Consumer voices central to European Parliament's decision to support harm reduction - World Vapers&#039; Alliance\",\"isPartOf\":{\"@id\":\"https:\\\/\\\/worldvapersalliance.com\\\/#website\"},\"primaryImageOfPage\":{\"@id\":\"https:\\\/\\\/worldvapersalliance.com\\\/beca-vote\\\/#primaryimage\"},\"image\":{\"@id\":\"https:\\\/\\\/worldvapersalliance.com\\\/beca-vote\\\/#primaryimage\"},\"thumbnailUrl\":\"https:\\\/\\\/worldvapersalliance.com\\\/wp-content\\\/uploads\\\/2022\\\/02\\\/harm-reduction.png\",\"datePublished\":\"2021-12-09T20:54:26+00:00\",\"dateModified\":\"2022-02-05T18:54:14+00:00\",\"inLanguage\":\"fi\",\"potentialAction\":[{\"@type\":\"ReadAction\",\"target\":[\"https:\\\/\\\/worldvapersalliance.com\\\/beca-vote\\\/\"]}]},{\"@type\":\"ImageObject\",\"inLanguage\":\"fi\",\"@id\":\"https:\\\/\\\/worldvapersalliance.com\\\/beca-vote\\\/#primaryimage\",\"url\":\"https:\\\/\\\/worldvapersalliance.com\\\/wp-content\\\/uploads\\\/2022\\\/02\\\/harm-reduction.png\",\"contentUrl\":\"https:\\\/\\\/worldvapersalliance.com\\\/wp-content\\\/uploads\\\/2022\\\/02\\\/harm-reduction.png\",\"width\":1600,\"height\":900},{\"@type\":\"WebSite\",\"@id\":\"https:\\\/\\\/worldvapersalliance.com\\\/#website\",\"url\":\"https:\\\/\\\/worldvapersalliance.com\\\/\",\"name\":\"World Vapers&#039; Alliance\",\"description\":\"The largest community of vapers\",\"publisher\":{\"@id\":\"https:\\\/\\\/worldvapersalliance.com\\\/#organization\"},\"potentialAction\":[{\"@type\":\"SearchAction\",\"target\":{\"@type\":\"EntryPoint\",\"urlTemplate\":\"https:\\\/\\\/worldvapersalliance.com\\\/?s={search_term_string}\"},\"query-input\":{\"@type\":\"PropertyValueSpecification\",\"valueRequired\":true,\"valueName\":\"search_term_string\"}}],\"inLanguage\":\"fi\"},{\"@type\":\"Organization\",\"@id\":\"https:\\\/\\\/worldvapersalliance.com\\\/#organization\",\"name\":\"World Vapers&#039; Alliance\",\"url\":\"https:\\\/\\\/worldvapersalliance.com\\\/\",\"logo\":{\"@type\":\"ImageObject\",\"inLanguage\":\"fi\",\"@id\":\"https:\\\/\\\/worldvapersalliance.com\\\/#\\\/schema\\\/logo\\\/image\\\/\",\"url\":\"https:\\\/\\\/worldvapersalliance.com\\\/wp-content\\\/uploads\\\/2022\\\/01\\\/WVA_RB_Fist_G.png\",\"contentUrl\":\"https:\\\/\\\/worldvapersalliance.com\\\/wp-content\\\/uploads\\\/2022\\\/01\\\/WVA_RB_Fist_G.png\",\"width\":985,\"height\":1177,\"caption\":\"World Vapers&#039; Alliance\"},\"image\":{\"@id\":\"https:\\\/\\\/worldvapersalliance.com\\\/#\\\/schema\\\/logo\\\/image\\\/\"}},{\"@type\":\"Person\",\"@id\":\"https:\\\/\\\/worldvapersalliance.com\\\/#\\\/schema\\\/person\\\/05f663571d787d89a2d5c77c482a6583\",\"name\":\"Michael Landl\",\"image\":{\"@type\":\"ImageObject\",\"inLanguage\":\"fi\",\"@id\":\"https:\\\/\\\/secure.gravatar.com\\\/avatar\\\/1537a11db5ae7fef0631b6c662f439d8a632c50630c980828d0e2c4de581568b?s=96&d=mm&r=g\",\"url\":\"https:\\\/\\\/secure.gravatar.com\\\/avatar\\\/1537a11db5ae7fef0631b6c662f439d8a632c50630c980828d0e2c4de581568b?s=96&d=mm&r=g\",\"contentUrl\":\"https:\\\/\\\/secure.gravatar.com\\\/avatar\\\/1537a11db5ae7fef0631b6c662f439d8a632c50630c980828d0e2c4de581568b?s=96&d=mm&r=g\",\"caption\":\"Michael Landl\"},\"url\":\"https:\\\/\\\/worldvapersalliance.com\\\/fi\\\/author\\\/michael\\\/\"}]}<\/script>\n<!-- \/ Yoast SEO plugin. -->","yoast_head_json":{"title":"Kuluttajien \u00e4\u00e4net keskeisess\u00e4 asemassa Euroopan parlamentin p\u00e4\u00e4t\u00f6ksess\u00e4 tukea haittojen v\u00e4hent\u00e4mist\u00e4 - World Vapers&#039; Alliance","robots":{"index":"index","follow":"follow","max-snippet":"max-snippet:-1","max-image-preview":"max-image-preview:large","max-video-preview":"max-video-preview:-1"},"canonical":"https:\/\/worldvapersalliance.com\/fi\/beca-vote\/","og_locale":"fi_FI","og_type":"article","og_title":"Consumer voices central to European Parliament's decision to support harm reduction - World Vapers&#039; Alliance","og_description":"8 December \u2013 Brussels\u00a0\u2013 The European Parliament has today voted to support reducing the harm caused by smoking, as part of Europe\u2019s Beating Cancer plan, but ties vapers\u2019 hands when it comes to flavour choices. The World Vapers\u2019 Alliance, representing thousands of vapers voices around Europe, had called for flavours to be part of Europe\u2019s [&hellip;]","og_url":"https:\/\/worldvapersalliance.com\/fi\/beca-vote\/","og_site_name":"World Vapers&#039; Alliance","article_published_time":"2021-12-09T20:54:26+00:00","article_modified_time":"2022-02-05T18:54:14+00:00","og_image":[{"width":1600,"height":900,"url":"https:\/\/worldvapersalliance.com\/wp-content\/uploads\/2022\/02\/harm-reduction.png","type":"image\/png"}],"author":"Michael Landl","twitter_card":"summary_large_image","twitter_misc":{"Kirjoittanut":"Michael Landl","Arvioitu lukuaika":"2 minuuttia"},"schema":{"@context":"https:\/\/schema.org","@graph":[{"@type":"Article","@id":"https:\/\/worldvapersalliance.com\/beca-vote\/#article","isPartOf":{"@id":"https:\/\/worldvapersalliance.com\/beca-vote\/"},"author":{"name":"Michael Landl","@id":"https:\/\/worldvapersalliance.com\/#\/schema\/person\/05f663571d787d89a2d5c77c482a6583"},"headline":"Consumer voices central to European Parliament&#8217;s decision to support &hellip;","datePublished":"2021-12-09T20:54:26+00:00","dateModified":"2022-02-05T18:54:14+00:00","mainEntityOfPage":{"@id":"https:\/\/worldvapersalliance.com\/beca-vote\/"},"wordCount":475,"commentCount":0,"publisher":{"@id":"https:\/\/worldvapersalliance.com\/#organization"},"image":{"@id":"https:\/\/worldvapersalliance.com\/beca-vote\/#primaryimage"},"thumbnailUrl":"https:\/\/worldvapersalliance.com\/wp-content\/uploads\/2022\/02\/harm-reduction.png","articleSection":["Press Releases"],"inLanguage":"fi","potentialAction":[{"@type":"CommentAction","name":"Comment","target":["https:\/\/worldvapersalliance.com\/beca-vote\/#respond"]}]},{"@type":"WebPage","@id":"https:\/\/worldvapersalliance.com\/beca-vote\/","url":"https:\/\/worldvapersalliance.com\/beca-vote\/","name":"Kuluttajien \u00e4\u00e4net keskeisess\u00e4 asemassa Euroopan parlamentin p\u00e4\u00e4t\u00f6ksess\u00e4 tukea haittojen v\u00e4hent\u00e4mist\u00e4 - World Vapers&#039; Alliance","isPartOf":{"@id":"https:\/\/worldvapersalliance.com\/#website"},"primaryImageOfPage":{"@id":"https:\/\/worldvapersalliance.com\/beca-vote\/#primaryimage"},"image":{"@id":"https:\/\/worldvapersalliance.com\/beca-vote\/#primaryimage"},"thumbnailUrl":"https:\/\/worldvapersalliance.com\/wp-content\/uploads\/2022\/02\/harm-reduction.png","datePublished":"2021-12-09T20:54:26+00:00","dateModified":"2022-02-05T18:54:14+00:00","inLanguage":"fi","potentialAction":[{"@type":"ReadAction","target":["https:\/\/worldvapersalliance.com\/beca-vote\/"]}]},{"@type":"ImageObject","inLanguage":"fi","@id":"https:\/\/worldvapersalliance.com\/beca-vote\/#primaryimage","url":"https:\/\/worldvapersalliance.com\/wp-content\/uploads\/2022\/02\/harm-reduction.png","contentUrl":"https:\/\/worldvapersalliance.com\/wp-content\/uploads\/2022\/02\/harm-reduction.png","width":1600,"height":900},{"@type":"WebSite","@id":"https:\/\/worldvapersalliance.com\/#website","url":"https:\/\/worldvapersalliance.com\/","name":"World Vapers&#039; Alliance","description":"Suurin vapaiden yhteis\u00f6","publisher":{"@id":"https:\/\/worldvapersalliance.com\/#organization"},"potentialAction":[{"@type":"SearchAction","target":{"@type":"EntryPoint","urlTemplate":"https:\/\/worldvapersalliance.com\/?s={search_term_string}"},"query-input":{"@type":"PropertyValueSpecification","valueRequired":true,"valueName":"search_term_string"}}],"inLanguage":"fi"},{"@type":"Organization","@id":"https:\/\/worldvapersalliance.com\/#organization","name":"World Vapers&#039; Alliance","url":"https:\/\/worldvapersalliance.com\/","logo":{"@type":"ImageObject","inLanguage":"fi","@id":"https:\/\/worldvapersalliance.com\/#\/schema\/logo\/image\/","url":"https:\/\/worldvapersalliance.com\/wp-content\/uploads\/2022\/01\/WVA_RB_Fist_G.png","contentUrl":"https:\/\/worldvapersalliance.com\/wp-content\/uploads\/2022\/01\/WVA_RB_Fist_G.png","width":985,"height":1177,"caption":"World Vapers&#039; Alliance"},"image":{"@id":"https:\/\/worldvapersalliance.com\/#\/schema\/logo\/image\/"}},{"@type":"Person","@id":"https:\/\/worldvapersalliance.com\/#\/schema\/person\/05f663571d787d89a2d5c77c482a6583","name":"Michael Landl","image":{"@type":"ImageObject","inLanguage":"fi","@id":"https:\/\/secure.gravatar.com\/avatar\/1537a11db5ae7fef0631b6c662f439d8a632c50630c980828d0e2c4de581568b?s=96&d=mm&r=g","url":"https:\/\/secure.gravatar.com\/avatar\/1537a11db5ae7fef0631b6c662f439d8a632c50630c980828d0e2c4de581568b?s=96&d=mm&r=g","contentUrl":"https:\/\/secure.gravatar.com\/avatar\/1537a11db5ae7fef0631b6c662f439d8a632c50630c980828d0e2c4de581568b?s=96&d=mm&r=g","caption":"Michael Landl"},"url":"https:\/\/worldvapersalliance.com\/fi\/author\/michael\/"}]}},"_links":{"self":[{"href":"https:\/\/worldvapersalliance.com\/fi\/wp-json\/wp\/v2\/posts\/594","targetHints":{"allow":["GET"]}}],"collection":[{"href":"https:\/\/worldvapersalliance.com\/fi\/wp-json\/wp\/v2\/posts"}],"about":[{"href":"https:\/\/worldvapersalliance.com\/fi\/wp-json\/wp\/v2\/types\/post"}],"author":[{"embeddable":true,"href":"https:\/\/worldvapersalliance.com\/fi\/wp-json\/wp\/v2\/users\/4"}],"replies":[{"embeddable":true,"href":"https:\/\/worldvapersalliance.com\/fi\/wp-json\/wp\/v2\/comments?post=594"}],"version-history":[{"count":0,"href":"https:\/\/worldvapersalliance.com\/fi\/wp-json\/wp\/v2\/posts\/594\/revisions"}],"wp:featuredmedia":[{"embeddable":true,"href":"https:\/\/worldvapersalliance.com\/fi\/wp-json\/wp\/v2\/media\/595"}],"wp:attachment":[{"href":"https:\/\/worldvapersalliance.com\/fi\/wp-json\/wp\/v2\/media?parent=594"}],"wp:term":[{"taxonomy":"category","embeddable":true,"href":"https:\/\/worldvapersalliance.com\/fi\/wp-json\/wp\/v2\/categories?post=594"},{"taxonomy":"post_tag","embeddable":true,"href":"https:\/\/worldvapersalliance.com\/fi\/wp-json\/wp\/v2\/tags?post=594"}],"curies":[{"name":"wp","href":"https:\/\/api.w.org\/{rel}","templated":true}]}}