{"id":4921,"date":"2023-10-17T06:41:33","date_gmt":"2023-10-17T10:41:33","guid":{"rendered":"https:\/\/worldvapersalliance.com\/?p=4921"},"modified":"2023-10-17T06:41:33","modified_gmt":"2023-10-17T10:41:33","slug":"european-consumers-urge-belgian-presidency-to-prioritise-harm-reduction","status":"publish","type":"post","link":"https:\/\/worldvapersalliance.com\/fi\/european-consumers-urge-belgian-presidency-to-prioritise-harm-reduction\/","title":{"rendered":"Eurooppalaiset kuluttajat kehottavat puheenjohtajavaltio Belgiaa asettamaan haittojen v\u00e4hent\u00e4misen etusijalle"},"content":{"rendered":"<p dir=\"ltr\"><strong>Bryssel, Belgia, 17.10.2023 \u2014<\/strong> Maailman h\u00f6yryttelij\u00f6iden liiton eurooppalaiset j\u00e4senet kehottavat Belgian hallitusta asettamaan haittojen v\u00e4hent\u00e4misen terveysprioriteetikseen tulevalla neuvoston puheenjohtajakaudella, joka alkaa 1. tammikuuta 2024.<\/p>\n<p dir=\"ltr\">Politico julkaisi aiemmin t\u00e4n\u00e4\u00e4n Belgian puheenjohtajakauden ty\u00f6ohjelman, joka k\u00e4sittelee viitt\u00e4 terveysprioriteettia, mukaan lukien muun muassa terveyden ja terveydenhuoltoj\u00e4rjestelmien sietokyky, terveyden tasa-arvo ja terve v\u00e4est\u00f6. <em><strong>\u201cTupakoinnin haittojen v\u00e4hent\u00e4misen tulisi olla EU:n terveysprioriteettien kulmakivi, sill\u00e4 tupakointi on edelleen yleisin ehk\u00e4ist\u00e4viss\u00e4 oleva kuolinsyy EU:ssa.\u201d<\/strong><\/em> sanoo Michael Landl, World Vapers&#039; Alliancen johtaja.<\/p>\n<p dir=\"ltr\"><em>\u201c&quot;Yli 1,3 miljardia ihmist\u00e4 polttaa edelleen tupakointia, ja <a href=\"https:\/\/link.mediaoutreach.meltwater.com\/ls\/click?upn=v2OU6mEZsrF8RQMJ1eCY0jOfBK6KgGHbLFBq6pw7Q8bb53hWkDhT548pA00hhN-2FKoxAOwZxAxiKk8O-2FNJWVsVsBEBuqX4qGc9KZ-2B2D6SIBJZ9V3bRHOwr63T3OxwIlCRDUDo4vDl0r5N-2FishOArnEw-3D-3DjxfY_6-2BOayirWiMnL4NNJ9ivl6YavKZeo6-2F4wNJspN1hyqCqN9Iica8t3kuAqeTUsoEZyEPArUXwlTHpmuotWGUYRcpQrE8nNUswQ7G-2Fk02oN1WEWHHt54BxhdFiplpKrmGj1ZPwqqtWNZ9IBD5fcBQLl-2BT-2BSTUvXypqJKYDHwcv7o4hU7o9Bd3Pvglep-2Bo4zvaNg89DB1OornddnG3TjDd2VEXMlmzXJIsINaITLb3CzW1ruTl8Ou7-2F2nvqITJ7YSrWenKl1dMPjG3rwTKPAuSTG5sK6nhGt-2F64spPlHRVRCNvFddaALeUl5ktpS4-2BVGbXJhCxkJgIHXdK4dfVDk2SahIQS-2B-2FYFVO2wbmcceZDF6p518BuyzH5ng1tTTVNV3Gum5rZw1lQclyqWIueG0pjSfwg-3D-3D\" target=\"_blank\" rel=\"noopener\" data-saferedirecturl=\"https:\/\/www.google.com\/url?q=https:\/\/link.mediaoutreach.meltwater.com\/ls\/click?upn%3Dv2OU6mEZsrF8RQMJ1eCY0jOfBK6KgGHbLFBq6pw7Q8bb53hWkDhT548pA00hhN-2FKoxAOwZxAxiKk8O-2FNJWVsVsBEBuqX4qGc9KZ-2B2D6SIBJZ9V3bRHOwr63T3OxwIlCRDUDo4vDl0r5N-2FishOArnEw-3D-3DjxfY_6-2BOayirWiMnL4NNJ9ivl6YavKZeo6-2F4wNJspN1hyqCqN9Iica8t3kuAqeTUsoEZyEPArUXwlTHpmuotWGUYRcpQrE8nNUswQ7G-2Fk02oN1WEWHHt54BxhdFiplpKrmGj1ZPwqqtWNZ9IBD5fcBQLl-2BT-2BSTUvXypqJKYDHwcv7o4hU7o9Bd3Pvglep-2Bo4zvaNg89DB1OornddnG3TjDd2VEXMlmzXJIsINaITLb3CzW1ruTl8Ou7-2F2nvqITJ7YSrWenKl1dMPjG3rwTKPAuSTG5sK6nhGt-2F64spPlHRVRCNvFddaALeUl5ktpS4-2BVGbXJhCxkJgIHXdK4dfVDk2SahIQS-2B-2FYFVO2wbmcceZDF6p518BuyzH5ng1tTTVNV3Gum5rZw1lQclyqWIueG0pjSfwg-3D-3D&amp;source=gmail&amp;ust=1697625599703000&amp;usg=AOvVaw30OcaE8xKwCE7xJTPLID7z\">88 miljoonaa Euroopan unionissa<\/a> Ruotsista on tullut haittojen v\u00e4hent\u00e4misen edell\u00e4k\u00e4vij\u00e4, sill\u00e4 se on siirtym\u00e4ss\u00e4 kohti valtakunnallista riskiperusteista politiikkaa nuuskan, perinteisen savuttoman tupakkatuotteen, osalta ja alentamassa sen veroa vuonna 20%. <strong>Kehotamme Belgian hallitusta seuraamaan Ruotsin esimerkki\u00e4 ja omaksumaan haittojen v\u00e4hent\u00e4misen savuttoman Euroopan liikkeellepanevana voimana.\u201d<\/strong><\/em> lis\u00e4si Landl.<\/p>\n<p dir=\"ltr\"><em><strong>\u201cEU:n pit\u00e4isi helpottaa tupakoinnin lopettamista, ei vaikeuttaa sit\u00e4.<\/strong> Makujen salliminen ja v\u00e4h\u00e4riskisempien tuotteiden verotuksen alentaminen ovat osoittautuneet tehokkaimmaksi tavaksi kannustaa tupakoinnin lopettamiseen, kuten Ruotsissa ja Isossa-Britanniassa.,<\/em>\u201d, Landl p\u00e4\u00e4tti.<\/p>\n<p dir=\"ltr\">World Vapers&#039; Alliance on \u00e4skett\u00e4in julkaissut kattavan tietolomakkeen, joka sis\u00e4lt\u00e4\u00e4 valtiollisten, l\u00e4\u00e4ketieteellisten ja tutkimuslaitosten tutkimustuloksia h\u00f6yryttelyst\u00e4 ja tupakkatuotteiden haittojen v\u00e4hent\u00e4misest\u00e4. Resurssi on saatavilla <a href=\"https:\/\/link.mediaoutreach.meltwater.com\/ls\/click?upn=v2OU6mEZsrF8RQMJ1eCY0g8ZtW9ddvzmg6KflWYNU1vqD5UTAad7hdqLnvzRVgQn0rESJQAbGQa73LkeNbwXTl9FFQxPGmKtlqGHHOEElA0-3DTK___6-2BOayirWiMnL4NNJ9ivl6YavKZeo6-2F4wNJspN1hyqCqN9Iica8t3kuAqeTUsoEZyEPArUXwlTHpmuotWGUYRcpQrE8nNUswQ7G-2Fk02oN1WEWHHt54BxhdFiplpKrmGj1ZPwqqtWNZ9IBD5fcBQLl-2BT-2BSTUvXypqJKYDHwcv7o4hU7o9Bd3Pvglep-2Bo4zvaNg89DB1OornddnG3TjDd2VEXMlmzXJIsINaITLb3CzW1ql7dlI82J6MZ2Ux6hZALM7ptOxwPTgQA6bF9GDRRibgT0wgn4EUNgIkNTcSjQVDjPYqk1Cw3w0DtyUkY4EDeaS-2BENu7KSd4-2BFTSZAzmL5FO12HcrrxAsWB0T4vS3gRaJyZBhKyTiwp1NxTkgY-2FqkxkrNcs-2FhT7ITk90Bd8r7Bo6Q-3D-3D\" target=\"_blank\" rel=\"noopener\" data-saferedirecturl=\"https:\/\/www.google.com\/url?q=https:\/\/link.mediaoutreach.meltwater.com\/ls\/click?upn%3Dv2OU6mEZsrF8RQMJ1eCY0g8ZtW9ddvzmg6KflWYNU1vqD5UTAad7hdqLnvzRVgQn0rESJQAbGQa73LkeNbwXTl9FFQxPGmKtlqGHHOEElA0-3DTK___6-2BOayirWiMnL4NNJ9ivl6YavKZeo6-2F4wNJspN1hyqCqN9Iica8t3kuAqeTUsoEZyEPArUXwlTHpmuotWGUYRcpQrE8nNUswQ7G-2Fk02oN1WEWHHt54BxhdFiplpKrmGj1ZPwqqtWNZ9IBD5fcBQLl-2BT-2BSTUvXypqJKYDHwcv7o4hU7o9Bd3Pvglep-2Bo4zvaNg89DB1OornddnG3TjDd2VEXMlmzXJIsINaITLb3CzW1ql7dlI82J6MZ2Ux6hZALM7ptOxwPTgQA6bF9GDRRibgT0wgn4EUNgIkNTcSjQVDjPYqk1Cw3w0DtyUkY4EDeaS-2BENu7KSd4-2BFTSZAzmL5FO12HcrrxAsWB0T4vS3gRaJyZBhKyTiwp1NxTkgY-2FqkxkrNcs-2FhT7ITk90Bd8r7Bo6Q-3D-3D&amp;source=gmail&amp;ust=1697625599703000&amp;usg=AOvVaw23BbtgGWzZgWTCdijUKqg1\">t\u00e4ss\u00e4<\/a>.<\/p>","protected":false},"excerpt":{"rendered":"<p>Brussels, Belgium, 17.10.2023\u00a0 \u2014 European members of the World Vapers\u2019 Alliance urge the Belgian government to address harm reduction as their health priority in the upcoming Council presidency term which starts on 1 January 2024. Earlier today, Politico published a working program of the Belgian presidency that addresses its five health priorities, including resiliency of [&hellip;]<\/p>\n","protected":false},"author":11,"featured_media":3245,"comment_status":"open","ping_status":"open","sticky":false,"template":"","format":"standard","meta":{"footnotes":""},"categories":[13],"tags":[],"class_list":["post-4921","post","type-post","status-publish","format-standard","has-post-thumbnail","hentry","category-press-releases"],"yoast_head":"<!-- This site is optimized with the Yoast SEO plugin v27.3 - https:\/\/yoast.com\/product\/yoast-seo-wordpress\/ -->\n<title>European consumers urge Belgian presidency to prioritise harm reduction - World Vapers&#039; Alliance<\/title>\n<meta name=\"description\" content=\"European members of the WVA urge the Belgian government to address harm reduction as their health priority in the upcoming Council presidency term.\" \/>\n<meta name=\"robots\" content=\"index, follow, max-snippet:-1, max-image-preview:large, max-video-preview:-1\" \/>\n<link rel=\"canonical\" href=\"https:\/\/worldvapersalliance.com\/fi\/european-consumers-urge-belgian-presidency-to-prioritise-harm-reduction\/\" \/>\n<meta property=\"og:locale\" content=\"fi_FI\" \/>\n<meta property=\"og:type\" content=\"article\" \/>\n<meta property=\"og:title\" content=\"European consumers urge Belgian presidency to prioritise harm reduction - World Vapers&#039; Alliance\" \/>\n<meta property=\"og:description\" content=\"European members of the WVA urge the Belgian government to address harm reduction as their health priority in the upcoming Council presidency term.\" \/>\n<meta property=\"og:url\" content=\"https:\/\/worldvapersalliance.com\/fi\/european-consumers-urge-belgian-presidency-to-prioritise-harm-reduction\/\" \/>\n<meta property=\"og:site_name\" content=\"World Vapers&#039; Alliance\" \/>\n<meta property=\"article:published_time\" content=\"2023-10-17T10:41:33+00:00\" \/>\n<meta property=\"og:image\" content=\"https:\/\/worldvapersalliance.com\/wp-content\/uploads\/2022\/10\/WVA_Press-Release_Cover-new.png\" \/>\n\t<meta property=\"og:image:width\" content=\"4162\" \/>\n\t<meta property=\"og:image:height\" content=\"3840\" \/>\n\t<meta property=\"og:image:type\" content=\"image\/png\" \/>\n<meta name=\"author\" content=\"World Vapers&#039; Alliance\" \/>\n<meta name=\"twitter:card\" content=\"summary_large_image\" \/>\n<meta name=\"twitter:label1\" content=\"Kirjoittanut\" \/>\n\t<meta name=\"twitter:data1\" content=\"World Vapers&#039; Alliance\" \/>\n\t<meta name=\"twitter:label2\" content=\"Arvioitu lukuaika\" \/>\n\t<meta name=\"twitter:data2\" content=\"2 minuuttia\" \/>\n<script type=\"application\/ld+json\" class=\"yoast-schema-graph\">{\"@context\":\"https:\\\/\\\/schema.org\",\"@graph\":[{\"@type\":\"Article\",\"@id\":\"https:\\\/\\\/worldvapersalliance.com\\\/european-consumers-urge-belgian-presidency-to-prioritise-harm-reduction\\\/#article\",\"isPartOf\":{\"@id\":\"https:\\\/\\\/worldvapersalliance.com\\\/european-consumers-urge-belgian-presidency-to-prioritise-harm-reduction\\\/\"},\"author\":{\"name\":\"World Vapers' Alliance\",\"@id\":\"https:\\\/\\\/worldvapersalliance.com\\\/#\\\/schema\\\/person\\\/18484a6f20bcc6f70a2419c8babe017d\"},\"headline\":\"European consumers urge Belgian presidency to prioritise harm reduction\",\"datePublished\":\"2023-10-17T10:41:33+00:00\",\"mainEntityOfPage\":{\"@id\":\"https:\\\/\\\/worldvapersalliance.com\\\/european-consumers-urge-belgian-presidency-to-prioritise-harm-reduction\\\/\"},\"wordCount\":246,\"commentCount\":0,\"publisher\":{\"@id\":\"https:\\\/\\\/worldvapersalliance.com\\\/#organization\"},\"image\":{\"@id\":\"https:\\\/\\\/worldvapersalliance.com\\\/european-consumers-urge-belgian-presidency-to-prioritise-harm-reduction\\\/#primaryimage\"},\"thumbnailUrl\":\"https:\\\/\\\/worldvapersalliance.com\\\/wp-content\\\/uploads\\\/2022\\\/10\\\/WVA_Press-Release_Cover-new.png\",\"articleSection\":[\"Press Releases\"],\"inLanguage\":\"fi\",\"potentialAction\":[{\"@type\":\"CommentAction\",\"name\":\"Comment\",\"target\":[\"https:\\\/\\\/worldvapersalliance.com\\\/european-consumers-urge-belgian-presidency-to-prioritise-harm-reduction\\\/#respond\"]}]},{\"@type\":\"WebPage\",\"@id\":\"https:\\\/\\\/worldvapersalliance.com\\\/european-consumers-urge-belgian-presidency-to-prioritise-harm-reduction\\\/\",\"url\":\"https:\\\/\\\/worldvapersalliance.com\\\/european-consumers-urge-belgian-presidency-to-prioritise-harm-reduction\\\/\",\"name\":\"European consumers urge Belgian presidency to prioritise harm reduction - World Vapers&#039; Alliance\",\"isPartOf\":{\"@id\":\"https:\\\/\\\/worldvapersalliance.com\\\/#website\"},\"primaryImageOfPage\":{\"@id\":\"https:\\\/\\\/worldvapersalliance.com\\\/european-consumers-urge-belgian-presidency-to-prioritise-harm-reduction\\\/#primaryimage\"},\"image\":{\"@id\":\"https:\\\/\\\/worldvapersalliance.com\\\/european-consumers-urge-belgian-presidency-to-prioritise-harm-reduction\\\/#primaryimage\"},\"thumbnailUrl\":\"https:\\\/\\\/worldvapersalliance.com\\\/wp-content\\\/uploads\\\/2022\\\/10\\\/WVA_Press-Release_Cover-new.png\",\"datePublished\":\"2023-10-17T10:41:33+00:00\",\"description\":\"European members of the WVA urge the Belgian government to address harm reduction as their health priority in the upcoming Council presidency term.\",\"inLanguage\":\"fi\",\"potentialAction\":[{\"@type\":\"ReadAction\",\"target\":[\"https:\\\/\\\/worldvapersalliance.com\\\/european-consumers-urge-belgian-presidency-to-prioritise-harm-reduction\\\/\"]}]},{\"@type\":\"ImageObject\",\"inLanguage\":\"fi\",\"@id\":\"https:\\\/\\\/worldvapersalliance.com\\\/european-consumers-urge-belgian-presidency-to-prioritise-harm-reduction\\\/#primaryimage\",\"url\":\"https:\\\/\\\/worldvapersalliance.com\\\/wp-content\\\/uploads\\\/2022\\\/10\\\/WVA_Press-Release_Cover-new.png\",\"contentUrl\":\"https:\\\/\\\/worldvapersalliance.com\\\/wp-content\\\/uploads\\\/2022\\\/10\\\/WVA_Press-Release_Cover-new.png\",\"width\":4162,\"height\":3840},{\"@type\":\"WebSite\",\"@id\":\"https:\\\/\\\/worldvapersalliance.com\\\/#website\",\"url\":\"https:\\\/\\\/worldvapersalliance.com\\\/\",\"name\":\"World Vapers&#039; Alliance\",\"description\":\"The largest community of vapers\",\"publisher\":{\"@id\":\"https:\\\/\\\/worldvapersalliance.com\\\/#organization\"},\"potentialAction\":[{\"@type\":\"SearchAction\",\"target\":{\"@type\":\"EntryPoint\",\"urlTemplate\":\"https:\\\/\\\/worldvapersalliance.com\\\/?s={search_term_string}\"},\"query-input\":{\"@type\":\"PropertyValueSpecification\",\"valueRequired\":true,\"valueName\":\"search_term_string\"}}],\"inLanguage\":\"fi\"},{\"@type\":\"Organization\",\"@id\":\"https:\\\/\\\/worldvapersalliance.com\\\/#organization\",\"name\":\"World Vapers&#039; Alliance\",\"url\":\"https:\\\/\\\/worldvapersalliance.com\\\/\",\"logo\":{\"@type\":\"ImageObject\",\"inLanguage\":\"fi\",\"@id\":\"https:\\\/\\\/worldvapersalliance.com\\\/#\\\/schema\\\/logo\\\/image\\\/\",\"url\":\"https:\\\/\\\/worldvapersalliance.com\\\/wp-content\\\/uploads\\\/2022\\\/01\\\/WVA_RB_Fist_G.png\",\"contentUrl\":\"https:\\\/\\\/worldvapersalliance.com\\\/wp-content\\\/uploads\\\/2022\\\/01\\\/WVA_RB_Fist_G.png\",\"width\":985,\"height\":1177,\"caption\":\"World Vapers&#039; Alliance\"},\"image\":{\"@id\":\"https:\\\/\\\/worldvapersalliance.com\\\/#\\\/schema\\\/logo\\\/image\\\/\"}},{\"@type\":\"Person\",\"@id\":\"https:\\\/\\\/worldvapersalliance.com\\\/#\\\/schema\\\/person\\\/18484a6f20bcc6f70a2419c8babe017d\",\"name\":\"World Vapers' Alliance\",\"image\":{\"@type\":\"ImageObject\",\"inLanguage\":\"fi\",\"@id\":\"https:\\\/\\\/secure.gravatar.com\\\/avatar\\\/456bf795c7a47c9ac527a94da4bff150aa49e48726d69bee9937f8383cffa246?s=96&d=mm&r=g\",\"url\":\"https:\\\/\\\/secure.gravatar.com\\\/avatar\\\/456bf795c7a47c9ac527a94da4bff150aa49e48726d69bee9937f8383cffa246?s=96&d=mm&r=g\",\"contentUrl\":\"https:\\\/\\\/secure.gravatar.com\\\/avatar\\\/456bf795c7a47c9ac527a94da4bff150aa49e48726d69bee9937f8383cffa246?s=96&d=mm&r=g\",\"caption\":\"World Vapers' Alliance\"},\"url\":\"https:\\\/\\\/worldvapersalliance.com\\\/fi\\\/author\\\/wva\\\/\"}]}<\/script>\n<!-- \/ Yoast SEO plugin. -->","yoast_head_json":{"title":"Eurooppalaiset kuluttajat kehottavat Belgiaa asettamaan haittojen v\u00e4hent\u00e4misen etusijalle - World Vapers&#039; Alliance","description":"WVA:n eurooppalaiset j\u00e4senet kehottavat Belgian hallitusta asettamaan haittojen v\u00e4hent\u00e4misen terveysprioriteetikseen tulevalla neuvoston puheenjohtajakaudella.","robots":{"index":"index","follow":"follow","max-snippet":"max-snippet:-1","max-image-preview":"max-image-preview:large","max-video-preview":"max-video-preview:-1"},"canonical":"https:\/\/worldvapersalliance.com\/fi\/european-consumers-urge-belgian-presidency-to-prioritise-harm-reduction\/","og_locale":"fi_FI","og_type":"article","og_title":"European consumers urge Belgian presidency to prioritise harm reduction - World Vapers&#039; Alliance","og_description":"European members of the WVA urge the Belgian government to address harm reduction as their health priority in the upcoming Council presidency term.","og_url":"https:\/\/worldvapersalliance.com\/fi\/european-consumers-urge-belgian-presidency-to-prioritise-harm-reduction\/","og_site_name":"World Vapers&#039; Alliance","article_published_time":"2023-10-17T10:41:33+00:00","og_image":[{"width":4162,"height":3840,"url":"https:\/\/worldvapersalliance.com\/wp-content\/uploads\/2022\/10\/WVA_Press-Release_Cover-new.png","type":"image\/png"}],"author":"World Vapers' Alliance","twitter_card":"summary_large_image","twitter_misc":{"Kirjoittanut":"World Vapers' Alliance","Arvioitu lukuaika":"2 minuuttia"},"schema":{"@context":"https:\/\/schema.org","@graph":[{"@type":"Article","@id":"https:\/\/worldvapersalliance.com\/european-consumers-urge-belgian-presidency-to-prioritise-harm-reduction\/#article","isPartOf":{"@id":"https:\/\/worldvapersalliance.com\/european-consumers-urge-belgian-presidency-to-prioritise-harm-reduction\/"},"author":{"name":"World Vapers' Alliance","@id":"https:\/\/worldvapersalliance.com\/#\/schema\/person\/18484a6f20bcc6f70a2419c8babe017d"},"headline":"European consumers urge Belgian presidency to prioritise harm reduction","datePublished":"2023-10-17T10:41:33+00:00","mainEntityOfPage":{"@id":"https:\/\/worldvapersalliance.com\/european-consumers-urge-belgian-presidency-to-prioritise-harm-reduction\/"},"wordCount":246,"commentCount":0,"publisher":{"@id":"https:\/\/worldvapersalliance.com\/#organization"},"image":{"@id":"https:\/\/worldvapersalliance.com\/european-consumers-urge-belgian-presidency-to-prioritise-harm-reduction\/#primaryimage"},"thumbnailUrl":"https:\/\/worldvapersalliance.com\/wp-content\/uploads\/2022\/10\/WVA_Press-Release_Cover-new.png","articleSection":["Press Releases"],"inLanguage":"fi","potentialAction":[{"@type":"CommentAction","name":"Comment","target":["https:\/\/worldvapersalliance.com\/european-consumers-urge-belgian-presidency-to-prioritise-harm-reduction\/#respond"]}]},{"@type":"WebPage","@id":"https:\/\/worldvapersalliance.com\/european-consumers-urge-belgian-presidency-to-prioritise-harm-reduction\/","url":"https:\/\/worldvapersalliance.com\/european-consumers-urge-belgian-presidency-to-prioritise-harm-reduction\/","name":"Eurooppalaiset kuluttajat kehottavat Belgiaa asettamaan haittojen v\u00e4hent\u00e4misen etusijalle - World Vapers&#039; Alliance","isPartOf":{"@id":"https:\/\/worldvapersalliance.com\/#website"},"primaryImageOfPage":{"@id":"https:\/\/worldvapersalliance.com\/european-consumers-urge-belgian-presidency-to-prioritise-harm-reduction\/#primaryimage"},"image":{"@id":"https:\/\/worldvapersalliance.com\/european-consumers-urge-belgian-presidency-to-prioritise-harm-reduction\/#primaryimage"},"thumbnailUrl":"https:\/\/worldvapersalliance.com\/wp-content\/uploads\/2022\/10\/WVA_Press-Release_Cover-new.png","datePublished":"2023-10-17T10:41:33+00:00","description":"WVA:n eurooppalaiset j\u00e4senet kehottavat Belgian hallitusta asettamaan haittojen v\u00e4hent\u00e4misen terveysprioriteetikseen tulevalla neuvoston puheenjohtajakaudella.","inLanguage":"fi","potentialAction":[{"@type":"ReadAction","target":["https:\/\/worldvapersalliance.com\/european-consumers-urge-belgian-presidency-to-prioritise-harm-reduction\/"]}]},{"@type":"ImageObject","inLanguage":"fi","@id":"https:\/\/worldvapersalliance.com\/european-consumers-urge-belgian-presidency-to-prioritise-harm-reduction\/#primaryimage","url":"https:\/\/worldvapersalliance.com\/wp-content\/uploads\/2022\/10\/WVA_Press-Release_Cover-new.png","contentUrl":"https:\/\/worldvapersalliance.com\/wp-content\/uploads\/2022\/10\/WVA_Press-Release_Cover-new.png","width":4162,"height":3840},{"@type":"WebSite","@id":"https:\/\/worldvapersalliance.com\/#website","url":"https:\/\/worldvapersalliance.com\/","name":"World Vapers&#039; Alliance","description":"Suurin vapaiden yhteis\u00f6","publisher":{"@id":"https:\/\/worldvapersalliance.com\/#organization"},"potentialAction":[{"@type":"SearchAction","target":{"@type":"EntryPoint","urlTemplate":"https:\/\/worldvapersalliance.com\/?s={search_term_string}"},"query-input":{"@type":"PropertyValueSpecification","valueRequired":true,"valueName":"search_term_string"}}],"inLanguage":"fi"},{"@type":"Organization","@id":"https:\/\/worldvapersalliance.com\/#organization","name":"World Vapers&#039; Alliance","url":"https:\/\/worldvapersalliance.com\/","logo":{"@type":"ImageObject","inLanguage":"fi","@id":"https:\/\/worldvapersalliance.com\/#\/schema\/logo\/image\/","url":"https:\/\/worldvapersalliance.com\/wp-content\/uploads\/2022\/01\/WVA_RB_Fist_G.png","contentUrl":"https:\/\/worldvapersalliance.com\/wp-content\/uploads\/2022\/01\/WVA_RB_Fist_G.png","width":985,"height":1177,"caption":"World Vapers&#039; Alliance"},"image":{"@id":"https:\/\/worldvapersalliance.com\/#\/schema\/logo\/image\/"}},{"@type":"Person","@id":"https:\/\/worldvapersalliance.com\/#\/schema\/person\/18484a6f20bcc6f70a2419c8babe017d","name":"World Vapers&#039; Alliance","image":{"@type":"ImageObject","inLanguage":"fi","@id":"https:\/\/secure.gravatar.com\/avatar\/456bf795c7a47c9ac527a94da4bff150aa49e48726d69bee9937f8383cffa246?s=96&d=mm&r=g","url":"https:\/\/secure.gravatar.com\/avatar\/456bf795c7a47c9ac527a94da4bff150aa49e48726d69bee9937f8383cffa246?s=96&d=mm&r=g","contentUrl":"https:\/\/secure.gravatar.com\/avatar\/456bf795c7a47c9ac527a94da4bff150aa49e48726d69bee9937f8383cffa246?s=96&d=mm&r=g","caption":"World Vapers' Alliance"},"url":"https:\/\/worldvapersalliance.com\/fi\/author\/wva\/"}]}},"_links":{"self":[{"href":"https:\/\/worldvapersalliance.com\/fi\/wp-json\/wp\/v2\/posts\/4921","targetHints":{"allow":["GET"]}}],"collection":[{"href":"https:\/\/worldvapersalliance.com\/fi\/wp-json\/wp\/v2\/posts"}],"about":[{"href":"https:\/\/worldvapersalliance.com\/fi\/wp-json\/wp\/v2\/types\/post"}],"author":[{"embeddable":true,"href":"https:\/\/worldvapersalliance.com\/fi\/wp-json\/wp\/v2\/users\/11"}],"replies":[{"embeddable":true,"href":"https:\/\/worldvapersalliance.com\/fi\/wp-json\/wp\/v2\/comments?post=4921"}],"version-history":[{"count":0,"href":"https:\/\/worldvapersalliance.com\/fi\/wp-json\/wp\/v2\/posts\/4921\/revisions"}],"wp:featuredmedia":[{"embeddable":true,"href":"https:\/\/worldvapersalliance.com\/fi\/wp-json\/wp\/v2\/media\/3245"}],"wp:attachment":[{"href":"https:\/\/worldvapersalliance.com\/fi\/wp-json\/wp\/v2\/media?parent=4921"}],"wp:term":[{"taxonomy":"category","embeddable":true,"href":"https:\/\/worldvapersalliance.com\/fi\/wp-json\/wp\/v2\/categories?post=4921"},{"taxonomy":"post_tag","embeddable":true,"href":"https:\/\/worldvapersalliance.com\/fi\/wp-json\/wp\/v2\/tags?post=4921"}],"curies":[{"name":"wp","href":"https:\/\/api.w.org\/{rel}","templated":true}]}}