{"id":4859,"date":"2023-10-04T05:38:49","date_gmt":"2023-10-04T09:38:49","guid":{"rendered":"https:\/\/worldvapersalliance.com\/?p=4859"},"modified":"2023-10-11T05:40:05","modified_gmt":"2023-10-11T09:40:05","slug":"mixed-response-to-pms-smoking-and-vaping-announcements","status":"publish","type":"post","link":"https:\/\/worldvapersalliance.com\/fi\/mixed-response-to-pms-smoking-and-vaping-announcements\/","title":{"rendered":"P\u00e4\u00e4ministerin tupakointi- ja s\u00e4hk\u00f6savukkeiden ilmoitukset saivat ristiriitaisen vastaanoton"},"content":{"rendered":"<p>Puheessaan CPC:lle Manchesterissa t\u00e4n\u00e4\u00e4n p\u00e4\u00e4ministeri Rishi Sunak ilmoitti tulevan hallituksen suunnitelmista muuttaa tupakkatuotteiden myyntilakia siten, ett\u00e4 myynti-ik\u00e4raja nousisi vuodella joka vuosi.<\/p>\n<p>Sunak sanoi: \u201cSe tarkoittaa, ett\u00e4 14-vuotiaalle ei nyky\u00e4\u00e4n koskaan myyd\u00e4 laillisesti savuketta ja ett\u00e4 heid\u00e4n sukupolvensa kasvaa savuttomana.\u201c<\/p>\n<p>Samanlaisia k\u00e4yt\u00e4nt\u00f6j\u00e4 on jo k\u00e4yt\u00f6ss\u00e4 Uudessa-Seelannissa.<\/p>\n<p>P\u00e4\u00e4ministeri totesi, ett\u00e4 \u00e4\u00e4nestys on vapaa eik\u00e4 hallituksen m\u00e4\u00e4r\u00e4ysten alainen.<\/p>\n<p>H\u00e4n esitti my\u00f6s huolensa h\u00f6yryttelyst\u00e4 ja kertak\u00e4ytt\u00f6isten h\u00f6yrystinten vaikutuksista todeten haluavansa &quot;esitt\u00e4\u00e4 toimenpiteit\u00e4 h\u00f6yrystinten saatavuuden rajoittamiseksi lapsillemme... tarkastellen makuja, pakkauksia, esillepanoja ja kertak\u00e4ytt\u00f6isi\u00e4 h\u00f6yrystinlaitteita&quot;.\u2018<\/p>\n<p>Tupakkalains\u00e4\u00e4d\u00e4nn\u00f6n osalta, <a href=\"https:\/\/www.acs.org.uk\/\" target=\"_blank\" rel=\"nofollow noopener\">ACS<\/a> Toimitusjohtaja James Lowman sanoi: \u201cTeemme yhteisty\u00f6t\u00e4 hallituksen kanssa t\u00e4m\u00e4n k\u00e4yt\u00e4nn\u00f6n toteuttamiseksi ja valvomiseksi. Sektorillamme on ylpe\u00e4 maine alaik\u00e4isten ostosten est\u00e4misess\u00e4, ja jatkamme neuvonnan tarjoamista j\u00e4senille, jotta he voivat noudattaa mit\u00e4 tahansa ik\u00e4rajoitusk\u00e4yt\u00e4nt\u00f6\u00e4, josta parlamentti p\u00e4\u00e4tt\u00e4\u00e4.\u201d<\/p>\n<p>Lue koko teksti <a href=\"https:\/\/www.talkingretail.com\/news\/industry-news\/pms-smoking-and-vaping-announcements-mostly-well-received-04-10-2023\/\" target=\"_blank\" rel=\"noopener\">t\u00e4ss\u00e4<\/a><\/p>","protected":false},"excerpt":{"rendered":"<p>In his speech to CPC in Manchester today, prime minister Rishi Sunak announced future government plans to change the law on the sale of tobacco so that the age of sale rises by one year, every year. Sunak said: \u201c\u201cThat means a 14-year-old today will never legally be sold a cigarette and that their generation [&hellip;]<\/p>\n","protected":false},"author":11,"featured_media":6394,"comment_status":"open","ping_status":"open","sticky":false,"template":"","format":"standard","meta":{"footnotes":""},"categories":[15],"tags":[],"class_list":["post-4859","post","type-post","status-publish","format-standard","has-post-thumbnail","hentry","category-wva-in-the-news"],"yoast_head":"<!-- This site is optimized with the Yoast SEO plugin v28.3 - https:\/\/yoast.com\/product\/yoast-seo-wordpress\/ -->\n<title>Mixed response to PM\u2019s smoking and vaping announcements - World Vapers&#039; Alliance<\/title>\n<meta name=\"robots\" content=\"index, follow, max-snippet:-1, max-image-preview:large, max-video-preview:-1\" \/>\n<link rel=\"canonical\" href=\"https:\/\/worldvapersalliance.com\/fi\/mixed-response-to-pms-smoking-and-vaping-announcements\/\" \/>\n<meta property=\"og:locale\" content=\"fi_FI\" \/>\n<meta property=\"og:type\" content=\"article\" \/>\n<meta property=\"og:title\" content=\"Mixed response to PM\u2019s smoking and vaping announcements - World Vapers&#039; Alliance\" \/>\n<meta property=\"og:description\" content=\"In his speech to CPC in Manchester today, prime minister Rishi Sunak announced future government plans to change the law on the sale of tobacco so that the age of sale rises by one year, every year. Sunak said: \u201c\u201cThat means a 14-year-old today will never legally be sold a cigarette and that their generation [&hellip;]\" \/>\n<meta property=\"og:url\" content=\"https:\/\/worldvapersalliance.com\/fi\/mixed-response-to-pms-smoking-and-vaping-announcements\/\" \/>\n<meta property=\"og:site_name\" content=\"World Vapers&#039; Alliance\" \/>\n<meta property=\"article:published_time\" content=\"2023-10-04T09:38:49+00:00\" \/>\n<meta property=\"article:modified_time\" content=\"2023-10-11T09:40:05+00:00\" \/>\n<meta property=\"og:image\" content=\"https:\/\/worldvapersalliance.com\/wp-content\/uploads\/2023\/09\/Talking-Retail.png\" \/>\n\t<meta property=\"og:image:width\" content=\"2081\" \/>\n\t<meta property=\"og:image:height\" content=\"1920\" \/>\n\t<meta property=\"og:image:type\" content=\"image\/png\" \/>\n<meta name=\"author\" content=\"World Vapers&#039; Alliance\" \/>\n<meta name=\"twitter:card\" content=\"summary_large_image\" \/>\n<meta name=\"twitter:label1\" content=\"Kirjoittanut\" \/>\n\t<meta name=\"twitter:data1\" content=\"World Vapers&#039; Alliance\" \/>\n\t<meta name=\"twitter:label2\" content=\"Arvioitu lukuaika\" \/>\n\t<meta name=\"twitter:data2\" content=\"1 minuutti\" \/>\n<script type=\"application\/ld+json\" class=\"yoast-schema-graph\">{\"@context\":\"https:\\\/\\\/schema.org\",\"@graph\":[{\"@type\":\"Article\",\"@id\":\"https:\\\/\\\/worldvapersalliance.com\\\/mixed-response-to-pms-smoking-and-vaping-announcements\\\/#article\",\"isPartOf\":{\"@id\":\"https:\\\/\\\/worldvapersalliance.com\\\/mixed-response-to-pms-smoking-and-vaping-announcements\\\/\"},\"author\":{\"name\":\"World Vapers' Alliance\",\"@id\":\"https:\\\/\\\/worldvapersalliance.com\\\/#\\\/schema\\\/person\\\/18484a6f20bcc6f70a2419c8babe017d\"},\"headline\":\"Mixed response to PM\u2019s smoking and vaping announcements\",\"datePublished\":\"2023-10-04T09:38:49+00:00\",\"dateModified\":\"2023-10-11T09:40:05+00:00\",\"mainEntityOfPage\":{\"@id\":\"https:\\\/\\\/worldvapersalliance.com\\\/mixed-response-to-pms-smoking-and-vaping-announcements\\\/\"},\"wordCount\":199,\"commentCount\":0,\"publisher\":{\"@id\":\"https:\\\/\\\/worldvapersalliance.com\\\/#organization\"},\"image\":{\"@id\":\"https:\\\/\\\/worldvapersalliance.com\\\/mixed-response-to-pms-smoking-and-vaping-announcements\\\/#primaryimage\"},\"thumbnailUrl\":\"https:\\\/\\\/worldvapersalliance.com\\\/wp-content\\\/uploads\\\/2025\\\/08\\\/WVA-in-the-news.png\",\"articleSection\":[\"WVA in the News\"],\"inLanguage\":\"fi\",\"potentialAction\":[{\"@type\":\"CommentAction\",\"name\":\"Comment\",\"target\":[\"https:\\\/\\\/worldvapersalliance.com\\\/mixed-response-to-pms-smoking-and-vaping-announcements\\\/#respond\"]}]},{\"@type\":\"WebPage\",\"@id\":\"https:\\\/\\\/worldvapersalliance.com\\\/mixed-response-to-pms-smoking-and-vaping-announcements\\\/\",\"url\":\"https:\\\/\\\/worldvapersalliance.com\\\/mixed-response-to-pms-smoking-and-vaping-announcements\\\/\",\"name\":\"Mixed response to PM\u2019s smoking and vaping announcements - World Vapers&#039; Alliance\",\"isPartOf\":{\"@id\":\"https:\\\/\\\/worldvapersalliance.com\\\/#website\"},\"primaryImageOfPage\":{\"@id\":\"https:\\\/\\\/worldvapersalliance.com\\\/mixed-response-to-pms-smoking-and-vaping-announcements\\\/#primaryimage\"},\"image\":{\"@id\":\"https:\\\/\\\/worldvapersalliance.com\\\/mixed-response-to-pms-smoking-and-vaping-announcements\\\/#primaryimage\"},\"thumbnailUrl\":\"https:\\\/\\\/worldvapersalliance.com\\\/wp-content\\\/uploads\\\/2025\\\/08\\\/WVA-in-the-news.png\",\"datePublished\":\"2023-10-04T09:38:49+00:00\",\"dateModified\":\"2023-10-11T09:40:05+00:00\",\"inLanguage\":\"fi\",\"potentialAction\":[{\"@type\":\"ReadAction\",\"target\":[\"https:\\\/\\\/worldvapersalliance.com\\\/mixed-response-to-pms-smoking-and-vaping-announcements\\\/\"]}]},{\"@type\":\"ImageObject\",\"inLanguage\":\"fi\",\"@id\":\"https:\\\/\\\/worldvapersalliance.com\\\/mixed-response-to-pms-smoking-and-vaping-announcements\\\/#primaryimage\",\"url\":\"https:\\\/\\\/worldvapersalliance.com\\\/wp-content\\\/uploads\\\/2025\\\/08\\\/WVA-in-the-news.png\",\"contentUrl\":\"https:\\\/\\\/worldvapersalliance.com\\\/wp-content\\\/uploads\\\/2025\\\/08\\\/WVA-in-the-news.png\",\"width\":1264,\"height\":848},{\"@type\":\"WebSite\",\"@id\":\"https:\\\/\\\/worldvapersalliance.com\\\/#website\",\"url\":\"https:\\\/\\\/worldvapersalliance.com\\\/\",\"name\":\"World Vapers&#039; Alliance\",\"description\":\"The largest community of vapers\",\"publisher\":{\"@id\":\"https:\\\/\\\/worldvapersalliance.com\\\/#organization\"},\"potentialAction\":[{\"@type\":\"SearchAction\",\"target\":{\"@type\":\"EntryPoint\",\"urlTemplate\":\"https:\\\/\\\/worldvapersalliance.com\\\/?s={search_term_string}\"},\"query-input\":{\"@type\":\"PropertyValueSpecification\",\"valueRequired\":true,\"valueName\":\"search_term_string\"}}],\"inLanguage\":\"fi\"},{\"@type\":\"Organization\",\"@id\":\"https:\\\/\\\/worldvapersalliance.com\\\/#organization\",\"name\":\"World Vapers&#039; Alliance\",\"url\":\"https:\\\/\\\/worldvapersalliance.com\\\/\",\"logo\":{\"@type\":\"ImageObject\",\"inLanguage\":\"fi\",\"@id\":\"https:\\\/\\\/worldvapersalliance.com\\\/#\\\/schema\\\/logo\\\/image\\\/\",\"url\":\"https:\\\/\\\/worldvapersalliance.com\\\/wp-content\\\/uploads\\\/2022\\\/01\\\/WVA_RB_Fist_G.png\",\"contentUrl\":\"https:\\\/\\\/worldvapersalliance.com\\\/wp-content\\\/uploads\\\/2022\\\/01\\\/WVA_RB_Fist_G.png\",\"width\":985,\"height\":1177,\"caption\":\"World Vapers&#039; Alliance\"},\"image\":{\"@id\":\"https:\\\/\\\/worldvapersalliance.com\\\/#\\\/schema\\\/logo\\\/image\\\/\"}},{\"@type\":\"Person\",\"@id\":\"https:\\\/\\\/worldvapersalliance.com\\\/#\\\/schema\\\/person\\\/18484a6f20bcc6f70a2419c8babe017d\",\"name\":\"World Vapers' Alliance\",\"image\":{\"@type\":\"ImageObject\",\"inLanguage\":\"fi\",\"@id\":\"https:\\\/\\\/secure.gravatar.com\\\/avatar\\\/456bf795c7a47c9ac527a94da4bff150aa49e48726d69bee9937f8383cffa246?s=96&d=mm&r=g\",\"url\":\"https:\\\/\\\/secure.gravatar.com\\\/avatar\\\/456bf795c7a47c9ac527a94da4bff150aa49e48726d69bee9937f8383cffa246?s=96&d=mm&r=g\",\"contentUrl\":\"https:\\\/\\\/secure.gravatar.com\\\/avatar\\\/456bf795c7a47c9ac527a94da4bff150aa49e48726d69bee9937f8383cffa246?s=96&d=mm&r=g\",\"caption\":\"World Vapers' Alliance\"},\"url\":\"https:\\\/\\\/worldvapersalliance.com\\\/fi\\\/author\\\/wva\\\/\"}]}<\/script>\n<!-- \/ Yoast SEO plugin. -->","yoast_head_json":{"title":"P\u00e4\u00e4ministerin tupakointi- ja h\u00f6yryttelyjulistukset saivat ristiriitaisen vastaanoton - World Vapers&#039; Alliance","robots":{"index":"index","follow":"follow","max-snippet":"max-snippet:-1","max-image-preview":"max-image-preview:large","max-video-preview":"max-video-preview:-1"},"canonical":"https:\/\/worldvapersalliance.com\/fi\/mixed-response-to-pms-smoking-and-vaping-announcements\/","og_locale":"fi_FI","og_type":"article","og_title":"Mixed response to PM\u2019s smoking and vaping announcements - World Vapers&#039; Alliance","og_description":"In his speech to CPC in Manchester today, prime minister Rishi Sunak announced future government plans to change the law on the sale of tobacco so that the age of sale rises by one year, every year. Sunak said: \u201c\u201cThat means a 14-year-old today will never legally be sold a cigarette and that their generation [&hellip;]","og_url":"https:\/\/worldvapersalliance.com\/fi\/mixed-response-to-pms-smoking-and-vaping-announcements\/","og_site_name":"World Vapers&#039; Alliance","article_published_time":"2023-10-04T09:38:49+00:00","article_modified_time":"2023-10-11T09:40:05+00:00","og_image":[{"width":2081,"height":1920,"url":"https:\/\/worldvapersalliance.com\/wp-content\/uploads\/2023\/09\/Talking-Retail.png","type":"image\/png"}],"author":"World Vapers' Alliance","twitter_card":"summary_large_image","twitter_misc":{"Kirjoittanut":"World Vapers' Alliance","Arvioitu lukuaika":"1 minuutti"},"schema":{"@context":"https:\/\/schema.org","@graph":[{"@type":"Article","@id":"https:\/\/worldvapersalliance.com\/mixed-response-to-pms-smoking-and-vaping-announcements\/#article","isPartOf":{"@id":"https:\/\/worldvapersalliance.com\/mixed-response-to-pms-smoking-and-vaping-announcements\/"},"author":{"name":"World Vapers' Alliance","@id":"https:\/\/worldvapersalliance.com\/#\/schema\/person\/18484a6f20bcc6f70a2419c8babe017d"},"headline":"Mixed response to PM\u2019s smoking and vaping announcements","datePublished":"2023-10-04T09:38:49+00:00","dateModified":"2023-10-11T09:40:05+00:00","mainEntityOfPage":{"@id":"https:\/\/worldvapersalliance.com\/mixed-response-to-pms-smoking-and-vaping-announcements\/"},"wordCount":199,"commentCount":0,"publisher":{"@id":"https:\/\/worldvapersalliance.com\/#organization"},"image":{"@id":"https:\/\/worldvapersalliance.com\/mixed-response-to-pms-smoking-and-vaping-announcements\/#primaryimage"},"thumbnailUrl":"https:\/\/worldvapersalliance.com\/wp-content\/uploads\/2025\/08\/WVA-in-the-news.png","articleSection":["WVA in the News"],"inLanguage":"fi","potentialAction":[{"@type":"CommentAction","name":"Comment","target":["https:\/\/worldvapersalliance.com\/mixed-response-to-pms-smoking-and-vaping-announcements\/#respond"]}]},{"@type":"WebPage","@id":"https:\/\/worldvapersalliance.com\/mixed-response-to-pms-smoking-and-vaping-announcements\/","url":"https:\/\/worldvapersalliance.com\/mixed-response-to-pms-smoking-and-vaping-announcements\/","name":"P\u00e4\u00e4ministerin tupakointi- ja h\u00f6yryttelyjulistukset saivat ristiriitaisen vastaanoton - World Vapers&#039; Alliance","isPartOf":{"@id":"https:\/\/worldvapersalliance.com\/#website"},"primaryImageOfPage":{"@id":"https:\/\/worldvapersalliance.com\/mixed-response-to-pms-smoking-and-vaping-announcements\/#primaryimage"},"image":{"@id":"https:\/\/worldvapersalliance.com\/mixed-response-to-pms-smoking-and-vaping-announcements\/#primaryimage"},"thumbnailUrl":"https:\/\/worldvapersalliance.com\/wp-content\/uploads\/2025\/08\/WVA-in-the-news.png","datePublished":"2023-10-04T09:38:49+00:00","dateModified":"2023-10-11T09:40:05+00:00","inLanguage":"fi","potentialAction":[{"@type":"ReadAction","target":["https:\/\/worldvapersalliance.com\/mixed-response-to-pms-smoking-and-vaping-announcements\/"]}]},{"@type":"ImageObject","inLanguage":"fi","@id":"https:\/\/worldvapersalliance.com\/mixed-response-to-pms-smoking-and-vaping-announcements\/#primaryimage","url":"https:\/\/worldvapersalliance.com\/wp-content\/uploads\/2025\/08\/WVA-in-the-news.png","contentUrl":"https:\/\/worldvapersalliance.com\/wp-content\/uploads\/2025\/08\/WVA-in-the-news.png","width":1264,"height":848},{"@type":"WebSite","@id":"https:\/\/worldvapersalliance.com\/#website","url":"https:\/\/worldvapersalliance.com\/","name":"World Vapers&#039; Alliance","description":"Suurin vapaiden yhteis\u00f6","publisher":{"@id":"https:\/\/worldvapersalliance.com\/#organization"},"potentialAction":[{"@type":"SearchAction","target":{"@type":"EntryPoint","urlTemplate":"https:\/\/worldvapersalliance.com\/?s={search_term_string}"},"query-input":{"@type":"PropertyValueSpecification","valueRequired":true,"valueName":"search_term_string"}}],"inLanguage":"fi"},{"@type":"Organization","@id":"https:\/\/worldvapersalliance.com\/#organization","name":"World Vapers&#039; Alliance","url":"https:\/\/worldvapersalliance.com\/","logo":{"@type":"ImageObject","inLanguage":"fi","@id":"https:\/\/worldvapersalliance.com\/#\/schema\/logo\/image\/","url":"https:\/\/worldvapersalliance.com\/wp-content\/uploads\/2022\/01\/WVA_RB_Fist_G.png","contentUrl":"https:\/\/worldvapersalliance.com\/wp-content\/uploads\/2022\/01\/WVA_RB_Fist_G.png","width":985,"height":1177,"caption":"World Vapers&#039; Alliance"},"image":{"@id":"https:\/\/worldvapersalliance.com\/#\/schema\/logo\/image\/"}},{"@type":"Person","@id":"https:\/\/worldvapersalliance.com\/#\/schema\/person\/18484a6f20bcc6f70a2419c8babe017d","name":"World Vapers&#039; Alliance","image":{"@type":"ImageObject","inLanguage":"fi","@id":"https:\/\/secure.gravatar.com\/avatar\/456bf795c7a47c9ac527a94da4bff150aa49e48726d69bee9937f8383cffa246?s=96&d=mm&r=g","url":"https:\/\/secure.gravatar.com\/avatar\/456bf795c7a47c9ac527a94da4bff150aa49e48726d69bee9937f8383cffa246?s=96&d=mm&r=g","contentUrl":"https:\/\/secure.gravatar.com\/avatar\/456bf795c7a47c9ac527a94da4bff150aa49e48726d69bee9937f8383cffa246?s=96&d=mm&r=g","caption":"World Vapers' Alliance"},"url":"https:\/\/worldvapersalliance.com\/fi\/author\/wva\/"}]}},"_links":{"self":[{"href":"https:\/\/worldvapersalliance.com\/fi\/wp-json\/wp\/v2\/posts\/4859","targetHints":{"allow":["GET"]}}],"collection":[{"href":"https:\/\/worldvapersalliance.com\/fi\/wp-json\/wp\/v2\/posts"}],"about":[{"href":"https:\/\/worldvapersalliance.com\/fi\/wp-json\/wp\/v2\/types\/post"}],"author":[{"embeddable":true,"href":"https:\/\/worldvapersalliance.com\/fi\/wp-json\/wp\/v2\/users\/11"}],"replies":[{"embeddable":true,"href":"https:\/\/worldvapersalliance.com\/fi\/wp-json\/wp\/v2\/comments?post=4859"}],"version-history":[{"count":0,"href":"https:\/\/worldvapersalliance.com\/fi\/wp-json\/wp\/v2\/posts\/4859\/revisions"}],"wp:featuredmedia":[{"embeddable":true,"href":"https:\/\/worldvapersalliance.com\/fi\/wp-json\/wp\/v2\/media\/6394"}],"wp:attachment":[{"href":"https:\/\/worldvapersalliance.com\/fi\/wp-json\/wp\/v2\/media?parent=4859"}],"wp:term":[{"taxonomy":"category","embeddable":true,"href":"https:\/\/worldvapersalliance.com\/fi\/wp-json\/wp\/v2\/categories?post=4859"},{"taxonomy":"post_tag","embeddable":true,"href":"https:\/\/worldvapersalliance.com\/fi\/wp-json\/wp\/v2\/tags?post=4859"}],"curies":[{"name":"wp","href":"https:\/\/api.w.org\/{rel}","templated":true}]}}