{"id":1340,"date":"2021-01-27T13:31:48","date_gmt":"2021-01-27T18:31:48","guid":{"rendered":"https:\/\/worldvapersalliance.com\/?p=1340"},"modified":"2022-05-12T06:30:07","modified_gmt":"2022-05-12T10:30:07","slug":"dutch-vapers-strike-again","status":"publish","type":"post","link":"https:\/\/worldvapersalliance.com\/fi\/dutch-vapers-strike-again\/","title":{"rendered":"Alankomaiden vapperit iskev\u00e4t j\u00e4lleen protestina &quot;sotaa vastaan&quot;"},"content":{"rendered":"<p>Edellisen marraskuun valoshow\u2019n menestyksen j\u00e4lkeen hollantilaiset h\u00f6yryttelij\u00e4t valtasivat j\u00e4lleen tiistai-iltana Alankomaiden poliittisen p\u00e4\u00e4kaupungin Haagin kadut ja rakennukset kampanjoiden valtiosihteeri Blokhuisin lakiluonnosta vastaan, joka kielt\u00e4isi h\u00f6yryttelymaut.<\/p>\n<p><img fetchpriority=\"high\" decoding=\"async\" class=\"size-medium wp-image-1003 alignright\" src=\"https:\/\/wvaold.wpengine.com\/wp-content\/uploads\/2021\/01\/210126-Sjansjee-2-Wilmar58-300x200.jpg\" alt=\"\" width=\"300\" height=\"200\" \/><\/p>\n<p>Asennus j\u00e4rjestettiin ehdotettua makukieltoa koskevan julkisen kuulemisen valossa. Kuulemiseen on jo j\u00e4tetty yli 800 lausuntoa, joista 98% vastusti kieltoa ja kannatti h\u00f6yryttelymakuja. Asiaan kohdistuva valtava julkinen kiinnostus pakotti hallituksen pident\u00e4m\u00e4\u00e4n kuulemista kahdella viikolla.<\/p>\n<p>Vastauksena kuulemisen onnistumiseen World Vapers&#039; Alliancen (WVA) johtaja Michael Landl sanoi:<\/p>\n<p><em>\u201cHollantilaisten h\u00f6yryttelyyhteis\u00f6n kuulemisprosessin aikana ilmaisema intohimo on ollut uskomatonta. Valtaosa vastauksista toteaa nimenomaisesti, ett\u00e4 h\u00f6yryttely auttoi heit\u00e4 lopettamaan tupakoinnin tai ett\u00e4 makujen poistaminen ajaisi heid\u00e4t takaisin savukkeiden pariin. Hallituksen on kuunneltava n\u00e4it\u00e4 tarinoita ja hyl\u00e4tt\u00e4v\u00e4 t\u00e4m\u00e4 naurettava lains\u00e4\u00e4d\u00e4nt\u00f6.\u201d<\/em><\/p>\n<p>World Vapers&#039; Alliancen j\u00e4rjest\u00e4m\u00e4ss\u00e4 Covid-yst\u00e4v\u00e4llisess\u00e4 valoshow\u2019ssa heijastettiin Haagin maamerkkirakennuksiin kello 18.00 alkaen ja se p\u00e4\u00e4ttyi ennen ulkonaliikkumiskieltoa.<\/p>\n<p><img decoding=\"async\" class=\"aligncenter wp-image-1002 size-large\" src=\"https:\/\/wvaold.wpengine.com\/wp-content\/uploads\/2021\/01\/210126-Sjansjee-1-Wilmar06-1024x683.jpg\" alt=\"\" width=\"640\" height=\"427\" \/><br \/>\nWVA:n johtaja Michael Landlin &quot;uskomattomaksi julkiseksi kuulemiseksi&quot; kutsuman vastaanoton innoittamana hollantilaiset h\u00f6yryttelij\u00e4t v\u00e4littiv\u00e4t t\u00e4rke\u00e4n viestin Haagissa toimiville maan lains\u00e4\u00e4t\u00e4jille:<\/p>\n<ul>\n<li>\u201c&quot;Makujen kielto vain ajaa 260 000 hollantilaista h\u00f6yryttelij\u00e4\u00e4 takaisin tupakoinnin pariin&quot;\u201d<\/li>\n<li>\u201c&quot;H\u00f6yryttely on turvallisempaa kuin tupakointi&quot;\u201d<\/li>\n<li>\u201c&quot;H\u00f6yryttelytuotteiden makujen s\u00e4\u00e4st\u00e4minen pelastaa ihmishenki\u00e4!&quot;\u201d<\/li>\n<\/ul>","protected":false},"excerpt":{"rendered":"<p>After the success of the previous lightshow in November, Dutch vapers once again took to the streets and buildings of the Dutch political capital, the Hague, on Tuesday evening campaigning against State Secretary Blokhuis\u2019 draft law to ban vape flavours. The installation was organised in light of a public consultation on the proposed flavour ban, [&hellip;]<\/p>\n","protected":false},"author":4,"featured_media":0,"comment_status":"open","ping_status":"open","sticky":false,"template":"","format":"standard","meta":{"footnotes":""},"categories":[13],"tags":[],"class_list":["post-1340","post","type-post","status-publish","format-standard","hentry","category-press-releases"],"yoast_head":"<!-- This site is optimized with the Yoast SEO plugin v27.3 - https:\/\/yoast.com\/product\/yoast-seo-wordpress\/ -->\n<title>Dutch vapers strike again in a protest against the \u2018war on vapes\u2019 - World Vapers&#039; Alliance<\/title>\n<meta name=\"robots\" content=\"index, follow, max-snippet:-1, max-image-preview:large, max-video-preview:-1\" \/>\n<link rel=\"canonical\" href=\"https:\/\/worldvapersalliance.com\/fi\/dutch-vapers-strike-again\/\" \/>\n<meta property=\"og:locale\" content=\"fi_FI\" \/>\n<meta property=\"og:type\" content=\"article\" \/>\n<meta property=\"og:title\" content=\"Dutch vapers strike again in a protest against the \u2018war on vapes\u2019 - World Vapers&#039; Alliance\" \/>\n<meta property=\"og:description\" content=\"After the success of the previous lightshow in November, Dutch vapers once again took to the streets and buildings of the Dutch political capital, the Hague, on Tuesday evening campaigning against State Secretary Blokhuis\u2019 draft law to ban vape flavours. The installation was organised in light of a public consultation on the proposed flavour ban, [&hellip;]\" \/>\n<meta property=\"og:url\" content=\"https:\/\/worldvapersalliance.com\/fi\/dutch-vapers-strike-again\/\" \/>\n<meta property=\"og:site_name\" content=\"World Vapers&#039; Alliance\" \/>\n<meta property=\"article:published_time\" content=\"2021-01-27T18:31:48+00:00\" \/>\n<meta property=\"article:modified_time\" content=\"2022-05-12T10:30:07+00:00\" \/>\n<meta property=\"og:image\" content=\"https:\/\/worldvapersalliance.com\/wp-content\/uploads\/2022\/05\/Press-Release.png\" \/>\n\t<meta property=\"og:image:width\" content=\"2081\" \/>\n\t<meta property=\"og:image:height\" content=\"1920\" \/>\n\t<meta property=\"og:image:type\" content=\"image\/png\" \/>\n<meta name=\"author\" content=\"Michael Landl\" \/>\n<meta name=\"twitter:card\" content=\"summary_large_image\" \/>\n<meta name=\"twitter:label1\" content=\"Kirjoittanut\" \/>\n\t<meta name=\"twitter:data1\" content=\"Michael Landl\" \/>\n\t<meta name=\"twitter:label2\" content=\"Arvioitu lukuaika\" \/>\n\t<meta name=\"twitter:data2\" content=\"1 minuutti\" \/>\n<script type=\"application\/ld+json\" class=\"yoast-schema-graph\">{\"@context\":\"https:\\\/\\\/schema.org\",\"@graph\":[{\"@type\":\"Article\",\"@id\":\"https:\\\/\\\/worldvapersalliance.com\\\/dutch-vapers-strike-again\\\/#article\",\"isPartOf\":{\"@id\":\"https:\\\/\\\/worldvapersalliance.com\\\/dutch-vapers-strike-again\\\/\"},\"author\":{\"name\":\"Michael Landl\",\"@id\":\"https:\\\/\\\/worldvapersalliance.com\\\/#\\\/schema\\\/person\\\/05f663571d787d89a2d5c77c482a6583\"},\"headline\":\"Dutch vapers strike again in a protest against the \u2018war on vapes\u2019\",\"datePublished\":\"2021-01-27T18:31:48+00:00\",\"dateModified\":\"2022-05-12T10:30:07+00:00\",\"mainEntityOfPage\":{\"@id\":\"https:\\\/\\\/worldvapersalliance.com\\\/dutch-vapers-strike-again\\\/\"},\"wordCount\":248,\"commentCount\":0,\"publisher\":{\"@id\":\"https:\\\/\\\/worldvapersalliance.com\\\/#organization\"},\"image\":{\"@id\":\"https:\\\/\\\/worldvapersalliance.com\\\/dutch-vapers-strike-again\\\/#primaryimage\"},\"thumbnailUrl\":\"https:\\\/\\\/wvaold.wpengine.com\\\/wp-content\\\/uploads\\\/2021\\\/01\\\/210126-Sjansjee-2-Wilmar58-300x200.jpg\",\"articleSection\":[\"Press Releases\"],\"inLanguage\":\"fi\",\"potentialAction\":[{\"@type\":\"CommentAction\",\"name\":\"Comment\",\"target\":[\"https:\\\/\\\/worldvapersalliance.com\\\/dutch-vapers-strike-again\\\/#respond\"]}]},{\"@type\":\"WebPage\",\"@id\":\"https:\\\/\\\/worldvapersalliance.com\\\/dutch-vapers-strike-again\\\/\",\"url\":\"https:\\\/\\\/worldvapersalliance.com\\\/dutch-vapers-strike-again\\\/\",\"name\":\"Dutch vapers strike again in a protest against the \u2018war on vapes\u2019 - World Vapers&#039; Alliance\",\"isPartOf\":{\"@id\":\"https:\\\/\\\/worldvapersalliance.com\\\/#website\"},\"primaryImageOfPage\":{\"@id\":\"https:\\\/\\\/worldvapersalliance.com\\\/dutch-vapers-strike-again\\\/#primaryimage\"},\"image\":{\"@id\":\"https:\\\/\\\/worldvapersalliance.com\\\/dutch-vapers-strike-again\\\/#primaryimage\"},\"thumbnailUrl\":\"https:\\\/\\\/wvaold.wpengine.com\\\/wp-content\\\/uploads\\\/2021\\\/01\\\/210126-Sjansjee-2-Wilmar58-300x200.jpg\",\"datePublished\":\"2021-01-27T18:31:48+00:00\",\"dateModified\":\"2022-05-12T10:30:07+00:00\",\"inLanguage\":\"fi\",\"potentialAction\":[{\"@type\":\"ReadAction\",\"target\":[\"https:\\\/\\\/worldvapersalliance.com\\\/dutch-vapers-strike-again\\\/\"]}]},{\"@type\":\"ImageObject\",\"inLanguage\":\"fi\",\"@id\":\"https:\\\/\\\/worldvapersalliance.com\\\/dutch-vapers-strike-again\\\/#primaryimage\",\"url\":\"https:\\\/\\\/wvaold.wpengine.com\\\/wp-content\\\/uploads\\\/2021\\\/01\\\/210126-Sjansjee-2-Wilmar58-300x200.jpg\",\"contentUrl\":\"https:\\\/\\\/wvaold.wpengine.com\\\/wp-content\\\/uploads\\\/2021\\\/01\\\/210126-Sjansjee-2-Wilmar58-300x200.jpg\"},{\"@type\":\"WebSite\",\"@id\":\"https:\\\/\\\/worldvapersalliance.com\\\/#website\",\"url\":\"https:\\\/\\\/worldvapersalliance.com\\\/\",\"name\":\"World Vapers&#039; Alliance\",\"description\":\"The largest community of vapers\",\"publisher\":{\"@id\":\"https:\\\/\\\/worldvapersalliance.com\\\/#organization\"},\"potentialAction\":[{\"@type\":\"SearchAction\",\"target\":{\"@type\":\"EntryPoint\",\"urlTemplate\":\"https:\\\/\\\/worldvapersalliance.com\\\/?s={search_term_string}\"},\"query-input\":{\"@type\":\"PropertyValueSpecification\",\"valueRequired\":true,\"valueName\":\"search_term_string\"}}],\"inLanguage\":\"fi\"},{\"@type\":\"Organization\",\"@id\":\"https:\\\/\\\/worldvapersalliance.com\\\/#organization\",\"name\":\"World Vapers&#039; Alliance\",\"url\":\"https:\\\/\\\/worldvapersalliance.com\\\/\",\"logo\":{\"@type\":\"ImageObject\",\"inLanguage\":\"fi\",\"@id\":\"https:\\\/\\\/worldvapersalliance.com\\\/#\\\/schema\\\/logo\\\/image\\\/\",\"url\":\"https:\\\/\\\/worldvapersalliance.com\\\/wp-content\\\/uploads\\\/2022\\\/01\\\/WVA_RB_Fist_G.png\",\"contentUrl\":\"https:\\\/\\\/worldvapersalliance.com\\\/wp-content\\\/uploads\\\/2022\\\/01\\\/WVA_RB_Fist_G.png\",\"width\":985,\"height\":1177,\"caption\":\"World Vapers&#039; Alliance\"},\"image\":{\"@id\":\"https:\\\/\\\/worldvapersalliance.com\\\/#\\\/schema\\\/logo\\\/image\\\/\"}},{\"@type\":\"Person\",\"@id\":\"https:\\\/\\\/worldvapersalliance.com\\\/#\\\/schema\\\/person\\\/05f663571d787d89a2d5c77c482a6583\",\"name\":\"Michael Landl\",\"image\":{\"@type\":\"ImageObject\",\"inLanguage\":\"fi\",\"@id\":\"https:\\\/\\\/secure.gravatar.com\\\/avatar\\\/1537a11db5ae7fef0631b6c662f439d8a632c50630c980828d0e2c4de581568b?s=96&d=mm&r=g\",\"url\":\"https:\\\/\\\/secure.gravatar.com\\\/avatar\\\/1537a11db5ae7fef0631b6c662f439d8a632c50630c980828d0e2c4de581568b?s=96&d=mm&r=g\",\"contentUrl\":\"https:\\\/\\\/secure.gravatar.com\\\/avatar\\\/1537a11db5ae7fef0631b6c662f439d8a632c50630c980828d0e2c4de581568b?s=96&d=mm&r=g\",\"caption\":\"Michael Landl\"},\"url\":\"https:\\\/\\\/worldvapersalliance.com\\\/fi\\\/author\\\/michael\\\/\"}]}<\/script>\n<!-- \/ Yoast SEO plugin. -->","yoast_head_json":{"title":"Hollantilaiset h\u00f6yryttelij\u00e4t lakkoilevat j\u00e4lleen protestina &quot;h\u00f6yryttelysotaa&quot; vastaan - World Vapers&#039; Alliance","robots":{"index":"index","follow":"follow","max-snippet":"max-snippet:-1","max-image-preview":"max-image-preview:large","max-video-preview":"max-video-preview:-1"},"canonical":"https:\/\/worldvapersalliance.com\/fi\/dutch-vapers-strike-again\/","og_locale":"fi_FI","og_type":"article","og_title":"Dutch vapers strike again in a protest against the \u2018war on vapes\u2019 - World Vapers&#039; Alliance","og_description":"After the success of the previous lightshow in November, Dutch vapers once again took to the streets and buildings of the Dutch political capital, the Hague, on Tuesday evening campaigning against State Secretary Blokhuis\u2019 draft law to ban vape flavours. The installation was organised in light of a public consultation on the proposed flavour ban, [&hellip;]","og_url":"https:\/\/worldvapersalliance.com\/fi\/dutch-vapers-strike-again\/","og_site_name":"World Vapers&#039; Alliance","article_published_time":"2021-01-27T18:31:48+00:00","article_modified_time":"2022-05-12T10:30:07+00:00","og_image":[{"width":2081,"height":1920,"url":"https:\/\/worldvapersalliance.com\/wp-content\/uploads\/2022\/05\/Press-Release.png","type":"image\/png"}],"author":"Michael Landl","twitter_card":"summary_large_image","twitter_misc":{"Kirjoittanut":"Michael Landl","Arvioitu lukuaika":"1 minuutti"},"schema":{"@context":"https:\/\/schema.org","@graph":[{"@type":"Article","@id":"https:\/\/worldvapersalliance.com\/dutch-vapers-strike-again\/#article","isPartOf":{"@id":"https:\/\/worldvapersalliance.com\/dutch-vapers-strike-again\/"},"author":{"name":"Michael Landl","@id":"https:\/\/worldvapersalliance.com\/#\/schema\/person\/05f663571d787d89a2d5c77c482a6583"},"headline":"Dutch vapers strike again in a protest against the \u2018war on vapes\u2019","datePublished":"2021-01-27T18:31:48+00:00","dateModified":"2022-05-12T10:30:07+00:00","mainEntityOfPage":{"@id":"https:\/\/worldvapersalliance.com\/dutch-vapers-strike-again\/"},"wordCount":248,"commentCount":0,"publisher":{"@id":"https:\/\/worldvapersalliance.com\/#organization"},"image":{"@id":"https:\/\/worldvapersalliance.com\/dutch-vapers-strike-again\/#primaryimage"},"thumbnailUrl":"https:\/\/wvaold.wpengine.com\/wp-content\/uploads\/2021\/01\/210126-Sjansjee-2-Wilmar58-300x200.jpg","articleSection":["Press Releases"],"inLanguage":"fi","potentialAction":[{"@type":"CommentAction","name":"Comment","target":["https:\/\/worldvapersalliance.com\/dutch-vapers-strike-again\/#respond"]}]},{"@type":"WebPage","@id":"https:\/\/worldvapersalliance.com\/dutch-vapers-strike-again\/","url":"https:\/\/worldvapersalliance.com\/dutch-vapers-strike-again\/","name":"Hollantilaiset h\u00f6yryttelij\u00e4t lakkoilevat j\u00e4lleen protestina &quot;h\u00f6yryttelysotaa&quot; vastaan - World Vapers&#039; Alliance","isPartOf":{"@id":"https:\/\/worldvapersalliance.com\/#website"},"primaryImageOfPage":{"@id":"https:\/\/worldvapersalliance.com\/dutch-vapers-strike-again\/#primaryimage"},"image":{"@id":"https:\/\/worldvapersalliance.com\/dutch-vapers-strike-again\/#primaryimage"},"thumbnailUrl":"https:\/\/wvaold.wpengine.com\/wp-content\/uploads\/2021\/01\/210126-Sjansjee-2-Wilmar58-300x200.jpg","datePublished":"2021-01-27T18:31:48+00:00","dateModified":"2022-05-12T10:30:07+00:00","inLanguage":"fi","potentialAction":[{"@type":"ReadAction","target":["https:\/\/worldvapersalliance.com\/dutch-vapers-strike-again\/"]}]},{"@type":"ImageObject","inLanguage":"fi","@id":"https:\/\/worldvapersalliance.com\/dutch-vapers-strike-again\/#primaryimage","url":"https:\/\/wvaold.wpengine.com\/wp-content\/uploads\/2021\/01\/210126-Sjansjee-2-Wilmar58-300x200.jpg","contentUrl":"https:\/\/wvaold.wpengine.com\/wp-content\/uploads\/2021\/01\/210126-Sjansjee-2-Wilmar58-300x200.jpg"},{"@type":"WebSite","@id":"https:\/\/worldvapersalliance.com\/#website","url":"https:\/\/worldvapersalliance.com\/","name":"World Vapers&#039; Alliance","description":"Suurin vapaiden yhteis\u00f6","publisher":{"@id":"https:\/\/worldvapersalliance.com\/#organization"},"potentialAction":[{"@type":"SearchAction","target":{"@type":"EntryPoint","urlTemplate":"https:\/\/worldvapersalliance.com\/?s={search_term_string}"},"query-input":{"@type":"PropertyValueSpecification","valueRequired":true,"valueName":"search_term_string"}}],"inLanguage":"fi"},{"@type":"Organization","@id":"https:\/\/worldvapersalliance.com\/#organization","name":"World Vapers&#039; Alliance","url":"https:\/\/worldvapersalliance.com\/","logo":{"@type":"ImageObject","inLanguage":"fi","@id":"https:\/\/worldvapersalliance.com\/#\/schema\/logo\/image\/","url":"https:\/\/worldvapersalliance.com\/wp-content\/uploads\/2022\/01\/WVA_RB_Fist_G.png","contentUrl":"https:\/\/worldvapersalliance.com\/wp-content\/uploads\/2022\/01\/WVA_RB_Fist_G.png","width":985,"height":1177,"caption":"World Vapers&#039; Alliance"},"image":{"@id":"https:\/\/worldvapersalliance.com\/#\/schema\/logo\/image\/"}},{"@type":"Person","@id":"https:\/\/worldvapersalliance.com\/#\/schema\/person\/05f663571d787d89a2d5c77c482a6583","name":"Michael Landl","image":{"@type":"ImageObject","inLanguage":"fi","@id":"https:\/\/secure.gravatar.com\/avatar\/1537a11db5ae7fef0631b6c662f439d8a632c50630c980828d0e2c4de581568b?s=96&d=mm&r=g","url":"https:\/\/secure.gravatar.com\/avatar\/1537a11db5ae7fef0631b6c662f439d8a632c50630c980828d0e2c4de581568b?s=96&d=mm&r=g","contentUrl":"https:\/\/secure.gravatar.com\/avatar\/1537a11db5ae7fef0631b6c662f439d8a632c50630c980828d0e2c4de581568b?s=96&d=mm&r=g","caption":"Michael Landl"},"url":"https:\/\/worldvapersalliance.com\/fi\/author\/michael\/"}]}},"_links":{"self":[{"href":"https:\/\/worldvapersalliance.com\/fi\/wp-json\/wp\/v2\/posts\/1340","targetHints":{"allow":["GET"]}}],"collection":[{"href":"https:\/\/worldvapersalliance.com\/fi\/wp-json\/wp\/v2\/posts"}],"about":[{"href":"https:\/\/worldvapersalliance.com\/fi\/wp-json\/wp\/v2\/types\/post"}],"author":[{"embeddable":true,"href":"https:\/\/worldvapersalliance.com\/fi\/wp-json\/wp\/v2\/users\/4"}],"replies":[{"embeddable":true,"href":"https:\/\/worldvapersalliance.com\/fi\/wp-json\/wp\/v2\/comments?post=1340"}],"version-history":[{"count":0,"href":"https:\/\/worldvapersalliance.com\/fi\/wp-json\/wp\/v2\/posts\/1340\/revisions"}],"wp:attachment":[{"href":"https:\/\/worldvapersalliance.com\/fi\/wp-json\/wp\/v2\/media?parent=1340"}],"wp:term":[{"taxonomy":"category","embeddable":true,"href":"https:\/\/worldvapersalliance.com\/fi\/wp-json\/wp\/v2\/categories?post=1340"},{"taxonomy":"post_tag","embeddable":true,"href":"https:\/\/worldvapersalliance.com\/fi\/wp-json\/wp\/v2\/tags?post=1340"}],"curies":[{"name":"wp","href":"https:\/\/api.w.org\/{rel}","templated":true}]}}