{"id":1010,"date":"2022-03-21T12:54:08","date_gmt":"2022-03-21T16:54:08","guid":{"rendered":"https:\/\/cccwva.wpengine.com\/?p=1010"},"modified":"2022-04-09T03:16:04","modified_gmt":"2022-04-09T07:16:04","slug":"biden-firma-negli-usa-addio-alla-nicotina-sintetica","status":"publish","type":"post","link":"https:\/\/worldvapersalliance.com\/fi\/biden-firma-negli-usa-addio-alla-nicotina-sintetica\/","title":{"rendered":"Biden firma, negli Usa addio alla nikotina sintetica"},"content":{"rendered":"<p><em>\u201cQuesto provvedimento minaccia la disponibilit\u00e0 di alternative meno dannose al fumo quali lo svapo.\u00a0 <\/em><em>C&#039;\u00e8 un disastro per la salute pubblica incombente. <\/em><em>Migliaia di negozi di vaporizzatori finiranno per andare in difficolt\u00e0 e molti vapers, di conseguenza, finiranno per tornare a fumare\u201d.<\/em><\/p>\r\n\r\n\r\n\r\n<p>Cos\u00ec Micheal Landl, World Vaper Alliancen numero, joka on kommentoinut viimeisint\u00e4 &quot;nuovea&quot;, joka on saapunut Yhdysvaltain valtion yksik\u00f6ss\u00e4. Proprio nelle ultime ore, infatti, il Presidente americano Biden ha firmato in calce al disegno di legge con il quale si esitell\u00e4 il divieto di commercializzazione della nicotina sintetica nel territorio Usa. Un tiro mancino agli interessi del vaping e, soprattutto, alle ragioni di tutela della salute pubblica dei suoi utenti. La nicotina sintetica \u00e8 sostanza che, nonostante la sua denominazione, non deriva dal tupacco: Priva delle nitrosammine tipiche della nicotina \u201cvera\u201d, la \u201csintetica\u201d risulta esserepriva di sostanze nocive e cancerogene. <em>\u201c&quot;Non ha senso incattivirsi -<\/em>\u00a0proosa Landl \u2013\u00a0<em>verso il prodotto che ha acceptito a tantissime persone di smettere di fumare. La nicotina sintetica \u00e8 un modo innovativo per ridurre gli effetti dannosi del fumo e fornire all persone un&#039;alternativa all sigarette tradizionali&quot;.<\/em> <em>\u201cL&#039;obiettivo della riduzione del danno<\/em>\u00a0\u2013 prosegue ulteriormente il giovane attivista \u2013<em>\u00a0\u00e8 quello limitare le conseguenze negative tra quanti non sono altrimenti in grado di sottrarsi alla dipendenza tabagista.<\/em> <em>E&#039; un metodo che si \u00e8 dimostrato efficace in molti Paesi del Mondo e ha aiutato milioni di persone a dire addio all bionde.\u2019<\/em> \u201c<em>T\u00e4m\u00e4 normij\u00e4rjestelm\u00e4 \u2013\u00a0<\/em>si avvia a chiudere il vertice della World Vaper Alliance -<em>\u00a0porter\u00e0 molte conseguenze negatiivi nei progetti di contenere i danni causati dal tabacco, limitando potenzialmente l&#039;accesso ai prodotti di svapo e costringendo gli ex fumatori a tornare alle sigarette\u201d.<\/em> Si rischia un contraccolpo importante sia per quel che riguarda la produzione americana di e-liquid sia per quel che riguarda le esigenze dei consumatori.<\/p>\r\n\r\n\r\n\r\n<p><a href=\"https:\/\/www.skyvape.it\/index.php\/news-dal-mondo\/23-news-dal-mondo\/3840-biden-firma-negli-usa-addio-alla-nicotina-sintetica\">Alun perin julkaistu t\u00e4\u00e4ll\u00e4.<\/a><\/p>","protected":false},"excerpt":{"rendered":"<p>&#8220;Questo provvedimento minaccia la disponibilit\u00e0 di alternative meno dannose al fumo quali lo svapo.\u00a0 C\u2019\u00e8 un disastro per la salute pubblica incombente. Migliaia di negozi di vaporizzatori finiranno per andare in difficolt\u00e0 e molti vapers, di conseguenza, finiranno per tornare a fumare&#8221;. Cos\u00ec Micheal Landl, numero uno della World Vaper Alliance nel commentare le ultime [&hellip;]<\/p>\n","protected":false},"author":4,"featured_media":6394,"comment_status":"open","ping_status":"open","sticky":false,"template":"","format":"standard","meta":{"footnotes":""},"categories":[15],"tags":[],"class_list":["post-1010","post","type-post","status-publish","format-standard","has-post-thumbnail","hentry","category-wva-in-the-news"],"yoast_head":"<!-- This site is optimized with the Yoast SEO plugin v27.3 - https:\/\/yoast.com\/product\/yoast-seo-wordpress\/ -->\n<title>Biden firma, negli Usa addio alla nicotina sintetica - World Vapers&#039; Alliance<\/title>\n<meta name=\"robots\" content=\"index, follow, max-snippet:-1, max-image-preview:large, max-video-preview:-1\" \/>\n<link rel=\"canonical\" href=\"https:\/\/worldvapersalliance.com\/fi\/biden-firma-negli-usa-addio-alla-nicotina-sintetica\/\" \/>\n<meta property=\"og:locale\" content=\"fi_FI\" \/>\n<meta property=\"og:type\" content=\"article\" \/>\n<meta property=\"og:title\" content=\"Biden firma, negli Usa addio alla nicotina sintetica - World Vapers&#039; Alliance\" \/>\n<meta property=\"og:description\" content=\"&#8220;Questo provvedimento minaccia la disponibilit\u00e0 di alternative meno dannose al fumo quali lo svapo.\u00a0 C\u2019\u00e8 un disastro per la salute pubblica incombente. Migliaia di negozi di vaporizzatori finiranno per andare in difficolt\u00e0 e molti vapers, di conseguenza, finiranno per tornare a fumare&#8221;. Cos\u00ec Micheal Landl, numero uno della World Vaper Alliance nel commentare le ultime [&hellip;]\" \/>\n<meta property=\"og:url\" content=\"https:\/\/worldvapersalliance.com\/fi\/biden-firma-negli-usa-addio-alla-nicotina-sintetica\/\" \/>\n<meta property=\"og:site_name\" content=\"World Vapers&#039; Alliance\" \/>\n<meta property=\"article:published_time\" content=\"2022-03-21T16:54:08+00:00\" \/>\n<meta property=\"article:modified_time\" content=\"2022-04-09T07:16:04+00:00\" \/>\n<meta property=\"og:image\" content=\"https:\/\/worldvapersalliance.com\/wp-content\/uploads\/2022\/03\/World_Vapers_Alliance_Logo_White_Stripes.png\" \/>\n\t<meta property=\"og:image:width\" content=\"2081\" \/>\n\t<meta property=\"og:image:height\" content=\"1920\" \/>\n\t<meta property=\"og:image:type\" content=\"image\/png\" \/>\n<meta name=\"author\" content=\"Michael Landl\" \/>\n<meta name=\"twitter:card\" content=\"summary_large_image\" \/>\n<meta name=\"twitter:label1\" content=\"Kirjoittanut\" \/>\n\t<meta name=\"twitter:data1\" content=\"Michael Landl\" \/>\n\t<meta name=\"twitter:label2\" content=\"Arvioitu lukuaika\" \/>\n\t<meta name=\"twitter:data2\" content=\"2 minuuttia\" \/>\n<script type=\"application\/ld+json\" class=\"yoast-schema-graph\">{\"@context\":\"https:\\\/\\\/schema.org\",\"@graph\":[{\"@type\":\"Article\",\"@id\":\"https:\\\/\\\/worldvapersalliance.com\\\/biden-firma-negli-usa-addio-alla-nicotina-sintetica\\\/#article\",\"isPartOf\":{\"@id\":\"https:\\\/\\\/worldvapersalliance.com\\\/biden-firma-negli-usa-addio-alla-nicotina-sintetica\\\/\"},\"author\":{\"name\":\"Michael Landl\",\"@id\":\"https:\\\/\\\/worldvapersalliance.com\\\/#\\\/schema\\\/person\\\/05f663571d787d89a2d5c77c482a6583\"},\"headline\":\"Biden firma, negli Usa addio alla nicotina sintetica\",\"datePublished\":\"2022-03-21T16:54:08+00:00\",\"dateModified\":\"2022-04-09T07:16:04+00:00\",\"mainEntityOfPage\":{\"@id\":\"https:\\\/\\\/worldvapersalliance.com\\\/biden-firma-negli-usa-addio-alla-nicotina-sintetica\\\/\"},\"wordCount\":313,\"commentCount\":0,\"publisher\":{\"@id\":\"https:\\\/\\\/worldvapersalliance.com\\\/#organization\"},\"image\":{\"@id\":\"https:\\\/\\\/worldvapersalliance.com\\\/biden-firma-negli-usa-addio-alla-nicotina-sintetica\\\/#primaryimage\"},\"thumbnailUrl\":\"https:\\\/\\\/worldvapersalliance.com\\\/wp-content\\\/uploads\\\/2025\\\/08\\\/WVA-in-the-news.png\",\"articleSection\":[\"WVA in the News\"],\"inLanguage\":\"fi\",\"potentialAction\":[{\"@type\":\"CommentAction\",\"name\":\"Comment\",\"target\":[\"https:\\\/\\\/worldvapersalliance.com\\\/biden-firma-negli-usa-addio-alla-nicotina-sintetica\\\/#respond\"]}]},{\"@type\":\"WebPage\",\"@id\":\"https:\\\/\\\/worldvapersalliance.com\\\/biden-firma-negli-usa-addio-alla-nicotina-sintetica\\\/\",\"url\":\"https:\\\/\\\/worldvapersalliance.com\\\/biden-firma-negli-usa-addio-alla-nicotina-sintetica\\\/\",\"name\":\"Biden firma, negli Usa addio alla nicotina sintetica - World Vapers&#039; Alliance\",\"isPartOf\":{\"@id\":\"https:\\\/\\\/worldvapersalliance.com\\\/#website\"},\"primaryImageOfPage\":{\"@id\":\"https:\\\/\\\/worldvapersalliance.com\\\/biden-firma-negli-usa-addio-alla-nicotina-sintetica\\\/#primaryimage\"},\"image\":{\"@id\":\"https:\\\/\\\/worldvapersalliance.com\\\/biden-firma-negli-usa-addio-alla-nicotina-sintetica\\\/#primaryimage\"},\"thumbnailUrl\":\"https:\\\/\\\/worldvapersalliance.com\\\/wp-content\\\/uploads\\\/2025\\\/08\\\/WVA-in-the-news.png\",\"datePublished\":\"2022-03-21T16:54:08+00:00\",\"dateModified\":\"2022-04-09T07:16:04+00:00\",\"inLanguage\":\"fi\",\"potentialAction\":[{\"@type\":\"ReadAction\",\"target\":[\"https:\\\/\\\/worldvapersalliance.com\\\/biden-firma-negli-usa-addio-alla-nicotina-sintetica\\\/\"]}]},{\"@type\":\"ImageObject\",\"inLanguage\":\"fi\",\"@id\":\"https:\\\/\\\/worldvapersalliance.com\\\/biden-firma-negli-usa-addio-alla-nicotina-sintetica\\\/#primaryimage\",\"url\":\"https:\\\/\\\/worldvapersalliance.com\\\/wp-content\\\/uploads\\\/2025\\\/08\\\/WVA-in-the-news.png\",\"contentUrl\":\"https:\\\/\\\/worldvapersalliance.com\\\/wp-content\\\/uploads\\\/2025\\\/08\\\/WVA-in-the-news.png\",\"width\":1264,\"height\":848},{\"@type\":\"WebSite\",\"@id\":\"https:\\\/\\\/worldvapersalliance.com\\\/#website\",\"url\":\"https:\\\/\\\/worldvapersalliance.com\\\/\",\"name\":\"World Vapers&#039; Alliance\",\"description\":\"The largest community of vapers\",\"publisher\":{\"@id\":\"https:\\\/\\\/worldvapersalliance.com\\\/#organization\"},\"potentialAction\":[{\"@type\":\"SearchAction\",\"target\":{\"@type\":\"EntryPoint\",\"urlTemplate\":\"https:\\\/\\\/worldvapersalliance.com\\\/?s={search_term_string}\"},\"query-input\":{\"@type\":\"PropertyValueSpecification\",\"valueRequired\":true,\"valueName\":\"search_term_string\"}}],\"inLanguage\":\"fi\"},{\"@type\":\"Organization\",\"@id\":\"https:\\\/\\\/worldvapersalliance.com\\\/#organization\",\"name\":\"World Vapers&#039; Alliance\",\"url\":\"https:\\\/\\\/worldvapersalliance.com\\\/\",\"logo\":{\"@type\":\"ImageObject\",\"inLanguage\":\"fi\",\"@id\":\"https:\\\/\\\/worldvapersalliance.com\\\/#\\\/schema\\\/logo\\\/image\\\/\",\"url\":\"https:\\\/\\\/worldvapersalliance.com\\\/wp-content\\\/uploads\\\/2022\\\/01\\\/WVA_RB_Fist_G.png\",\"contentUrl\":\"https:\\\/\\\/worldvapersalliance.com\\\/wp-content\\\/uploads\\\/2022\\\/01\\\/WVA_RB_Fist_G.png\",\"width\":985,\"height\":1177,\"caption\":\"World Vapers&#039; Alliance\"},\"image\":{\"@id\":\"https:\\\/\\\/worldvapersalliance.com\\\/#\\\/schema\\\/logo\\\/image\\\/\"}},{\"@type\":\"Person\",\"@id\":\"https:\\\/\\\/worldvapersalliance.com\\\/#\\\/schema\\\/person\\\/05f663571d787d89a2d5c77c482a6583\",\"name\":\"Michael Landl\",\"image\":{\"@type\":\"ImageObject\",\"inLanguage\":\"fi\",\"@id\":\"https:\\\/\\\/secure.gravatar.com\\\/avatar\\\/1537a11db5ae7fef0631b6c662f439d8a632c50630c980828d0e2c4de581568b?s=96&d=mm&r=g\",\"url\":\"https:\\\/\\\/secure.gravatar.com\\\/avatar\\\/1537a11db5ae7fef0631b6c662f439d8a632c50630c980828d0e2c4de581568b?s=96&d=mm&r=g\",\"contentUrl\":\"https:\\\/\\\/secure.gravatar.com\\\/avatar\\\/1537a11db5ae7fef0631b6c662f439d8a632c50630c980828d0e2c4de581568b?s=96&d=mm&r=g\",\"caption\":\"Michael Landl\"},\"url\":\"https:\\\/\\\/worldvapersalliance.com\\\/fi\\\/author\\\/michael\\\/\"}]}<\/script>\n<!-- \/ Yoast SEO plugin. -->","yoast_head_json":{"title":"Biden firma, negli Usa addio alla nicotina sintetica - World Vapers&#039; Alliance","robots":{"index":"index","follow":"follow","max-snippet":"max-snippet:-1","max-image-preview":"max-image-preview:large","max-video-preview":"max-video-preview:-1"},"canonical":"https:\/\/worldvapersalliance.com\/fi\/biden-firma-negli-usa-addio-alla-nicotina-sintetica\/","og_locale":"fi_FI","og_type":"article","og_title":"Biden firma, negli Usa addio alla nicotina sintetica - World Vapers&#039; Alliance","og_description":"&#8220;Questo provvedimento minaccia la disponibilit\u00e0 di alternative meno dannose al fumo quali lo svapo.\u00a0 C\u2019\u00e8 un disastro per la salute pubblica incombente. Migliaia di negozi di vaporizzatori finiranno per andare in difficolt\u00e0 e molti vapers, di conseguenza, finiranno per tornare a fumare&#8221;. Cos\u00ec Micheal Landl, numero uno della World Vaper Alliance nel commentare le ultime [&hellip;]","og_url":"https:\/\/worldvapersalliance.com\/fi\/biden-firma-negli-usa-addio-alla-nicotina-sintetica\/","og_site_name":"World Vapers&#039; Alliance","article_published_time":"2022-03-21T16:54:08+00:00","article_modified_time":"2022-04-09T07:16:04+00:00","og_image":[{"width":2081,"height":1920,"url":"https:\/\/worldvapersalliance.com\/wp-content\/uploads\/2022\/03\/World_Vapers_Alliance_Logo_White_Stripes.png","type":"image\/png"}],"author":"Michael Landl","twitter_card":"summary_large_image","twitter_misc":{"Kirjoittanut":"Michael Landl","Arvioitu lukuaika":"2 minuuttia"},"schema":{"@context":"https:\/\/schema.org","@graph":[{"@type":"Article","@id":"https:\/\/worldvapersalliance.com\/biden-firma-negli-usa-addio-alla-nicotina-sintetica\/#article","isPartOf":{"@id":"https:\/\/worldvapersalliance.com\/biden-firma-negli-usa-addio-alla-nicotina-sintetica\/"},"author":{"name":"Michael Landl","@id":"https:\/\/worldvapersalliance.com\/#\/schema\/person\/05f663571d787d89a2d5c77c482a6583"},"headline":"Biden firma, negli Usa addio alla nicotina sintetica","datePublished":"2022-03-21T16:54:08+00:00","dateModified":"2022-04-09T07:16:04+00:00","mainEntityOfPage":{"@id":"https:\/\/worldvapersalliance.com\/biden-firma-negli-usa-addio-alla-nicotina-sintetica\/"},"wordCount":313,"commentCount":0,"publisher":{"@id":"https:\/\/worldvapersalliance.com\/#organization"},"image":{"@id":"https:\/\/worldvapersalliance.com\/biden-firma-negli-usa-addio-alla-nicotina-sintetica\/#primaryimage"},"thumbnailUrl":"https:\/\/worldvapersalliance.com\/wp-content\/uploads\/2025\/08\/WVA-in-the-news.png","articleSection":["WVA in the News"],"inLanguage":"fi","potentialAction":[{"@type":"CommentAction","name":"Comment","target":["https:\/\/worldvapersalliance.com\/biden-firma-negli-usa-addio-alla-nicotina-sintetica\/#respond"]}]},{"@type":"WebPage","@id":"https:\/\/worldvapersalliance.com\/biden-firma-negli-usa-addio-alla-nicotina-sintetica\/","url":"https:\/\/worldvapersalliance.com\/biden-firma-negli-usa-addio-alla-nicotina-sintetica\/","name":"Biden firma, negli Usa addio alla nicotina sintetica - World Vapers&#039; Alliance","isPartOf":{"@id":"https:\/\/worldvapersalliance.com\/#website"},"primaryImageOfPage":{"@id":"https:\/\/worldvapersalliance.com\/biden-firma-negli-usa-addio-alla-nicotina-sintetica\/#primaryimage"},"image":{"@id":"https:\/\/worldvapersalliance.com\/biden-firma-negli-usa-addio-alla-nicotina-sintetica\/#primaryimage"},"thumbnailUrl":"https:\/\/worldvapersalliance.com\/wp-content\/uploads\/2025\/08\/WVA-in-the-news.png","datePublished":"2022-03-21T16:54:08+00:00","dateModified":"2022-04-09T07:16:04+00:00","inLanguage":"fi","potentialAction":[{"@type":"ReadAction","target":["https:\/\/worldvapersalliance.com\/biden-firma-negli-usa-addio-alla-nicotina-sintetica\/"]}]},{"@type":"ImageObject","inLanguage":"fi","@id":"https:\/\/worldvapersalliance.com\/biden-firma-negli-usa-addio-alla-nicotina-sintetica\/#primaryimage","url":"https:\/\/worldvapersalliance.com\/wp-content\/uploads\/2025\/08\/WVA-in-the-news.png","contentUrl":"https:\/\/worldvapersalliance.com\/wp-content\/uploads\/2025\/08\/WVA-in-the-news.png","width":1264,"height":848},{"@type":"WebSite","@id":"https:\/\/worldvapersalliance.com\/#website","url":"https:\/\/worldvapersalliance.com\/","name":"World Vapers&#039; Alliance","description":"Suurin vapaiden yhteis\u00f6","publisher":{"@id":"https:\/\/worldvapersalliance.com\/#organization"},"potentialAction":[{"@type":"SearchAction","target":{"@type":"EntryPoint","urlTemplate":"https:\/\/worldvapersalliance.com\/?s={search_term_string}"},"query-input":{"@type":"PropertyValueSpecification","valueRequired":true,"valueName":"search_term_string"}}],"inLanguage":"fi"},{"@type":"Organization","@id":"https:\/\/worldvapersalliance.com\/#organization","name":"World Vapers&#039; Alliance","url":"https:\/\/worldvapersalliance.com\/","logo":{"@type":"ImageObject","inLanguage":"fi","@id":"https:\/\/worldvapersalliance.com\/#\/schema\/logo\/image\/","url":"https:\/\/worldvapersalliance.com\/wp-content\/uploads\/2022\/01\/WVA_RB_Fist_G.png","contentUrl":"https:\/\/worldvapersalliance.com\/wp-content\/uploads\/2022\/01\/WVA_RB_Fist_G.png","width":985,"height":1177,"caption":"World Vapers&#039; Alliance"},"image":{"@id":"https:\/\/worldvapersalliance.com\/#\/schema\/logo\/image\/"}},{"@type":"Person","@id":"https:\/\/worldvapersalliance.com\/#\/schema\/person\/05f663571d787d89a2d5c77c482a6583","name":"Michael Landl","image":{"@type":"ImageObject","inLanguage":"fi","@id":"https:\/\/secure.gravatar.com\/avatar\/1537a11db5ae7fef0631b6c662f439d8a632c50630c980828d0e2c4de581568b?s=96&d=mm&r=g","url":"https:\/\/secure.gravatar.com\/avatar\/1537a11db5ae7fef0631b6c662f439d8a632c50630c980828d0e2c4de581568b?s=96&d=mm&r=g","contentUrl":"https:\/\/secure.gravatar.com\/avatar\/1537a11db5ae7fef0631b6c662f439d8a632c50630c980828d0e2c4de581568b?s=96&d=mm&r=g","caption":"Michael Landl"},"url":"https:\/\/worldvapersalliance.com\/fi\/author\/michael\/"}]}},"_links":{"self":[{"href":"https:\/\/worldvapersalliance.com\/fi\/wp-json\/wp\/v2\/posts\/1010","targetHints":{"allow":["GET"]}}],"collection":[{"href":"https:\/\/worldvapersalliance.com\/fi\/wp-json\/wp\/v2\/posts"}],"about":[{"href":"https:\/\/worldvapersalliance.com\/fi\/wp-json\/wp\/v2\/types\/post"}],"author":[{"embeddable":true,"href":"https:\/\/worldvapersalliance.com\/fi\/wp-json\/wp\/v2\/users\/4"}],"replies":[{"embeddable":true,"href":"https:\/\/worldvapersalliance.com\/fi\/wp-json\/wp\/v2\/comments?post=1010"}],"version-history":[{"count":0,"href":"https:\/\/worldvapersalliance.com\/fi\/wp-json\/wp\/v2\/posts\/1010\/revisions"}],"wp:featuredmedia":[{"embeddable":true,"href":"https:\/\/worldvapersalliance.com\/fi\/wp-json\/wp\/v2\/media\/6394"}],"wp:attachment":[{"href":"https:\/\/worldvapersalliance.com\/fi\/wp-json\/wp\/v2\/media?parent=1010"}],"wp:term":[{"taxonomy":"category","embeddable":true,"href":"https:\/\/worldvapersalliance.com\/fi\/wp-json\/wp\/v2\/categories?post=1010"},{"taxonomy":"post_tag","embeddable":true,"href":"https:\/\/worldvapersalliance.com\/fi\/wp-json\/wp\/v2\/tags?post=1010"}],"curies":[{"name":"wp","href":"https:\/\/api.w.org\/{rel}","templated":true}]}}