{"id":6838,"date":"2026-02-26T05:03:03","date_gmt":"2026-02-26T10:03:03","guid":{"rendered":"https:\/\/worldvapersalliance.com\/?p=6838"},"modified":"2026-02-26T05:03:03","modified_gmt":"2026-02-26T10:03:03","slug":"lavertissement-neerlandais-la-belgique-doit-rejeter-linterdiction-des-aromes","status":"publish","type":"post","link":"https:\/\/worldvapersalliance.com\/eu\/lavertissement-neerlandais-la-belgique-doit-rejeter-linterdiction-des-aromes\/","title":{"rendered":"L&#039;avertissement neerlandais: la Belgique debe rejeter l&#039;interdiction..."},"content":{"rendered":"<p>BRUXELLES, 2026ko otsailaren 26a \u2013 Le Conseil des ministres belge se r\u00e9unira demain, otsailaren 27an, eztabaidatu du interdiction quasi total des ar\u00f4mes pour les cigarettes \u00e9lectroniques. La proposition, introduite par le Ministre de la Sant\u00e9 Frank Vandenbroucke, vise \u00e0 restreindre tous les e-liquides aux seuls ar\u00f4mes de tabac en n&#039;autorisant qu&#039;une \u00ablist positive\u00bb de 16 substances aromatisantes specifics.<\/p>\n<p>La World Vapers&#039; Alliance (WVA) hau neurriko hartziduraren aurkakoa da, ar\u00f4meen debekua ia berdina da Pays-Bas-ek jada soldatuta dagoela echec batean. Depuis la mise en \u0153uvre de l&#039;interdiction neerlandaise, les taux de <a href=\"https:\/\/link.mediaoutreach.meltwater.com\/ls\/click?upn=u001.kkA-2B5AE43OxWPGlc5bDzqKNrmNQGz3cpwdhAmRjpkCi6ZqQxus9sa-2BJBYQii0hblYo0l_nbdAMQk13bPuYnrd6UUIy0vhPdifQkI64jVdHO05W-2FzgyILKKjbqwMgh9uOA4mmrnn6ewF3eDZRrHQ-2BW54jw8o8QZuHRvkR6TwV0jvY5Lh39sNWR9ZviEXoEZ0VqhnlSPsf-2FVKYRcyvhhYsKUys52C0ikb8tI9t3ks3R6i-2BNIjjyJOaDHLQsE9A2OzRBa-2BCmbXWbaY5JRxSxsxrXAG6GGazhdV-2BW9Ebq8vzeKoSQ6QJmjf-2BY-2BDhbJKpXEXze2J5QqQdhx4i9Hi0MeVQfAWbwbBatjk9FUsVvVyuKjhQ9YSlZASkZ8lhvV3w0aN2hf5W8eIEsUcJluNinYZIcpa2ln1eBfvkXbphaUyePhwl0SLQpdpOqe3g0wriJxsr4SxPC9ZKOTU7iAQgWtQ6CQ-2Fm-2FEw-3D-3D\" target=\"_blank\" rel=\"noopener\" data-saferedirecturl=\"https:\/\/www.google.com\/url?q=https:\/\/link.mediaoutreach.meltwater.com\/ls\/click?upn%3Du001.kkA-2B5AE43OxWPGlc5bDzqKNrmNQGz3cpwdhAmRjpkCi6ZqQxus9sa-2BJBYQii0hblYo0l_nbdAMQk13bPuYnrd6UUIy0vhPdifQkI64jVdHO05W-2FzgyILKKjbqwMgh9uOA4mmrnn6ewF3eDZRrHQ-2BW54jw8o8QZuHRvkR6TwV0jvY5Lh39sNWR9ZviEXoEZ0VqhnlSPsf-2FVKYRcyvhhYsKUys52C0ikb8tI9t3ks3R6i-2BNIjjyJOaDHLQsE9A2OzRBa-2BCmbXWbaY5JRxSxsxrXAG6GGazhdV-2BW9Ebq8vzeKoSQ6QJmjf-2BY-2BDhbJKpXEXze2J5QqQdhx4i9Hi0MeVQfAWbwbBatjk9FUsVvVyuKjhQ9YSlZASkZ8lhvV3w0aN2hf5W8eIEsUcJluNinYZIcpa2ln1eBfvkXbphaUyePhwl0SLQpdpOqe3g0wriJxsr4SxPC9ZKOTU7iAQgWtQ6CQ-2Fm-2FEw-3D-3D&amp;source=gmail&amp;ust=1772186531053000&amp;usg=AOvVaw1PQuvRdOURkXQ6d1kJ7NZ5\">tabakogintza eta lurrunketa<\/a> chez les adolescents ont augment\u00e9. L&#039;interdiction des ar\u00f4mes n&#039;a pas \u00e9limin\u00e9 la demande; elle a abandonn\u00e9 le march\u00e9 aux criminels et facilit\u00e9 l&#039;acc\u00e8s des enfants aux produits. <a href=\"https:\/\/link.mediaoutreach.meltwater.com\/ls\/click?upn=u001.kkA-2B5AE43OxWPGlc5bDzqFF-2B0nybXm3Bk8Vl8FhEflGx0j0k5L90FpC9MjQCGA0wT0sQ3zslYoxGU6Is-2BUkjudRmwE9mPy47tGNdx6NbRhE-2B2tE0b8Vfe6XVm8Zy-2Feo-2FcuuPhZHWDRUl10cJrk2TdeWxPfFdTgGBRcT5063k29M-3DOeN8_nbdAMQk13bPuYnrd6UUIy0vhPdifQkI64jVdHO05W-2FzgyILKKjbqwMgh9uOA4mmrnn6ewF3eDZRrHQ-2BW54jw8o8QZuHRvkR6TwV0jvY5Lh39sNWR9ZviEXoEZ0VqhnlSPsf-2FVKYRcyvhhYsKUys52C0ikb8tI9t3ks3R6i-2BNIjjyJOaDHLQsE9A2OzRBa-2BCmbXWbaY5JRxSxsxrXAG6GGazhdV-2BW9Ebq8vzeKoSQ6QLKoY-2FpZ5djjqhjhYayXHqsIh4Ut8X2MIFCxZvtgBVnHyvj4L63RtdaZf7yPlVx1kSKjqXg5-2FD55df6n6N76FHlS-2BtKLMLcKbnlqHyFUoM5qmARWcsFGlUltvZtrVvWYESMkrS989zbeyLuZopDa0E77B8u3LU0weaCexERo-2FXhxw-3D-3D\" target=\"_blank\" rel=\"noopener\" data-saferedirecturl=\"https:\/\/www.google.com\/url?q=https:\/\/link.mediaoutreach.meltwater.com\/ls\/click?upn%3Du001.kkA-2B5AE43OxWPGlc5bDzqFF-2B0nybXm3Bk8Vl8FhEflGx0j0k5L90FpC9MjQCGA0wT0sQ3zslYoxGU6Is-2BUkjudRmwE9mPy47tGNdx6NbRhE-2B2tE0b8Vfe6XVm8Zy-2Feo-2FcuuPhZHWDRUl10cJrk2TdeWxPfFdTgGBRcT5063k29M-3DOeN8_nbdAMQk13bPuYnrd6UUIy0vhPdifQkI64jVdHO05W-2FzgyILKKjbqwMgh9uOA4mmrnn6ewF3eDZRrHQ-2BW54jw8o8QZuHRvkR6TwV0jvY5Lh39sNWR9ZviEXoEZ0VqhnlSPsf-2FVKYRcyvhhYsKUys52C0ikb8tI9t3ks3R6i-2BNIjjyJOaDHLQsE9A2OzRBa-2BCmbXWbaY5JRxSxsxrXAG6GGazhdV-2BW9Ebq8vzeKoSQ6QLKoY-2FpZ5djjqhjhYayXHqsIh4Ut8X2MIFCxZvtgBVnHyvj4L63RtdaZf7yPlVx1kSKjqXg5-2FD55df6n6N76FHlS-2BtKLMLcKbnlqHyFUoM5qmARWcsFGlUltvZtrVvWYESMkrS989zbeyLuZopDa0E77B8u3LU0weaCexERo-2FXhxw-3D-3D&amp;source=gmail&amp;ust=1772186531053000&amp;usg=AOvVaw2sl-qPi765Mu3PBsM16BpJ\">Bi maila<\/a> erabiltzaileek gaur egun sare sozialen bidez lurrungailuak eskuratzen dituzte eta transfrontaliera kontraesanean. Ar\u00f4mes l\u00e9gaux interdisant, Pays-Bas ont troqu\u00e9 des normes de s\u00e9curit\u00e9 europ\u00e9ennes r\u00e9glement\u00e9es contre une explosion de produits ill\u00e9gaux, tra\u00e7ables eta potentiallement dangereux.<\/p>\n<p>Michael Landl, World Vapers&#039; Allianceko zuzendariak, adierazi zuen:<\/p>\n<p><em>\u00abSi ces choix disparaissent, les consommateurs pouss\u00e9s en masse vers le march\u00e9 ill\u00e9gal edo vers un retour au tabagisme. When des alternatives moins nocives, comme les cigarettes \u00e9lectroniques et les sachets de nicotine, deviennent moins accessibles, les fumeurs perdent leur principal motivation \u00e0 arr\u00eater de fumer. La Belgique ne doit pas suivre une voie qui a d\u00e9j\u00e0 \u00e9chou\u00e9 ailleurs, punissant les ex-fumeurs eta remettant le march\u00e9 entre les mains de r\u00e9seaux criminels. \u00bb<\/em><\/p>\n<p>Les adultes des cigarettes \u00e9lectroniques aromatis\u00e9es ont erabiliz <a href=\"https:\/\/link.mediaoutreach.meltwater.com\/ls\/click?upn=u001.kkA-2B5AE43OxWPGlc5bDzqEI4c7dHa9w4cV-2BV8OKoyVfe0CfiFiHGcQ4eg7XSbUaoNT36YbqMQBiomHOi7WaFhg-3D-3DamBu_nbdAMQk13bPuYnrd6UUIy0vhPdifQkI64jVdHO05W-2FzgyILKKjbqwMgh9uOA4mmrnn6ewF3eDZRrHQ-2BW54jw8o8QZuHRvkR6TwV0jvY5Lh39sNWR9ZviEXoEZ0VqhnlSPsf-2FVKYRcyvhhYsKUys52C0ikb8tI9t3ks3R6i-2BNIjjyJOaDHLQsE9A2OzRBa-2BCmbXWbaY5JRxSxsxrXAG6GGazhdV-2BW9Ebq8vzeKoSQ6QJBtbCKf1tURxM4e65bZWrvnsfIHFJQs7DD1dmRnQTxVBKQ-2FGgohL8tyLzbv-2BYD16HqbWhi-2F5-2FWsDIRSm6YEWG9k6QeApawZ0V1Pici63qIcD5z0eYkwpqv2CgSanXRz-2F6omoV3lxFPpXua7BN1MgHEFHDZQkcNjlkgx5b7HajXSw-3D-3D\" target=\"_blank\" rel=\"noopener\" data-saferedirecturl=\"https:\/\/www.google.com\/url?q=https:\/\/link.mediaoutreach.meltwater.com\/ls\/click?upn%3Du001.kkA-2B5AE43OxWPGlc5bDzqEI4c7dHa9w4cV-2BV8OKoyVfe0CfiFiHGcQ4eg7XSbUaoNT36YbqMQBiomHOi7WaFhg-3D-3DamBu_nbdAMQk13bPuYnrd6UUIy0vhPdifQkI64jVdHO05W-2FzgyILKKjbqwMgh9uOA4mmrnn6ewF3eDZRrHQ-2BW54jw8o8QZuHRvkR6TwV0jvY5Lh39sNWR9ZviEXoEZ0VqhnlSPsf-2FVKYRcyvhhYsKUys52C0ikb8tI9t3ks3R6i-2BNIjjyJOaDHLQsE9A2OzRBa-2BCmbXWbaY5JRxSxsxrXAG6GGazhdV-2BW9Ebq8vzeKoSQ6QJBtbCKf1tURxM4e65bZWrvnsfIHFJQs7DD1dmRnQTxVBKQ-2FGgohL8tyLzbv-2BYD16HqbWhi-2F5-2FWsDIRSm6YEWG9k6QeApawZ0V1Pici63qIcD5z0eYkwpqv2CgSanXRz-2F6omoV3lxFPpXua7BN1MgHEFHDZQkcNjlkgx5b7HajXSw-3D-3D&amp;source=gmail&amp;ust=1772186531053000&amp;usg=AOvVaw1EJ1wfubEansWeaGiCCI5U\">230 % aukera gehiago<\/a> d&#039;arr\u00eater de fumer que ceux utilisant des ar\u00f4mes de tabac edo non aromatis\u00e9s. Au lieu de mettre en \u0153uvre une politique qui a \u00e9chou\u00e9 dans les pays voisins, le gobernuak l&#039;access \u00e0 la diversit\u00e9 des ar\u00f4mes, essentiels au succ\u00e8s du sevrage tabagique.<\/p>","protected":false},"excerpt":{"rendered":"<p>BRUXELLES, le 26 f\u00e9vrier 2026 \u2013 Le Conseil des ministres belge se r\u00e9unira demain, 27 f\u00e9vrier, pour discuter d&#8217;une interdiction quasi totale des ar\u00f4mes pour les cigarettes \u00e9lectroniques. La proposition, introduite par le Ministre de la Sant\u00e9 Frank Vandenbroucke, vise \u00e0 restreindre tous les e-liquides aux seuls ar\u00f4mes de tabac en n&#8217;autorisant qu&#8217;une \u00ab liste [&hellip;]<\/p>\n","protected":false},"author":4,"featured_media":6730,"comment_status":"open","ping_status":"open","sticky":false,"template":"","format":"standard","meta":{"footnotes":""},"categories":[13],"tags":[],"class_list":["post-6838","post","type-post","status-publish","format-standard","has-post-thumbnail","hentry","category-press-releases"],"yoast_head":"<!-- This site is optimized with the Yoast SEO plugin v27.3 - https:\/\/yoast.com\/product\/yoast-seo-wordpress\/ -->\n<title>L\u2019avertissement n\u00e9erlandais : la Belgique doit rejeter l\u2019interdiction des ar\u00f4mes - World Vapers&#039; Alliance<\/title>\n<meta name=\"robots\" content=\"index, follow, max-snippet:-1, max-image-preview:large, max-video-preview:-1\" \/>\n<link rel=\"canonical\" href=\"https:\/\/worldvapersalliance.com\/eu\/lavertissement-neerlandais-la-belgique-doit-rejeter-linterdiction-des-aromes\/\" \/>\n<meta property=\"og:locale\" content=\"en_US\" \/>\n<meta property=\"og:type\" content=\"article\" \/>\n<meta property=\"og:title\" content=\"L\u2019avertissement n\u00e9erlandais : la Belgique doit rejeter l\u2019interdiction des ar\u00f4mes - World Vapers&#039; Alliance\" \/>\n<meta property=\"og:description\" content=\"BRUXELLES, le 26 f\u00e9vrier 2026 \u2013 Le Conseil des ministres belge se r\u00e9unira demain, 27 f\u00e9vrier, pour discuter d&#8217;une interdiction quasi totale des ar\u00f4mes pour les cigarettes \u00e9lectroniques. La proposition, introduite par le Ministre de la Sant\u00e9 Frank Vandenbroucke, vise \u00e0 restreindre tous les e-liquides aux seuls ar\u00f4mes de tabac en n&#8217;autorisant qu&#8217;une \u00ab liste [&hellip;]\" \/>\n<meta property=\"og:url\" content=\"https:\/\/worldvapersalliance.com\/eu\/lavertissement-neerlandais-la-belgique-doit-rejeter-linterdiction-des-aromes\/\" \/>\n<meta property=\"og:site_name\" content=\"World Vapers&#039; Alliance\" \/>\n<meta property=\"article:published_time\" content=\"2026-02-26T10:03:03+00:00\" \/>\n<meta property=\"og:image\" content=\"https:\/\/worldvapersalliance.com\/wp-content\/uploads\/2026\/02\/Press-Release-Banner-NEW-Square-scaled.png\" \/>\n\t<meta property=\"og:image:width\" content=\"2560\" \/>\n\t<meta property=\"og:image:height\" content=\"2362\" \/>\n\t<meta property=\"og:image:type\" content=\"image\/png\" \/>\n<meta name=\"author\" content=\"Michael Landl\" \/>\n<meta name=\"twitter:card\" content=\"summary_large_image\" \/>\n<meta name=\"twitter:label1\" content=\"Written by\" \/>\n\t<meta name=\"twitter:data1\" content=\"Michael Landl\" \/>\n\t<meta name=\"twitter:label2\" content=\"Est. reading time\" \/>\n\t<meta name=\"twitter:data2\" content=\"2 minutes\" \/>\n<script type=\"application\/ld+json\" class=\"yoast-schema-graph\">{\"@context\":\"https:\\\/\\\/schema.org\",\"@graph\":[{\"@type\":\"Article\",\"@id\":\"https:\\\/\\\/worldvapersalliance.com\\\/lavertissement-neerlandais-la-belgique-doit-rejeter-linterdiction-des-aromes\\\/#article\",\"isPartOf\":{\"@id\":\"https:\\\/\\\/worldvapersalliance.com\\\/lavertissement-neerlandais-la-belgique-doit-rejeter-linterdiction-des-aromes\\\/\"},\"author\":{\"name\":\"Michael Landl\",\"@id\":\"https:\\\/\\\/worldvapersalliance.com\\\/#\\\/schema\\\/person\\\/05f663571d787d89a2d5c77c482a6583\"},\"headline\":\"L\u2019avertissement n\u00e9erlandais : la Belgique doit rejeter l\u2019interdiction &hellip;\",\"datePublished\":\"2026-02-26T10:03:03+00:00\",\"mainEntityOfPage\":{\"@id\":\"https:\\\/\\\/worldvapersalliance.com\\\/lavertissement-neerlandais-la-belgique-doit-rejeter-linterdiction-des-aromes\\\/\"},\"wordCount\":360,\"commentCount\":0,\"publisher\":{\"@id\":\"https:\\\/\\\/worldvapersalliance.com\\\/#organization\"},\"image\":{\"@id\":\"https:\\\/\\\/worldvapersalliance.com\\\/lavertissement-neerlandais-la-belgique-doit-rejeter-linterdiction-des-aromes\\\/#primaryimage\"},\"thumbnailUrl\":\"https:\\\/\\\/worldvapersalliance.com\\\/wp-content\\\/uploads\\\/2026\\\/02\\\/Press-Release-Banner-NEW-Square-scaled.png\",\"articleSection\":[\"Press Releases\"],\"inLanguage\":\"en-EU\",\"potentialAction\":[{\"@type\":\"CommentAction\",\"name\":\"Comment\",\"target\":[\"https:\\\/\\\/worldvapersalliance.com\\\/lavertissement-neerlandais-la-belgique-doit-rejeter-linterdiction-des-aromes\\\/#respond\"]}]},{\"@type\":\"WebPage\",\"@id\":\"https:\\\/\\\/worldvapersalliance.com\\\/lavertissement-neerlandais-la-belgique-doit-rejeter-linterdiction-des-aromes\\\/\",\"url\":\"https:\\\/\\\/worldvapersalliance.com\\\/lavertissement-neerlandais-la-belgique-doit-rejeter-linterdiction-des-aromes\\\/\",\"name\":\"L\u2019avertissement n\u00e9erlandais : la Belgique doit rejeter l\u2019interdiction des ar\u00f4mes - World Vapers&#039; Alliance\",\"isPartOf\":{\"@id\":\"https:\\\/\\\/worldvapersalliance.com\\\/#website\"},\"primaryImageOfPage\":{\"@id\":\"https:\\\/\\\/worldvapersalliance.com\\\/lavertissement-neerlandais-la-belgique-doit-rejeter-linterdiction-des-aromes\\\/#primaryimage\"},\"image\":{\"@id\":\"https:\\\/\\\/worldvapersalliance.com\\\/lavertissement-neerlandais-la-belgique-doit-rejeter-linterdiction-des-aromes\\\/#primaryimage\"},\"thumbnailUrl\":\"https:\\\/\\\/worldvapersalliance.com\\\/wp-content\\\/uploads\\\/2026\\\/02\\\/Press-Release-Banner-NEW-Square-scaled.png\",\"datePublished\":\"2026-02-26T10:03:03+00:00\",\"inLanguage\":\"en-EU\",\"potentialAction\":[{\"@type\":\"ReadAction\",\"target\":[\"https:\\\/\\\/worldvapersalliance.com\\\/lavertissement-neerlandais-la-belgique-doit-rejeter-linterdiction-des-aromes\\\/\"]}]},{\"@type\":\"ImageObject\",\"inLanguage\":\"en-EU\",\"@id\":\"https:\\\/\\\/worldvapersalliance.com\\\/lavertissement-neerlandais-la-belgique-doit-rejeter-linterdiction-des-aromes\\\/#primaryimage\",\"url\":\"https:\\\/\\\/worldvapersalliance.com\\\/wp-content\\\/uploads\\\/2026\\\/02\\\/Press-Release-Banner-NEW-Square-scaled.png\",\"contentUrl\":\"https:\\\/\\\/worldvapersalliance.com\\\/wp-content\\\/uploads\\\/2026\\\/02\\\/Press-Release-Banner-NEW-Square-scaled.png\",\"width\":2560,\"height\":2362},{\"@type\":\"WebSite\",\"@id\":\"https:\\\/\\\/worldvapersalliance.com\\\/#website\",\"url\":\"https:\\\/\\\/worldvapersalliance.com\\\/\",\"name\":\"World Vapers&#039; Alliance\",\"description\":\"The largest community of vapers\",\"publisher\":{\"@id\":\"https:\\\/\\\/worldvapersalliance.com\\\/#organization\"},\"potentialAction\":[{\"@type\":\"SearchAction\",\"target\":{\"@type\":\"EntryPoint\",\"urlTemplate\":\"https:\\\/\\\/worldvapersalliance.com\\\/?s={search_term_string}\"},\"query-input\":{\"@type\":\"PropertyValueSpecification\",\"valueRequired\":true,\"valueName\":\"search_term_string\"}}],\"inLanguage\":\"en-EU\"},{\"@type\":\"Organization\",\"@id\":\"https:\\\/\\\/worldvapersalliance.com\\\/#organization\",\"name\":\"World Vapers&#039; Alliance\",\"url\":\"https:\\\/\\\/worldvapersalliance.com\\\/\",\"logo\":{\"@type\":\"ImageObject\",\"inLanguage\":\"en-EU\",\"@id\":\"https:\\\/\\\/worldvapersalliance.com\\\/#\\\/schema\\\/logo\\\/image\\\/\",\"url\":\"https:\\\/\\\/worldvapersalliance.com\\\/wp-content\\\/uploads\\\/2022\\\/01\\\/WVA_RB_Fist_G.png\",\"contentUrl\":\"https:\\\/\\\/worldvapersalliance.com\\\/wp-content\\\/uploads\\\/2022\\\/01\\\/WVA_RB_Fist_G.png\",\"width\":985,\"height\":1177,\"caption\":\"World Vapers&#039; Alliance\"},\"image\":{\"@id\":\"https:\\\/\\\/worldvapersalliance.com\\\/#\\\/schema\\\/logo\\\/image\\\/\"}},{\"@type\":\"Person\",\"@id\":\"https:\\\/\\\/worldvapersalliance.com\\\/#\\\/schema\\\/person\\\/05f663571d787d89a2d5c77c482a6583\",\"name\":\"Michael Landl\",\"image\":{\"@type\":\"ImageObject\",\"inLanguage\":\"en-EU\",\"@id\":\"https:\\\/\\\/secure.gravatar.com\\\/avatar\\\/1537a11db5ae7fef0631b6c662f439d8a632c50630c980828d0e2c4de581568b?s=96&d=mm&r=g\",\"url\":\"https:\\\/\\\/secure.gravatar.com\\\/avatar\\\/1537a11db5ae7fef0631b6c662f439d8a632c50630c980828d0e2c4de581568b?s=96&d=mm&r=g\",\"contentUrl\":\"https:\\\/\\\/secure.gravatar.com\\\/avatar\\\/1537a11db5ae7fef0631b6c662f439d8a632c50630c980828d0e2c4de581568b?s=96&d=mm&r=g\",\"caption\":\"Michael Landl\"},\"url\":\"https:\\\/\\\/worldvapersalliance.com\\\/eu\\\/author\\\/michael\\\/\"}]}<\/script>\n<!-- \/ Yoast SEO plugin. -->","yoast_head_json":{"title":"L&#039;avertissement neerlandais : la Belgique doit rejeter l&#039;interdiction des ar\u00f4mes - World Vapers&#039; Alliance","robots":{"index":"index","follow":"follow","max-snippet":"max-snippet:-1","max-image-preview":"max-image-preview:large","max-video-preview":"max-video-preview:-1"},"canonical":"https:\/\/worldvapersalliance.com\/eu\/lavertissement-neerlandais-la-belgique-doit-rejeter-linterdiction-des-aromes\/","og_locale":"en_US","og_type":"article","og_title":"L\u2019avertissement n\u00e9erlandais : la Belgique doit rejeter l\u2019interdiction des ar\u00f4mes - World Vapers&#039; Alliance","og_description":"BRUXELLES, le 26 f\u00e9vrier 2026 \u2013 Le Conseil des ministres belge se r\u00e9unira demain, 27 f\u00e9vrier, pour discuter d&#8217;une interdiction quasi totale des ar\u00f4mes pour les cigarettes \u00e9lectroniques. La proposition, introduite par le Ministre de la Sant\u00e9 Frank Vandenbroucke, vise \u00e0 restreindre tous les e-liquides aux seuls ar\u00f4mes de tabac en n&#8217;autorisant qu&#8217;une \u00ab liste [&hellip;]","og_url":"https:\/\/worldvapersalliance.com\/eu\/lavertissement-neerlandais-la-belgique-doit-rejeter-linterdiction-des-aromes\/","og_site_name":"World Vapers&#039; Alliance","article_published_time":"2026-02-26T10:03:03+00:00","og_image":[{"width":2560,"height":2362,"url":"https:\/\/worldvapersalliance.com\/wp-content\/uploads\/2026\/02\/Press-Release-Banner-NEW-Square-scaled.png","type":"image\/png"}],"author":"Michael Landl","twitter_card":"summary_large_image","twitter_misc":{"Written by":"Michael Landl","Est. reading time":"2 minutes"},"schema":{"@context":"https:\/\/schema.org","@graph":[{"@type":"Article","@id":"https:\/\/worldvapersalliance.com\/lavertissement-neerlandais-la-belgique-doit-rejeter-linterdiction-des-aromes\/#article","isPartOf":{"@id":"https:\/\/worldvapersalliance.com\/lavertissement-neerlandais-la-belgique-doit-rejeter-linterdiction-des-aromes\/"},"author":{"name":"Michael Landl","@id":"https:\/\/worldvapersalliance.com\/#\/schema\/person\/05f663571d787d89a2d5c77c482a6583"},"headline":"L\u2019avertissement n\u00e9erlandais : la Belgique doit rejeter l\u2019interdiction &hellip;","datePublished":"2026-02-26T10:03:03+00:00","mainEntityOfPage":{"@id":"https:\/\/worldvapersalliance.com\/lavertissement-neerlandais-la-belgique-doit-rejeter-linterdiction-des-aromes\/"},"wordCount":360,"commentCount":0,"publisher":{"@id":"https:\/\/worldvapersalliance.com\/#organization"},"image":{"@id":"https:\/\/worldvapersalliance.com\/lavertissement-neerlandais-la-belgique-doit-rejeter-linterdiction-des-aromes\/#primaryimage"},"thumbnailUrl":"https:\/\/worldvapersalliance.com\/wp-content\/uploads\/2026\/02\/Press-Release-Banner-NEW-Square-scaled.png","articleSection":["Press Releases"],"inLanguage":"en-EU","potentialAction":[{"@type":"CommentAction","name":"Comment","target":["https:\/\/worldvapersalliance.com\/lavertissement-neerlandais-la-belgique-doit-rejeter-linterdiction-des-aromes\/#respond"]}]},{"@type":"WebPage","@id":"https:\/\/worldvapersalliance.com\/lavertissement-neerlandais-la-belgique-doit-rejeter-linterdiction-des-aromes\/","url":"https:\/\/worldvapersalliance.com\/lavertissement-neerlandais-la-belgique-doit-rejeter-linterdiction-des-aromes\/","name":"L&#039;avertissement neerlandais : la Belgique doit rejeter l&#039;interdiction des ar\u00f4mes - World Vapers&#039; Alliance","isPartOf":{"@id":"https:\/\/worldvapersalliance.com\/#website"},"primaryImageOfPage":{"@id":"https:\/\/worldvapersalliance.com\/lavertissement-neerlandais-la-belgique-doit-rejeter-linterdiction-des-aromes\/#primaryimage"},"image":{"@id":"https:\/\/worldvapersalliance.com\/lavertissement-neerlandais-la-belgique-doit-rejeter-linterdiction-des-aromes\/#primaryimage"},"thumbnailUrl":"https:\/\/worldvapersalliance.com\/wp-content\/uploads\/2026\/02\/Press-Release-Banner-NEW-Square-scaled.png","datePublished":"2026-02-26T10:03:03+00:00","inLanguage":"en-EU","potentialAction":[{"@type":"ReadAction","target":["https:\/\/worldvapersalliance.com\/lavertissement-neerlandais-la-belgique-doit-rejeter-linterdiction-des-aromes\/"]}]},{"@type":"ImageObject","inLanguage":"en-EU","@id":"https:\/\/worldvapersalliance.com\/lavertissement-neerlandais-la-belgique-doit-rejeter-linterdiction-des-aromes\/#primaryimage","url":"https:\/\/worldvapersalliance.com\/wp-content\/uploads\/2026\/02\/Press-Release-Banner-NEW-Square-scaled.png","contentUrl":"https:\/\/worldvapersalliance.com\/wp-content\/uploads\/2026\/02\/Press-Release-Banner-NEW-Square-scaled.png","width":2560,"height":2362},{"@type":"WebSite","@id":"https:\/\/worldvapersalliance.com\/#website","url":"https:\/\/worldvapersalliance.com\/","name":"Munduko Vapers&#039; Alliance","description":"Baperen komunitaterik handiena","publisher":{"@id":"https:\/\/worldvapersalliance.com\/#organization"},"potentialAction":[{"@type":"SearchAction","target":{"@type":"EntryPoint","urlTemplate":"https:\/\/worldvapersalliance.com\/?s={search_term_string}"},"query-input":{"@type":"PropertyValueSpecification","valueRequired":true,"valueName":"search_term_string"}}],"inLanguage":"en-EU"},{"@type":"Organization","@id":"https:\/\/worldvapersalliance.com\/#organization","name":"Munduko Vapers&#039; Alliance","url":"https:\/\/worldvapersalliance.com\/","logo":{"@type":"ImageObject","inLanguage":"en-EU","@id":"https:\/\/worldvapersalliance.com\/#\/schema\/logo\/image\/","url":"https:\/\/worldvapersalliance.com\/wp-content\/uploads\/2022\/01\/WVA_RB_Fist_G.png","contentUrl":"https:\/\/worldvapersalliance.com\/wp-content\/uploads\/2022\/01\/WVA_RB_Fist_G.png","width":985,"height":1177,"caption":"World Vapers&#039; Alliance"},"image":{"@id":"https:\/\/worldvapersalliance.com\/#\/schema\/logo\/image\/"}},{"@type":"Person","@id":"https:\/\/worldvapersalliance.com\/#\/schema\/person\/05f663571d787d89a2d5c77c482a6583","name":"Michael Landl","image":{"@type":"ImageObject","inLanguage":"en-EU","@id":"https:\/\/secure.gravatar.com\/avatar\/1537a11db5ae7fef0631b6c662f439d8a632c50630c980828d0e2c4de581568b?s=96&d=mm&r=g","url":"https:\/\/secure.gravatar.com\/avatar\/1537a11db5ae7fef0631b6c662f439d8a632c50630c980828d0e2c4de581568b?s=96&d=mm&r=g","contentUrl":"https:\/\/secure.gravatar.com\/avatar\/1537a11db5ae7fef0631b6c662f439d8a632c50630c980828d0e2c4de581568b?s=96&d=mm&r=g","caption":"Michael Landl"},"url":"https:\/\/worldvapersalliance.com\/eu\/author\/michael\/"}]}},"_links":{"self":[{"href":"https:\/\/worldvapersalliance.com\/eu\/wp-json\/wp\/v2\/posts\/6838","targetHints":{"allow":["GET"]}}],"collection":[{"href":"https:\/\/worldvapersalliance.com\/eu\/wp-json\/wp\/v2\/posts"}],"about":[{"href":"https:\/\/worldvapersalliance.com\/eu\/wp-json\/wp\/v2\/types\/post"}],"author":[{"embeddable":true,"href":"https:\/\/worldvapersalliance.com\/eu\/wp-json\/wp\/v2\/users\/4"}],"replies":[{"embeddable":true,"href":"https:\/\/worldvapersalliance.com\/eu\/wp-json\/wp\/v2\/comments?post=6838"}],"version-history":[{"count":0,"href":"https:\/\/worldvapersalliance.com\/eu\/wp-json\/wp\/v2\/posts\/6838\/revisions"}],"wp:featuredmedia":[{"embeddable":true,"href":"https:\/\/worldvapersalliance.com\/eu\/wp-json\/wp\/v2\/media\/6730"}],"wp:attachment":[{"href":"https:\/\/worldvapersalliance.com\/eu\/wp-json\/wp\/v2\/media?parent=6838"}],"wp:term":[{"taxonomy":"category","embeddable":true,"href":"https:\/\/worldvapersalliance.com\/eu\/wp-json\/wp\/v2\/categories?post=6838"},{"taxonomy":"post_tag","embeddable":true,"href":"https:\/\/worldvapersalliance.com\/eu\/wp-json\/wp\/v2\/tags?post=6838"}],"curies":[{"name":"wp","href":"https:\/\/api.w.org\/{rel}","templated":true}]}}