{"id":5463,"date":"2024-03-12T04:40:44","date_gmt":"2024-03-12T08:40:44","guid":{"rendered":"https:\/\/worldvapersalliance.com\/?p=5463"},"modified":"2024-04-01T04:43:51","modified_gmt":"2024-04-01T08:43:51","slug":"protestan-contra-propuesta-de-amlo-que-prohibe-vapeadores","status":"publish","type":"post","link":"https:\/\/worldvapersalliance.com\/es\/protestan-contra-propuesta-de-amlo-que-prohibe-vapeadores\/","title":{"rendered":"Protestante contra propuesta de AMLO que proh\u00edbe vapeadores"},"content":{"rendered":"<h4>Manifestantes en la C\u00e1mara de Diputados piden regularizar estos dispositivos electr\u00f3nicos porque, aseguran, son una alternativa para evitar el tabaco.<\/h4>\n<p>Decenas de personas se manifestaron este martes en la C\u00e1mara de Diputados contra la reforma constitucional del presidente Andr\u00e9s Manuel L\u00f3pez Obrador que busca prohibir el uso de cigarros electr\u00f3nicos o vapeadores.<\/p>\n<p>\u201cLa intenci\u00f3n es informar a los legisladores para que pongan un freno a esta iniciativa que lanz\u00f3 el presidente de elevar a reforma constitucional una prohibici\u00f3n que ha sido invalidada innumerables veces en la Suprema Corte\u201d, dijo Luis Felipe Gamboa, coordinador en Alianza por la Libertad del Vapeo.<\/p>\n<p>Los inconformes, de organizaciones como Pro Vapeo, la World Vapers Alliance y \u201cYo Vapeo, Yo Voto\u201d, protestaron a favor de que se regularicen estos dispositivos electr\u00f3nicos porque, aseveraron, son una alternativa para evitar el tabaco.<\/p>\n<p>\u201cNosotros pedimos y exigimos una regulaci\u00f3n donde haya un control de venta a menores, que no se les venda y un control de calidad que exija la Cofepris (Comisi\u00f3n Federal para la Protecci\u00f3n Contra Riesgos Sanitarios) para que se le d\u00e9 una regulaci\u00f3n m\u00ednima, que le d\u00e9 seguridad al consumidor\u201d, expres\u00f3.<\/p>\n<p>Lea el texto completo <a href=\"https:\/\/www.forbes.com.mx\/protestan-contra-propuesta-de-amlo-que-prohibe-vapeadores\/\" target=\"_blank\" rel=\"noopener\">aqu\u00ed<\/a><\/p>","protected":false},"excerpt":{"rendered":"<p>Manifestantes en la C\u00e1mara de Diputados piden regularizar estos dispositivos electr\u00f3nicos porque, aseguran, son una alternativa para evitar el tabaco. Decenas de personas se manifestaron este martes en la C\u00e1mara de Diputados contra la reforma constitucional del presidente Andr\u00e9s Manuel L\u00f3pez Obrador que busca prohibir el uso de cigarros electr\u00f3nicos o vapeadores. \u201cLa intenci\u00f3n es [&hellip;]<\/p>\n","protected":false},"author":11,"featured_media":6394,"comment_status":"open","ping_status":"open","sticky":false,"template":"","format":"standard","meta":{"footnotes":""},"categories":[15],"tags":[],"class_list":["post-5463","post","type-post","status-publish","format-standard","has-post-thumbnail","hentry","category-wva-in-the-news"],"yoast_head":"<!-- This site is optimized with the Yoast SEO plugin v27.3 - https:\/\/yoast.com\/product\/yoast-seo-wordpress\/ -->\n<title>Protestan contra propuesta de AMLO que proh\u00edbe vapeadores - World Vapers&#039; Alliance<\/title>\n<meta name=\"robots\" content=\"index, follow, max-snippet:-1, max-image-preview:large, max-video-preview:-1\" \/>\n<link rel=\"canonical\" href=\"https:\/\/worldvapersalliance.com\/es\/protestan-contra-propuesta-de-amlo-que-prohibe-vapeadores\/\" \/>\n<meta property=\"og:locale\" content=\"es_ES\" \/>\n<meta property=\"og:type\" content=\"article\" \/>\n<meta property=\"og:title\" content=\"Protestan contra propuesta de AMLO que proh\u00edbe vapeadores - World Vapers&#039; Alliance\" \/>\n<meta property=\"og:description\" content=\"Manifestantes en la C\u00e1mara de Diputados piden regularizar estos dispositivos electr\u00f3nicos porque, aseguran, son una alternativa para evitar el tabaco. Decenas de personas se manifestaron este martes en la C\u00e1mara de Diputados contra la reforma constitucional del presidente Andr\u00e9s Manuel L\u00f3pez Obrador que busca prohibir el uso de cigarros electr\u00f3nicos o vapeadores. \u201cLa intenci\u00f3n es [&hellip;]\" \/>\n<meta property=\"og:url\" content=\"https:\/\/worldvapersalliance.com\/es\/protestan-contra-propuesta-de-amlo-que-prohibe-vapeadores\/\" \/>\n<meta property=\"og:site_name\" content=\"World Vapers&#039; Alliance\" \/>\n<meta property=\"article:published_time\" content=\"2024-03-12T08:40:44+00:00\" \/>\n<meta property=\"article:modified_time\" content=\"2024-04-01T08:43:51+00:00\" \/>\n<meta property=\"og:image\" content=\"https:\/\/worldvapersalliance.com\/wp-content\/uploads\/2024\/04\/Forbes-Mexico.png\" \/>\n\t<meta property=\"og:image:width\" content=\"2081\" \/>\n\t<meta property=\"og:image:height\" content=\"1920\" \/>\n\t<meta property=\"og:image:type\" content=\"image\/png\" \/>\n<meta name=\"author\" content=\"World Vapers&#039; Alliance\" \/>\n<meta name=\"twitter:card\" content=\"summary_large_image\" \/>\n<meta name=\"twitter:label1\" content=\"Escrito por\" \/>\n\t<meta name=\"twitter:data1\" content=\"World Vapers&#039; Alliance\" \/>\n\t<meta name=\"twitter:label2\" content=\"Tiempo de lectura\" \/>\n\t<meta name=\"twitter:data2\" content=\"2 minutos\" \/>\n<script type=\"application\/ld+json\" class=\"yoast-schema-graph\">{\"@context\":\"https:\\\/\\\/schema.org\",\"@graph\":[{\"@type\":\"Article\",\"@id\":\"https:\\\/\\\/worldvapersalliance.com\\\/protestan-contra-propuesta-de-amlo-que-prohibe-vapeadores\\\/#article\",\"isPartOf\":{\"@id\":\"https:\\\/\\\/worldvapersalliance.com\\\/protestan-contra-propuesta-de-amlo-que-prohibe-vapeadores\\\/\"},\"author\":{\"name\":\"World Vapers' Alliance\",\"@id\":\"https:\\\/\\\/worldvapersalliance.com\\\/#\\\/schema\\\/person\\\/18484a6f20bcc6f70a2419c8babe017d\"},\"headline\":\"Protestan contra propuesta de AMLO que proh\u00edbe vapeadores\",\"datePublished\":\"2024-03-12T08:40:44+00:00\",\"dateModified\":\"2024-04-01T08:43:51+00:00\",\"mainEntityOfPage\":{\"@id\":\"https:\\\/\\\/worldvapersalliance.com\\\/protestan-contra-propuesta-de-amlo-que-prohibe-vapeadores\\\/\"},\"wordCount\":214,\"commentCount\":0,\"publisher\":{\"@id\":\"https:\\\/\\\/worldvapersalliance.com\\\/#organization\"},\"image\":{\"@id\":\"https:\\\/\\\/worldvapersalliance.com\\\/protestan-contra-propuesta-de-amlo-que-prohibe-vapeadores\\\/#primaryimage\"},\"thumbnailUrl\":\"https:\\\/\\\/worldvapersalliance.com\\\/wp-content\\\/uploads\\\/2025\\\/08\\\/WVA-in-the-news.png\",\"articleSection\":[\"WVA in the News\"],\"inLanguage\":\"es\",\"potentialAction\":[{\"@type\":\"CommentAction\",\"name\":\"Comment\",\"target\":[\"https:\\\/\\\/worldvapersalliance.com\\\/protestan-contra-propuesta-de-amlo-que-prohibe-vapeadores\\\/#respond\"]}]},{\"@type\":\"WebPage\",\"@id\":\"https:\\\/\\\/worldvapersalliance.com\\\/protestan-contra-propuesta-de-amlo-que-prohibe-vapeadores\\\/\",\"url\":\"https:\\\/\\\/worldvapersalliance.com\\\/protestan-contra-propuesta-de-amlo-que-prohibe-vapeadores\\\/\",\"name\":\"Protestan contra propuesta de AMLO que proh\u00edbe vapeadores - World Vapers&#039; Alliance\",\"isPartOf\":{\"@id\":\"https:\\\/\\\/worldvapersalliance.com\\\/#website\"},\"primaryImageOfPage\":{\"@id\":\"https:\\\/\\\/worldvapersalliance.com\\\/protestan-contra-propuesta-de-amlo-que-prohibe-vapeadores\\\/#primaryimage\"},\"image\":{\"@id\":\"https:\\\/\\\/worldvapersalliance.com\\\/protestan-contra-propuesta-de-amlo-que-prohibe-vapeadores\\\/#primaryimage\"},\"thumbnailUrl\":\"https:\\\/\\\/worldvapersalliance.com\\\/wp-content\\\/uploads\\\/2025\\\/08\\\/WVA-in-the-news.png\",\"datePublished\":\"2024-03-12T08:40:44+00:00\",\"dateModified\":\"2024-04-01T08:43:51+00:00\",\"inLanguage\":\"es\",\"potentialAction\":[{\"@type\":\"ReadAction\",\"target\":[\"https:\\\/\\\/worldvapersalliance.com\\\/protestan-contra-propuesta-de-amlo-que-prohibe-vapeadores\\\/\"]}]},{\"@type\":\"ImageObject\",\"inLanguage\":\"es\",\"@id\":\"https:\\\/\\\/worldvapersalliance.com\\\/protestan-contra-propuesta-de-amlo-que-prohibe-vapeadores\\\/#primaryimage\",\"url\":\"https:\\\/\\\/worldvapersalliance.com\\\/wp-content\\\/uploads\\\/2025\\\/08\\\/WVA-in-the-news.png\",\"contentUrl\":\"https:\\\/\\\/worldvapersalliance.com\\\/wp-content\\\/uploads\\\/2025\\\/08\\\/WVA-in-the-news.png\",\"width\":1264,\"height\":848},{\"@type\":\"WebSite\",\"@id\":\"https:\\\/\\\/worldvapersalliance.com\\\/#website\",\"url\":\"https:\\\/\\\/worldvapersalliance.com\\\/\",\"name\":\"World Vapers&#039; Alliance\",\"description\":\"The largest community of vapers\",\"publisher\":{\"@id\":\"https:\\\/\\\/worldvapersalliance.com\\\/#organization\"},\"potentialAction\":[{\"@type\":\"SearchAction\",\"target\":{\"@type\":\"EntryPoint\",\"urlTemplate\":\"https:\\\/\\\/worldvapersalliance.com\\\/?s={search_term_string}\"},\"query-input\":{\"@type\":\"PropertyValueSpecification\",\"valueRequired\":true,\"valueName\":\"search_term_string\"}}],\"inLanguage\":\"es\"},{\"@type\":\"Organization\",\"@id\":\"https:\\\/\\\/worldvapersalliance.com\\\/#organization\",\"name\":\"World Vapers&#039; Alliance\",\"url\":\"https:\\\/\\\/worldvapersalliance.com\\\/\",\"logo\":{\"@type\":\"ImageObject\",\"inLanguage\":\"es\",\"@id\":\"https:\\\/\\\/worldvapersalliance.com\\\/#\\\/schema\\\/logo\\\/image\\\/\",\"url\":\"https:\\\/\\\/worldvapersalliance.com\\\/wp-content\\\/uploads\\\/2022\\\/01\\\/WVA_RB_Fist_G.png\",\"contentUrl\":\"https:\\\/\\\/worldvapersalliance.com\\\/wp-content\\\/uploads\\\/2022\\\/01\\\/WVA_RB_Fist_G.png\",\"width\":985,\"height\":1177,\"caption\":\"World Vapers&#039; Alliance\"},\"image\":{\"@id\":\"https:\\\/\\\/worldvapersalliance.com\\\/#\\\/schema\\\/logo\\\/image\\\/\"}},{\"@type\":\"Person\",\"@id\":\"https:\\\/\\\/worldvapersalliance.com\\\/#\\\/schema\\\/person\\\/18484a6f20bcc6f70a2419c8babe017d\",\"name\":\"World Vapers' Alliance\",\"image\":{\"@type\":\"ImageObject\",\"inLanguage\":\"es\",\"@id\":\"https:\\\/\\\/secure.gravatar.com\\\/avatar\\\/456bf795c7a47c9ac527a94da4bff150aa49e48726d69bee9937f8383cffa246?s=96&d=mm&r=g\",\"url\":\"https:\\\/\\\/secure.gravatar.com\\\/avatar\\\/456bf795c7a47c9ac527a94da4bff150aa49e48726d69bee9937f8383cffa246?s=96&d=mm&r=g\",\"contentUrl\":\"https:\\\/\\\/secure.gravatar.com\\\/avatar\\\/456bf795c7a47c9ac527a94da4bff150aa49e48726d69bee9937f8383cffa246?s=96&d=mm&r=g\",\"caption\":\"World Vapers' Alliance\"},\"url\":\"https:\\\/\\\/worldvapersalliance.com\\\/es\\\/author\\\/wva\\\/\"}]}<\/script>\n<!-- \/ Yoast SEO plugin. -->","yoast_head_json":{"title":"Protestante contra propuesta de AMLO que proh\u00edbe vapeadores - World Vapers&#039; Alliance","robots":{"index":"index","follow":"follow","max-snippet":"max-snippet:-1","max-image-preview":"max-image-preview:large","max-video-preview":"max-video-preview:-1"},"canonical":"https:\/\/worldvapersalliance.com\/es\/protestan-contra-propuesta-de-amlo-que-prohibe-vapeadores\/","og_locale":"es_ES","og_type":"article","og_title":"Protestan contra propuesta de AMLO que proh\u00edbe vapeadores - World Vapers&#039; Alliance","og_description":"Manifestantes en la C\u00e1mara de Diputados piden regularizar estos dispositivos electr\u00f3nicos porque, aseguran, son una alternativa para evitar el tabaco. Decenas de personas se manifestaron este martes en la C\u00e1mara de Diputados contra la reforma constitucional del presidente Andr\u00e9s Manuel L\u00f3pez Obrador que busca prohibir el uso de cigarros electr\u00f3nicos o vapeadores. \u201cLa intenci\u00f3n es [&hellip;]","og_url":"https:\/\/worldvapersalliance.com\/es\/protestan-contra-propuesta-de-amlo-que-prohibe-vapeadores\/","og_site_name":"World Vapers&#039; Alliance","article_published_time":"2024-03-12T08:40:44+00:00","article_modified_time":"2024-04-01T08:43:51+00:00","og_image":[{"width":2081,"height":1920,"url":"https:\/\/worldvapersalliance.com\/wp-content\/uploads\/2024\/04\/Forbes-Mexico.png","type":"image\/png"}],"author":"World Vapers' Alliance","twitter_card":"summary_large_image","twitter_misc":{"Escrito por":"World Vapers' Alliance","Tiempo de lectura":"2 minutos"},"schema":{"@context":"https:\/\/schema.org","@graph":[{"@type":"Article","@id":"https:\/\/worldvapersalliance.com\/protestan-contra-propuesta-de-amlo-que-prohibe-vapeadores\/#article","isPartOf":{"@id":"https:\/\/worldvapersalliance.com\/protestan-contra-propuesta-de-amlo-que-prohibe-vapeadores\/"},"author":{"name":"World Vapers' Alliance","@id":"https:\/\/worldvapersalliance.com\/#\/schema\/person\/18484a6f20bcc6f70a2419c8babe017d"},"headline":"Protestan contra propuesta de AMLO que proh\u00edbe vapeadores","datePublished":"2024-03-12T08:40:44+00:00","dateModified":"2024-04-01T08:43:51+00:00","mainEntityOfPage":{"@id":"https:\/\/worldvapersalliance.com\/protestan-contra-propuesta-de-amlo-que-prohibe-vapeadores\/"},"wordCount":214,"commentCount":0,"publisher":{"@id":"https:\/\/worldvapersalliance.com\/#organization"},"image":{"@id":"https:\/\/worldvapersalliance.com\/protestan-contra-propuesta-de-amlo-que-prohibe-vapeadores\/#primaryimage"},"thumbnailUrl":"https:\/\/worldvapersalliance.com\/wp-content\/uploads\/2025\/08\/WVA-in-the-news.png","articleSection":["WVA in the News"],"inLanguage":"es","potentialAction":[{"@type":"CommentAction","name":"Comment","target":["https:\/\/worldvapersalliance.com\/protestan-contra-propuesta-de-amlo-que-prohibe-vapeadores\/#respond"]}]},{"@type":"WebPage","@id":"https:\/\/worldvapersalliance.com\/protestan-contra-propuesta-de-amlo-que-prohibe-vapeadores\/","url":"https:\/\/worldvapersalliance.com\/protestan-contra-propuesta-de-amlo-que-prohibe-vapeadores\/","name":"Protestante contra propuesta de AMLO que proh\u00edbe vapeadores - World Vapers&#039; Alliance","isPartOf":{"@id":"https:\/\/worldvapersalliance.com\/#website"},"primaryImageOfPage":{"@id":"https:\/\/worldvapersalliance.com\/protestan-contra-propuesta-de-amlo-que-prohibe-vapeadores\/#primaryimage"},"image":{"@id":"https:\/\/worldvapersalliance.com\/protestan-contra-propuesta-de-amlo-que-prohibe-vapeadores\/#primaryimage"},"thumbnailUrl":"https:\/\/worldvapersalliance.com\/wp-content\/uploads\/2025\/08\/WVA-in-the-news.png","datePublished":"2024-03-12T08:40:44+00:00","dateModified":"2024-04-01T08:43:51+00:00","inLanguage":"es","potentialAction":[{"@type":"ReadAction","target":["https:\/\/worldvapersalliance.com\/protestan-contra-propuesta-de-amlo-que-prohibe-vapeadores\/"]}]},{"@type":"ImageObject","inLanguage":"es","@id":"https:\/\/worldvapersalliance.com\/protestan-contra-propuesta-de-amlo-que-prohibe-vapeadores\/#primaryimage","url":"https:\/\/worldvapersalliance.com\/wp-content\/uploads\/2025\/08\/WVA-in-the-news.png","contentUrl":"https:\/\/worldvapersalliance.com\/wp-content\/uploads\/2025\/08\/WVA-in-the-news.png","width":1264,"height":848},{"@type":"WebSite","@id":"https:\/\/worldvapersalliance.com\/#website","url":"https:\/\/worldvapersalliance.com\/","name":"Alianza Mundial de Vapeadores","description":"La comunidad m\u00e1s grande de vapeadores","publisher":{"@id":"https:\/\/worldvapersalliance.com\/#organization"},"potentialAction":[{"@type":"SearchAction","target":{"@type":"EntryPoint","urlTemplate":"https:\/\/worldvapersalliance.com\/?s={search_term_string}"},"query-input":{"@type":"PropertyValueSpecification","valueRequired":true,"valueName":"search_term_string"}}],"inLanguage":"es"},{"@type":"Organization","@id":"https:\/\/worldvapersalliance.com\/#organization","name":"Alianza Mundial de Vapeadores","url":"https:\/\/worldvapersalliance.com\/","logo":{"@type":"ImageObject","inLanguage":"es","@id":"https:\/\/worldvapersalliance.com\/#\/schema\/logo\/image\/","url":"https:\/\/worldvapersalliance.com\/wp-content\/uploads\/2022\/01\/WVA_RB_Fist_G.png","contentUrl":"https:\/\/worldvapersalliance.com\/wp-content\/uploads\/2022\/01\/WVA_RB_Fist_G.png","width":985,"height":1177,"caption":"World Vapers&#039; Alliance"},"image":{"@id":"https:\/\/worldvapersalliance.com\/#\/schema\/logo\/image\/"}},{"@type":"Person","@id":"https:\/\/worldvapersalliance.com\/#\/schema\/person\/18484a6f20bcc6f70a2419c8babe017d","name":"Alianza Mundial de Vapeadores","image":{"@type":"ImageObject","inLanguage":"es","@id":"https:\/\/secure.gravatar.com\/avatar\/456bf795c7a47c9ac527a94da4bff150aa49e48726d69bee9937f8383cffa246?s=96&d=mm&r=g","url":"https:\/\/secure.gravatar.com\/avatar\/456bf795c7a47c9ac527a94da4bff150aa49e48726d69bee9937f8383cffa246?s=96&d=mm&r=g","contentUrl":"https:\/\/secure.gravatar.com\/avatar\/456bf795c7a47c9ac527a94da4bff150aa49e48726d69bee9937f8383cffa246?s=96&d=mm&r=g","caption":"World Vapers' Alliance"},"url":"https:\/\/worldvapersalliance.com\/es\/author\/wva\/"}]}},"_links":{"self":[{"href":"https:\/\/worldvapersalliance.com\/es\/wp-json\/wp\/v2\/posts\/5463","targetHints":{"allow":["GET"]}}],"collection":[{"href":"https:\/\/worldvapersalliance.com\/es\/wp-json\/wp\/v2\/posts"}],"about":[{"href":"https:\/\/worldvapersalliance.com\/es\/wp-json\/wp\/v2\/types\/post"}],"author":[{"embeddable":true,"href":"https:\/\/worldvapersalliance.com\/es\/wp-json\/wp\/v2\/users\/11"}],"replies":[{"embeddable":true,"href":"https:\/\/worldvapersalliance.com\/es\/wp-json\/wp\/v2\/comments?post=5463"}],"version-history":[{"count":0,"href":"https:\/\/worldvapersalliance.com\/es\/wp-json\/wp\/v2\/posts\/5463\/revisions"}],"wp:featuredmedia":[{"embeddable":true,"href":"https:\/\/worldvapersalliance.com\/es\/wp-json\/wp\/v2\/media\/6394"}],"wp:attachment":[{"href":"https:\/\/worldvapersalliance.com\/es\/wp-json\/wp\/v2\/media?parent=5463"}],"wp:term":[{"taxonomy":"category","embeddable":true,"href":"https:\/\/worldvapersalliance.com\/es\/wp-json\/wp\/v2\/categories?post=5463"},{"taxonomy":"post_tag","embeddable":true,"href":"https:\/\/worldvapersalliance.com\/es\/wp-json\/wp\/v2\/tags?post=5463"}],"curies":[{"name":"wp","href":"https:\/\/api.w.org\/{rel}","templated":true}]}}