{"id":5927,"date":"2024-11-21T07:14:54","date_gmt":"2024-11-21T12:14:54","guid":{"rendered":"https:\/\/worldvapersalliance.com\/?p=5927"},"modified":"2024-12-06T07:16:23","modified_gmt":"2024-12-06T12:16:23","slug":"el-nuevo-cargo-de-monica-garcia-en-la-oms-un-premio-por-ignorar-la-ciencia-y-castigar-a-los-ciudadanos-en-medio-de-un-escandalo","status":"publish","type":"post","link":"https:\/\/worldvapersalliance.com\/el\/el-nuevo-cargo-de-monica-garcia-en-la-oms-un-premio-por-ignorar-la-ciencia-y-castigar-a-los-ciudadanos-en-medio-de-un-escandalo\/","title":{"rendered":"El nuevo cargo de M\u00f3nica Garc\u00eda en la OMS: Un premio por ignorar la cienc\u2026"},"content":{"rendered":"<p>\u039f \u03a1\u03b5\u03c3\u03b5\u03bd\u03c4\u03ad\u03bd\u03c4\u03b5 <a href=\"https:\/\/herculesdiario.es\/salud-hercules\/la-oms-ficha-a-monica-garcia-como-representante-de-europa-la-primera-mujer-espanola-en-20-anos\/\">\u03bd\u03bf\u03bc\u03bc\u03c0\u03c1\u03b1\u03bc\u03b5\u03bd\u03c4\u03cc<\/a> de M\u00f3nica Garc\u00eda, ministra de Sanidad de Espa\u00f1a, como \u03b5\u03ba\u03c0\u03c1\u03cc\u03c3\u03c9\u03c0\u03bf\u03c2 \u03c4\u03b7\u03c2 \u0395\u03c5\u03c1\u03ce\u03c0\u03b7\u03c2 \u03c3\u03c4\u03b7\u03bd \u0395\u03c0\u03b9\u03c4\u03c1\u03bf\u03c0\u03ae Ejecutivo de la Organizaci\u00f3n Mundial de la Salud (OMS) es un claro ejemplo de como <strong>la organizaci\u00f3n premia a los pol\u00edticos que implementan pol\u00edticas prohibicionistas y paternalistas, aunque \u00e9stas carezcan de base cient\u00edfica<\/strong>. En lugar de reconocer estrategias basadas en la evidencia, como la reducci\u00f3n de da\u00f1os del tabaquismo, <strong>la OMS recompensa a quienes promueven medidas que perjudican a los ciudadanos y retroceden en la lucha contra el tabaquismo.<\/strong><\/p>\n<h4 class=\"wp-block-heading has-medium-font-size\"><strong>Un nombramiento en medio de la pol\u00e9mica<\/strong><\/h4>\n<p>El contexto del nombramiento de Garc\u00eda no podr\u00eda ser m\u00e1s inc\u00f3modo. La dimisi\u00f3n de \u00cd\u00f1igo Errej\u00f3n, uno de los l\u00edderes clave de Sumar, por denuncias de acoso sex y comportamientos machistas, ha golpeado duramente al partido. La propia M\u00f3nica Garc\u00eda <a href=\"https:\/\/okdiario.com\/espana\/monica-garcia-admite-que-conocia-denuncia-agresion-sexual-errejon-julio-2023-13717242\">\u03c0\u03b1\u03c1\u03b1\u03b4\u03bf\u03c7\u03ae<\/a> haber conocido estas acusaciones desde julio de 2023, pero opt\u00f3 por el silencio y la inacci\u00f3n. Este caso, que qued\u00f3 relegado medi\u00e1ticamente tras el desastre de la DANA que azot\u00f3 Espa\u00f1a, sigue sin esclarecerse por completo, dejando un manto de dudas sobre la responsabilidad de Garc\u00eda y su partido. \u0391\u03bc\u03b1\u03c1\u03c4\u03af\u03b1 \u03b5\u03bc\u03c0\u03ac\u03c1\u03b3\u03ba\u03bf, ha quedado demostrada la incapacidad de la ministra para gestionar una \u03ba\u03c1\u03af\u03c3\u03b7 interna de su partido. Su silencio e inacci\u00f3n dejaron en evidencia su falta de liderazgo y de principios. M\u00e1xime cuando la excompa\u00f1era de partido \u0397 Tania S\u00e1nchez \u03c0\u03b1\u03c1\u03b1\u03b4\u03ad\u03c7\u03b5\u03c4\u03b1\u03b9 \u03cc\u03c4\u03b9 \u03b4\u03b5\u03bd \u03b5\u03bd\u03b4\u03b9\u03b1\u03c6\u03ad\u03c1\u03b5\u03c4\u03b1\u03b9 \u03b3\u03b9\u03b1 \u03ad\u03bd\u03b1 los hechos y rumores que les llegaban del comportamiento de Errej\u00f3n porque \u201cera un gran valor pol\u00edtico\u201d.<\/p>\n<p>Adem\u00e1s, su historial personal est\u00e1 marcado por casos que cuestionan su integridad. Desde haber recibido un <a href=\"https:\/\/www.eldebate.com\/espana\/madrid\/20231121\/polemica-salario-doble-monica-garcia-empana-labor-como-ministra-sanidad_155184.html\">\u03b4\u03b9\u03c0\u03bb\u03cc \u03bc\u03b9\u03c3\u03b8\u03bf\u03bb\u03cc\u03b3\u03b9\u03bf<\/a> p\u00fablico durante bajo la excusa de un \u00aberror administrative\u00bb, hasta que su familia <a href=\"https:\/\/gaceta.es\/uncategorized\/la-familia-de-monica-garcia-cobra-el-bono-social-termico-destinado-a-familias-vulnerables-al-que-dijo-haber-renunciado-20240620-1334\/\">\u03ba\u03bf\u03bc\u03c0\u03c1\u03ac\u03c1\u03b1<\/a> un bono social t\u00e9rmico destinado a familias \u03b5\u03c5\u03ac\u03bb\u03c9\u03c4\u03bf\u03b9, a pesar de su promesa de renunciar a \u00e9l. Por si fuera poco, <strong>su chalet en Cercedilla enfrenta un posible <a href=\"https:\/\/herculesdiario.es\/madrid\/monica-garcia-tendra-que-abandonar-su-chalet-ilegal-en-cercedilla-en-los-proximos-meses\/\">\u03bd\u03c4\u03b5\u03c3\u03b1\u03c7\u03bf\u03c5\u03c4\u03c3\u03af\u03bf<\/a> por irregularidades legales. Estos casos no solo da\u00f1an su imagen<\/strong>, sino que tambi\u00e9n generan dudas sobre su capacidad \u03b3\u03b9\u03b1 \u03b1\u03bd\u03c4\u03b9\u03c0\u03c1\u03bf\u03c3\u03c9\u03c0\u03b5\u03c5\u03c4\u03b9\u03ba\u03cc \u03b5\u03bd\u03cc\u03c2 Europa en un organismo como la OMS.<\/p>\n<h4 class=\"wp-block-heading has-medium-font-size\"><strong>Promoviendo pol\u00edticas fallidas al estilo de la OMS<\/strong><\/h4>\n<p>El Ministryio de Sanidad, bajo el liderazgo de Garc\u00eda, ha adoptado un <strong>enfoque prohibicionista alineado con las directrices de la OMS, ignorando las evidencias cient\u00edficas y los modelos exitosos de otros pa\u00edses.<\/strong> Sus propuestas para prohibir los sabores en los l\u00edquidos de vapeo y los dispositivos desechables son un claro reflejo de esta estrategia fallida. La OMS ya intent\u00f3 imponer estas mismas medidas en la COP10 del Convenio Marco para el Control del Tabaco, y ahora encuentra en Garc\u00eda a una fiel defensora de sus pol\u00edticas.<\/p>\n<p>El vapeo es una herramienta clave para la reducci\u00f3n de da\u00f1os. <a href=\"https:\/\/worldvapersalliance.com\/el\/harm-reduction-vaping-fact-sheet\/\">\u03a3\u03c4\u03bf\u03cd\u03bd\u03c4\u03b9\u03bf<\/a> demuestran que es un 95% menos da\u00f1ino que fumar, ya que eliminina la combusti\u00f3n y \u03bc\u03b5\u03af\u03c9\u03c3\u03b7 dr\u00e1sticamente la exposici\u00f3n a toxinas. Adem\u00e1s, el vapeo es m\u00e1s eficaz que las terapias tradicionales para dejar de fumar, ayudando a millones de personas a abandonar el tabaco. Pa\u00edses como <a href=\"https:\/\/worldvapersalliance.com\/el\/sweden-reduces-smoking-further-an-example-the-eu-can-no-longer-ignore\/\">\u03a3\u03bf\u03c5\u03b7\u03b4\u03af\u03b1<\/a> \u03c4\u03bf \u03ad\u03b4\u03b5\u03b9\u03be\u03b5 \u03b1\u03c5\u03c4\u03cc <strong>una estrategia basada en la reducci\u00f3n de da\u00f1os, promocion alternativas como el snus y el vapeo, puede reducir las tasas de fumadores a niveles m\u00ednimos.<\/strong> Suecia es ahora el primer pa\u00eds del mundo considerado libre de humo, con menos del 5% de su poblaci\u00f3n fumando.<\/p>\n<p>\u03a3\u03b5 \u03b1\u03bd\u03c4\u03af\u03b8\u03b5\u03c3\u03b7, las pol\u00edticas de Garc\u00eda ignor estas lecciones. <strong>La prohibici\u00f3n de sabores y dispositivos desechables no reducir\u00e1 el tabaquismo, pero s\u00ed fomentar\u00e1 el crecimiento del mercado negro, como ha ocurrido en varios pa\u00edses<\/strong>. Adem\u00e1s, estas medidas castigan a los fumadores que buscan alternatives menos da\u00f1inas ya los peque\u00f1os negocios \u03c0\u03bf\u03c5 \u03b5\u03be\u03b1\u03c1\u03c4\u03ce\u03bd\u03c4\u03b1\u03b9 \u03b1\u03c0\u03cc \u03c4\u03b7 \u03bb\u03b1 \u03b2\u03ad\u03bd\u03c4\u03b1 \u03c4\u03c9\u03bd \u03c0\u03c1\u03bf\u03ca\u03cc\u03bd\u03c4\u03c9\u03bd \u03c4\u03bf\u03c5 \u03b2\u03b1\u03c0\u03ad\u03bf.<\/p>\n<h4 class=\"wp-block-heading has-medium-font-size\"><strong>El incentivo perverso de la OMS<\/strong><\/h4>\n<p><strong>El nombramiento de Garc\u00eda por parte de la OMS env\u00eda un mensaje alarmante: los pol\u00edticos que implementan pol\u00edticas sin base cient\u00edfica, pero alineadas con los los dogmas prohibicionistas de la organizaci\u00f3n, ser\u00e1n recompensados constigiosos cargos<\/strong>. Este incentivo perverso podr\u00eda animar a otros l\u00edderes a seguir directrices que, lejos de proteger la salud p\u00fablica, socavan los esfuerzos para reducir el tabaquismo y mejorar la vida de los ciudadanos.<\/p>\n<p>En lugar de premiar a quienes impulsan pol\u00edticas paternalistas y perjudiciales, la OMS deber\u00eda reconocer y promoer modelos exitosos como el de Suecia, que salva vidas a trav\u00e9s de la reducci\u00f3n de da\u00f1os. Sin embargo, el caso de M\u00f3nica Garc\u00eda demuestra que<strong> la organizaci\u00f3n parece m\u00e1s interesada en imponer su agenda que en buscar soluciones efectivas y basadas en la ciencia.<\/strong><\/p>\n<p>El ascenso de M\u00f3nica Garc\u00eda a un cargo en la OMS no es un reconocimiento a su gesti\u00f3n, sino un <strong>premio por su obediencia a pol\u00edticas equivocadas que ignoran la evidencia y perjudican a los ciudadanos.<\/strong> Mientras Suecia lidera el camino hacia un futuro libre de humo con estrategias efectivas, Espa\u00f1a se hunde en un modelo prohibicionista que pone en riesgo la salud p\u00fablica y los derechos de los consumidores. La OMS debe replantearse qu\u00e9 tipo de l\u00edderes quiere promoer, porque seguir premindo el fracaso solo perpetuar\u00e1 los errores.<\/p>\n<p>\u0391\u03c1\u03c7\u03b9\u03ba\u03ac \u03b4\u03b7\u03bc\u03bf\u03c3\u03b9\u03b5\u03cd\u03c4\u03b7\u03ba\u03b5 <a href=\"https:\/\/herculesdiario.es\/nacional\/el-nuevo-cargo-de-monica-garcia-en-la-oms-un-premio-por-ignorar-la-ciencia-y-castigar-a-los-ciudadanos-en-medio-de-un-escandalo\/\" target=\"_blank\" rel=\"noopener\">\u03b5\u03b4\u03ce<\/a><\/p>\n<p>&nbsp;<\/p>","protected":false},"excerpt":{"rendered":"<p>El reciente nombramiento de M\u00f3nica Garc\u00eda, ministra de Sanidad de Espa\u00f1a, como representante de Europa en el Comit\u00e9 Ejecutivo de la Organizaci\u00f3n Mundial de la Salud (OMS) es un claro ejemplo de c\u00f3mo la organizaci\u00f3n premia a los pol\u00edticos que implementan pol\u00edticas prohibicionistas y paternalistas, aunque \u00e9stas carezcan de base cient\u00edfica. En lugar de reconocer [&hellip;]<\/p>\n","protected":false},"author":14,"featured_media":6394,"comment_status":"open","ping_status":"open","sticky":false,"template":"","format":"standard","meta":{"footnotes":""},"categories":[15],"tags":[],"class_list":["post-5927","post","type-post","status-publish","format-standard","has-post-thumbnail","hentry","category-wva-in-the-news"],"yoast_head":"<!-- This site is optimized with the Yoast SEO plugin v27.3 - https:\/\/yoast.com\/product\/yoast-seo-wordpress\/ -->\n<title>El nuevo cargo de M\u00f3nica Garc\u00eda en la OMS: Un premio por ignorar la ciencia y castigar a los ciudadanos en medio de un esc\u00e1ndalo - World Vapers&#039; Alliance<\/title>\n<meta name=\"robots\" content=\"index, follow, max-snippet:-1, max-image-preview:large, max-video-preview:-1\" \/>\n<link rel=\"canonical\" href=\"https:\/\/worldvapersalliance.com\/el\/el-nuevo-cargo-de-monica-garcia-en-la-oms-un-premio-por-ignorar-la-ciencia-y-castigar-a-los-ciudadanos-en-medio-de-un-escandalo\/\" \/>\n<meta property=\"og:locale\" content=\"el_GR\" \/>\n<meta property=\"og:type\" content=\"article\" \/>\n<meta property=\"og:title\" content=\"El nuevo cargo de M\u00f3nica Garc\u00eda en la OMS: Un premio por ignorar la ciencia y castigar a los ciudadanos en medio de un esc\u00e1ndalo - World Vapers&#039; Alliance\" \/>\n<meta property=\"og:description\" content=\"El reciente nombramiento de M\u00f3nica Garc\u00eda, ministra de Sanidad de Espa\u00f1a, como representante de Europa en el Comit\u00e9 Ejecutivo de la Organizaci\u00f3n Mundial de la Salud (OMS) es un claro ejemplo de c\u00f3mo la organizaci\u00f3n premia a los pol\u00edticos que implementan pol\u00edticas prohibicionistas y paternalistas, aunque \u00e9stas carezcan de base cient\u00edfica. En lugar de reconocer [&hellip;]\" \/>\n<meta property=\"og:url\" content=\"https:\/\/worldvapersalliance.com\/el\/el-nuevo-cargo-de-monica-garcia-en-la-oms-un-premio-por-ignorar-la-ciencia-y-castigar-a-los-ciudadanos-en-medio-de-un-escandalo\/\" \/>\n<meta property=\"og:site_name\" content=\"World Vapers&#039; Alliance\" \/>\n<meta property=\"article:published_time\" content=\"2024-11-21T12:14:54+00:00\" \/>\n<meta property=\"article:modified_time\" content=\"2024-12-06T12:16:23+00:00\" \/>\n<meta property=\"og:image\" content=\"https:\/\/worldvapersalliance.com\/wp-content\/uploads\/2024\/12\/Hercules.png\" \/>\n\t<meta property=\"og:image:width\" content=\"940\" \/>\n\t<meta property=\"og:image:height\" content=\"788\" \/>\n\t<meta property=\"og:image:type\" content=\"image\/png\" \/>\n<meta name=\"author\" content=\"Alberto Hernandez\" \/>\n<meta name=\"twitter:card\" content=\"summary_large_image\" \/>\n<meta name=\"twitter:label1\" content=\"\u03a3\u03c5\u03bd\u03c4\u03ac\u03c7\u03b8\u03b7\u03ba\u03b5 \u03b1\u03c0\u03cc\" \/>\n\t<meta name=\"twitter:data1\" content=\"Alberto Hernandez\" \/>\n\t<meta name=\"twitter:label2\" content=\"\u0395\u03ba\u03c4\u03b9\u03bc\u03ce\u03bc\u03b5\u03bd\u03bf\u03c2 \u03c7\u03c1\u03cc\u03bd\u03bf\u03c2 \u03b1\u03bd\u03ac\u03b3\u03bd\u03c9\u03c3\u03b7\u03c2\" \/>\n\t<meta name=\"twitter:data2\" content=\"4 \u03bb\u03b5\u03c0\u03c4\u03ac\" \/>\n<script type=\"application\/ld+json\" class=\"yoast-schema-graph\">{\"@context\":\"https:\\\/\\\/schema.org\",\"@graph\":[{\"@type\":\"Article\",\"@id\":\"https:\\\/\\\/worldvapersalliance.com\\\/el-nuevo-cargo-de-monica-garcia-en-la-oms-un-premio-por-ignorar-la-ciencia-y-castigar-a-los-ciudadanos-en-medio-de-un-escandalo\\\/#article\",\"isPartOf\":{\"@id\":\"https:\\\/\\\/worldvapersalliance.com\\\/el-nuevo-cargo-de-monica-garcia-en-la-oms-un-premio-por-ignorar-la-ciencia-y-castigar-a-los-ciudadanos-en-medio-de-un-escandalo\\\/\"},\"author\":{\"name\":\"Alberto Hernandez\",\"@id\":\"https:\\\/\\\/worldvapersalliance.com\\\/#\\\/schema\\\/person\\\/9b81eefe507e68fb5ab671aa0ab2bfb6\"},\"headline\":\"El nuevo cargo de M\u00f3nica Garc\u00eda en la OMS: Un premio por ignorar la cienc &hellip;\",\"datePublished\":\"2024-11-21T12:14:54+00:00\",\"dateModified\":\"2024-12-06T12:16:23+00:00\",\"mainEntityOfPage\":{\"@id\":\"https:\\\/\\\/worldvapersalliance.com\\\/el-nuevo-cargo-de-monica-garcia-en-la-oms-un-premio-por-ignorar-la-ciencia-y-castigar-a-los-ciudadanos-en-medio-de-un-escandalo\\\/\"},\"wordCount\":944,\"commentCount\":0,\"publisher\":{\"@id\":\"https:\\\/\\\/worldvapersalliance.com\\\/#organization\"},\"image\":{\"@id\":\"https:\\\/\\\/worldvapersalliance.com\\\/el-nuevo-cargo-de-monica-garcia-en-la-oms-un-premio-por-ignorar-la-ciencia-y-castigar-a-los-ciudadanos-en-medio-de-un-escandalo\\\/#primaryimage\"},\"thumbnailUrl\":\"https:\\\/\\\/worldvapersalliance.com\\\/wp-content\\\/uploads\\\/2025\\\/08\\\/WVA-in-the-news.png\",\"articleSection\":[\"WVA in the News\"],\"inLanguage\":\"el\",\"potentialAction\":[{\"@type\":\"CommentAction\",\"name\":\"Comment\",\"target\":[\"https:\\\/\\\/worldvapersalliance.com\\\/el-nuevo-cargo-de-monica-garcia-en-la-oms-un-premio-por-ignorar-la-ciencia-y-castigar-a-los-ciudadanos-en-medio-de-un-escandalo\\\/#respond\"]}]},{\"@type\":\"WebPage\",\"@id\":\"https:\\\/\\\/worldvapersalliance.com\\\/el-nuevo-cargo-de-monica-garcia-en-la-oms-un-premio-por-ignorar-la-ciencia-y-castigar-a-los-ciudadanos-en-medio-de-un-escandalo\\\/\",\"url\":\"https:\\\/\\\/worldvapersalliance.com\\\/el-nuevo-cargo-de-monica-garcia-en-la-oms-un-premio-por-ignorar-la-ciencia-y-castigar-a-los-ciudadanos-en-medio-de-un-escandalo\\\/\",\"name\":\"El nuevo cargo de M\u00f3nica Garc\u00eda en la OMS: Un premio por ignorar la ciencia y castigar a los ciudadanos en medio de un esc\u00e1ndalo - World Vapers&#039; Alliance\",\"isPartOf\":{\"@id\":\"https:\\\/\\\/worldvapersalliance.com\\\/#website\"},\"primaryImageOfPage\":{\"@id\":\"https:\\\/\\\/worldvapersalliance.com\\\/el-nuevo-cargo-de-monica-garcia-en-la-oms-un-premio-por-ignorar-la-ciencia-y-castigar-a-los-ciudadanos-en-medio-de-un-escandalo\\\/#primaryimage\"},\"image\":{\"@id\":\"https:\\\/\\\/worldvapersalliance.com\\\/el-nuevo-cargo-de-monica-garcia-en-la-oms-un-premio-por-ignorar-la-ciencia-y-castigar-a-los-ciudadanos-en-medio-de-un-escandalo\\\/#primaryimage\"},\"thumbnailUrl\":\"https:\\\/\\\/worldvapersalliance.com\\\/wp-content\\\/uploads\\\/2025\\\/08\\\/WVA-in-the-news.png\",\"datePublished\":\"2024-11-21T12:14:54+00:00\",\"dateModified\":\"2024-12-06T12:16:23+00:00\",\"inLanguage\":\"el\",\"potentialAction\":[{\"@type\":\"ReadAction\",\"target\":[\"https:\\\/\\\/worldvapersalliance.com\\\/el-nuevo-cargo-de-monica-garcia-en-la-oms-un-premio-por-ignorar-la-ciencia-y-castigar-a-los-ciudadanos-en-medio-de-un-escandalo\\\/\"]}]},{\"@type\":\"ImageObject\",\"inLanguage\":\"el\",\"@id\":\"https:\\\/\\\/worldvapersalliance.com\\\/el-nuevo-cargo-de-monica-garcia-en-la-oms-un-premio-por-ignorar-la-ciencia-y-castigar-a-los-ciudadanos-en-medio-de-un-escandalo\\\/#primaryimage\",\"url\":\"https:\\\/\\\/worldvapersalliance.com\\\/wp-content\\\/uploads\\\/2025\\\/08\\\/WVA-in-the-news.png\",\"contentUrl\":\"https:\\\/\\\/worldvapersalliance.com\\\/wp-content\\\/uploads\\\/2025\\\/08\\\/WVA-in-the-news.png\",\"width\":1264,\"height\":848},{\"@type\":\"WebSite\",\"@id\":\"https:\\\/\\\/worldvapersalliance.com\\\/#website\",\"url\":\"https:\\\/\\\/worldvapersalliance.com\\\/\",\"name\":\"World Vapers&#039; Alliance\",\"description\":\"The largest community of vapers\",\"publisher\":{\"@id\":\"https:\\\/\\\/worldvapersalliance.com\\\/#organization\"},\"potentialAction\":[{\"@type\":\"SearchAction\",\"target\":{\"@type\":\"EntryPoint\",\"urlTemplate\":\"https:\\\/\\\/worldvapersalliance.com\\\/?s={search_term_string}\"},\"query-input\":{\"@type\":\"PropertyValueSpecification\",\"valueRequired\":true,\"valueName\":\"search_term_string\"}}],\"inLanguage\":\"el\"},{\"@type\":\"Organization\",\"@id\":\"https:\\\/\\\/worldvapersalliance.com\\\/#organization\",\"name\":\"World Vapers&#039; Alliance\",\"url\":\"https:\\\/\\\/worldvapersalliance.com\\\/\",\"logo\":{\"@type\":\"ImageObject\",\"inLanguage\":\"el\",\"@id\":\"https:\\\/\\\/worldvapersalliance.com\\\/#\\\/schema\\\/logo\\\/image\\\/\",\"url\":\"https:\\\/\\\/worldvapersalliance.com\\\/wp-content\\\/uploads\\\/2022\\\/01\\\/WVA_RB_Fist_G.png\",\"contentUrl\":\"https:\\\/\\\/worldvapersalliance.com\\\/wp-content\\\/uploads\\\/2022\\\/01\\\/WVA_RB_Fist_G.png\",\"width\":985,\"height\":1177,\"caption\":\"World Vapers&#039; Alliance\"},\"image\":{\"@id\":\"https:\\\/\\\/worldvapersalliance.com\\\/#\\\/schema\\\/logo\\\/image\\\/\"}},{\"@type\":\"Person\",\"@id\":\"https:\\\/\\\/worldvapersalliance.com\\\/#\\\/schema\\\/person\\\/9b81eefe507e68fb5ab671aa0ab2bfb6\",\"name\":\"Alberto Hernandez\",\"image\":{\"@type\":\"ImageObject\",\"inLanguage\":\"el\",\"@id\":\"https:\\\/\\\/secure.gravatar.com\\\/avatar\\\/124dc1dd8c5f9c9f352af940db00418f1add423008d32a51d5497b5de2c9ff35?s=96&d=mm&r=g\",\"url\":\"https:\\\/\\\/secure.gravatar.com\\\/avatar\\\/124dc1dd8c5f9c9f352af940db00418f1add423008d32a51d5497b5de2c9ff35?s=96&d=mm&r=g\",\"contentUrl\":\"https:\\\/\\\/secure.gravatar.com\\\/avatar\\\/124dc1dd8c5f9c9f352af940db00418f1add423008d32a51d5497b5de2c9ff35?s=96&d=mm&r=g\",\"caption\":\"Alberto Hernandez\"},\"url\":\"https:\\\/\\\/worldvapersalliance.com\\\/el\\\/author\\\/alberto\\\/\"}]}<\/script>\n<!-- \/ Yoast SEO plugin. -->","yoast_head_json":{"title":"El nuevo cargo de M\u00f3nica Garc\u00eda en la OMS: Un premio por ignorar la ciencia y castigar a los ciudadanos en medio de un esc\u00e1ndalo - World Vapers&#039; Alliance","robots":{"index":"index","follow":"follow","max-snippet":"max-snippet:-1","max-image-preview":"max-image-preview:large","max-video-preview":"max-video-preview:-1"},"canonical":"https:\/\/worldvapersalliance.com\/el\/el-nuevo-cargo-de-monica-garcia-en-la-oms-un-premio-por-ignorar-la-ciencia-y-castigar-a-los-ciudadanos-en-medio-de-un-escandalo\/","og_locale":"el_GR","og_type":"article","og_title":"El nuevo cargo de M\u00f3nica Garc\u00eda en la OMS: Un premio por ignorar la ciencia y castigar a los ciudadanos en medio de un esc\u00e1ndalo - World Vapers&#039; Alliance","og_description":"El reciente nombramiento de M\u00f3nica Garc\u00eda, ministra de Sanidad de Espa\u00f1a, como representante de Europa en el Comit\u00e9 Ejecutivo de la Organizaci\u00f3n Mundial de la Salud (OMS) es un claro ejemplo de c\u00f3mo la organizaci\u00f3n premia a los pol\u00edticos que implementan pol\u00edticas prohibicionistas y paternalistas, aunque \u00e9stas carezcan de base cient\u00edfica. En lugar de reconocer [&hellip;]","og_url":"https:\/\/worldvapersalliance.com\/el\/el-nuevo-cargo-de-monica-garcia-en-la-oms-un-premio-por-ignorar-la-ciencia-y-castigar-a-los-ciudadanos-en-medio-de-un-escandalo\/","og_site_name":"World Vapers&#039; Alliance","article_published_time":"2024-11-21T12:14:54+00:00","article_modified_time":"2024-12-06T12:16:23+00:00","og_image":[{"width":940,"height":788,"url":"https:\/\/worldvapersalliance.com\/wp-content\/uploads\/2024\/12\/Hercules.png","type":"image\/png"}],"author":"Alberto Hernandez","twitter_card":"summary_large_image","twitter_misc":{"\u03a3\u03c5\u03bd\u03c4\u03ac\u03c7\u03b8\u03b7\u03ba\u03b5 \u03b1\u03c0\u03cc":"Alberto Hernandez","\u0395\u03ba\u03c4\u03b9\u03bc\u03ce\u03bc\u03b5\u03bd\u03bf\u03c2 \u03c7\u03c1\u03cc\u03bd\u03bf\u03c2 \u03b1\u03bd\u03ac\u03b3\u03bd\u03c9\u03c3\u03b7\u03c2":"4 \u03bb\u03b5\u03c0\u03c4\u03ac"},"schema":{"@context":"https:\/\/schema.org","@graph":[{"@type":"Article","@id":"https:\/\/worldvapersalliance.com\/el-nuevo-cargo-de-monica-garcia-en-la-oms-un-premio-por-ignorar-la-ciencia-y-castigar-a-los-ciudadanos-en-medio-de-un-escandalo\/#article","isPartOf":{"@id":"https:\/\/worldvapersalliance.com\/el-nuevo-cargo-de-monica-garcia-en-la-oms-un-premio-por-ignorar-la-ciencia-y-castigar-a-los-ciudadanos-en-medio-de-un-escandalo\/"},"author":{"name":"Alberto Hernandez","@id":"https:\/\/worldvapersalliance.com\/#\/schema\/person\/9b81eefe507e68fb5ab671aa0ab2bfb6"},"headline":"El nuevo cargo de M\u00f3nica Garc\u00eda en la OMS: Un premio por ignorar la cienc &hellip;","datePublished":"2024-11-21T12:14:54+00:00","dateModified":"2024-12-06T12:16:23+00:00","mainEntityOfPage":{"@id":"https:\/\/worldvapersalliance.com\/el-nuevo-cargo-de-monica-garcia-en-la-oms-un-premio-por-ignorar-la-ciencia-y-castigar-a-los-ciudadanos-en-medio-de-un-escandalo\/"},"wordCount":944,"commentCount":0,"publisher":{"@id":"https:\/\/worldvapersalliance.com\/#organization"},"image":{"@id":"https:\/\/worldvapersalliance.com\/el-nuevo-cargo-de-monica-garcia-en-la-oms-un-premio-por-ignorar-la-ciencia-y-castigar-a-los-ciudadanos-en-medio-de-un-escandalo\/#primaryimage"},"thumbnailUrl":"https:\/\/worldvapersalliance.com\/wp-content\/uploads\/2025\/08\/WVA-in-the-news.png","articleSection":["WVA in the News"],"inLanguage":"el","potentialAction":[{"@type":"CommentAction","name":"Comment","target":["https:\/\/worldvapersalliance.com\/el-nuevo-cargo-de-monica-garcia-en-la-oms-un-premio-por-ignorar-la-ciencia-y-castigar-a-los-ciudadanos-en-medio-de-un-escandalo\/#respond"]}]},{"@type":"WebPage","@id":"https:\/\/worldvapersalliance.com\/el-nuevo-cargo-de-monica-garcia-en-la-oms-un-premio-por-ignorar-la-ciencia-y-castigar-a-los-ciudadanos-en-medio-de-un-escandalo\/","url":"https:\/\/worldvapersalliance.com\/el-nuevo-cargo-de-monica-garcia-en-la-oms-un-premio-por-ignorar-la-ciencia-y-castigar-a-los-ciudadanos-en-medio-de-un-escandalo\/","name":"El nuevo cargo de M\u00f3nica Garc\u00eda en la OMS: Un premio por ignorar la ciencia y castigar a los ciudadanos en medio de un esc\u00e1ndalo - World Vapers&#039; Alliance","isPartOf":{"@id":"https:\/\/worldvapersalliance.com\/#website"},"primaryImageOfPage":{"@id":"https:\/\/worldvapersalliance.com\/el-nuevo-cargo-de-monica-garcia-en-la-oms-un-premio-por-ignorar-la-ciencia-y-castigar-a-los-ciudadanos-en-medio-de-un-escandalo\/#primaryimage"},"image":{"@id":"https:\/\/worldvapersalliance.com\/el-nuevo-cargo-de-monica-garcia-en-la-oms-un-premio-por-ignorar-la-ciencia-y-castigar-a-los-ciudadanos-en-medio-de-un-escandalo\/#primaryimage"},"thumbnailUrl":"https:\/\/worldvapersalliance.com\/wp-content\/uploads\/2025\/08\/WVA-in-the-news.png","datePublished":"2024-11-21T12:14:54+00:00","dateModified":"2024-12-06T12:16:23+00:00","inLanguage":"el","potentialAction":[{"@type":"ReadAction","target":["https:\/\/worldvapersalliance.com\/el-nuevo-cargo-de-monica-garcia-en-la-oms-un-premio-por-ignorar-la-ciencia-y-castigar-a-los-ciudadanos-en-medio-de-un-escandalo\/"]}]},{"@type":"ImageObject","inLanguage":"el","@id":"https:\/\/worldvapersalliance.com\/el-nuevo-cargo-de-monica-garcia-en-la-oms-un-premio-por-ignorar-la-ciencia-y-castigar-a-los-ciudadanos-en-medio-de-un-escandalo\/#primaryimage","url":"https:\/\/worldvapersalliance.com\/wp-content\/uploads\/2025\/08\/WVA-in-the-news.png","contentUrl":"https:\/\/worldvapersalliance.com\/wp-content\/uploads\/2025\/08\/WVA-in-the-news.png","width":1264,"height":848},{"@type":"WebSite","@id":"https:\/\/worldvapersalliance.com\/#website","url":"https:\/\/worldvapersalliance.com\/","name":"World Vapers&#039; Alliance","description":"\u0397 \u03bc\u03b5\u03b3\u03b1\u03bb\u03cd\u03c4\u03b5\u03c1\u03b7 \u03ba\u03bf\u03b9\u03bd\u03cc\u03c4\u03b7\u03c4\u03b1 \u03b1\u03c4\u03bc\u03bf\u03c0\u03bf\u03b9\u03b7\u03c4\u03ce\u03bd","publisher":{"@id":"https:\/\/worldvapersalliance.com\/#organization"},"potentialAction":[{"@type":"SearchAction","target":{"@type":"EntryPoint","urlTemplate":"https:\/\/worldvapersalliance.com\/?s={search_term_string}"},"query-input":{"@type":"PropertyValueSpecification","valueRequired":true,"valueName":"search_term_string"}}],"inLanguage":"el"},{"@type":"Organization","@id":"https:\/\/worldvapersalliance.com\/#organization","name":"World Vapers&#039; Alliance","url":"https:\/\/worldvapersalliance.com\/","logo":{"@type":"ImageObject","inLanguage":"el","@id":"https:\/\/worldvapersalliance.com\/#\/schema\/logo\/image\/","url":"https:\/\/worldvapersalliance.com\/wp-content\/uploads\/2022\/01\/WVA_RB_Fist_G.png","contentUrl":"https:\/\/worldvapersalliance.com\/wp-content\/uploads\/2022\/01\/WVA_RB_Fist_G.png","width":985,"height":1177,"caption":"World Vapers&#039; Alliance"},"image":{"@id":"https:\/\/worldvapersalliance.com\/#\/schema\/logo\/image\/"}},{"@type":"Person","@id":"https:\/\/worldvapersalliance.com\/#\/schema\/person\/9b81eefe507e68fb5ab671aa0ab2bfb6","name":"\u0391\u03bb\u03bc\u03c0\u03ad\u03c1\u03c4\u03bf \u0395\u03c1\u03bd\u03ac\u03bd\u03c4\u03b5\u03c2","image":{"@type":"ImageObject","inLanguage":"el","@id":"https:\/\/secure.gravatar.com\/avatar\/124dc1dd8c5f9c9f352af940db00418f1add423008d32a51d5497b5de2c9ff35?s=96&d=mm&r=g","url":"https:\/\/secure.gravatar.com\/avatar\/124dc1dd8c5f9c9f352af940db00418f1add423008d32a51d5497b5de2c9ff35?s=96&d=mm&r=g","contentUrl":"https:\/\/secure.gravatar.com\/avatar\/124dc1dd8c5f9c9f352af940db00418f1add423008d32a51d5497b5de2c9ff35?s=96&d=mm&r=g","caption":"Alberto Hernandez"},"url":"https:\/\/worldvapersalliance.com\/el\/author\/alberto\/"}]}},"_links":{"self":[{"href":"https:\/\/worldvapersalliance.com\/el\/wp-json\/wp\/v2\/posts\/5927","targetHints":{"allow":["GET"]}}],"collection":[{"href":"https:\/\/worldvapersalliance.com\/el\/wp-json\/wp\/v2\/posts"}],"about":[{"href":"https:\/\/worldvapersalliance.com\/el\/wp-json\/wp\/v2\/types\/post"}],"author":[{"embeddable":true,"href":"https:\/\/worldvapersalliance.com\/el\/wp-json\/wp\/v2\/users\/14"}],"replies":[{"embeddable":true,"href":"https:\/\/worldvapersalliance.com\/el\/wp-json\/wp\/v2\/comments?post=5927"}],"version-history":[{"count":0,"href":"https:\/\/worldvapersalliance.com\/el\/wp-json\/wp\/v2\/posts\/5927\/revisions"}],"wp:featuredmedia":[{"embeddable":true,"href":"https:\/\/worldvapersalliance.com\/el\/wp-json\/wp\/v2\/media\/6394"}],"wp:attachment":[{"href":"https:\/\/worldvapersalliance.com\/el\/wp-json\/wp\/v2\/media?parent=5927"}],"wp:term":[{"taxonomy":"category","embeddable":true,"href":"https:\/\/worldvapersalliance.com\/el\/wp-json\/wp\/v2\/categories?post=5927"},{"taxonomy":"post_tag","embeddable":true,"href":"https:\/\/worldvapersalliance.com\/el\/wp-json\/wp\/v2\/tags?post=5927"}],"curies":[{"name":"\u03b5\u03c1\u03b3\u03b1\u03c3\u03af\u03b1","href":"https:\/\/api.w.org\/{rel}","templated":true}]}}