{"id":618,"date":"2021-11-10T15:54:25","date_gmt":"2021-11-10T20:54:25","guid":{"rendered":"https:\/\/cccwva.wpengine.com\/?p=618"},"modified":"2022-02-05T15:04:54","modified_gmt":"2022-02-05T20:04:54","slug":"the-voices-of-vapers-take-over-the-streets-of-geneva-during-cop9","status":"publish","type":"post","link":"https:\/\/worldvapersalliance.com\/de_de\/the-voices-of-vapers-take-over-the-streets-of-geneva-during-cop9\/","title":{"rendered":"Die Stimmen der Dampfer beherrschen die Stra\u00dfen von Genf w\u00e4hrend der COP9"},"content":{"rendered":"<p><strong>Genf, 10.11.2021.\u00a0<\/strong>Die Stimmen von Dampfern und ihre pers\u00f6nlichen Geschichten dar\u00fcber, wie ihnen das Dampfen geholfen hat, mit dem Rauchen aufzuh\u00f6ren und ihr Leben zum Besseren zu ver\u00e4ndern, wurden heute anl\u00e4sslich des Treffens der COP 9, der globalen Tabakkontrollkonferenz, in den Stra\u00dfen von Genf \u00fcbertragen.<\/p>\n<p>Mit dem legend\u00e4ren pinkfarbenen \u2018Vape Bus\u2019 durch Genf fahren, <img fetchpriority=\"high\" decoding=\"async\" class=\"size-medium wp-image-619 alignleft\" src=\"https:\/\/worldvapersalliance.com\/wp-content\/uploads\/2022\/02\/vape-buses-geneva-300x200.jpeg\" alt=\"\" width=\"300\" height=\"200\" srcset=\"https:\/\/worldvapersalliance.com\/wp-content\/uploads\/2022\/02\/vape-buses-geneva-300x200.jpeg 300w, https:\/\/worldvapersalliance.com\/wp-content\/uploads\/2022\/02\/vape-buses-geneva-600x401.jpeg 600w, https:\/\/worldvapersalliance.com\/wp-content\/uploads\/2022\/02\/vape-buses-geneva-768x513.jpeg 768w, https:\/\/worldvapersalliance.com\/wp-content\/uploads\/2022\/02\/vape-buses-geneva-18x12.jpeg 18w, https:\/\/worldvapersalliance.com\/wp-content\/uploads\/2022\/02\/vape-buses-geneva.jpeg 1024w\" sizes=\"(max-width: 300px) 100vw, 300px\" \/>Die World Vapers&#039; Alliance (WVA), die Dampfer weltweit vertritt, pr\u00e4sentierte eine eindrucksvolle Auswahl an Geschichten \u00fcber Raucherentw\u00f6hnung aus aller Welt.<a href=\"https:\/\/drive.google.com\/drive\/u\/0\/folders\/1q-ChasN8kN5RUNTkMiii6u7Ua7K-pkhB\" target=\"_blank\" rel=\"noreferrer noopener nofollow\" data-wpel-link=\"external\">Hier\u00a0<\/a>(Das vollst\u00e4ndige Video ist hier zu finden.) Die Demonstranten der COP 9-Konferenz des Rahmen\u00fcbereinkommens zur Eind\u00e4mmung des Tabakgebrauchs (FCTC) nahmen teil, die in Genf und virtuell stattfand. Die WHO hatte Dampfer von der Teilnahme an den COP 9-Diskussionen ausgeschlossen, und die Demonstration der WVA wurde umgehend vor dem WHO-Geb\u00e4ude aufgel\u00f6st.<\/p>\n<p>Michael Landl, Direktor der World Vapers&#039; Alliance, sagte:<\/p>\n<p><em>\u201cWir sind heute hier, um sicherzustellen, dass die Stimmen der Dampfer geh\u00f6rt werden und dass das Dampfen weltweit bei Strategien zur Raucherentw\u00f6hnung eine zentrale Rolle spielt. Dampfen kann weltweit 200 Millionen Leben retten, und es ist unerl\u00e4sslich, dass die Delegierten der COP9 die pers\u00f6nlichen Geschichten von Menschen kennenlernen, die dank des Dampfens mit dem Rauchen aufh\u00f6ren konnten.\u2019.\u00a0<\/em><\/p>\n<p><em>Wir haben unsere Botschaft direkt an die WHO \u00fcberbracht und sie gebeten, uns zuzuh\u00f6ren. COP9-Delegierte<\/em>\u00a0<em>Sie haben die Chance, Geschichte zu schreiben und Leben zu retten, WENN sie das Dampfen als Mittel zur Bek\u00e4mpfung des Rauchens unterst\u00fctzen. Unsere Botschaft an sie ist klar: Entscheidet euch f\u00fcr die Wissenschaft und rettet Leben.\u201d\u00a0<\/em>f\u00fcgte er hinzu.<\/p>\n<p>Weltweit k\u00f6nnten fast 200 Millionen Raucher auf E-Zigaretten umsteigen \u2013 eine Alternative, die 95 % weniger sch\u00e4dlich ist \u2013, wenn Regierungen Regelungen erlassen w\u00fcrden, die das Dampfen als Mittel zur Raucherentw\u00f6hnung erleichtern und f\u00f6rdern. Die Regierungen und Gesundheitsbeh\u00f6rden Gro\u00dfbritanniens, Frankreichs, Kanadas und Neuseelands haben dies bereits getan. Die WHO hingegen f\u00fchrt einen \u201cKrieg gegen das Dampfen\u201d und weigert sich, wissenschaftliche Erkenntnisse anzuerkennen. Die World Vapers&#039; Alliance fordert diese Woche die WHO und die globalen Entscheidungstr\u00e4ger auf, die Schadensminderung im Tabakkonsum endlich ernst zu nehmen.<\/p>\n<p><em>\u201cEs besteht die Gefahr, dass die Staats- und Regierungschefs auf der COP 9 \u2013 unter dem Druck von Anti-Dampf-Aktivisten \u2013 auf die Einf\u00fchrung von Gesetzen dr\u00e4ngen, die das Dampfen genauso behandeln wie das Rauchen. Dies w\u00e4re eine Katastrophe f\u00fcr Dampfer, Raucher und die globale \u00f6ffentliche Gesundheit. Der beste Weg, das Rauchen zu besiegen, ist die F\u00f6rderung des Dampfens als Teil der Gesundheitspolitik.\u201d<\/em>\u00a0Michael Landl schloss ab.<\/p>\n<p><strong>ENDE<\/strong><\/p>\n<p><em>Anmerkung f\u00fcr den Herausgeber:<\/em><\/p>\n<ul style=\"margin-bottom: 12px;\">\n<li>Das Kampagnenportal \u201eZur\u00fcck zum Dampfen. Schluss mit dem Rauchen.\u201c ist verf\u00fcgbar.\u00a0<a href=\"https:\/\/worldvapersalliance.com\/de_de\/backvapingbeatsmoking\/\" target=\"_blank\" rel=\"noreferrer noopener\" data-wpel-link=\"internal\">Hier<\/a>.<\/li>\n<li>Weitere Informationen zum Vape Bus finden Sie hier.\u00a0<a href=\"https:\/\/worldvapersalliance.com\/de_de\/vape-bus-tour-2021\/\" target=\"_blank\" rel=\"noreferrer noopener\" data-wpel-link=\"internal\">Hier.<\/a><\/li>\n<li>Weitere Einzelheiten dar\u00fcber, wie 200 Millionen Leben gerettet werden k\u00f6nnen, sind verf\u00fcgbar.\u00a0<a href=\"https:\/\/worldvapersalliance.com\/de_de\/from-smoking-to-vaping\/\" target=\"_blank\" rel=\"noreferrer noopener\" data-wpel-link=\"internal\">Hier.<\/a><\/li>\n<li>Die FCTC-COP9-Konferenz fand vom 8. bis 13. November 2021 in Genf statt. Es wurden Empfehlungen f\u00fcr weitere Regulierungen des Dampfens er\u00f6rtert, und obwohl diese nicht bindend sind, werden viele L\u00e4nder sie umsetzen.<\/li>\n<li>Die World Vapers&#039; Alliance (WVA) st\u00e4rkt die Stimme von Dampfern weltweit und bef\u00e4higt sie, in ihren Gemeinschaften etwas zu bewegen. Unsere Mitglieder sind 26 Dampferverb\u00e4nde sowie \u00fcber 15.000 einzelne Dampfer aus aller Welt. Weitere Informationen finden Sie unter\u00a0<a href=\"https:\/\/worldvapersalliance.com\/de_de\/\" target=\"_blank\" rel=\"noreferrer noopener\" data-wpel-link=\"internal\">www.worldvapersalliance.com<\/a><\/li>\n<\/ul>\n<p><strong>Pressekontakt:\u00a0<\/strong><\/p>\n<p>Michael Landl<\/p>\n<p>Direktor der Welt-Vaper-Allianz<\/p>\n<p><a href=\"mailto:michael@worldvapersalliance.com\" target=\"_blank\" rel=\"noreferrer noopener\">michael@worldvapersalliance.com<\/a><\/p>","protected":false},"excerpt":{"rendered":"<p>Geneva, 10.11.2021.\u00a0The voices of vapers, and their personal stories about how vaping helped them quit smoking and change their lives for the better, were broadcast all through the streets of Geneva today to coincide with the meeting of COP 9, the global tobacco control conference. Driving through Geneva in the iconic electric pink \u2018Vape Bus\u2019, [&hellip;]<\/p>\n","protected":false},"author":4,"featured_media":619,"comment_status":"open","ping_status":"open","sticky":false,"template":"","format":"standard","meta":{"footnotes":""},"categories":[13],"tags":[],"class_list":["post-618","post","type-post","status-publish","format-standard","has-post-thumbnail","hentry","category-press-releases"],"yoast_head":"<!-- This site is optimized with the Yoast SEO plugin v27.3 - https:\/\/yoast.com\/product\/yoast-seo-wordpress\/ -->\n<title>The voices of vapers take over the streets of Geneva during COP9 - World Vapers&#039; Alliance<\/title>\n<meta name=\"robots\" content=\"index, follow, max-snippet:-1, max-image-preview:large, max-video-preview:-1\" \/>\n<link rel=\"canonical\" href=\"https:\/\/worldvapersalliance.com\/de_de\/the-voices-of-vapers-take-over-the-streets-of-geneva-during-cop9\/\" \/>\n<meta property=\"og:locale\" content=\"de_DE\" \/>\n<meta property=\"og:type\" content=\"article\" \/>\n<meta property=\"og:title\" content=\"The voices of vapers take over the streets of Geneva during COP9 - World Vapers&#039; Alliance\" \/>\n<meta property=\"og:description\" content=\"Geneva, 10.11.2021.\u00a0The voices of vapers, and their personal stories about how vaping helped them quit smoking and change their lives for the better, were broadcast all through the streets of Geneva today to coincide with the meeting of COP 9, the global tobacco control conference. Driving through Geneva in the iconic electric pink \u2018Vape Bus\u2019, [&hellip;]\" \/>\n<meta property=\"og:url\" content=\"https:\/\/worldvapersalliance.com\/de_de\/the-voices-of-vapers-take-over-the-streets-of-geneva-during-cop9\/\" \/>\n<meta property=\"og:site_name\" content=\"World Vapers&#039; Alliance\" \/>\n<meta property=\"article:published_time\" content=\"2021-11-10T20:54:25+00:00\" \/>\n<meta property=\"article:modified_time\" content=\"2022-02-05T20:04:54+00:00\" \/>\n<meta property=\"og:image\" content=\"https:\/\/worldvapersalliance.com\/wp-content\/uploads\/2022\/02\/vape-buses-geneva.jpeg\" \/>\n\t<meta property=\"og:image:width\" content=\"1024\" \/>\n\t<meta property=\"og:image:height\" content=\"684\" \/>\n\t<meta property=\"og:image:type\" content=\"image\/jpeg\" \/>\n<meta name=\"author\" content=\"Michael Landl\" \/>\n<meta name=\"twitter:card\" content=\"summary_large_image\" \/>\n<meta name=\"twitter:label1\" content=\"Geschrieben von\" \/>\n\t<meta name=\"twitter:data1\" content=\"Michael Landl\" \/>\n\t<meta name=\"twitter:label2\" content=\"Gesch\u00e4tzte Lesezeit\" \/>\n\t<meta name=\"twitter:data2\" content=\"3 Minuten\" \/>\n<script type=\"application\/ld+json\" class=\"yoast-schema-graph\">{\"@context\":\"https:\\\/\\\/schema.org\",\"@graph\":[{\"@type\":\"Article\",\"@id\":\"https:\\\/\\\/worldvapersalliance.com\\\/the-voices-of-vapers-take-over-the-streets-of-geneva-during-cop9\\\/#article\",\"isPartOf\":{\"@id\":\"https:\\\/\\\/worldvapersalliance.com\\\/the-voices-of-vapers-take-over-the-streets-of-geneva-during-cop9\\\/\"},\"author\":{\"name\":\"Michael Landl\",\"@id\":\"https:\\\/\\\/worldvapersalliance.com\\\/#\\\/schema\\\/person\\\/05f663571d787d89a2d5c77c482a6583\"},\"headline\":\"The voices of vapers take over the streets of Geneva during COP9\",\"datePublished\":\"2021-11-10T20:54:25+00:00\",\"dateModified\":\"2022-02-05T20:04:54+00:00\",\"mainEntityOfPage\":{\"@id\":\"https:\\\/\\\/worldvapersalliance.com\\\/the-voices-of-vapers-take-over-the-streets-of-geneva-during-cop9\\\/\"},\"wordCount\":524,\"commentCount\":0,\"publisher\":{\"@id\":\"https:\\\/\\\/worldvapersalliance.com\\\/#organization\"},\"image\":{\"@id\":\"https:\\\/\\\/worldvapersalliance.com\\\/the-voices-of-vapers-take-over-the-streets-of-geneva-during-cop9\\\/#primaryimage\"},\"thumbnailUrl\":\"https:\\\/\\\/worldvapersalliance.com\\\/wp-content\\\/uploads\\\/2022\\\/02\\\/vape-buses-geneva.jpeg\",\"articleSection\":[\"Press Releases\"],\"inLanguage\":\"de-DE\",\"potentialAction\":[{\"@type\":\"CommentAction\",\"name\":\"Comment\",\"target\":[\"https:\\\/\\\/worldvapersalliance.com\\\/the-voices-of-vapers-take-over-the-streets-of-geneva-during-cop9\\\/#respond\"]}]},{\"@type\":\"WebPage\",\"@id\":\"https:\\\/\\\/worldvapersalliance.com\\\/the-voices-of-vapers-take-over-the-streets-of-geneva-during-cop9\\\/\",\"url\":\"https:\\\/\\\/worldvapersalliance.com\\\/the-voices-of-vapers-take-over-the-streets-of-geneva-during-cop9\\\/\",\"name\":\"The voices of vapers take over the streets of Geneva during COP9 - World Vapers&#039; Alliance\",\"isPartOf\":{\"@id\":\"https:\\\/\\\/worldvapersalliance.com\\\/#website\"},\"primaryImageOfPage\":{\"@id\":\"https:\\\/\\\/worldvapersalliance.com\\\/the-voices-of-vapers-take-over-the-streets-of-geneva-during-cop9\\\/#primaryimage\"},\"image\":{\"@id\":\"https:\\\/\\\/worldvapersalliance.com\\\/the-voices-of-vapers-take-over-the-streets-of-geneva-during-cop9\\\/#primaryimage\"},\"thumbnailUrl\":\"https:\\\/\\\/worldvapersalliance.com\\\/wp-content\\\/uploads\\\/2022\\\/02\\\/vape-buses-geneva.jpeg\",\"datePublished\":\"2021-11-10T20:54:25+00:00\",\"dateModified\":\"2022-02-05T20:04:54+00:00\",\"inLanguage\":\"de-DE\",\"potentialAction\":[{\"@type\":\"ReadAction\",\"target\":[\"https:\\\/\\\/worldvapersalliance.com\\\/the-voices-of-vapers-take-over-the-streets-of-geneva-during-cop9\\\/\"]}]},{\"@type\":\"ImageObject\",\"inLanguage\":\"de-DE\",\"@id\":\"https:\\\/\\\/worldvapersalliance.com\\\/the-voices-of-vapers-take-over-the-streets-of-geneva-during-cop9\\\/#primaryimage\",\"url\":\"https:\\\/\\\/worldvapersalliance.com\\\/wp-content\\\/uploads\\\/2022\\\/02\\\/vape-buses-geneva.jpeg\",\"contentUrl\":\"https:\\\/\\\/worldvapersalliance.com\\\/wp-content\\\/uploads\\\/2022\\\/02\\\/vape-buses-geneva.jpeg\",\"width\":1024,\"height\":684},{\"@type\":\"WebSite\",\"@id\":\"https:\\\/\\\/worldvapersalliance.com\\\/#website\",\"url\":\"https:\\\/\\\/worldvapersalliance.com\\\/\",\"name\":\"World Vapers&#039; Alliance\",\"description\":\"The largest community of vapers\",\"publisher\":{\"@id\":\"https:\\\/\\\/worldvapersalliance.com\\\/#organization\"},\"potentialAction\":[{\"@type\":\"SearchAction\",\"target\":{\"@type\":\"EntryPoint\",\"urlTemplate\":\"https:\\\/\\\/worldvapersalliance.com\\\/?s={search_term_string}\"},\"query-input\":{\"@type\":\"PropertyValueSpecification\",\"valueRequired\":true,\"valueName\":\"search_term_string\"}}],\"inLanguage\":\"de-DE\"},{\"@type\":\"Organization\",\"@id\":\"https:\\\/\\\/worldvapersalliance.com\\\/#organization\",\"name\":\"World Vapers&#039; Alliance\",\"url\":\"https:\\\/\\\/worldvapersalliance.com\\\/\",\"logo\":{\"@type\":\"ImageObject\",\"inLanguage\":\"de-DE\",\"@id\":\"https:\\\/\\\/worldvapersalliance.com\\\/#\\\/schema\\\/logo\\\/image\\\/\",\"url\":\"https:\\\/\\\/worldvapersalliance.com\\\/wp-content\\\/uploads\\\/2022\\\/01\\\/WVA_RB_Fist_G.png\",\"contentUrl\":\"https:\\\/\\\/worldvapersalliance.com\\\/wp-content\\\/uploads\\\/2022\\\/01\\\/WVA_RB_Fist_G.png\",\"width\":985,\"height\":1177,\"caption\":\"World Vapers&#039; Alliance\"},\"image\":{\"@id\":\"https:\\\/\\\/worldvapersalliance.com\\\/#\\\/schema\\\/logo\\\/image\\\/\"}},{\"@type\":\"Person\",\"@id\":\"https:\\\/\\\/worldvapersalliance.com\\\/#\\\/schema\\\/person\\\/05f663571d787d89a2d5c77c482a6583\",\"name\":\"Michael Landl\",\"image\":{\"@type\":\"ImageObject\",\"inLanguage\":\"de-DE\",\"@id\":\"https:\\\/\\\/secure.gravatar.com\\\/avatar\\\/1537a11db5ae7fef0631b6c662f439d8a632c50630c980828d0e2c4de581568b?s=96&d=mm&r=g\",\"url\":\"https:\\\/\\\/secure.gravatar.com\\\/avatar\\\/1537a11db5ae7fef0631b6c662f439d8a632c50630c980828d0e2c4de581568b?s=96&d=mm&r=g\",\"contentUrl\":\"https:\\\/\\\/secure.gravatar.com\\\/avatar\\\/1537a11db5ae7fef0631b6c662f439d8a632c50630c980828d0e2c4de581568b?s=96&d=mm&r=g\",\"caption\":\"Michael Landl\"},\"url\":\"https:\\\/\\\/worldvapersalliance.com\\\/de_de\\\/author\\\/michael\\\/\"}]}<\/script>\n<!-- \/ Yoast SEO plugin. -->","yoast_head_json":{"title":"Die Stimmen der Dampfer hallen w\u00e4hrend der COP9 durch die Stra\u00dfen von Genf \u2013 Weltallianz der Dampfer","robots":{"index":"index","follow":"follow","max-snippet":"max-snippet:-1","max-image-preview":"max-image-preview:large","max-video-preview":"max-video-preview:-1"},"canonical":"https:\/\/worldvapersalliance.com\/de_de\/the-voices-of-vapers-take-over-the-streets-of-geneva-during-cop9\/","og_locale":"de_DE","og_type":"article","og_title":"The voices of vapers take over the streets of Geneva during COP9 - World Vapers&#039; Alliance","og_description":"Geneva, 10.11.2021.\u00a0The voices of vapers, and their personal stories about how vaping helped them quit smoking and change their lives for the better, were broadcast all through the streets of Geneva today to coincide with the meeting of COP 9, the global tobacco control conference. Driving through Geneva in the iconic electric pink \u2018Vape Bus\u2019, [&hellip;]","og_url":"https:\/\/worldvapersalliance.com\/de_de\/the-voices-of-vapers-take-over-the-streets-of-geneva-during-cop9\/","og_site_name":"World Vapers&#039; Alliance","article_published_time":"2021-11-10T20:54:25+00:00","article_modified_time":"2022-02-05T20:04:54+00:00","og_image":[{"width":1024,"height":684,"url":"https:\/\/worldvapersalliance.com\/wp-content\/uploads\/2022\/02\/vape-buses-geneva.jpeg","type":"image\/jpeg"}],"author":"Michael Landl","twitter_card":"summary_large_image","twitter_misc":{"Geschrieben von":"Michael Landl","Gesch\u00e4tzte Lesezeit":"3 Minuten"},"schema":{"@context":"https:\/\/schema.org","@graph":[{"@type":"Article","@id":"https:\/\/worldvapersalliance.com\/the-voices-of-vapers-take-over-the-streets-of-geneva-during-cop9\/#article","isPartOf":{"@id":"https:\/\/worldvapersalliance.com\/the-voices-of-vapers-take-over-the-streets-of-geneva-during-cop9\/"},"author":{"name":"Michael Landl","@id":"https:\/\/worldvapersalliance.com\/#\/schema\/person\/05f663571d787d89a2d5c77c482a6583"},"headline":"The voices of vapers take over the streets of Geneva during COP9","datePublished":"2021-11-10T20:54:25+00:00","dateModified":"2022-02-05T20:04:54+00:00","mainEntityOfPage":{"@id":"https:\/\/worldvapersalliance.com\/the-voices-of-vapers-take-over-the-streets-of-geneva-during-cop9\/"},"wordCount":524,"commentCount":0,"publisher":{"@id":"https:\/\/worldvapersalliance.com\/#organization"},"image":{"@id":"https:\/\/worldvapersalliance.com\/the-voices-of-vapers-take-over-the-streets-of-geneva-during-cop9\/#primaryimage"},"thumbnailUrl":"https:\/\/worldvapersalliance.com\/wp-content\/uploads\/2022\/02\/vape-buses-geneva.jpeg","articleSection":["Press Releases"],"inLanguage":"de-DE","potentialAction":[{"@type":"CommentAction","name":"Comment","target":["https:\/\/worldvapersalliance.com\/the-voices-of-vapers-take-over-the-streets-of-geneva-during-cop9\/#respond"]}]},{"@type":"WebPage","@id":"https:\/\/worldvapersalliance.com\/the-voices-of-vapers-take-over-the-streets-of-geneva-during-cop9\/","url":"https:\/\/worldvapersalliance.com\/the-voices-of-vapers-take-over-the-streets-of-geneva-during-cop9\/","name":"Die Stimmen der Dampfer hallen w\u00e4hrend der COP9 durch die Stra\u00dfen von Genf \u2013 Weltallianz der Dampfer","isPartOf":{"@id":"https:\/\/worldvapersalliance.com\/#website"},"primaryImageOfPage":{"@id":"https:\/\/worldvapersalliance.com\/the-voices-of-vapers-take-over-the-streets-of-geneva-during-cop9\/#primaryimage"},"image":{"@id":"https:\/\/worldvapersalliance.com\/the-voices-of-vapers-take-over-the-streets-of-geneva-during-cop9\/#primaryimage"},"thumbnailUrl":"https:\/\/worldvapersalliance.com\/wp-content\/uploads\/2022\/02\/vape-buses-geneva.jpeg","datePublished":"2021-11-10T20:54:25+00:00","dateModified":"2022-02-05T20:04:54+00:00","inLanguage":"de-DE","potentialAction":[{"@type":"ReadAction","target":["https:\/\/worldvapersalliance.com\/the-voices-of-vapers-take-over-the-streets-of-geneva-during-cop9\/"]}]},{"@type":"ImageObject","inLanguage":"de-DE","@id":"https:\/\/worldvapersalliance.com\/the-voices-of-vapers-take-over-the-streets-of-geneva-during-cop9\/#primaryimage","url":"https:\/\/worldvapersalliance.com\/wp-content\/uploads\/2022\/02\/vape-buses-geneva.jpeg","contentUrl":"https:\/\/worldvapersalliance.com\/wp-content\/uploads\/2022\/02\/vape-buses-geneva.jpeg","width":1024,"height":684},{"@type":"WebSite","@id":"https:\/\/worldvapersalliance.com\/#website","url":"https:\/\/worldvapersalliance.com\/","name":"Weltweite Allianz der Dampfer","description":"Die gr\u00f6\u00dfte Community von Dampfern","publisher":{"@id":"https:\/\/worldvapersalliance.com\/#organization"},"potentialAction":[{"@type":"SearchAction","target":{"@type":"EntryPoint","urlTemplate":"https:\/\/worldvapersalliance.com\/?s={search_term_string}"},"query-input":{"@type":"PropertyValueSpecification","valueRequired":true,"valueName":"search_term_string"}}],"inLanguage":"de-DE"},{"@type":"Organization","@id":"https:\/\/worldvapersalliance.com\/#organization","name":"Weltweite Allianz der Dampfer","url":"https:\/\/worldvapersalliance.com\/","logo":{"@type":"ImageObject","inLanguage":"de-DE","@id":"https:\/\/worldvapersalliance.com\/#\/schema\/logo\/image\/","url":"https:\/\/worldvapersalliance.com\/wp-content\/uploads\/2022\/01\/WVA_RB_Fist_G.png","contentUrl":"https:\/\/worldvapersalliance.com\/wp-content\/uploads\/2022\/01\/WVA_RB_Fist_G.png","width":985,"height":1177,"caption":"World Vapers&#039; Alliance"},"image":{"@id":"https:\/\/worldvapersalliance.com\/#\/schema\/logo\/image\/"}},{"@type":"Person","@id":"https:\/\/worldvapersalliance.com\/#\/schema\/person\/05f663571d787d89a2d5c77c482a6583","name":"Michael Landl","image":{"@type":"ImageObject","inLanguage":"de-DE","@id":"https:\/\/secure.gravatar.com\/avatar\/1537a11db5ae7fef0631b6c662f439d8a632c50630c980828d0e2c4de581568b?s=96&d=mm&r=g","url":"https:\/\/secure.gravatar.com\/avatar\/1537a11db5ae7fef0631b6c662f439d8a632c50630c980828d0e2c4de581568b?s=96&d=mm&r=g","contentUrl":"https:\/\/secure.gravatar.com\/avatar\/1537a11db5ae7fef0631b6c662f439d8a632c50630c980828d0e2c4de581568b?s=96&d=mm&r=g","caption":"Michael Landl"},"url":"https:\/\/worldvapersalliance.com\/de_de\/author\/michael\/"}]}},"_links":{"self":[{"href":"https:\/\/worldvapersalliance.com\/de_de\/wp-json\/wp\/v2\/posts\/618","targetHints":{"allow":["GET"]}}],"collection":[{"href":"https:\/\/worldvapersalliance.com\/de_de\/wp-json\/wp\/v2\/posts"}],"about":[{"href":"https:\/\/worldvapersalliance.com\/de_de\/wp-json\/wp\/v2\/types\/post"}],"author":[{"embeddable":true,"href":"https:\/\/worldvapersalliance.com\/de_de\/wp-json\/wp\/v2\/users\/4"}],"replies":[{"embeddable":true,"href":"https:\/\/worldvapersalliance.com\/de_de\/wp-json\/wp\/v2\/comments?post=618"}],"version-history":[{"count":0,"href":"https:\/\/worldvapersalliance.com\/de_de\/wp-json\/wp\/v2\/posts\/618\/revisions"}],"wp:featuredmedia":[{"embeddable":true,"href":"https:\/\/worldvapersalliance.com\/de_de\/wp-json\/wp\/v2\/media\/619"}],"wp:attachment":[{"href":"https:\/\/worldvapersalliance.com\/de_de\/wp-json\/wp\/v2\/media?parent=618"}],"wp:term":[{"taxonomy":"category","embeddable":true,"href":"https:\/\/worldvapersalliance.com\/de_de\/wp-json\/wp\/v2\/categories?post=618"},{"taxonomy":"post_tag","embeddable":true,"href":"https:\/\/worldvapersalliance.com\/de_de\/wp-json\/wp\/v2\/tags?post=618"}],"curies":[{"name":"wp","href":"https:\/\/api.w.org\/{rel}","templated":true}]}}