{"id":5679,"date":"2024-06-02T07:34:17","date_gmt":"2024-06-02T11:34:17","guid":{"rendered":"https:\/\/worldvapersalliance.com\/?p=5679"},"modified":"2024-06-21T07:34:35","modified_gmt":"2024-06-21T11:34:35","slug":"la-alianza-mundial-de-vapeadores-busca-potenciar-las-habilidades-de-los-activistas","status":"publish","type":"post","link":"https:\/\/worldvapersalliance.com\/de_de\/la-alianza-mundial-de-vapeadores-busca-potenciar-las-habilidades-de-los-activistas\/","title":{"rendered":"Die Alianza Mundial de Vapeadores hat die F\u00e4higkeit, ihre F\u00e4higkeiten zu steigern \u2026"},"content":{"rendered":"<p><em>Das Programm der Academia WVA 2024 wurde mit einer Veranstaltung vorgestellt, die am 12. Juni 2024 um 16:30 Uhr im Hotel Marriot in Varsovia, Polen, stattfindet.<\/em><\/p>\n<p>Die Alianza Mundial de Vapeadores (WVA auf Englisch) wurde von der Academia WVA 2024 ins Leben gerufen, einer Bildungsinitiative, um die F\u00e4higkeiten der Vape-Aktivisten auf der ganzen Welt zu st\u00e4rken, um diese Sache zu verteidigen. Das Programm deb\u00fctierte mit einer Presencial-Veranstaltung kurz vor dem Forum Global \u00fcber Nicotina (GFN).<\/p>\n<p>Die Er\u00f6ffnungsveranstaltung der Academia WVA 2024 fand am 12. Juni um 16:30 Uhr (Ortszeit) im Marriott in Varsovia statt und wurde auch vom GFN durchgef\u00fchrt. Da der Raum begrenzt ist, muss die Eintragung bei den Gesellschaften der WVA vorrangig erfolgen und das Interesse an einem Registrar im Vorfeld zur Sicherung Ihres Eintrags wecken.<\/p>\n<h3 class=\"wp-block-heading\"><strong>\u00bfCu\u00e1l es el prop\u00f3sito?<\/strong><\/h3>\n<p>Die Academia WVA 2024 hat sich zum Ziel gesetzt, die Vape-Verteidiger mit kritischen F\u00e4higkeiten auszur\u00fcsten, um den Verteidiger auf die wirksamste Art und Weise zu verteidigen. Diese Initiative bietet eine besondere Gelegenheit, da die Vapeo-Gemeinde sich mit wichtigen Regulierungsbeh\u00f6rden und \u00f6ffentlichen Debatten auseinandersetzt.<\/p>\n<p>Lesen Sie den vollst\u00e4ndigen Text <a href=\"https:\/\/thevapingtoday.com\/la-alianza-mundial-de-vapeadores-busca-potenciar-las-habilidades-de-los-activistas\/\" target=\"_blank\" rel=\"noopener\">Hier<\/a><\/p>","protected":false},"excerpt":{"rendered":"<p>El programa Academia WVA 2024 debutar\u00e1 con un evento presencial el 12 de junio de 2024 a las 4:30 PM en el hotel Marriot de Varsovia, Polonia. La Alianza Mundial de Vapeadores (WVA por sus siglas en ingl\u00e9s) ha lanzado Academia WVA 2024, una iniciativa educativa para fortalecer las habilidades de los activistas del vapeo [&hellip;]<\/p>\n","protected":false},"author":11,"featured_media":6394,"comment_status":"open","ping_status":"open","sticky":false,"template":"","format":"standard","meta":{"footnotes":""},"categories":[15],"tags":[],"class_list":["post-5679","post","type-post","status-publish","format-standard","has-post-thumbnail","hentry","category-wva-in-the-news"],"yoast_head":"<!-- This site is optimized with the Yoast SEO plugin v27.3 - https:\/\/yoast.com\/product\/yoast-seo-wordpress\/ -->\n<title>La Alianza Mundial de Vapeadores busca potenciar las habilidades de los activistas - World Vapers&#039; Alliance<\/title>\n<meta name=\"robots\" content=\"index, follow, max-snippet:-1, max-image-preview:large, max-video-preview:-1\" \/>\n<link rel=\"canonical\" href=\"https:\/\/worldvapersalliance.com\/de_de\/la-alianza-mundial-de-vapeadores-busca-potenciar-las-habilidades-de-los-activistas\/\" \/>\n<meta property=\"og:locale\" content=\"de_DE\" \/>\n<meta property=\"og:type\" content=\"article\" \/>\n<meta property=\"og:title\" content=\"La Alianza Mundial de Vapeadores busca potenciar las habilidades de los activistas - World Vapers&#039; Alliance\" \/>\n<meta property=\"og:description\" content=\"El programa Academia WVA 2024 debutar\u00e1 con un evento presencial el 12 de junio de 2024 a las 4:30 PM en el hotel Marriot de Varsovia, Polonia. La Alianza Mundial de Vapeadores (WVA por sus siglas en ingl\u00e9s) ha lanzado Academia WVA 2024, una iniciativa educativa para fortalecer las habilidades de los activistas del vapeo [&hellip;]\" \/>\n<meta property=\"og:url\" content=\"https:\/\/worldvapersalliance.com\/de_de\/la-alianza-mundial-de-vapeadores-busca-potenciar-las-habilidades-de-los-activistas\/\" \/>\n<meta property=\"og:site_name\" content=\"World Vapers&#039; Alliance\" \/>\n<meta property=\"article:published_time\" content=\"2024-06-02T11:34:17+00:00\" \/>\n<meta property=\"article:modified_time\" content=\"2024-06-21T11:34:35+00:00\" \/>\n<meta name=\"author\" content=\"World Vapers&#039; Alliance\" \/>\n<meta name=\"twitter:card\" content=\"summary_large_image\" \/>\n<meta name=\"twitter:label1\" content=\"Geschrieben von\" \/>\n\t<meta name=\"twitter:data1\" content=\"World Vapers&#039; Alliance\" \/>\n\t<meta name=\"twitter:label2\" content=\"Gesch\u00e4tzte Lesezeit\" \/>\n\t<meta name=\"twitter:data2\" content=\"1 Minute\" \/>\n<script type=\"application\/ld+json\" class=\"yoast-schema-graph\">{\"@context\":\"https:\\\/\\\/schema.org\",\"@graph\":[{\"@type\":\"Article\",\"@id\":\"https:\\\/\\\/worldvapersalliance.com\\\/la-alianza-mundial-de-vapeadores-busca-potenciar-las-habilidades-de-los-activistas\\\/#article\",\"isPartOf\":{\"@id\":\"https:\\\/\\\/worldvapersalliance.com\\\/la-alianza-mundial-de-vapeadores-busca-potenciar-las-habilidades-de-los-activistas\\\/\"},\"author\":{\"name\":\"World Vapers' Alliance\",\"@id\":\"https:\\\/\\\/worldvapersalliance.com\\\/#\\\/schema\\\/person\\\/18484a6f20bcc6f70a2419c8babe017d\"},\"headline\":\"La Alianza Mundial de Vapeadores busca potenciar las habilidades de los act &hellip;\",\"datePublished\":\"2024-06-02T11:34:17+00:00\",\"dateModified\":\"2024-06-21T11:34:35+00:00\",\"mainEntityOfPage\":{\"@id\":\"https:\\\/\\\/worldvapersalliance.com\\\/la-alianza-mundial-de-vapeadores-busca-potenciar-las-habilidades-de-los-activistas\\\/\"},\"wordCount\":205,\"commentCount\":0,\"publisher\":{\"@id\":\"https:\\\/\\\/worldvapersalliance.com\\\/#organization\"},\"image\":{\"@id\":\"https:\\\/\\\/worldvapersalliance.com\\\/la-alianza-mundial-de-vapeadores-busca-potenciar-las-habilidades-de-los-activistas\\\/#primaryimage\"},\"thumbnailUrl\":\"https:\\\/\\\/worldvapersalliance.com\\\/wp-content\\\/uploads\\\/2025\\\/08\\\/WVA-in-the-news.png\",\"articleSection\":[\"WVA in the News\"],\"inLanguage\":\"de-DE\",\"potentialAction\":[{\"@type\":\"CommentAction\",\"name\":\"Comment\",\"target\":[\"https:\\\/\\\/worldvapersalliance.com\\\/la-alianza-mundial-de-vapeadores-busca-potenciar-las-habilidades-de-los-activistas\\\/#respond\"]}]},{\"@type\":\"WebPage\",\"@id\":\"https:\\\/\\\/worldvapersalliance.com\\\/la-alianza-mundial-de-vapeadores-busca-potenciar-las-habilidades-de-los-activistas\\\/\",\"url\":\"https:\\\/\\\/worldvapersalliance.com\\\/la-alianza-mundial-de-vapeadores-busca-potenciar-las-habilidades-de-los-activistas\\\/\",\"name\":\"La Alianza Mundial de Vapeadores busca potenciar las habilidades de los activistas - World Vapers&#039; Alliance\",\"isPartOf\":{\"@id\":\"https:\\\/\\\/worldvapersalliance.com\\\/#website\"},\"primaryImageOfPage\":{\"@id\":\"https:\\\/\\\/worldvapersalliance.com\\\/la-alianza-mundial-de-vapeadores-busca-potenciar-las-habilidades-de-los-activistas\\\/#primaryimage\"},\"image\":{\"@id\":\"https:\\\/\\\/worldvapersalliance.com\\\/la-alianza-mundial-de-vapeadores-busca-potenciar-las-habilidades-de-los-activistas\\\/#primaryimage\"},\"thumbnailUrl\":\"https:\\\/\\\/worldvapersalliance.com\\\/wp-content\\\/uploads\\\/2025\\\/08\\\/WVA-in-the-news.png\",\"datePublished\":\"2024-06-02T11:34:17+00:00\",\"dateModified\":\"2024-06-21T11:34:35+00:00\",\"inLanguage\":\"de-DE\",\"potentialAction\":[{\"@type\":\"ReadAction\",\"target\":[\"https:\\\/\\\/worldvapersalliance.com\\\/la-alianza-mundial-de-vapeadores-busca-potenciar-las-habilidades-de-los-activistas\\\/\"]}]},{\"@type\":\"ImageObject\",\"inLanguage\":\"de-DE\",\"@id\":\"https:\\\/\\\/worldvapersalliance.com\\\/la-alianza-mundial-de-vapeadores-busca-potenciar-las-habilidades-de-los-activistas\\\/#primaryimage\",\"url\":\"https:\\\/\\\/worldvapersalliance.com\\\/wp-content\\\/uploads\\\/2025\\\/08\\\/WVA-in-the-news.png\",\"contentUrl\":\"https:\\\/\\\/worldvapersalliance.com\\\/wp-content\\\/uploads\\\/2025\\\/08\\\/WVA-in-the-news.png\",\"width\":1264,\"height\":848},{\"@type\":\"WebSite\",\"@id\":\"https:\\\/\\\/worldvapersalliance.com\\\/#website\",\"url\":\"https:\\\/\\\/worldvapersalliance.com\\\/\",\"name\":\"World Vapers&#039; Alliance\",\"description\":\"The largest community of vapers\",\"publisher\":{\"@id\":\"https:\\\/\\\/worldvapersalliance.com\\\/#organization\"},\"potentialAction\":[{\"@type\":\"SearchAction\",\"target\":{\"@type\":\"EntryPoint\",\"urlTemplate\":\"https:\\\/\\\/worldvapersalliance.com\\\/?s={search_term_string}\"},\"query-input\":{\"@type\":\"PropertyValueSpecification\",\"valueRequired\":true,\"valueName\":\"search_term_string\"}}],\"inLanguage\":\"de-DE\"},{\"@type\":\"Organization\",\"@id\":\"https:\\\/\\\/worldvapersalliance.com\\\/#organization\",\"name\":\"World Vapers&#039; Alliance\",\"url\":\"https:\\\/\\\/worldvapersalliance.com\\\/\",\"logo\":{\"@type\":\"ImageObject\",\"inLanguage\":\"de-DE\",\"@id\":\"https:\\\/\\\/worldvapersalliance.com\\\/#\\\/schema\\\/logo\\\/image\\\/\",\"url\":\"https:\\\/\\\/worldvapersalliance.com\\\/wp-content\\\/uploads\\\/2022\\\/01\\\/WVA_RB_Fist_G.png\",\"contentUrl\":\"https:\\\/\\\/worldvapersalliance.com\\\/wp-content\\\/uploads\\\/2022\\\/01\\\/WVA_RB_Fist_G.png\",\"width\":985,\"height\":1177,\"caption\":\"World Vapers&#039; Alliance\"},\"image\":{\"@id\":\"https:\\\/\\\/worldvapersalliance.com\\\/#\\\/schema\\\/logo\\\/image\\\/\"}},{\"@type\":\"Person\",\"@id\":\"https:\\\/\\\/worldvapersalliance.com\\\/#\\\/schema\\\/person\\\/18484a6f20bcc6f70a2419c8babe017d\",\"name\":\"World Vapers' Alliance\",\"image\":{\"@type\":\"ImageObject\",\"inLanguage\":\"de-DE\",\"@id\":\"https:\\\/\\\/secure.gravatar.com\\\/avatar\\\/456bf795c7a47c9ac527a94da4bff150aa49e48726d69bee9937f8383cffa246?s=96&d=mm&r=g\",\"url\":\"https:\\\/\\\/secure.gravatar.com\\\/avatar\\\/456bf795c7a47c9ac527a94da4bff150aa49e48726d69bee9937f8383cffa246?s=96&d=mm&r=g\",\"contentUrl\":\"https:\\\/\\\/secure.gravatar.com\\\/avatar\\\/456bf795c7a47c9ac527a94da4bff150aa49e48726d69bee9937f8383cffa246?s=96&d=mm&r=g\",\"caption\":\"World Vapers' Alliance\"},\"url\":\"https:\\\/\\\/worldvapersalliance.com\\\/de_de\\\/author\\\/wva\\\/\"}]}<\/script>\n<!-- \/ Yoast SEO plugin. -->","yoast_head_json":{"title":"Die Alianza Mundial de Vapeadores erweitert die M\u00f6glichkeiten der Aktivisten \u2013 World Vapers' Alliance","robots":{"index":"index","follow":"follow","max-snippet":"max-snippet:-1","max-image-preview":"max-image-preview:large","max-video-preview":"max-video-preview:-1"},"canonical":"https:\/\/worldvapersalliance.com\/de_de\/la-alianza-mundial-de-vapeadores-busca-potenciar-las-habilidades-de-los-activistas\/","og_locale":"de_DE","og_type":"article","og_title":"La Alianza Mundial de Vapeadores busca potenciar las habilidades de los activistas - World Vapers&#039; Alliance","og_description":"El programa Academia WVA 2024 debutar\u00e1 con un evento presencial el 12 de junio de 2024 a las 4:30 PM en el hotel Marriot de Varsovia, Polonia. La Alianza Mundial de Vapeadores (WVA por sus siglas en ingl\u00e9s) ha lanzado Academia WVA 2024, una iniciativa educativa para fortalecer las habilidades de los activistas del vapeo [&hellip;]","og_url":"https:\/\/worldvapersalliance.com\/de_de\/la-alianza-mundial-de-vapeadores-busca-potenciar-las-habilidades-de-los-activistas\/","og_site_name":"World Vapers&#039; Alliance","article_published_time":"2024-06-02T11:34:17+00:00","article_modified_time":"2024-06-21T11:34:35+00:00","author":"World Vapers' Alliance","twitter_card":"summary_large_image","twitter_misc":{"Geschrieben von":"World Vapers' Alliance","Gesch\u00e4tzte Lesezeit":"1 Minute"},"schema":{"@context":"https:\/\/schema.org","@graph":[{"@type":"Article","@id":"https:\/\/worldvapersalliance.com\/la-alianza-mundial-de-vapeadores-busca-potenciar-las-habilidades-de-los-activistas\/#article","isPartOf":{"@id":"https:\/\/worldvapersalliance.com\/la-alianza-mundial-de-vapeadores-busca-potenciar-las-habilidades-de-los-activistas\/"},"author":{"name":"World Vapers' Alliance","@id":"https:\/\/worldvapersalliance.com\/#\/schema\/person\/18484a6f20bcc6f70a2419c8babe017d"},"headline":"La Alianza Mundial de Vapeadores busca potenciar las habilidades de los act &hellip;","datePublished":"2024-06-02T11:34:17+00:00","dateModified":"2024-06-21T11:34:35+00:00","mainEntityOfPage":{"@id":"https:\/\/worldvapersalliance.com\/la-alianza-mundial-de-vapeadores-busca-potenciar-las-habilidades-de-los-activistas\/"},"wordCount":205,"commentCount":0,"publisher":{"@id":"https:\/\/worldvapersalliance.com\/#organization"},"image":{"@id":"https:\/\/worldvapersalliance.com\/la-alianza-mundial-de-vapeadores-busca-potenciar-las-habilidades-de-los-activistas\/#primaryimage"},"thumbnailUrl":"https:\/\/worldvapersalliance.com\/wp-content\/uploads\/2025\/08\/WVA-in-the-news.png","articleSection":["WVA in the News"],"inLanguage":"de-DE","potentialAction":[{"@type":"CommentAction","name":"Comment","target":["https:\/\/worldvapersalliance.com\/la-alianza-mundial-de-vapeadores-busca-potenciar-las-habilidades-de-los-activistas\/#respond"]}]},{"@type":"WebPage","@id":"https:\/\/worldvapersalliance.com\/la-alianza-mundial-de-vapeadores-busca-potenciar-las-habilidades-de-los-activistas\/","url":"https:\/\/worldvapersalliance.com\/la-alianza-mundial-de-vapeadores-busca-potenciar-las-habilidades-de-los-activistas\/","name":"Die Alianza Mundial de Vapeadores erweitert die M\u00f6glichkeiten der Aktivisten \u2013 World Vapers' Alliance","isPartOf":{"@id":"https:\/\/worldvapersalliance.com\/#website"},"primaryImageOfPage":{"@id":"https:\/\/worldvapersalliance.com\/la-alianza-mundial-de-vapeadores-busca-potenciar-las-habilidades-de-los-activistas\/#primaryimage"},"image":{"@id":"https:\/\/worldvapersalliance.com\/la-alianza-mundial-de-vapeadores-busca-potenciar-las-habilidades-de-los-activistas\/#primaryimage"},"thumbnailUrl":"https:\/\/worldvapersalliance.com\/wp-content\/uploads\/2025\/08\/WVA-in-the-news.png","datePublished":"2024-06-02T11:34:17+00:00","dateModified":"2024-06-21T11:34:35+00:00","inLanguage":"de-DE","potentialAction":[{"@type":"ReadAction","target":["https:\/\/worldvapersalliance.com\/la-alianza-mundial-de-vapeadores-busca-potenciar-las-habilidades-de-los-activistas\/"]}]},{"@type":"ImageObject","inLanguage":"de-DE","@id":"https:\/\/worldvapersalliance.com\/la-alianza-mundial-de-vapeadores-busca-potenciar-las-habilidades-de-los-activistas\/#primaryimage","url":"https:\/\/worldvapersalliance.com\/wp-content\/uploads\/2025\/08\/WVA-in-the-news.png","contentUrl":"https:\/\/worldvapersalliance.com\/wp-content\/uploads\/2025\/08\/WVA-in-the-news.png","width":1264,"height":848},{"@type":"WebSite","@id":"https:\/\/worldvapersalliance.com\/#website","url":"https:\/\/worldvapersalliance.com\/","name":"Weltweite Allianz der Dampfer","description":"Die gr\u00f6\u00dfte Community von Dampfern","publisher":{"@id":"https:\/\/worldvapersalliance.com\/#organization"},"potentialAction":[{"@type":"SearchAction","target":{"@type":"EntryPoint","urlTemplate":"https:\/\/worldvapersalliance.com\/?s={search_term_string}"},"query-input":{"@type":"PropertyValueSpecification","valueRequired":true,"valueName":"search_term_string"}}],"inLanguage":"de-DE"},{"@type":"Organization","@id":"https:\/\/worldvapersalliance.com\/#organization","name":"Weltweite Allianz der Dampfer","url":"https:\/\/worldvapersalliance.com\/","logo":{"@type":"ImageObject","inLanguage":"de-DE","@id":"https:\/\/worldvapersalliance.com\/#\/schema\/logo\/image\/","url":"https:\/\/worldvapersalliance.com\/wp-content\/uploads\/2022\/01\/WVA_RB_Fist_G.png","contentUrl":"https:\/\/worldvapersalliance.com\/wp-content\/uploads\/2022\/01\/WVA_RB_Fist_G.png","width":985,"height":1177,"caption":"World Vapers&#039; Alliance"},"image":{"@id":"https:\/\/worldvapersalliance.com\/#\/schema\/logo\/image\/"}},{"@type":"Person","@id":"https:\/\/worldvapersalliance.com\/#\/schema\/person\/18484a6f20bcc6f70a2419c8babe017d","name":"Weltweite Allianz der Dampfer","image":{"@type":"ImageObject","inLanguage":"de-DE","@id":"https:\/\/secure.gravatar.com\/avatar\/456bf795c7a47c9ac527a94da4bff150aa49e48726d69bee9937f8383cffa246?s=96&d=mm&r=g","url":"https:\/\/secure.gravatar.com\/avatar\/456bf795c7a47c9ac527a94da4bff150aa49e48726d69bee9937f8383cffa246?s=96&d=mm&r=g","contentUrl":"https:\/\/secure.gravatar.com\/avatar\/456bf795c7a47c9ac527a94da4bff150aa49e48726d69bee9937f8383cffa246?s=96&d=mm&r=g","caption":"World Vapers' Alliance"},"url":"https:\/\/worldvapersalliance.com\/de_de\/author\/wva\/"}]}},"_links":{"self":[{"href":"https:\/\/worldvapersalliance.com\/de_de\/wp-json\/wp\/v2\/posts\/5679","targetHints":{"allow":["GET"]}}],"collection":[{"href":"https:\/\/worldvapersalliance.com\/de_de\/wp-json\/wp\/v2\/posts"}],"about":[{"href":"https:\/\/worldvapersalliance.com\/de_de\/wp-json\/wp\/v2\/types\/post"}],"author":[{"embeddable":true,"href":"https:\/\/worldvapersalliance.com\/de_de\/wp-json\/wp\/v2\/users\/11"}],"replies":[{"embeddable":true,"href":"https:\/\/worldvapersalliance.com\/de_de\/wp-json\/wp\/v2\/comments?post=5679"}],"version-history":[{"count":0,"href":"https:\/\/worldvapersalliance.com\/de_de\/wp-json\/wp\/v2\/posts\/5679\/revisions"}],"wp:featuredmedia":[{"embeddable":true,"href":"https:\/\/worldvapersalliance.com\/de_de\/wp-json\/wp\/v2\/media\/6394"}],"wp:attachment":[{"href":"https:\/\/worldvapersalliance.com\/de_de\/wp-json\/wp\/v2\/media?parent=5679"}],"wp:term":[{"taxonomy":"category","embeddable":true,"href":"https:\/\/worldvapersalliance.com\/de_de\/wp-json\/wp\/v2\/categories?post=5679"},{"taxonomy":"post_tag","embeddable":true,"href":"https:\/\/worldvapersalliance.com\/de_de\/wp-json\/wp\/v2\/tags?post=5679"}],"curies":[{"name":"wp","href":"https:\/\/api.w.org\/{rel}","templated":true}]}}