{"id":5431,"date":"2024-03-14T07:14:00","date_gmt":"2024-03-14T11:14:00","guid":{"rendered":"https:\/\/worldvapersalliance.com\/?p=5431"},"modified":"2024-03-14T07:14:00","modified_gmt":"2024-03-14T11:14:00","slug":"vapers-protest-in-front-of-mexican-congress-to-call-for-an-end-to-the-ban-on-vaping","status":"publish","type":"post","link":"https:\/\/worldvapersalliance.com\/de_de\/vapers-protest-in-front-of-mexican-congress-to-call-for-an-end-to-the-ban-on-vaping\/","title":{"rendered":"Dampfer protestieren vor dem mexikanischen Kongress und fordern die Aufhebung des Verbots \u2026"},"content":{"rendered":"<p dir=\"ltr\">Mexiko-Stadt, 13.03.2024. \u2013 Hunderte von Dampfern protestierten vor dem mexikanischen Kongress der Union und forderten ein Ende des Verbots des Dampfens sowie eine risikobasierte Regulierung. Die Demonstration wurde von der World Vapers&#039; Alliance und All Vape Mexico organisiert.<\/p>\n<p dir=\"ltr\">Die Demonstranten forderten die Aufhebung des seit Mai 2020 geltenden Verkaufsverbots f\u00fcr E-Zigaretten sowie einen Stopp der von Pr\u00e4sident Andr\u00e9s Manuel L\u00f3pez Obrador vorgeschlagenen Verfassungsreform, die das Verbot in die Verfassung aufnehmen soll. Sie verlangten au\u00dferdem die Verabschiedung einer risikobasierten Regelung, die erwachsenen Rauchern den Zugang zu E-Zigaretten zur Raucherentw\u00f6hnung erm\u00f6glicht.<\/p>\n<p dir=\"ltr\">Alberto G\u00f3mez Hern\u00e1ndez, Policy Manager der World Vapers&#039; Alliance, kommentierte:<\/p>\n<p dir=\"ltr\"><em>\u201cDas Verbot wurde eingef\u00fchrt, um das Dampfen unter Minderj\u00e4hrigen zu verhindern. Minderj\u00e4hrige haben nun jedoch uneingeschr\u00e4nkten Zugang zu potenziell gef\u00e4hrlichen Produkten auf dem Schwarzmarkt. Gleichzeitig f\u00e4llt es Rauchern, die mit dem Rauchen aufh\u00f6ren wollen, schwer, sichere E-Zigaretten zu finden. Das Verbot ist eindeutig gescheitert und muss schnellstm\u00f6glich aufgehoben werden. Gesetzgebung darf nicht auf Willk\u00fcr oder Ideologie beruhen, sondern muss auf wissenschaftlichen Erkenntnissen und den Erfahrungen anderer L\u00e4nder mit positiven Ergebnissen basieren.\u201d<\/em><\/p>\n<p dir=\"ltr\">Trotz des Verbots sind die Produkte weiterhin leicht erh\u00e4ltlich, sowohl auf dem informellen Markt in Untergrundl\u00e4den als auch auf dem Schwarzmarkt, der von organisierten kriminellen Gruppen kontrolliert wird. Da die Produkte jedoch nicht reguliert sind, fehlen den Konsumenten Qualit\u00e4ts- und Sicherheitskontrollen, wodurch sie potenziell gef\u00e4hrlich werden.<\/p>\n<p dir=\"ltr\">Abgeordneter Sergio Barrera kommentierte:<\/p>\n<p dir=\"ltr\"><em>\u201cEs ist sehr bedauerlich, dass die Bundesregierung glaubte, das Verbot w\u00fcrde viele junge Menschen vom Zugang zum Dampfen abhalten und denjenigen, die mit dem Rauchen aufh\u00f6ren wollen, diese M\u00f6glichkeit verwehren. Wir brauchen klare Regeln. Wir m\u00fcssen wissen, wer es herstellen, vertreiben und konsumieren darf, und deshalb setzen wir uns f\u00fcr eine Regulierung ein.\u201d<\/em><\/p>\n<p dir=\"ltr\">In Mexiko, wo es immer noch fast 15 Millionen Raucher gibt, verursacht das Rauchen j\u00e4hrlich mehr als 40.000 Todesf\u00e4lle.<\/p>\n<p dir=\"ltr\">Antonio Toscano, Sprecher von All Vape M\u00e9xico, kommentierte:<\/p>\n<p dir=\"ltr\"><em>\u201cDer Pr\u00e4sident sieht ein Problem, wo es eigentlich eine L\u00f6sung f\u00fcr das Rauchen gibt. Seine prohibitionistische Haltung sch\u00fctzt erwachsene Konsumenten nicht, die gezwungen sind, Produkte vom Schwarzmarkt zu kaufen, wo es keine Qualit\u00e4tskontrollen gibt, geschweige denn Kontrollen des Verkaufs an Minderj\u00e4hrige. Ein Verbot ist eine Gefahr f\u00fcr die \u00f6ffentliche Gesundheit; eine gute Regulierung k\u00f6nnte der \u00f6ffentlichen Gesundheit enorm zugutekommen und Millionen von Leben retten.\u201d<\/em><\/p>","protected":false},"excerpt":{"rendered":"<p>Mexico City, 13.03.2024. &#8211; Hundreds of vapers protested in front of Mexico&#8217;s Congress of the Union to call for an end to the ban on vaping and a risk-based regulation in a demonstration organised by the World Vapers&#8217; Alliance and All Vape Mexico. The protesters demanded an end to the ban on the sale of [&hellip;]<\/p>\n","protected":false},"author":11,"featured_media":3245,"comment_status":"open","ping_status":"open","sticky":false,"template":"","format":"standard","meta":{"footnotes":""},"categories":[13],"tags":[],"class_list":["post-5431","post","type-post","status-publish","format-standard","has-post-thumbnail","hentry","category-press-releases"],"yoast_head":"<!-- This site is optimized with the Yoast SEO plugin v27.3 - https:\/\/yoast.com\/product\/yoast-seo-wordpress\/ -->\n<title>Vapers protest in front of Mexican Congress to call for an end to the ban on vaping - World Vapers&#039; Alliance<\/title>\n<meta name=\"description\" content=\"Hundreds of vapers protested in front of Mexico&#039;s Congress of the Union to call for an end to the ban on vaping and a risk-based regulation.\" \/>\n<meta name=\"robots\" content=\"index, follow, max-snippet:-1, max-image-preview:large, max-video-preview:-1\" \/>\n<link rel=\"canonical\" href=\"https:\/\/worldvapersalliance.com\/de_de\/vapers-protest-in-front-of-mexican-congress-to-call-for-an-end-to-the-ban-on-vaping\/\" \/>\n<meta property=\"og:locale\" content=\"de_DE\" \/>\n<meta property=\"og:type\" content=\"article\" \/>\n<meta property=\"og:title\" content=\"Vapers protest in front of Mexican Congress to call for an end to the ban on vaping - World Vapers&#039; Alliance\" \/>\n<meta property=\"og:description\" content=\"Hundreds of vapers protested in front of Mexico&#039;s Congress of the Union to call for an end to the ban on vaping and a risk-based regulation.\" \/>\n<meta property=\"og:url\" content=\"https:\/\/worldvapersalliance.com\/de_de\/vapers-protest-in-front-of-mexican-congress-to-call-for-an-end-to-the-ban-on-vaping\/\" \/>\n<meta property=\"og:site_name\" content=\"World Vapers&#039; Alliance\" \/>\n<meta property=\"article:published_time\" content=\"2024-03-14T11:14:00+00:00\" \/>\n<meta property=\"og:image\" content=\"https:\/\/worldvapersalliance.com\/wp-content\/uploads\/2022\/10\/WVA_Press-Release_Cover-new.png\" \/>\n\t<meta property=\"og:image:width\" content=\"4162\" \/>\n\t<meta property=\"og:image:height\" content=\"3840\" \/>\n\t<meta property=\"og:image:type\" content=\"image\/png\" \/>\n<meta name=\"author\" content=\"World Vapers&#039; Alliance\" \/>\n<meta name=\"twitter:card\" content=\"summary_large_image\" \/>\n<meta name=\"twitter:label1\" content=\"Geschrieben von\" \/>\n\t<meta name=\"twitter:data1\" content=\"World Vapers&#039; Alliance\" \/>\n\t<meta name=\"twitter:label2\" content=\"Gesch\u00e4tzte Lesezeit\" \/>\n\t<meta name=\"twitter:data2\" content=\"2 Minuten\" \/>\n<script type=\"application\/ld+json\" class=\"yoast-schema-graph\">{\"@context\":\"https:\\\/\\\/schema.org\",\"@graph\":[{\"@type\":\"Article\",\"@id\":\"https:\\\/\\\/worldvapersalliance.com\\\/vapers-protest-in-front-of-mexican-congress-to-call-for-an-end-to-the-ban-on-vaping\\\/#article\",\"isPartOf\":{\"@id\":\"https:\\\/\\\/worldvapersalliance.com\\\/vapers-protest-in-front-of-mexican-congress-to-call-for-an-end-to-the-ban-on-vaping\\\/\"},\"author\":{\"name\":\"World Vapers' Alliance\",\"@id\":\"https:\\\/\\\/worldvapersalliance.com\\\/#\\\/schema\\\/person\\\/18484a6f20bcc6f70a2419c8babe017d\"},\"headline\":\"Vapers protest in front of Mexican Congress to call for an end to the ban o &hellip;\",\"datePublished\":\"2024-03-14T11:14:00+00:00\",\"mainEntityOfPage\":{\"@id\":\"https:\\\/\\\/worldvapersalliance.com\\\/vapers-protest-in-front-of-mexican-congress-to-call-for-an-end-to-the-ban-on-vaping\\\/\"},\"wordCount\":420,\"commentCount\":2,\"publisher\":{\"@id\":\"https:\\\/\\\/worldvapersalliance.com\\\/#organization\"},\"image\":{\"@id\":\"https:\\\/\\\/worldvapersalliance.com\\\/vapers-protest-in-front-of-mexican-congress-to-call-for-an-end-to-the-ban-on-vaping\\\/#primaryimage\"},\"thumbnailUrl\":\"https:\\\/\\\/worldvapersalliance.com\\\/wp-content\\\/uploads\\\/2022\\\/10\\\/WVA_Press-Release_Cover-new.png\",\"articleSection\":[\"Press Releases\"],\"inLanguage\":\"de-DE\",\"potentialAction\":[{\"@type\":\"CommentAction\",\"name\":\"Comment\",\"target\":[\"https:\\\/\\\/worldvapersalliance.com\\\/vapers-protest-in-front-of-mexican-congress-to-call-for-an-end-to-the-ban-on-vaping\\\/#respond\"]}]},{\"@type\":\"WebPage\",\"@id\":\"https:\\\/\\\/worldvapersalliance.com\\\/vapers-protest-in-front-of-mexican-congress-to-call-for-an-end-to-the-ban-on-vaping\\\/\",\"url\":\"https:\\\/\\\/worldvapersalliance.com\\\/vapers-protest-in-front-of-mexican-congress-to-call-for-an-end-to-the-ban-on-vaping\\\/\",\"name\":\"Vapers protest in front of Mexican Congress to call for an end to the ban on vaping - World Vapers&#039; Alliance\",\"isPartOf\":{\"@id\":\"https:\\\/\\\/worldvapersalliance.com\\\/#website\"},\"primaryImageOfPage\":{\"@id\":\"https:\\\/\\\/worldvapersalliance.com\\\/vapers-protest-in-front-of-mexican-congress-to-call-for-an-end-to-the-ban-on-vaping\\\/#primaryimage\"},\"image\":{\"@id\":\"https:\\\/\\\/worldvapersalliance.com\\\/vapers-protest-in-front-of-mexican-congress-to-call-for-an-end-to-the-ban-on-vaping\\\/#primaryimage\"},\"thumbnailUrl\":\"https:\\\/\\\/worldvapersalliance.com\\\/wp-content\\\/uploads\\\/2022\\\/10\\\/WVA_Press-Release_Cover-new.png\",\"datePublished\":\"2024-03-14T11:14:00+00:00\",\"description\":\"Hundreds of vapers protested in front of Mexico's Congress of the Union to call for an end to the ban on vaping and a risk-based regulation.\",\"inLanguage\":\"de-DE\",\"potentialAction\":[{\"@type\":\"ReadAction\",\"target\":[\"https:\\\/\\\/worldvapersalliance.com\\\/vapers-protest-in-front-of-mexican-congress-to-call-for-an-end-to-the-ban-on-vaping\\\/\"]}]},{\"@type\":\"ImageObject\",\"inLanguage\":\"de-DE\",\"@id\":\"https:\\\/\\\/worldvapersalliance.com\\\/vapers-protest-in-front-of-mexican-congress-to-call-for-an-end-to-the-ban-on-vaping\\\/#primaryimage\",\"url\":\"https:\\\/\\\/worldvapersalliance.com\\\/wp-content\\\/uploads\\\/2022\\\/10\\\/WVA_Press-Release_Cover-new.png\",\"contentUrl\":\"https:\\\/\\\/worldvapersalliance.com\\\/wp-content\\\/uploads\\\/2022\\\/10\\\/WVA_Press-Release_Cover-new.png\",\"width\":4162,\"height\":3840},{\"@type\":\"WebSite\",\"@id\":\"https:\\\/\\\/worldvapersalliance.com\\\/#website\",\"url\":\"https:\\\/\\\/worldvapersalliance.com\\\/\",\"name\":\"World Vapers&#039; Alliance\",\"description\":\"The largest community of vapers\",\"publisher\":{\"@id\":\"https:\\\/\\\/worldvapersalliance.com\\\/#organization\"},\"potentialAction\":[{\"@type\":\"SearchAction\",\"target\":{\"@type\":\"EntryPoint\",\"urlTemplate\":\"https:\\\/\\\/worldvapersalliance.com\\\/?s={search_term_string}\"},\"query-input\":{\"@type\":\"PropertyValueSpecification\",\"valueRequired\":true,\"valueName\":\"search_term_string\"}}],\"inLanguage\":\"de-DE\"},{\"@type\":\"Organization\",\"@id\":\"https:\\\/\\\/worldvapersalliance.com\\\/#organization\",\"name\":\"World Vapers&#039; Alliance\",\"url\":\"https:\\\/\\\/worldvapersalliance.com\\\/\",\"logo\":{\"@type\":\"ImageObject\",\"inLanguage\":\"de-DE\",\"@id\":\"https:\\\/\\\/worldvapersalliance.com\\\/#\\\/schema\\\/logo\\\/image\\\/\",\"url\":\"https:\\\/\\\/worldvapersalliance.com\\\/wp-content\\\/uploads\\\/2022\\\/01\\\/WVA_RB_Fist_G.png\",\"contentUrl\":\"https:\\\/\\\/worldvapersalliance.com\\\/wp-content\\\/uploads\\\/2022\\\/01\\\/WVA_RB_Fist_G.png\",\"width\":985,\"height\":1177,\"caption\":\"World Vapers&#039; Alliance\"},\"image\":{\"@id\":\"https:\\\/\\\/worldvapersalliance.com\\\/#\\\/schema\\\/logo\\\/image\\\/\"}},{\"@type\":\"Person\",\"@id\":\"https:\\\/\\\/worldvapersalliance.com\\\/#\\\/schema\\\/person\\\/18484a6f20bcc6f70a2419c8babe017d\",\"name\":\"World Vapers' Alliance\",\"image\":{\"@type\":\"ImageObject\",\"inLanguage\":\"de-DE\",\"@id\":\"https:\\\/\\\/secure.gravatar.com\\\/avatar\\\/456bf795c7a47c9ac527a94da4bff150aa49e48726d69bee9937f8383cffa246?s=96&d=mm&r=g\",\"url\":\"https:\\\/\\\/secure.gravatar.com\\\/avatar\\\/456bf795c7a47c9ac527a94da4bff150aa49e48726d69bee9937f8383cffa246?s=96&d=mm&r=g\",\"contentUrl\":\"https:\\\/\\\/secure.gravatar.com\\\/avatar\\\/456bf795c7a47c9ac527a94da4bff150aa49e48726d69bee9937f8383cffa246?s=96&d=mm&r=g\",\"caption\":\"World Vapers' Alliance\"},\"url\":\"https:\\\/\\\/worldvapersalliance.com\\\/de_de\\\/author\\\/wva\\\/\"}]}<\/script>\n<!-- \/ Yoast SEO plugin. -->","yoast_head_json":{"title":"Dampfer protestieren vor dem mexikanischen Kongress und fordern die Aufhebung des Verbots von E-Zigaretten \u2013 Weltverband der Dampfer","description":"Hunderte von Dampfern protestierten vor dem mexikanischen Kongress der Union, um ein Ende des Verbots des Dampfens und eine risikobasierte Regulierung zu fordern.","robots":{"index":"index","follow":"follow","max-snippet":"max-snippet:-1","max-image-preview":"max-image-preview:large","max-video-preview":"max-video-preview:-1"},"canonical":"https:\/\/worldvapersalliance.com\/de_de\/vapers-protest-in-front-of-mexican-congress-to-call-for-an-end-to-the-ban-on-vaping\/","og_locale":"de_DE","og_type":"article","og_title":"Vapers protest in front of Mexican Congress to call for an end to the ban on vaping - World Vapers&#039; Alliance","og_description":"Hundreds of vapers protested in front of Mexico's Congress of the Union to call for an end to the ban on vaping and a risk-based regulation.","og_url":"https:\/\/worldvapersalliance.com\/de_de\/vapers-protest-in-front-of-mexican-congress-to-call-for-an-end-to-the-ban-on-vaping\/","og_site_name":"World Vapers&#039; Alliance","article_published_time":"2024-03-14T11:14:00+00:00","og_image":[{"width":4162,"height":3840,"url":"https:\/\/worldvapersalliance.com\/wp-content\/uploads\/2022\/10\/WVA_Press-Release_Cover-new.png","type":"image\/png"}],"author":"World Vapers' Alliance","twitter_card":"summary_large_image","twitter_misc":{"Geschrieben von":"World Vapers' Alliance","Gesch\u00e4tzte Lesezeit":"2 Minuten"},"schema":{"@context":"https:\/\/schema.org","@graph":[{"@type":"Article","@id":"https:\/\/worldvapersalliance.com\/vapers-protest-in-front-of-mexican-congress-to-call-for-an-end-to-the-ban-on-vaping\/#article","isPartOf":{"@id":"https:\/\/worldvapersalliance.com\/vapers-protest-in-front-of-mexican-congress-to-call-for-an-end-to-the-ban-on-vaping\/"},"author":{"name":"World Vapers' Alliance","@id":"https:\/\/worldvapersalliance.com\/#\/schema\/person\/18484a6f20bcc6f70a2419c8babe017d"},"headline":"Vapers protest in front of Mexican Congress to call for an end to the ban o &hellip;","datePublished":"2024-03-14T11:14:00+00:00","mainEntityOfPage":{"@id":"https:\/\/worldvapersalliance.com\/vapers-protest-in-front-of-mexican-congress-to-call-for-an-end-to-the-ban-on-vaping\/"},"wordCount":420,"commentCount":2,"publisher":{"@id":"https:\/\/worldvapersalliance.com\/#organization"},"image":{"@id":"https:\/\/worldvapersalliance.com\/vapers-protest-in-front-of-mexican-congress-to-call-for-an-end-to-the-ban-on-vaping\/#primaryimage"},"thumbnailUrl":"https:\/\/worldvapersalliance.com\/wp-content\/uploads\/2022\/10\/WVA_Press-Release_Cover-new.png","articleSection":["Press Releases"],"inLanguage":"de-DE","potentialAction":[{"@type":"CommentAction","name":"Comment","target":["https:\/\/worldvapersalliance.com\/vapers-protest-in-front-of-mexican-congress-to-call-for-an-end-to-the-ban-on-vaping\/#respond"]}]},{"@type":"WebPage","@id":"https:\/\/worldvapersalliance.com\/vapers-protest-in-front-of-mexican-congress-to-call-for-an-end-to-the-ban-on-vaping\/","url":"https:\/\/worldvapersalliance.com\/vapers-protest-in-front-of-mexican-congress-to-call-for-an-end-to-the-ban-on-vaping\/","name":"Dampfer protestieren vor dem mexikanischen Kongress und fordern die Aufhebung des Verbots von E-Zigaretten \u2013 Weltverband der Dampfer","isPartOf":{"@id":"https:\/\/worldvapersalliance.com\/#website"},"primaryImageOfPage":{"@id":"https:\/\/worldvapersalliance.com\/vapers-protest-in-front-of-mexican-congress-to-call-for-an-end-to-the-ban-on-vaping\/#primaryimage"},"image":{"@id":"https:\/\/worldvapersalliance.com\/vapers-protest-in-front-of-mexican-congress-to-call-for-an-end-to-the-ban-on-vaping\/#primaryimage"},"thumbnailUrl":"https:\/\/worldvapersalliance.com\/wp-content\/uploads\/2022\/10\/WVA_Press-Release_Cover-new.png","datePublished":"2024-03-14T11:14:00+00:00","description":"Hunderte von Dampfern protestierten vor dem mexikanischen Kongress der Union, um ein Ende des Verbots des Dampfens und eine risikobasierte Regulierung zu fordern.","inLanguage":"de-DE","potentialAction":[{"@type":"ReadAction","target":["https:\/\/worldvapersalliance.com\/vapers-protest-in-front-of-mexican-congress-to-call-for-an-end-to-the-ban-on-vaping\/"]}]},{"@type":"ImageObject","inLanguage":"de-DE","@id":"https:\/\/worldvapersalliance.com\/vapers-protest-in-front-of-mexican-congress-to-call-for-an-end-to-the-ban-on-vaping\/#primaryimage","url":"https:\/\/worldvapersalliance.com\/wp-content\/uploads\/2022\/10\/WVA_Press-Release_Cover-new.png","contentUrl":"https:\/\/worldvapersalliance.com\/wp-content\/uploads\/2022\/10\/WVA_Press-Release_Cover-new.png","width":4162,"height":3840},{"@type":"WebSite","@id":"https:\/\/worldvapersalliance.com\/#website","url":"https:\/\/worldvapersalliance.com\/","name":"Weltweite Allianz der Dampfer","description":"Die gr\u00f6\u00dfte Community von Dampfern","publisher":{"@id":"https:\/\/worldvapersalliance.com\/#organization"},"potentialAction":[{"@type":"SearchAction","target":{"@type":"EntryPoint","urlTemplate":"https:\/\/worldvapersalliance.com\/?s={search_term_string}"},"query-input":{"@type":"PropertyValueSpecification","valueRequired":true,"valueName":"search_term_string"}}],"inLanguage":"de-DE"},{"@type":"Organization","@id":"https:\/\/worldvapersalliance.com\/#organization","name":"Weltweite Allianz der Dampfer","url":"https:\/\/worldvapersalliance.com\/","logo":{"@type":"ImageObject","inLanguage":"de-DE","@id":"https:\/\/worldvapersalliance.com\/#\/schema\/logo\/image\/","url":"https:\/\/worldvapersalliance.com\/wp-content\/uploads\/2022\/01\/WVA_RB_Fist_G.png","contentUrl":"https:\/\/worldvapersalliance.com\/wp-content\/uploads\/2022\/01\/WVA_RB_Fist_G.png","width":985,"height":1177,"caption":"World Vapers&#039; Alliance"},"image":{"@id":"https:\/\/worldvapersalliance.com\/#\/schema\/logo\/image\/"}},{"@type":"Person","@id":"https:\/\/worldvapersalliance.com\/#\/schema\/person\/18484a6f20bcc6f70a2419c8babe017d","name":"Weltweite Allianz der Dampfer","image":{"@type":"ImageObject","inLanguage":"de-DE","@id":"https:\/\/secure.gravatar.com\/avatar\/456bf795c7a47c9ac527a94da4bff150aa49e48726d69bee9937f8383cffa246?s=96&d=mm&r=g","url":"https:\/\/secure.gravatar.com\/avatar\/456bf795c7a47c9ac527a94da4bff150aa49e48726d69bee9937f8383cffa246?s=96&d=mm&r=g","contentUrl":"https:\/\/secure.gravatar.com\/avatar\/456bf795c7a47c9ac527a94da4bff150aa49e48726d69bee9937f8383cffa246?s=96&d=mm&r=g","caption":"World Vapers' Alliance"},"url":"https:\/\/worldvapersalliance.com\/de_de\/author\/wva\/"}]}},"_links":{"self":[{"href":"https:\/\/worldvapersalliance.com\/de_de\/wp-json\/wp\/v2\/posts\/5431","targetHints":{"allow":["GET"]}}],"collection":[{"href":"https:\/\/worldvapersalliance.com\/de_de\/wp-json\/wp\/v2\/posts"}],"about":[{"href":"https:\/\/worldvapersalliance.com\/de_de\/wp-json\/wp\/v2\/types\/post"}],"author":[{"embeddable":true,"href":"https:\/\/worldvapersalliance.com\/de_de\/wp-json\/wp\/v2\/users\/11"}],"replies":[{"embeddable":true,"href":"https:\/\/worldvapersalliance.com\/de_de\/wp-json\/wp\/v2\/comments?post=5431"}],"version-history":[{"count":0,"href":"https:\/\/worldvapersalliance.com\/de_de\/wp-json\/wp\/v2\/posts\/5431\/revisions"}],"wp:featuredmedia":[{"embeddable":true,"href":"https:\/\/worldvapersalliance.com\/de_de\/wp-json\/wp\/v2\/media\/3245"}],"wp:attachment":[{"href":"https:\/\/worldvapersalliance.com\/de_de\/wp-json\/wp\/v2\/media?parent=5431"}],"wp:term":[{"taxonomy":"category","embeddable":true,"href":"https:\/\/worldvapersalliance.com\/de_de\/wp-json\/wp\/v2\/categories?post=5431"},{"taxonomy":"post_tag","embeddable":true,"href":"https:\/\/worldvapersalliance.com\/de_de\/wp-json\/wp\/v2\/tags?post=5431"}],"curies":[{"name":"wp","href":"https:\/\/api.w.org\/{rel}","templated":true}]}}