{"id":5091,"date":"2023-10-30T08:18:22","date_gmt":"2023-10-30T12:18:22","guid":{"rendered":"https:\/\/worldvapersalliance.com\/?p=5091"},"modified":"2023-11-08T08:22:23","modified_gmt":"2023-11-08T13:22:23","slug":"nem-ment-fustbe-a-nagy-terv-dohanyfronton-is-mukodik-a-sved-kulonutassag","status":"publish","type":"post","link":"https:\/\/worldvapersalliance.com\/de_de\/nem-ment-fustbe-a-nagy-terv-dohanyfronton-is-mukodik-a-sved-kulonutassag\/","title":{"rendered":"Das bedeutet nicht, dass es sich um ein Problem handelt: Der Frontaldruck ist einfach und sicher \u2026"},"content":{"rendered":"<p>Als Ergebnis der letzten 100000000000000000000000000000 Mio. Euro durch die WHO wurde die Anzahl der 100000000000000000000000000000000000000 2025-ig. Holott und seine Frau sind sich nicht sicher, was sie von ihrem Vater erwarten: Amely R\u00f6vid ist nicht in der Lage, eine Zigarette zu rauchen.<\/p>\n<p>Meine Meinung ist, dass die Kommunikation sehr wichtig ist<\/p>\n<div class=\"highlightBlock-content\">\n<p>Ein Legjobb-Dolog, ami egy doh\u00e1nyossal t\u00f6rt\u00e9nhet, ha leszokik a doh\u00e1nyz\u00e1sr\u00f3l.<\/p>\n<\/div>\n<h4>Bej\u00f6tt a f\u00fcstmentess\u00e9g a sv\u00e9deknek<\/h4>\n<p>Akinek viszont ez nem megy (el\u00e9g sokan vannak \u00edgy, nagyon keveseknek siker\u00fcl felhagyni a cigarett\u00e1z\u00e1ssal els\u0151re), and szak\u00e9rt\u0151k and kev\u00e9sb\u00e9 k\u00e1ros alternat\u00edv\u00e1kat aj\u00e1nlj\u00e1k. Die L\u00f6sung ist, dass es sich um eine alternative L\u00f6sung handelt<\/p>\n<div class=\"highlightBlock-content\">\n<p>Das EU-Verbot ist nicht legal \u2013 mit 5,8 Jahren \u2013 und das ist noch nicht alles.<\/p>\n<\/div>\n<p>Ami helyzeti el\u0151nybe hozta a sv\u00e9deket, az a sn\u00fcssz, a skandin\u00e1v orsz\u00e1gokban \u00e9vsz\u00e1zadok \u00f3ta ismert, \u0151r\u00f6lt, nedves, f\u00fcstmentesen fogyaszthat\u00f3 doh\u00e1nyterm\u00e9k. <a href=\"https:\/\/www.vg.hu\/kozelet\/2021\/10\/az-alternativ-dohanyzas-is-nikotinfuggoseget-okoz\" target=\"_blank\" rel=\"noopener\">Ez sem mentes a kock\u00e1zatokt\u00f3l,<\/a> aus der Messe nincs annyi rizik\u00f3ja, mint a hagyom\u00e1nyos cigarett\u00e1knak. Zuletzt war es noch nicht so lange her, dass der Fels in die H\u00f6he geschossen war und nur wenige Nebel entfernt waren. Nikotin-Term\u00e9szetesen ez ist tartalmaz, sz\u00f3val j\u00f3 es\u00e9llyel nem lehet elker\u00fclni a f\u00fcgg\u0151s\u00e9get, ki lehet k\u00fcsz\u00f6b\u00f6lni az igaz\u00e1n vesz\u00e9lyes anyagokat, amelyek a cigarettanf\u00fcstben tal\u00e1lhat\u00f3k \u00e9s a doh\u00e1ny \u00e9g\u00e9sekor keletkeznek. Es ist nicht einfach, dies zu tun, und ich wei\u00df nicht, wie viele Leute es geschafft haben, es zu tun, und es ist nicht einfach, etwas zu tun.<\/p>\n<p>Lesen Sie den vollst\u00e4ndigen Text <a href=\"https:\/\/www.vg.hu\/nemzetkozi-gazdasag\/2023\/10\/nem-ment-fustbe-a-nagy-terv-dohanyfronton-is-mukodik-a-sved-kulonutassag#google_vignette\" target=\"_blank\" rel=\"noopener\">Hier<\/a><\/p>","protected":false},"excerpt":{"rendered":"<p>A doh\u00e1nyz\u00e1sr\u00f3l mindenki tudja, hogy s\u00falyos megbeteged\u00e9st \u00e9s f\u00fcgg\u0151s\u00e9get okoz, a vil\u00e1gon mintegy 1 milli\u00e1rd ember doh\u00e1nyzik \u00e9s a WHO r\u00f6vid t\u00e1v\u00fa el\u0151rejelz\u00e9se szerint ez a sz\u00e1m l\u00e9nyeg\u00e9ben v\u00e1ltozatlan marad 2025-ig. Holott a k\u00e1ros szenved\u00e9llyel \u00e9l\u0151k ar\u00e1ny\u00e1nak drasztikus cs\u00f6kkent\u00e9s\u00e9re van j\u00f3 p\u00e9lda: Sv\u00e9dorsz\u00e1g lehet az els\u0151, amely r\u00f6vid id\u0151n bel\u00fcl v\u00e9gleg b\u00facs\u00fat int a cigarett\u00e1nak. [&hellip;]<\/p>\n","protected":false},"author":11,"featured_media":6394,"comment_status":"open","ping_status":"open","sticky":false,"template":"","format":"standard","meta":{"footnotes":""},"categories":[15],"tags":[],"class_list":["post-5091","post","type-post","status-publish","format-standard","has-post-thumbnail","hentry","category-wva-in-the-news"],"yoast_head":"<!-- This site is optimized with the Yoast SEO plugin v27.3 - https:\/\/yoast.com\/product\/yoast-seo-wordpress\/ -->\n<title>Nem ment f\u00fcstbe a nagy terv: doh\u00e1nyfronton is m\u0171k\u00f6dik a sv\u00e9d k\u00fcl\u00f6nutass\u00e1g - World Vapers&#039; Alliance<\/title>\n<meta name=\"robots\" content=\"index, follow, max-snippet:-1, max-image-preview:large, max-video-preview:-1\" \/>\n<link rel=\"canonical\" href=\"https:\/\/worldvapersalliance.com\/de_de\/nem-ment-fustbe-a-nagy-terv-dohanyfronton-is-mukodik-a-sved-kulonutassag\/\" \/>\n<meta property=\"og:locale\" content=\"de_DE\" \/>\n<meta property=\"og:type\" content=\"article\" \/>\n<meta property=\"og:title\" content=\"Nem ment f\u00fcstbe a nagy terv: doh\u00e1nyfronton is m\u0171k\u00f6dik a sv\u00e9d k\u00fcl\u00f6nutass\u00e1g - World Vapers&#039; Alliance\" \/>\n<meta property=\"og:description\" content=\"A doh\u00e1nyz\u00e1sr\u00f3l mindenki tudja, hogy s\u00falyos megbeteged\u00e9st \u00e9s f\u00fcgg\u0151s\u00e9get okoz, a vil\u00e1gon mintegy 1 milli\u00e1rd ember doh\u00e1nyzik \u00e9s a WHO r\u00f6vid t\u00e1v\u00fa el\u0151rejelz\u00e9se szerint ez a sz\u00e1m l\u00e9nyeg\u00e9ben v\u00e1ltozatlan marad 2025-ig. Holott a k\u00e1ros szenved\u00e9llyel \u00e9l\u0151k ar\u00e1ny\u00e1nak drasztikus cs\u00f6kkent\u00e9s\u00e9re van j\u00f3 p\u00e9lda: Sv\u00e9dorsz\u00e1g lehet az els\u0151, amely r\u00f6vid id\u0151n bel\u00fcl v\u00e9gleg b\u00facs\u00fat int a cigarett\u00e1nak. [&hellip;]\" \/>\n<meta property=\"og:url\" content=\"https:\/\/worldvapersalliance.com\/de_de\/nem-ment-fustbe-a-nagy-terv-dohanyfronton-is-mukodik-a-sved-kulonutassag\/\" \/>\n<meta property=\"og:site_name\" content=\"World Vapers&#039; Alliance\" \/>\n<meta property=\"article:published_time\" content=\"2023-10-30T12:18:22+00:00\" \/>\n<meta property=\"article:modified_time\" content=\"2023-11-08T13:22:23+00:00\" \/>\n<meta property=\"og:image\" content=\"https:\/\/worldvapersalliance.com\/wp-content\/uploads\/2023\/11\/Vilag-gazdasag.png\" \/>\n\t<meta property=\"og:image:width\" content=\"2081\" \/>\n\t<meta property=\"og:image:height\" content=\"1920\" \/>\n\t<meta property=\"og:image:type\" content=\"image\/png\" \/>\n<meta name=\"author\" content=\"World Vapers&#039; Alliance\" \/>\n<meta name=\"twitter:card\" content=\"summary_large_image\" \/>\n<meta name=\"twitter:label1\" content=\"Geschrieben von\" \/>\n\t<meta name=\"twitter:data1\" content=\"World Vapers&#039; Alliance\" \/>\n\t<meta name=\"twitter:label2\" content=\"Gesch\u00e4tzte Lesezeit\" \/>\n\t<meta name=\"twitter:data2\" content=\"2 Minuten\" \/>\n<script type=\"application\/ld+json\" class=\"yoast-schema-graph\">{\"@context\":\"https:\\\/\\\/schema.org\",\"@graph\":[{\"@type\":\"Article\",\"@id\":\"https:\\\/\\\/worldvapersalliance.com\\\/nem-ment-fustbe-a-nagy-terv-dohanyfronton-is-mukodik-a-sved-kulonutassag\\\/#article\",\"isPartOf\":{\"@id\":\"https:\\\/\\\/worldvapersalliance.com\\\/nem-ment-fustbe-a-nagy-terv-dohanyfronton-is-mukodik-a-sved-kulonutassag\\\/\"},\"author\":{\"name\":\"World Vapers' Alliance\",\"@id\":\"https:\\\/\\\/worldvapersalliance.com\\\/#\\\/schema\\\/person\\\/18484a6f20bcc6f70a2419c8babe017d\"},\"headline\":\"Nem ment f\u00fcstbe a nagy terv: doh\u00e1nyfronton is m\u0171k\u00f6dik a sv\u00e9d k\u00fcl\u00f6nut &hellip;\",\"datePublished\":\"2023-10-30T12:18:22+00:00\",\"dateModified\":\"2023-11-08T13:22:23+00:00\",\"mainEntityOfPage\":{\"@id\":\"https:\\\/\\\/worldvapersalliance.com\\\/nem-ment-fustbe-a-nagy-terv-dohanyfronton-is-mukodik-a-sved-kulonutassag\\\/\"},\"wordCount\":395,\"commentCount\":0,\"publisher\":{\"@id\":\"https:\\\/\\\/worldvapersalliance.com\\\/#organization\"},\"image\":{\"@id\":\"https:\\\/\\\/worldvapersalliance.com\\\/nem-ment-fustbe-a-nagy-terv-dohanyfronton-is-mukodik-a-sved-kulonutassag\\\/#primaryimage\"},\"thumbnailUrl\":\"https:\\\/\\\/worldvapersalliance.com\\\/wp-content\\\/uploads\\\/2025\\\/08\\\/WVA-in-the-news.png\",\"articleSection\":[\"WVA in the News\"],\"inLanguage\":\"de-DE\",\"potentialAction\":[{\"@type\":\"CommentAction\",\"name\":\"Comment\",\"target\":[\"https:\\\/\\\/worldvapersalliance.com\\\/nem-ment-fustbe-a-nagy-terv-dohanyfronton-is-mukodik-a-sved-kulonutassag\\\/#respond\"]}]},{\"@type\":\"WebPage\",\"@id\":\"https:\\\/\\\/worldvapersalliance.com\\\/nem-ment-fustbe-a-nagy-terv-dohanyfronton-is-mukodik-a-sved-kulonutassag\\\/\",\"url\":\"https:\\\/\\\/worldvapersalliance.com\\\/nem-ment-fustbe-a-nagy-terv-dohanyfronton-is-mukodik-a-sved-kulonutassag\\\/\",\"name\":\"Nem ment f\u00fcstbe a nagy terv: doh\u00e1nyfronton is m\u0171k\u00f6dik a sv\u00e9d k\u00fcl\u00f6nutass\u00e1g - World Vapers&#039; Alliance\",\"isPartOf\":{\"@id\":\"https:\\\/\\\/worldvapersalliance.com\\\/#website\"},\"primaryImageOfPage\":{\"@id\":\"https:\\\/\\\/worldvapersalliance.com\\\/nem-ment-fustbe-a-nagy-terv-dohanyfronton-is-mukodik-a-sved-kulonutassag\\\/#primaryimage\"},\"image\":{\"@id\":\"https:\\\/\\\/worldvapersalliance.com\\\/nem-ment-fustbe-a-nagy-terv-dohanyfronton-is-mukodik-a-sved-kulonutassag\\\/#primaryimage\"},\"thumbnailUrl\":\"https:\\\/\\\/worldvapersalliance.com\\\/wp-content\\\/uploads\\\/2025\\\/08\\\/WVA-in-the-news.png\",\"datePublished\":\"2023-10-30T12:18:22+00:00\",\"dateModified\":\"2023-11-08T13:22:23+00:00\",\"inLanguage\":\"de-DE\",\"potentialAction\":[{\"@type\":\"ReadAction\",\"target\":[\"https:\\\/\\\/worldvapersalliance.com\\\/nem-ment-fustbe-a-nagy-terv-dohanyfronton-is-mukodik-a-sved-kulonutassag\\\/\"]}]},{\"@type\":\"ImageObject\",\"inLanguage\":\"de-DE\",\"@id\":\"https:\\\/\\\/worldvapersalliance.com\\\/nem-ment-fustbe-a-nagy-terv-dohanyfronton-is-mukodik-a-sved-kulonutassag\\\/#primaryimage\",\"url\":\"https:\\\/\\\/worldvapersalliance.com\\\/wp-content\\\/uploads\\\/2025\\\/08\\\/WVA-in-the-news.png\",\"contentUrl\":\"https:\\\/\\\/worldvapersalliance.com\\\/wp-content\\\/uploads\\\/2025\\\/08\\\/WVA-in-the-news.png\",\"width\":1264,\"height\":848},{\"@type\":\"WebSite\",\"@id\":\"https:\\\/\\\/worldvapersalliance.com\\\/#website\",\"url\":\"https:\\\/\\\/worldvapersalliance.com\\\/\",\"name\":\"World Vapers&#039; Alliance\",\"description\":\"The largest community of vapers\",\"publisher\":{\"@id\":\"https:\\\/\\\/worldvapersalliance.com\\\/#organization\"},\"potentialAction\":[{\"@type\":\"SearchAction\",\"target\":{\"@type\":\"EntryPoint\",\"urlTemplate\":\"https:\\\/\\\/worldvapersalliance.com\\\/?s={search_term_string}\"},\"query-input\":{\"@type\":\"PropertyValueSpecification\",\"valueRequired\":true,\"valueName\":\"search_term_string\"}}],\"inLanguage\":\"de-DE\"},{\"@type\":\"Organization\",\"@id\":\"https:\\\/\\\/worldvapersalliance.com\\\/#organization\",\"name\":\"World Vapers&#039; Alliance\",\"url\":\"https:\\\/\\\/worldvapersalliance.com\\\/\",\"logo\":{\"@type\":\"ImageObject\",\"inLanguage\":\"de-DE\",\"@id\":\"https:\\\/\\\/worldvapersalliance.com\\\/#\\\/schema\\\/logo\\\/image\\\/\",\"url\":\"https:\\\/\\\/worldvapersalliance.com\\\/wp-content\\\/uploads\\\/2022\\\/01\\\/WVA_RB_Fist_G.png\",\"contentUrl\":\"https:\\\/\\\/worldvapersalliance.com\\\/wp-content\\\/uploads\\\/2022\\\/01\\\/WVA_RB_Fist_G.png\",\"width\":985,\"height\":1177,\"caption\":\"World Vapers&#039; Alliance\"},\"image\":{\"@id\":\"https:\\\/\\\/worldvapersalliance.com\\\/#\\\/schema\\\/logo\\\/image\\\/\"}},{\"@type\":\"Person\",\"@id\":\"https:\\\/\\\/worldvapersalliance.com\\\/#\\\/schema\\\/person\\\/18484a6f20bcc6f70a2419c8babe017d\",\"name\":\"World Vapers' Alliance\",\"image\":{\"@type\":\"ImageObject\",\"inLanguage\":\"de-DE\",\"@id\":\"https:\\\/\\\/secure.gravatar.com\\\/avatar\\\/456bf795c7a47c9ac527a94da4bff150aa49e48726d69bee9937f8383cffa246?s=96&d=mm&r=g\",\"url\":\"https:\\\/\\\/secure.gravatar.com\\\/avatar\\\/456bf795c7a47c9ac527a94da4bff150aa49e48726d69bee9937f8383cffa246?s=96&d=mm&r=g\",\"contentUrl\":\"https:\\\/\\\/secure.gravatar.com\\\/avatar\\\/456bf795c7a47c9ac527a94da4bff150aa49e48726d69bee9937f8383cffa246?s=96&d=mm&r=g\",\"caption\":\"World Vapers' Alliance\"},\"url\":\"https:\\\/\\\/worldvapersalliance.com\\\/de_de\\\/author\\\/wva\\\/\"}]}<\/script>\n<!-- \/ Yoast SEO plugin. -->","yoast_head_json":{"title":"Ich m\u00f6chte nicht wissen, dass dies nicht der Fall ist: Die World Vapers&#039; Alliance ist ein Mitglied der World Vapers&#039; Alliance","robots":{"index":"index","follow":"follow","max-snippet":"max-snippet:-1","max-image-preview":"max-image-preview:large","max-video-preview":"max-video-preview:-1"},"canonical":"https:\/\/worldvapersalliance.com\/de_de\/nem-ment-fustbe-a-nagy-terv-dohanyfronton-is-mukodik-a-sved-kulonutassag\/","og_locale":"de_DE","og_type":"article","og_title":"Nem ment f\u00fcstbe a nagy terv: doh\u00e1nyfronton is m\u0171k\u00f6dik a sv\u00e9d k\u00fcl\u00f6nutass\u00e1g - World Vapers&#039; Alliance","og_description":"A doh\u00e1nyz\u00e1sr\u00f3l mindenki tudja, hogy s\u00falyos megbeteged\u00e9st \u00e9s f\u00fcgg\u0151s\u00e9get okoz, a vil\u00e1gon mintegy 1 milli\u00e1rd ember doh\u00e1nyzik \u00e9s a WHO r\u00f6vid t\u00e1v\u00fa el\u0151rejelz\u00e9se szerint ez a sz\u00e1m l\u00e9nyeg\u00e9ben v\u00e1ltozatlan marad 2025-ig. Holott a k\u00e1ros szenved\u00e9llyel \u00e9l\u0151k ar\u00e1ny\u00e1nak drasztikus cs\u00f6kkent\u00e9s\u00e9re van j\u00f3 p\u00e9lda: Sv\u00e9dorsz\u00e1g lehet az els\u0151, amely r\u00f6vid id\u0151n bel\u00fcl v\u00e9gleg b\u00facs\u00fat int a cigarett\u00e1nak. [&hellip;]","og_url":"https:\/\/worldvapersalliance.com\/de_de\/nem-ment-fustbe-a-nagy-terv-dohanyfronton-is-mukodik-a-sved-kulonutassag\/","og_site_name":"World Vapers&#039; Alliance","article_published_time":"2023-10-30T12:18:22+00:00","article_modified_time":"2023-11-08T13:22:23+00:00","og_image":[{"width":2081,"height":1920,"url":"https:\/\/worldvapersalliance.com\/wp-content\/uploads\/2023\/11\/Vilag-gazdasag.png","type":"image\/png"}],"author":"World Vapers' Alliance","twitter_card":"summary_large_image","twitter_misc":{"Geschrieben von":"World Vapers' Alliance","Gesch\u00e4tzte Lesezeit":"2 Minuten"},"schema":{"@context":"https:\/\/schema.org","@graph":[{"@type":"Article","@id":"https:\/\/worldvapersalliance.com\/nem-ment-fustbe-a-nagy-terv-dohanyfronton-is-mukodik-a-sved-kulonutassag\/#article","isPartOf":{"@id":"https:\/\/worldvapersalliance.com\/nem-ment-fustbe-a-nagy-terv-dohanyfronton-is-mukodik-a-sved-kulonutassag\/"},"author":{"name":"World Vapers' Alliance","@id":"https:\/\/worldvapersalliance.com\/#\/schema\/person\/18484a6f20bcc6f70a2419c8babe017d"},"headline":"Nem ment f\u00fcstbe a nagy terv: doh\u00e1nyfronton is m\u0171k\u00f6dik a sv\u00e9d k\u00fcl\u00f6nut &hellip;","datePublished":"2023-10-30T12:18:22+00:00","dateModified":"2023-11-08T13:22:23+00:00","mainEntityOfPage":{"@id":"https:\/\/worldvapersalliance.com\/nem-ment-fustbe-a-nagy-terv-dohanyfronton-is-mukodik-a-sved-kulonutassag\/"},"wordCount":395,"commentCount":0,"publisher":{"@id":"https:\/\/worldvapersalliance.com\/#organization"},"image":{"@id":"https:\/\/worldvapersalliance.com\/nem-ment-fustbe-a-nagy-terv-dohanyfronton-is-mukodik-a-sved-kulonutassag\/#primaryimage"},"thumbnailUrl":"https:\/\/worldvapersalliance.com\/wp-content\/uploads\/2025\/08\/WVA-in-the-news.png","articleSection":["WVA in the News"],"inLanguage":"de-DE","potentialAction":[{"@type":"CommentAction","name":"Comment","target":["https:\/\/worldvapersalliance.com\/nem-ment-fustbe-a-nagy-terv-dohanyfronton-is-mukodik-a-sved-kulonutassag\/#respond"]}]},{"@type":"WebPage","@id":"https:\/\/worldvapersalliance.com\/nem-ment-fustbe-a-nagy-terv-dohanyfronton-is-mukodik-a-sved-kulonutassag\/","url":"https:\/\/worldvapersalliance.com\/nem-ment-fustbe-a-nagy-terv-dohanyfronton-is-mukodik-a-sved-kulonutassag\/","name":"Ich m\u00f6chte nicht wissen, dass dies nicht der Fall ist: Die World Vapers&#039; Alliance ist ein Mitglied der World Vapers&#039; Alliance","isPartOf":{"@id":"https:\/\/worldvapersalliance.com\/#website"},"primaryImageOfPage":{"@id":"https:\/\/worldvapersalliance.com\/nem-ment-fustbe-a-nagy-terv-dohanyfronton-is-mukodik-a-sved-kulonutassag\/#primaryimage"},"image":{"@id":"https:\/\/worldvapersalliance.com\/nem-ment-fustbe-a-nagy-terv-dohanyfronton-is-mukodik-a-sved-kulonutassag\/#primaryimage"},"thumbnailUrl":"https:\/\/worldvapersalliance.com\/wp-content\/uploads\/2025\/08\/WVA-in-the-news.png","datePublished":"2023-10-30T12:18:22+00:00","dateModified":"2023-11-08T13:22:23+00:00","inLanguage":"de-DE","potentialAction":[{"@type":"ReadAction","target":["https:\/\/worldvapersalliance.com\/nem-ment-fustbe-a-nagy-terv-dohanyfronton-is-mukodik-a-sved-kulonutassag\/"]}]},{"@type":"ImageObject","inLanguage":"de-DE","@id":"https:\/\/worldvapersalliance.com\/nem-ment-fustbe-a-nagy-terv-dohanyfronton-is-mukodik-a-sved-kulonutassag\/#primaryimage","url":"https:\/\/worldvapersalliance.com\/wp-content\/uploads\/2025\/08\/WVA-in-the-news.png","contentUrl":"https:\/\/worldvapersalliance.com\/wp-content\/uploads\/2025\/08\/WVA-in-the-news.png","width":1264,"height":848},{"@type":"WebSite","@id":"https:\/\/worldvapersalliance.com\/#website","url":"https:\/\/worldvapersalliance.com\/","name":"Weltweite Allianz der Dampfer","description":"Die gr\u00f6\u00dfte Community von Dampfern","publisher":{"@id":"https:\/\/worldvapersalliance.com\/#organization"},"potentialAction":[{"@type":"SearchAction","target":{"@type":"EntryPoint","urlTemplate":"https:\/\/worldvapersalliance.com\/?s={search_term_string}"},"query-input":{"@type":"PropertyValueSpecification","valueRequired":true,"valueName":"search_term_string"}}],"inLanguage":"de-DE"},{"@type":"Organization","@id":"https:\/\/worldvapersalliance.com\/#organization","name":"Weltweite Allianz der Dampfer","url":"https:\/\/worldvapersalliance.com\/","logo":{"@type":"ImageObject","inLanguage":"de-DE","@id":"https:\/\/worldvapersalliance.com\/#\/schema\/logo\/image\/","url":"https:\/\/worldvapersalliance.com\/wp-content\/uploads\/2022\/01\/WVA_RB_Fist_G.png","contentUrl":"https:\/\/worldvapersalliance.com\/wp-content\/uploads\/2022\/01\/WVA_RB_Fist_G.png","width":985,"height":1177,"caption":"World Vapers&#039; Alliance"},"image":{"@id":"https:\/\/worldvapersalliance.com\/#\/schema\/logo\/image\/"}},{"@type":"Person","@id":"https:\/\/worldvapersalliance.com\/#\/schema\/person\/18484a6f20bcc6f70a2419c8babe017d","name":"Weltweite Allianz der Dampfer","image":{"@type":"ImageObject","inLanguage":"de-DE","@id":"https:\/\/secure.gravatar.com\/avatar\/456bf795c7a47c9ac527a94da4bff150aa49e48726d69bee9937f8383cffa246?s=96&d=mm&r=g","url":"https:\/\/secure.gravatar.com\/avatar\/456bf795c7a47c9ac527a94da4bff150aa49e48726d69bee9937f8383cffa246?s=96&d=mm&r=g","contentUrl":"https:\/\/secure.gravatar.com\/avatar\/456bf795c7a47c9ac527a94da4bff150aa49e48726d69bee9937f8383cffa246?s=96&d=mm&r=g","caption":"World Vapers' Alliance"},"url":"https:\/\/worldvapersalliance.com\/de_de\/author\/wva\/"}]}},"_links":{"self":[{"href":"https:\/\/worldvapersalliance.com\/de_de\/wp-json\/wp\/v2\/posts\/5091","targetHints":{"allow":["GET"]}}],"collection":[{"href":"https:\/\/worldvapersalliance.com\/de_de\/wp-json\/wp\/v2\/posts"}],"about":[{"href":"https:\/\/worldvapersalliance.com\/de_de\/wp-json\/wp\/v2\/types\/post"}],"author":[{"embeddable":true,"href":"https:\/\/worldvapersalliance.com\/de_de\/wp-json\/wp\/v2\/users\/11"}],"replies":[{"embeddable":true,"href":"https:\/\/worldvapersalliance.com\/de_de\/wp-json\/wp\/v2\/comments?post=5091"}],"version-history":[{"count":0,"href":"https:\/\/worldvapersalliance.com\/de_de\/wp-json\/wp\/v2\/posts\/5091\/revisions"}],"wp:featuredmedia":[{"embeddable":true,"href":"https:\/\/worldvapersalliance.com\/de_de\/wp-json\/wp\/v2\/media\/6394"}],"wp:attachment":[{"href":"https:\/\/worldvapersalliance.com\/de_de\/wp-json\/wp\/v2\/media?parent=5091"}],"wp:term":[{"taxonomy":"category","embeddable":true,"href":"https:\/\/worldvapersalliance.com\/de_de\/wp-json\/wp\/v2\/categories?post=5091"},{"taxonomy":"post_tag","embeddable":true,"href":"https:\/\/worldvapersalliance.com\/de_de\/wp-json\/wp\/v2\/tags?post=5091"}],"curies":[{"name":"wp","href":"https:\/\/api.w.org\/{rel}","templated":true}]}}