{"id":3900,"date":"2023-03-23T10:59:47","date_gmt":"2023-03-23T14:59:47","guid":{"rendered":"https:\/\/worldvapersalliance.com\/?p=3900"},"modified":"2023-03-23T11:00:41","modified_gmt":"2023-03-23T15:00:41","slug":"raise-your-voice-to-protect-flavours-slovenian-consultation-is-open","status":"publish","type":"post","link":"https:\/\/worldvapersalliance.com\/de_de\/raise-your-voice-to-protect-flavours-slovenian-consultation-is-open\/","title":{"rendered":"Setzen Sie sich f\u00fcr den Schutz der Aromen ein \u2013 die slowenische Konsultation ist er\u00f6ffnet!"},"content":{"rendered":"<p><span style=\"font-weight: 400;\">Das slowenische Gesundheitsministerium <\/span><a href=\"https:\/\/e-uprava.gov.si\/si\/drzava-in-druzba\/e-demokracija\/predlogi-predpisov\/predlog-predpisa.html?id=15189\" target=\"_blank\" rel=\"noopener\"><span style=\"font-weight: 400;\">vorgeschlagen<\/span><\/a><span style=\"font-weight: 400;\"> Die slowenischen Beh\u00f6rden planen ein Verbot aller Aromen f\u00fcr E-Zigaretten mit Ausnahme von Tabak, um den Konsum von E-Zigaretten unter Jugendlichen zu verhindern und zu reduzieren. Laut den Beh\u00f6rden zeigen \u201cimmer mehr Studien, dass der Konsum von E-Zigaretten bei Jugendlichen, die sonst nicht rauchen, die Wahrscheinlichkeit, dass sie auch mit dem Rauchen herk\u00f6mmlicher Zigaretten beginnen, deutlich erh\u00f6ht\u201d.<\/span><\/p>\n<p><span style=\"font-weight: 400;\">Das stimmt aber nicht! Aromen sind <\/span><a href=\"https:\/\/www.ncbi.nlm.nih.gov\/pmc\/articles\/PMC8023840\/\" target=\"_blank\" rel=\"noopener\"><span style=\"font-weight: 400;\">wird h\u00e4ufig von regelm\u00e4\u00dfigen Dampfern aller Altersgruppen verwendet.<\/span><\/a><span style=\"font-weight: 400;\"> und es handelt sich nicht um ein Produkt f\u00fcr Jugendliche, die mit dem Dampfen beginnen. <\/span><a href=\"https:\/\/pubmed.ncbi.nlm.nih.gov\/32449933\/\" target=\"_blank\" rel=\"noopener\"><span style=\"font-weight: 400;\">Rund zwei Drittel der erwachsenen Dampfer verwenden Aromen.<\/span><\/a> <span style=\"font-weight: 400;\">und sie sind unerl\u00e4sslich f\u00fcr erwachsene Raucher, die mit dem Rauchen aufh\u00f6ren wollen, da sie <\/span><a href=\"https:\/\/pubmed.ncbi.nlm.nih.gov\/32501490\/\" target=\"_blank\" rel=\"noopener\"><span style=\"font-weight: 400;\">die Wahrscheinlichkeit des Aufh\u00f6rens um 230% erh\u00f6hen<\/span><\/a><span style=\"font-weight: 400;\">. Dar\u00fcber hinaus gibt es keine Anhaltspunkte daf\u00fcr, dass die Aromen in E-Zigaretten Jugendliche zum Dampfen oder Rauchen animieren.\u00a0<\/span><\/p>\n<p><span style=\"font-weight: 400;\">Ein Verbot von Aromen ist eine sich anbahnende Katastrophe f\u00fcr die \u00f6ffentliche Gesundheit. <\/span><a href=\"https:\/\/pubmed.ncbi.nlm.nih.gov\/34695685\/\" target=\"_blank\" rel=\"noopener\"><span style=\"font-weight: 400;\">Forschung<\/span><\/a><span style=\"font-weight: 400;\"> Dies deutet darauf hin, dass fast die H\u00e4lfte der Dampfer auf den Schwarzmarkt ausweichen oder wieder zu Zigaretten greifen w\u00fcrden. Ein Aromenverbot in Slowenien lie\u00dfe den Konsumenten nur drei gleicherma\u00dfen verheerende Optionen: die R\u00fcckkehr zum Rauchen, den Schwarzmarkt oder den Kauf von Aromen im Ausland.\u00a0<\/span><\/p>\n<p><span style=\"font-weight: 400;\">Zu lange haben Gesetzgeber die Meinungen von Dampfern ignoriert. Dadurch fehlen die wichtigsten Stimmen \u2013 die der Konsumenten \u2013 und ihre Erfahrungen werden missverstanden. Jetzt haben wir die M\u00f6glichkeit, uns Geh\u00f6r zu verschaffen und die Vielfalt der E-Zigaretten-Aromen in Slowenien zu verteidigen. Geben Sie einfach hier Ihr Formular ein. <\/span><a href=\"https:\/\/e-uprava.gov.si\/si\/drzava-in-druzba\/e-demokracija\/predlogi-predpisov\/predlog-predpisa.html?id=15189\" target=\"_blank\" rel=\"noopener\"><span style=\"font-weight: 400;\">Link<\/span><\/a><span style=\"font-weight: 400;\"> Hinterlasse einen Kommentar und erkl\u00e4re, wie hilfreich Aromen f\u00fcr dich sind, wie sie dir beim Aufh\u00f6ren geholfen haben und wie sich ein Aromenverbot auf dich auswirken w\u00fcrde. Du musst dich nicht einmal registrieren!<\/span><\/p>\n<p><span style=\"font-weight: 400;\">Sie k\u00f6nnen auch Informationen oder Belege aus unserer eigenen Stellungnahme zur Konsultation hinzuf\u00fcgen. Sie finden diese hier. <a href=\"https:\/\/worldvapersalliance.com\/wp-content\/uploads\/2023\/03\/Slovenia-consultation-response.pdf\" target=\"_blank\" rel=\"noopener\">Hier<\/a>.<\/span><\/p>\n<p><span style=\"font-weight: 400;\">Lasst uns unsere Stimmen erheben!<\/span><\/p>\n<p>&nbsp;<\/p>","protected":false},"excerpt":{"rendered":"<p>The Slovenian Ministry of Health proposed to introduce a ban on all vaping flavourings except tobacco \u201cto prevent and reduce the use of electronic cigarettes among young people\u201d. According to the Slovenian authorities \u201cmore and more research also shows that, among adolescents who otherwise do not smoke, the use of an electronic cigarette significantly increases [&hellip;]<\/p>\n","protected":false},"author":14,"featured_media":1042,"comment_status":"open","ping_status":"open","sticky":false,"template":"","format":"standard","meta":{"footnotes":""},"categories":[17],"tags":[],"class_list":["post-3900","post","type-post","status-publish","format-standard","has-post-thumbnail","hentry","category-blog"],"yoast_head":"<!-- This site is optimized with the Yoast SEO plugin v27.3 - https:\/\/yoast.com\/product\/yoast-seo-wordpress\/ -->\n<title>Raise your voice to protect flavours \u2013 Slovenian consultation is open! - World Vapers&#039; Alliance<\/title>\n<meta name=\"robots\" content=\"index, follow, max-snippet:-1, max-image-preview:large, max-video-preview:-1\" \/>\n<link rel=\"canonical\" href=\"https:\/\/worldvapersalliance.com\/de_de\/raise-your-voice-to-protect-flavours-slovenian-consultation-is-open\/\" \/>\n<meta property=\"og:locale\" content=\"de_DE\" \/>\n<meta property=\"og:type\" content=\"article\" \/>\n<meta property=\"og:title\" content=\"Raise your voice to protect flavours \u2013 Slovenian consultation is open! - World Vapers&#039; Alliance\" \/>\n<meta property=\"og:description\" content=\"The Slovenian Ministry of Health proposed to introduce a ban on all vaping flavourings except tobacco \u201cto prevent and reduce the use of electronic cigarettes among young people\u201d. According to the Slovenian authorities \u201cmore and more research also shows that, among adolescents who otherwise do not smoke, the use of an electronic cigarette significantly increases [&hellip;]\" \/>\n<meta property=\"og:url\" content=\"https:\/\/worldvapersalliance.com\/de_de\/raise-your-voice-to-protect-flavours-slovenian-consultation-is-open\/\" \/>\n<meta property=\"og:site_name\" content=\"World Vapers&#039; Alliance\" \/>\n<meta property=\"article:published_time\" content=\"2023-03-23T14:59:47+00:00\" \/>\n<meta property=\"article:modified_time\" content=\"2023-03-23T15:00:41+00:00\" \/>\n<meta property=\"og:image\" content=\"https:\/\/worldvapersalliance.com\/wp-content\/uploads\/2022\/03\/World_Vapers_Alliance_Logo_White_Stripes.png\" \/>\n\t<meta property=\"og:image:width\" content=\"2081\" \/>\n\t<meta property=\"og:image:height\" content=\"1920\" \/>\n\t<meta property=\"og:image:type\" content=\"image\/png\" \/>\n<meta name=\"author\" content=\"Alberto Hernandez\" \/>\n<meta name=\"twitter:card\" content=\"summary_large_image\" \/>\n<meta name=\"twitter:label1\" content=\"Geschrieben von\" \/>\n\t<meta name=\"twitter:data1\" content=\"Alberto Hernandez\" \/>\n\t<meta name=\"twitter:label2\" content=\"Gesch\u00e4tzte Lesezeit\" \/>\n\t<meta name=\"twitter:data2\" content=\"2 Minuten\" \/>\n<script type=\"application\/ld+json\" class=\"yoast-schema-graph\">{\"@context\":\"https:\\\/\\\/schema.org\",\"@graph\":[{\"@type\":\"Article\",\"@id\":\"https:\\\/\\\/worldvapersalliance.com\\\/raise-your-voice-to-protect-flavours-slovenian-consultation-is-open\\\/#article\",\"isPartOf\":{\"@id\":\"https:\\\/\\\/worldvapersalliance.com\\\/raise-your-voice-to-protect-flavours-slovenian-consultation-is-open\\\/\"},\"author\":{\"name\":\"Alberto Hernandez\",\"@id\":\"https:\\\/\\\/worldvapersalliance.com\\\/#\\\/schema\\\/person\\\/9b81eefe507e68fb5ab671aa0ab2bfb6\"},\"headline\":\"Raise your voice to protect flavours \u2013 Slovenian consultation is open!\",\"datePublished\":\"2023-03-23T14:59:47+00:00\",\"dateModified\":\"2023-03-23T15:00:41+00:00\",\"mainEntityOfPage\":{\"@id\":\"https:\\\/\\\/worldvapersalliance.com\\\/raise-your-voice-to-protect-flavours-slovenian-consultation-is-open\\\/\"},\"wordCount\":306,\"commentCount\":1,\"publisher\":{\"@id\":\"https:\\\/\\\/worldvapersalliance.com\\\/#organization\"},\"image\":{\"@id\":\"https:\\\/\\\/worldvapersalliance.com\\\/raise-your-voice-to-protect-flavours-slovenian-consultation-is-open\\\/#primaryimage\"},\"thumbnailUrl\":\"https:\\\/\\\/worldvapersalliance.com\\\/wp-content\\\/uploads\\\/2022\\\/03\\\/World_Vapers_Alliance_Logo_White_Stripes.png\",\"articleSection\":[\"Blog\"],\"inLanguage\":\"de-DE\",\"potentialAction\":[{\"@type\":\"CommentAction\",\"name\":\"Comment\",\"target\":[\"https:\\\/\\\/worldvapersalliance.com\\\/raise-your-voice-to-protect-flavours-slovenian-consultation-is-open\\\/#respond\"]}]},{\"@type\":\"WebPage\",\"@id\":\"https:\\\/\\\/worldvapersalliance.com\\\/raise-your-voice-to-protect-flavours-slovenian-consultation-is-open\\\/\",\"url\":\"https:\\\/\\\/worldvapersalliance.com\\\/raise-your-voice-to-protect-flavours-slovenian-consultation-is-open\\\/\",\"name\":\"Raise your voice to protect flavours \u2013 Slovenian consultation is open! - World Vapers&#039; Alliance\",\"isPartOf\":{\"@id\":\"https:\\\/\\\/worldvapersalliance.com\\\/#website\"},\"primaryImageOfPage\":{\"@id\":\"https:\\\/\\\/worldvapersalliance.com\\\/raise-your-voice-to-protect-flavours-slovenian-consultation-is-open\\\/#primaryimage\"},\"image\":{\"@id\":\"https:\\\/\\\/worldvapersalliance.com\\\/raise-your-voice-to-protect-flavours-slovenian-consultation-is-open\\\/#primaryimage\"},\"thumbnailUrl\":\"https:\\\/\\\/worldvapersalliance.com\\\/wp-content\\\/uploads\\\/2022\\\/03\\\/World_Vapers_Alliance_Logo_White_Stripes.png\",\"datePublished\":\"2023-03-23T14:59:47+00:00\",\"dateModified\":\"2023-03-23T15:00:41+00:00\",\"inLanguage\":\"de-DE\",\"potentialAction\":[{\"@type\":\"ReadAction\",\"target\":[\"https:\\\/\\\/worldvapersalliance.com\\\/raise-your-voice-to-protect-flavours-slovenian-consultation-is-open\\\/\"]}]},{\"@type\":\"ImageObject\",\"inLanguage\":\"de-DE\",\"@id\":\"https:\\\/\\\/worldvapersalliance.com\\\/raise-your-voice-to-protect-flavours-slovenian-consultation-is-open\\\/#primaryimage\",\"url\":\"https:\\\/\\\/worldvapersalliance.com\\\/wp-content\\\/uploads\\\/2022\\\/03\\\/World_Vapers_Alliance_Logo_White_Stripes.png\",\"contentUrl\":\"https:\\\/\\\/worldvapersalliance.com\\\/wp-content\\\/uploads\\\/2022\\\/03\\\/World_Vapers_Alliance_Logo_White_Stripes.png\",\"width\":2081,\"height\":1920},{\"@type\":\"WebSite\",\"@id\":\"https:\\\/\\\/worldvapersalliance.com\\\/#website\",\"url\":\"https:\\\/\\\/worldvapersalliance.com\\\/\",\"name\":\"World Vapers&#039; Alliance\",\"description\":\"The largest community of vapers\",\"publisher\":{\"@id\":\"https:\\\/\\\/worldvapersalliance.com\\\/#organization\"},\"potentialAction\":[{\"@type\":\"SearchAction\",\"target\":{\"@type\":\"EntryPoint\",\"urlTemplate\":\"https:\\\/\\\/worldvapersalliance.com\\\/?s={search_term_string}\"},\"query-input\":{\"@type\":\"PropertyValueSpecification\",\"valueRequired\":true,\"valueName\":\"search_term_string\"}}],\"inLanguage\":\"de-DE\"},{\"@type\":\"Organization\",\"@id\":\"https:\\\/\\\/worldvapersalliance.com\\\/#organization\",\"name\":\"World Vapers&#039; Alliance\",\"url\":\"https:\\\/\\\/worldvapersalliance.com\\\/\",\"logo\":{\"@type\":\"ImageObject\",\"inLanguage\":\"de-DE\",\"@id\":\"https:\\\/\\\/worldvapersalliance.com\\\/#\\\/schema\\\/logo\\\/image\\\/\",\"url\":\"https:\\\/\\\/worldvapersalliance.com\\\/wp-content\\\/uploads\\\/2022\\\/01\\\/WVA_RB_Fist_G.png\",\"contentUrl\":\"https:\\\/\\\/worldvapersalliance.com\\\/wp-content\\\/uploads\\\/2022\\\/01\\\/WVA_RB_Fist_G.png\",\"width\":985,\"height\":1177,\"caption\":\"World Vapers&#039; Alliance\"},\"image\":{\"@id\":\"https:\\\/\\\/worldvapersalliance.com\\\/#\\\/schema\\\/logo\\\/image\\\/\"}},{\"@type\":\"Person\",\"@id\":\"https:\\\/\\\/worldvapersalliance.com\\\/#\\\/schema\\\/person\\\/9b81eefe507e68fb5ab671aa0ab2bfb6\",\"name\":\"Alberto Hernandez\",\"image\":{\"@type\":\"ImageObject\",\"inLanguage\":\"de-DE\",\"@id\":\"https:\\\/\\\/secure.gravatar.com\\\/avatar\\\/124dc1dd8c5f9c9f352af940db00418f1add423008d32a51d5497b5de2c9ff35?s=96&d=mm&r=g\",\"url\":\"https:\\\/\\\/secure.gravatar.com\\\/avatar\\\/124dc1dd8c5f9c9f352af940db00418f1add423008d32a51d5497b5de2c9ff35?s=96&d=mm&r=g\",\"contentUrl\":\"https:\\\/\\\/secure.gravatar.com\\\/avatar\\\/124dc1dd8c5f9c9f352af940db00418f1add423008d32a51d5497b5de2c9ff35?s=96&d=mm&r=g\",\"caption\":\"Alberto Hernandez\"},\"url\":\"https:\\\/\\\/worldvapersalliance.com\\\/de_de\\\/author\\\/alberto\\\/\"}]}<\/script>\n<!-- \/ Yoast SEO plugin. -->","yoast_head_json":{"title":"Setzen Sie sich f\u00fcr den Schutz der Aromen ein \u2013 die slowenische Konsultation l\u00e4uft! \u2013 Weltallianz der Dampfer","robots":{"index":"index","follow":"follow","max-snippet":"max-snippet:-1","max-image-preview":"max-image-preview:large","max-video-preview":"max-video-preview:-1"},"canonical":"https:\/\/worldvapersalliance.com\/de_de\/raise-your-voice-to-protect-flavours-slovenian-consultation-is-open\/","og_locale":"de_DE","og_type":"article","og_title":"Raise your voice to protect flavours \u2013 Slovenian consultation is open! - World Vapers&#039; Alliance","og_description":"The Slovenian Ministry of Health proposed to introduce a ban on all vaping flavourings except tobacco \u201cto prevent and reduce the use of electronic cigarettes among young people\u201d. According to the Slovenian authorities \u201cmore and more research also shows that, among adolescents who otherwise do not smoke, the use of an electronic cigarette significantly increases [&hellip;]","og_url":"https:\/\/worldvapersalliance.com\/de_de\/raise-your-voice-to-protect-flavours-slovenian-consultation-is-open\/","og_site_name":"World Vapers&#039; Alliance","article_published_time":"2023-03-23T14:59:47+00:00","article_modified_time":"2023-03-23T15:00:41+00:00","og_image":[{"width":2081,"height":1920,"url":"https:\/\/worldvapersalliance.com\/wp-content\/uploads\/2022\/03\/World_Vapers_Alliance_Logo_White_Stripes.png","type":"image\/png"}],"author":"Alberto Hernandez","twitter_card":"summary_large_image","twitter_misc":{"Geschrieben von":"Alberto Hernandez","Gesch\u00e4tzte Lesezeit":"2 Minuten"},"schema":{"@context":"https:\/\/schema.org","@graph":[{"@type":"Article","@id":"https:\/\/worldvapersalliance.com\/raise-your-voice-to-protect-flavours-slovenian-consultation-is-open\/#article","isPartOf":{"@id":"https:\/\/worldvapersalliance.com\/raise-your-voice-to-protect-flavours-slovenian-consultation-is-open\/"},"author":{"name":"Alberto Hernandez","@id":"https:\/\/worldvapersalliance.com\/#\/schema\/person\/9b81eefe507e68fb5ab671aa0ab2bfb6"},"headline":"Raise your voice to protect flavours \u2013 Slovenian consultation is open!","datePublished":"2023-03-23T14:59:47+00:00","dateModified":"2023-03-23T15:00:41+00:00","mainEntityOfPage":{"@id":"https:\/\/worldvapersalliance.com\/raise-your-voice-to-protect-flavours-slovenian-consultation-is-open\/"},"wordCount":306,"commentCount":1,"publisher":{"@id":"https:\/\/worldvapersalliance.com\/#organization"},"image":{"@id":"https:\/\/worldvapersalliance.com\/raise-your-voice-to-protect-flavours-slovenian-consultation-is-open\/#primaryimage"},"thumbnailUrl":"https:\/\/worldvapersalliance.com\/wp-content\/uploads\/2022\/03\/World_Vapers_Alliance_Logo_White_Stripes.png","articleSection":["Blog"],"inLanguage":"de-DE","potentialAction":[{"@type":"CommentAction","name":"Comment","target":["https:\/\/worldvapersalliance.com\/raise-your-voice-to-protect-flavours-slovenian-consultation-is-open\/#respond"]}]},{"@type":"WebPage","@id":"https:\/\/worldvapersalliance.com\/raise-your-voice-to-protect-flavours-slovenian-consultation-is-open\/","url":"https:\/\/worldvapersalliance.com\/raise-your-voice-to-protect-flavours-slovenian-consultation-is-open\/","name":"Setzen Sie sich f\u00fcr den Schutz der Aromen ein \u2013 die slowenische Konsultation l\u00e4uft! \u2013 Weltallianz der Dampfer","isPartOf":{"@id":"https:\/\/worldvapersalliance.com\/#website"},"primaryImageOfPage":{"@id":"https:\/\/worldvapersalliance.com\/raise-your-voice-to-protect-flavours-slovenian-consultation-is-open\/#primaryimage"},"image":{"@id":"https:\/\/worldvapersalliance.com\/raise-your-voice-to-protect-flavours-slovenian-consultation-is-open\/#primaryimage"},"thumbnailUrl":"https:\/\/worldvapersalliance.com\/wp-content\/uploads\/2022\/03\/World_Vapers_Alliance_Logo_White_Stripes.png","datePublished":"2023-03-23T14:59:47+00:00","dateModified":"2023-03-23T15:00:41+00:00","inLanguage":"de-DE","potentialAction":[{"@type":"ReadAction","target":["https:\/\/worldvapersalliance.com\/raise-your-voice-to-protect-flavours-slovenian-consultation-is-open\/"]}]},{"@type":"ImageObject","inLanguage":"de-DE","@id":"https:\/\/worldvapersalliance.com\/raise-your-voice-to-protect-flavours-slovenian-consultation-is-open\/#primaryimage","url":"https:\/\/worldvapersalliance.com\/wp-content\/uploads\/2022\/03\/World_Vapers_Alliance_Logo_White_Stripes.png","contentUrl":"https:\/\/worldvapersalliance.com\/wp-content\/uploads\/2022\/03\/World_Vapers_Alliance_Logo_White_Stripes.png","width":2081,"height":1920},{"@type":"WebSite","@id":"https:\/\/worldvapersalliance.com\/#website","url":"https:\/\/worldvapersalliance.com\/","name":"Weltweite Allianz der Dampfer","description":"Die gr\u00f6\u00dfte Community von Dampfern","publisher":{"@id":"https:\/\/worldvapersalliance.com\/#organization"},"potentialAction":[{"@type":"SearchAction","target":{"@type":"EntryPoint","urlTemplate":"https:\/\/worldvapersalliance.com\/?s={search_term_string}"},"query-input":{"@type":"PropertyValueSpecification","valueRequired":true,"valueName":"search_term_string"}}],"inLanguage":"de-DE"},{"@type":"Organization","@id":"https:\/\/worldvapersalliance.com\/#organization","name":"Weltweite Allianz der Dampfer","url":"https:\/\/worldvapersalliance.com\/","logo":{"@type":"ImageObject","inLanguage":"de-DE","@id":"https:\/\/worldvapersalliance.com\/#\/schema\/logo\/image\/","url":"https:\/\/worldvapersalliance.com\/wp-content\/uploads\/2022\/01\/WVA_RB_Fist_G.png","contentUrl":"https:\/\/worldvapersalliance.com\/wp-content\/uploads\/2022\/01\/WVA_RB_Fist_G.png","width":985,"height":1177,"caption":"World Vapers&#039; Alliance"},"image":{"@id":"https:\/\/worldvapersalliance.com\/#\/schema\/logo\/image\/"}},{"@type":"Person","@id":"https:\/\/worldvapersalliance.com\/#\/schema\/person\/9b81eefe507e68fb5ab671aa0ab2bfb6","name":"Alberto Hernandez","image":{"@type":"ImageObject","inLanguage":"de-DE","@id":"https:\/\/secure.gravatar.com\/avatar\/124dc1dd8c5f9c9f352af940db00418f1add423008d32a51d5497b5de2c9ff35?s=96&d=mm&r=g","url":"https:\/\/secure.gravatar.com\/avatar\/124dc1dd8c5f9c9f352af940db00418f1add423008d32a51d5497b5de2c9ff35?s=96&d=mm&r=g","contentUrl":"https:\/\/secure.gravatar.com\/avatar\/124dc1dd8c5f9c9f352af940db00418f1add423008d32a51d5497b5de2c9ff35?s=96&d=mm&r=g","caption":"Alberto Hernandez"},"url":"https:\/\/worldvapersalliance.com\/de_de\/author\/alberto\/"}]}},"_links":{"self":[{"href":"https:\/\/worldvapersalliance.com\/de_de\/wp-json\/wp\/v2\/posts\/3900","targetHints":{"allow":["GET"]}}],"collection":[{"href":"https:\/\/worldvapersalliance.com\/de_de\/wp-json\/wp\/v2\/posts"}],"about":[{"href":"https:\/\/worldvapersalliance.com\/de_de\/wp-json\/wp\/v2\/types\/post"}],"author":[{"embeddable":true,"href":"https:\/\/worldvapersalliance.com\/de_de\/wp-json\/wp\/v2\/users\/14"}],"replies":[{"embeddable":true,"href":"https:\/\/worldvapersalliance.com\/de_de\/wp-json\/wp\/v2\/comments?post=3900"}],"version-history":[{"count":0,"href":"https:\/\/worldvapersalliance.com\/de_de\/wp-json\/wp\/v2\/posts\/3900\/revisions"}],"wp:featuredmedia":[{"embeddable":true,"href":"https:\/\/worldvapersalliance.com\/de_de\/wp-json\/wp\/v2\/media\/1042"}],"wp:attachment":[{"href":"https:\/\/worldvapersalliance.com\/de_de\/wp-json\/wp\/v2\/media?parent=3900"}],"wp:term":[{"taxonomy":"category","embeddable":true,"href":"https:\/\/worldvapersalliance.com\/de_de\/wp-json\/wp\/v2\/categories?post=3900"},{"taxonomy":"post_tag","embeddable":true,"href":"https:\/\/worldvapersalliance.com\/de_de\/wp-json\/wp\/v2\/tags?post=3900"}],"curies":[{"name":"wp","href":"https:\/\/api.w.org\/{rel}","templated":true}]}}