{"id":371,"date":"2021-11-02T14:36:14","date_gmt":"2021-11-02T18:36:14","guid":{"rendered":"https:\/\/cccwva.wpengine.com\/?p=371"},"modified":"2022-02-05T16:54:06","modified_gmt":"2022-02-05T21:54:06","slug":"ohms-do-vapor-joins-the-world-vapers-alliance","status":"publish","type":"post","link":"https:\/\/worldvapersalliance.com\/de_de\/ohms-do-vapor-joins-the-world-vapers-alliance\/","title":{"rendered":"Ohms do Vapor tritt der World Vapers&#039; Alliance bei"},"content":{"rendered":"<p class=\"has-text-align-left\"><strong>Die World Vapers&#039; Alliance freut sich, ihre neue Partnerschaft mit\u00a0<a href=\"https:\/\/ohmsdovapor.pt\/\" target=\"_blank\" rel=\"noreferrer noopener nofollow\" data-wpel-link=\"external\">Ohm macht Dampf<\/a>, eine in Portugal ans\u00e4ssige Interessenvertretung f\u00fcr das Dampfen.\u00a0<\/strong><\/p>\n<div class=\"wp-block-image\"><img fetchpriority=\"high\" decoding=\"async\" class=\"alignleft wp-image-372 size-medium\" src=\"https:\/\/worldvapersalliance.com\/wp-content\/uploads\/2022\/01\/unnamed-2-300x300.png\" alt=\"\" width=\"300\" height=\"300\" srcset=\"https:\/\/worldvapersalliance.com\/wp-content\/uploads\/2022\/01\/unnamed-2-300x300.png 300w, https:\/\/worldvapersalliance.com\/wp-content\/uploads\/2022\/01\/unnamed-2-100x100.png 100w, https:\/\/worldvapersalliance.com\/wp-content\/uploads\/2022\/01\/unnamed-2-150x150.png 150w, https:\/\/worldvapersalliance.com\/wp-content\/uploads\/2022\/01\/unnamed-2-12x12.png 12w, https:\/\/worldvapersalliance.com\/wp-content\/uploads\/2022\/01\/unnamed-2.png 512w\" sizes=\"(max-width: 300px) 100vw, 300px\" \/><\/div>\n<p>Ohms do Vapor ist eine informelle Gruppe portugiesischer Dampfer, unabh\u00e4ngig von der Tabak- und Pharmaindustrie. Die Gruppe setzt sich f\u00fcr ein verantwortungsvolles und nachhaltiges Dampfen f\u00fcr erwachsene Ex-Raucher ein. Sie informiert Konsumenten und erkl\u00e4rt, wie alternative Produkte wie E-Zigaretten Rauchern beim Aufh\u00f6ren helfen k\u00f6nnen.<\/p>\n<p>Ohms do Vapor kommentierte: \u201c<em>Unser Slogan lautet: \u2018Informationen wollen frei sein\u2019 \u2013 frei von politischen und finanziellen Interessen und f\u00fcr alle zug\u00e4nglich. Wir sind \u00fcberzeugt, dass dieser transparente Ansatz auch f\u00fcr das Dampfen gelten sollte.<\/em>\u201d<\/p>\n<p>Bevor sie der WVA als Partnerorganisation beitraten, absolvierten viele Mitglieder von Ohms do Vapor die Ausbildung bei\u00a0<a href=\"https:\/\/worldvapersalliance.com\/de_de\/academy\/\" data-wpel-link=\"internal\">WVA-Akademie<\/a>, gestartet im Fr\u00fchjahr 2020.<\/p>\n<p><em>\u201cEs ist wichtig, die Rolle hervorzuheben, die die WVA Academy bei unserer Entscheidung gespielt hat, indem sie zum Aktivismus ermutigte, globale Probleme des Dampfens diskutierte und die legislativen und politischen Prozesse erl\u00e4uterte, die die Zukunft des Dampfens weltweit bestimmen werden.\u201c.<\/em><\/p>\n<p><em>Mit unseren Kompetenzen und der WVA als Partner k\u00f6nnen wir mehr und bessere Informationen bereitstellen und hoffentlich bei unseren Followern und anderen Dampfern denselben Einsatzgeist entfachen.<\/em>.\u201d<\/p>\n<p>Die World Vapers&#039; Alliance freut sich sehr, Ohms do Vapor als neues Mitglied begr\u00fc\u00dfen zu d\u00fcrfen. Wir freuen uns darauf, gemeinsam f\u00fcr das Dampfen einzutreten!<\/p>\n<p><strong>Erfahren Sie mehr \u00fcber Ohms do Vapor:<\/strong><\/p>\n<p>Webseite \u2013\u00a0<a href=\"https:\/\/ohmsdovapor.pt\/\" target=\"_blank\" rel=\"nofollow noopener noreferrer\" data-wpel-link=\"external\">https:\/\/ohmsdovapor.pt<\/a><\/p>\n<p>Facebook \u2013\u00a0<a href=\"https:\/\/facebook.com\/ohmsdovapor\" target=\"_blank\" rel=\"nofollow noopener noreferrer\" data-wpel-link=\"external\">https:\/\/facebook.com\/ohmsdovapor<\/a><\/p>\n<p>Instagram -\u00a0<a href=\"https:\/\/instagram.com\/ohmsdovapor\" target=\"_blank\" rel=\"nofollow noopener noreferrer\" data-wpel-link=\"external\">https:\/\/instagram.com\/ohmsdovapor<\/a>z<\/p>\n<p>YouTube \u2013\u00a0<a href=\"https:\/\/youtube.com\/ohmsdovapor\" target=\"_blank\" rel=\"nofollow noopener noreferrer\" data-wpel-link=\"external\">https:\/\/youtube.com\/ohmsdovapor<\/a><\/p>\n<p>Twitter \u2013\u00a0<a href=\"https:\/\/twitter.com\/ohmsdovapor\" target=\"_blank\" rel=\"nofollow noopener noreferrer\" data-wpel-link=\"external\">https:\/\/twitter.com\/ohmsdovapor<\/a><\/p>\n<p>Zwietracht:<a href=\"https:\/\/discord.ohmsdovapor.pt\/\" target=\"_blank\" rel=\"nofollow noopener noreferrer\" data-wpel-link=\"external\">\u00a0https:\/\/discord.ohmsdovapor.pt\/<\/a><\/p>","protected":false},"excerpt":{"rendered":"<p>The World Vapers\u2019 Alliance is delighted to announce its new partnership with\u00a0Ohms do Vapor, a vaping advocacy group based in Portugal.\u00a0 Ohms do Vapor is an informal group of Portuguese vapers, independent from the tobacco or pharmaceutical industry. The group advocates vaping for adult former smokers in a responsible and sustainable way. They help inform [&hellip;]<\/p>\n","protected":false},"author":4,"featured_media":626,"comment_status":"open","ping_status":"open","sticky":false,"template":"","format":"standard","meta":{"footnotes":""},"categories":[17],"tags":[],"class_list":["post-371","post","type-post","status-publish","format-standard","has-post-thumbnail","hentry","category-blog"],"yoast_head":"<!-- This site is optimized with the Yoast SEO plugin v27.3 - https:\/\/yoast.com\/product\/yoast-seo-wordpress\/ -->\n<title>Ohms do Vapor joins the World Vapers\u2019 Alliance - World Vapers&#039; Alliance<\/title>\n<meta name=\"robots\" content=\"index, follow, max-snippet:-1, max-image-preview:large, max-video-preview:-1\" \/>\n<link rel=\"canonical\" href=\"https:\/\/worldvapersalliance.com\/de_de\/ohms-do-vapor-joins-the-world-vapers-alliance\/\" \/>\n<meta property=\"og:locale\" content=\"de_DE\" \/>\n<meta property=\"og:type\" content=\"article\" \/>\n<meta property=\"og:title\" content=\"Ohms do Vapor joins the World Vapers\u2019 Alliance - World Vapers&#039; Alliance\" \/>\n<meta property=\"og:description\" content=\"The World Vapers\u2019 Alliance is delighted to announce its new partnership with\u00a0Ohms do Vapor, a vaping advocacy group based in Portugal.\u00a0 Ohms do Vapor is an informal group of Portuguese vapers, independent from the tobacco or pharmaceutical industry. The group advocates vaping for adult former smokers in a responsible and sustainable way. They help inform [&hellip;]\" \/>\n<meta property=\"og:url\" content=\"https:\/\/worldvapersalliance.com\/de_de\/ohms-do-vapor-joins-the-world-vapers-alliance\/\" \/>\n<meta property=\"og:site_name\" content=\"World Vapers&#039; Alliance\" \/>\n<meta property=\"article:published_time\" content=\"2021-11-02T18:36:14+00:00\" \/>\n<meta property=\"article:modified_time\" content=\"2022-02-05T21:54:06+00:00\" \/>\n<meta property=\"og:image\" content=\"https:\/\/worldvapersalliance.com\/wp-content\/uploads\/2021\/11\/ohms-do-vapor-joins-wva.png\" \/>\n\t<meta property=\"og:image:width\" content=\"1000\" \/>\n\t<meta property=\"og:image:height\" content=\"500\" \/>\n\t<meta property=\"og:image:type\" content=\"image\/png\" \/>\n<meta name=\"author\" content=\"Michael Landl\" \/>\n<meta name=\"twitter:card\" content=\"summary_large_image\" \/>\n<meta name=\"twitter:label1\" content=\"Geschrieben von\" \/>\n\t<meta name=\"twitter:data1\" content=\"Michael Landl\" \/>\n\t<meta name=\"twitter:label2\" content=\"Gesch\u00e4tzte Lesezeit\" \/>\n\t<meta name=\"twitter:data2\" content=\"1 Minute\" \/>\n<script type=\"application\/ld+json\" class=\"yoast-schema-graph\">{\"@context\":\"https:\\\/\\\/schema.org\",\"@graph\":[{\"@type\":\"Article\",\"@id\":\"https:\\\/\\\/worldvapersalliance.com\\\/ohms-do-vapor-joins-the-world-vapers-alliance\\\/#article\",\"isPartOf\":{\"@id\":\"https:\\\/\\\/worldvapersalliance.com\\\/ohms-do-vapor-joins-the-world-vapers-alliance\\\/\"},\"author\":{\"name\":\"Michael Landl\",\"@id\":\"https:\\\/\\\/worldvapersalliance.com\\\/#\\\/schema\\\/person\\\/05f663571d787d89a2d5c77c482a6583\"},\"headline\":\"Ohms do Vapor joins the World Vapers\u2019 Alliance\",\"datePublished\":\"2021-11-02T18:36:14+00:00\",\"dateModified\":\"2022-02-05T21:54:06+00:00\",\"mainEntityOfPage\":{\"@id\":\"https:\\\/\\\/worldvapersalliance.com\\\/ohms-do-vapor-joins-the-world-vapers-alliance\\\/\"},\"wordCount\":254,\"commentCount\":0,\"publisher\":{\"@id\":\"https:\\\/\\\/worldvapersalliance.com\\\/#organization\"},\"image\":{\"@id\":\"https:\\\/\\\/worldvapersalliance.com\\\/ohms-do-vapor-joins-the-world-vapers-alliance\\\/#primaryimage\"},\"thumbnailUrl\":\"https:\\\/\\\/worldvapersalliance.com\\\/wp-content\\\/uploads\\\/2021\\\/11\\\/ohms-do-vapor-joins-wva.png\",\"articleSection\":[\"Blog\"],\"inLanguage\":\"de-DE\",\"potentialAction\":[{\"@type\":\"CommentAction\",\"name\":\"Comment\",\"target\":[\"https:\\\/\\\/worldvapersalliance.com\\\/ohms-do-vapor-joins-the-world-vapers-alliance\\\/#respond\"]}]},{\"@type\":\"WebPage\",\"@id\":\"https:\\\/\\\/worldvapersalliance.com\\\/ohms-do-vapor-joins-the-world-vapers-alliance\\\/\",\"url\":\"https:\\\/\\\/worldvapersalliance.com\\\/ohms-do-vapor-joins-the-world-vapers-alliance\\\/\",\"name\":\"Ohms do Vapor joins the World Vapers\u2019 Alliance - World Vapers&#039; Alliance\",\"isPartOf\":{\"@id\":\"https:\\\/\\\/worldvapersalliance.com\\\/#website\"},\"primaryImageOfPage\":{\"@id\":\"https:\\\/\\\/worldvapersalliance.com\\\/ohms-do-vapor-joins-the-world-vapers-alliance\\\/#primaryimage\"},\"image\":{\"@id\":\"https:\\\/\\\/worldvapersalliance.com\\\/ohms-do-vapor-joins-the-world-vapers-alliance\\\/#primaryimage\"},\"thumbnailUrl\":\"https:\\\/\\\/worldvapersalliance.com\\\/wp-content\\\/uploads\\\/2021\\\/11\\\/ohms-do-vapor-joins-wva.png\",\"datePublished\":\"2021-11-02T18:36:14+00:00\",\"dateModified\":\"2022-02-05T21:54:06+00:00\",\"inLanguage\":\"de-DE\",\"potentialAction\":[{\"@type\":\"ReadAction\",\"target\":[\"https:\\\/\\\/worldvapersalliance.com\\\/ohms-do-vapor-joins-the-world-vapers-alliance\\\/\"]}]},{\"@type\":\"ImageObject\",\"inLanguage\":\"de-DE\",\"@id\":\"https:\\\/\\\/worldvapersalliance.com\\\/ohms-do-vapor-joins-the-world-vapers-alliance\\\/#primaryimage\",\"url\":\"https:\\\/\\\/worldvapersalliance.com\\\/wp-content\\\/uploads\\\/2021\\\/11\\\/ohms-do-vapor-joins-wva.png\",\"contentUrl\":\"https:\\\/\\\/worldvapersalliance.com\\\/wp-content\\\/uploads\\\/2021\\\/11\\\/ohms-do-vapor-joins-wva.png\",\"width\":1000,\"height\":500},{\"@type\":\"WebSite\",\"@id\":\"https:\\\/\\\/worldvapersalliance.com\\\/#website\",\"url\":\"https:\\\/\\\/worldvapersalliance.com\\\/\",\"name\":\"World Vapers&#039; Alliance\",\"description\":\"The largest community of vapers\",\"publisher\":{\"@id\":\"https:\\\/\\\/worldvapersalliance.com\\\/#organization\"},\"potentialAction\":[{\"@type\":\"SearchAction\",\"target\":{\"@type\":\"EntryPoint\",\"urlTemplate\":\"https:\\\/\\\/worldvapersalliance.com\\\/?s={search_term_string}\"},\"query-input\":{\"@type\":\"PropertyValueSpecification\",\"valueRequired\":true,\"valueName\":\"search_term_string\"}}],\"inLanguage\":\"de-DE\"},{\"@type\":\"Organization\",\"@id\":\"https:\\\/\\\/worldvapersalliance.com\\\/#organization\",\"name\":\"World Vapers&#039; Alliance\",\"url\":\"https:\\\/\\\/worldvapersalliance.com\\\/\",\"logo\":{\"@type\":\"ImageObject\",\"inLanguage\":\"de-DE\",\"@id\":\"https:\\\/\\\/worldvapersalliance.com\\\/#\\\/schema\\\/logo\\\/image\\\/\",\"url\":\"https:\\\/\\\/worldvapersalliance.com\\\/wp-content\\\/uploads\\\/2022\\\/01\\\/WVA_RB_Fist_G.png\",\"contentUrl\":\"https:\\\/\\\/worldvapersalliance.com\\\/wp-content\\\/uploads\\\/2022\\\/01\\\/WVA_RB_Fist_G.png\",\"width\":985,\"height\":1177,\"caption\":\"World Vapers&#039; Alliance\"},\"image\":{\"@id\":\"https:\\\/\\\/worldvapersalliance.com\\\/#\\\/schema\\\/logo\\\/image\\\/\"}},{\"@type\":\"Person\",\"@id\":\"https:\\\/\\\/worldvapersalliance.com\\\/#\\\/schema\\\/person\\\/05f663571d787d89a2d5c77c482a6583\",\"name\":\"Michael Landl\",\"image\":{\"@type\":\"ImageObject\",\"inLanguage\":\"de-DE\",\"@id\":\"https:\\\/\\\/secure.gravatar.com\\\/avatar\\\/1537a11db5ae7fef0631b6c662f439d8a632c50630c980828d0e2c4de581568b?s=96&d=mm&r=g\",\"url\":\"https:\\\/\\\/secure.gravatar.com\\\/avatar\\\/1537a11db5ae7fef0631b6c662f439d8a632c50630c980828d0e2c4de581568b?s=96&d=mm&r=g\",\"contentUrl\":\"https:\\\/\\\/secure.gravatar.com\\\/avatar\\\/1537a11db5ae7fef0631b6c662f439d8a632c50630c980828d0e2c4de581568b?s=96&d=mm&r=g\",\"caption\":\"Michael Landl\"},\"url\":\"https:\\\/\\\/worldvapersalliance.com\\\/de_de\\\/author\\\/michael\\\/\"}]}<\/script>\n<!-- \/ Yoast SEO plugin. -->","yoast_head_json":{"title":"Ohms do Vapor tritt der World Vapers&#039; Alliance bei \u2013 World Vapers&#039; Alliance","robots":{"index":"index","follow":"follow","max-snippet":"max-snippet:-1","max-image-preview":"max-image-preview:large","max-video-preview":"max-video-preview:-1"},"canonical":"https:\/\/worldvapersalliance.com\/de_de\/ohms-do-vapor-joins-the-world-vapers-alliance\/","og_locale":"de_DE","og_type":"article","og_title":"Ohms do Vapor joins the World Vapers\u2019 Alliance - World Vapers&#039; Alliance","og_description":"The World Vapers\u2019 Alliance is delighted to announce its new partnership with\u00a0Ohms do Vapor, a vaping advocacy group based in Portugal.\u00a0 Ohms do Vapor is an informal group of Portuguese vapers, independent from the tobacco or pharmaceutical industry. The group advocates vaping for adult former smokers in a responsible and sustainable way. They help inform [&hellip;]","og_url":"https:\/\/worldvapersalliance.com\/de_de\/ohms-do-vapor-joins-the-world-vapers-alliance\/","og_site_name":"World Vapers&#039; Alliance","article_published_time":"2021-11-02T18:36:14+00:00","article_modified_time":"2022-02-05T21:54:06+00:00","og_image":[{"width":1000,"height":500,"url":"https:\/\/worldvapersalliance.com\/wp-content\/uploads\/2021\/11\/ohms-do-vapor-joins-wva.png","type":"image\/png"}],"author":"Michael Landl","twitter_card":"summary_large_image","twitter_misc":{"Geschrieben von":"Michael Landl","Gesch\u00e4tzte Lesezeit":"1 Minute"},"schema":{"@context":"https:\/\/schema.org","@graph":[{"@type":"Article","@id":"https:\/\/worldvapersalliance.com\/ohms-do-vapor-joins-the-world-vapers-alliance\/#article","isPartOf":{"@id":"https:\/\/worldvapersalliance.com\/ohms-do-vapor-joins-the-world-vapers-alliance\/"},"author":{"name":"Michael Landl","@id":"https:\/\/worldvapersalliance.com\/#\/schema\/person\/05f663571d787d89a2d5c77c482a6583"},"headline":"Ohms do Vapor joins the World Vapers\u2019 Alliance","datePublished":"2021-11-02T18:36:14+00:00","dateModified":"2022-02-05T21:54:06+00:00","mainEntityOfPage":{"@id":"https:\/\/worldvapersalliance.com\/ohms-do-vapor-joins-the-world-vapers-alliance\/"},"wordCount":254,"commentCount":0,"publisher":{"@id":"https:\/\/worldvapersalliance.com\/#organization"},"image":{"@id":"https:\/\/worldvapersalliance.com\/ohms-do-vapor-joins-the-world-vapers-alliance\/#primaryimage"},"thumbnailUrl":"https:\/\/worldvapersalliance.com\/wp-content\/uploads\/2021\/11\/ohms-do-vapor-joins-wva.png","articleSection":["Blog"],"inLanguage":"de-DE","potentialAction":[{"@type":"CommentAction","name":"Comment","target":["https:\/\/worldvapersalliance.com\/ohms-do-vapor-joins-the-world-vapers-alliance\/#respond"]}]},{"@type":"WebPage","@id":"https:\/\/worldvapersalliance.com\/ohms-do-vapor-joins-the-world-vapers-alliance\/","url":"https:\/\/worldvapersalliance.com\/ohms-do-vapor-joins-the-world-vapers-alliance\/","name":"Ohms do Vapor tritt der World Vapers&#039; Alliance bei \u2013 World Vapers&#039; Alliance","isPartOf":{"@id":"https:\/\/worldvapersalliance.com\/#website"},"primaryImageOfPage":{"@id":"https:\/\/worldvapersalliance.com\/ohms-do-vapor-joins-the-world-vapers-alliance\/#primaryimage"},"image":{"@id":"https:\/\/worldvapersalliance.com\/ohms-do-vapor-joins-the-world-vapers-alliance\/#primaryimage"},"thumbnailUrl":"https:\/\/worldvapersalliance.com\/wp-content\/uploads\/2021\/11\/ohms-do-vapor-joins-wva.png","datePublished":"2021-11-02T18:36:14+00:00","dateModified":"2022-02-05T21:54:06+00:00","inLanguage":"de-DE","potentialAction":[{"@type":"ReadAction","target":["https:\/\/worldvapersalliance.com\/ohms-do-vapor-joins-the-world-vapers-alliance\/"]}]},{"@type":"ImageObject","inLanguage":"de-DE","@id":"https:\/\/worldvapersalliance.com\/ohms-do-vapor-joins-the-world-vapers-alliance\/#primaryimage","url":"https:\/\/worldvapersalliance.com\/wp-content\/uploads\/2021\/11\/ohms-do-vapor-joins-wva.png","contentUrl":"https:\/\/worldvapersalliance.com\/wp-content\/uploads\/2021\/11\/ohms-do-vapor-joins-wva.png","width":1000,"height":500},{"@type":"WebSite","@id":"https:\/\/worldvapersalliance.com\/#website","url":"https:\/\/worldvapersalliance.com\/","name":"Weltweite Allianz der Dampfer","description":"Die gr\u00f6\u00dfte Community von Dampfern","publisher":{"@id":"https:\/\/worldvapersalliance.com\/#organization"},"potentialAction":[{"@type":"SearchAction","target":{"@type":"EntryPoint","urlTemplate":"https:\/\/worldvapersalliance.com\/?s={search_term_string}"},"query-input":{"@type":"PropertyValueSpecification","valueRequired":true,"valueName":"search_term_string"}}],"inLanguage":"de-DE"},{"@type":"Organization","@id":"https:\/\/worldvapersalliance.com\/#organization","name":"Weltweite Allianz der Dampfer","url":"https:\/\/worldvapersalliance.com\/","logo":{"@type":"ImageObject","inLanguage":"de-DE","@id":"https:\/\/worldvapersalliance.com\/#\/schema\/logo\/image\/","url":"https:\/\/worldvapersalliance.com\/wp-content\/uploads\/2022\/01\/WVA_RB_Fist_G.png","contentUrl":"https:\/\/worldvapersalliance.com\/wp-content\/uploads\/2022\/01\/WVA_RB_Fist_G.png","width":985,"height":1177,"caption":"World Vapers&#039; Alliance"},"image":{"@id":"https:\/\/worldvapersalliance.com\/#\/schema\/logo\/image\/"}},{"@type":"Person","@id":"https:\/\/worldvapersalliance.com\/#\/schema\/person\/05f663571d787d89a2d5c77c482a6583","name":"Michael Landl","image":{"@type":"ImageObject","inLanguage":"de-DE","@id":"https:\/\/secure.gravatar.com\/avatar\/1537a11db5ae7fef0631b6c662f439d8a632c50630c980828d0e2c4de581568b?s=96&d=mm&r=g","url":"https:\/\/secure.gravatar.com\/avatar\/1537a11db5ae7fef0631b6c662f439d8a632c50630c980828d0e2c4de581568b?s=96&d=mm&r=g","contentUrl":"https:\/\/secure.gravatar.com\/avatar\/1537a11db5ae7fef0631b6c662f439d8a632c50630c980828d0e2c4de581568b?s=96&d=mm&r=g","caption":"Michael Landl"},"url":"https:\/\/worldvapersalliance.com\/de_de\/author\/michael\/"}]}},"_links":{"self":[{"href":"https:\/\/worldvapersalliance.com\/de_de\/wp-json\/wp\/v2\/posts\/371","targetHints":{"allow":["GET"]}}],"collection":[{"href":"https:\/\/worldvapersalliance.com\/de_de\/wp-json\/wp\/v2\/posts"}],"about":[{"href":"https:\/\/worldvapersalliance.com\/de_de\/wp-json\/wp\/v2\/types\/post"}],"author":[{"embeddable":true,"href":"https:\/\/worldvapersalliance.com\/de_de\/wp-json\/wp\/v2\/users\/4"}],"replies":[{"embeddable":true,"href":"https:\/\/worldvapersalliance.com\/de_de\/wp-json\/wp\/v2\/comments?post=371"}],"version-history":[{"count":0,"href":"https:\/\/worldvapersalliance.com\/de_de\/wp-json\/wp\/v2\/posts\/371\/revisions"}],"wp:featuredmedia":[{"embeddable":true,"href":"https:\/\/worldvapersalliance.com\/de_de\/wp-json\/wp\/v2\/media\/626"}],"wp:attachment":[{"href":"https:\/\/worldvapersalliance.com\/de_de\/wp-json\/wp\/v2\/media?parent=371"}],"wp:term":[{"taxonomy":"category","embeddable":true,"href":"https:\/\/worldvapersalliance.com\/de_de\/wp-json\/wp\/v2\/categories?post=371"},{"taxonomy":"post_tag","embeddable":true,"href":"https:\/\/worldvapersalliance.com\/de_de\/wp-json\/wp\/v2\/tags?post=371"}],"curies":[{"name":"wp","href":"https:\/\/api.w.org\/{rel}","templated":true}]}}