{"id":1551,"date":"2022-06-21T18:01:36","date_gmt":"2022-06-21T22:01:36","guid":{"rendered":"https:\/\/worldvapersalliance.com\/?p=1551"},"modified":"2022-06-28T18:02:05","modified_gmt":"2022-06-28T22:02:05","slug":"svezia-parlamento-affossa-il-divieto-di-aromi-nelle-sigarette-elettroniche","status":"publish","type":"post","link":"https:\/\/worldvapersalliance.com\/de_de\/svezia-parlamento-affossa-il-divieto-di-aromi-nelle-sigarette-elettroniche\/","title":{"rendered":"Schweden, das Parlament teilte den Duft der elektronischen Zigarette mit"},"content":{"rendered":"<h5 class=\"post-subtitle\">Der Regierungsvorschlag zur Einwilligung in den Genuss von Tabak ist nicht zul\u00e4ssig. Soddisfatto Landl (Wva): \u201cFesteggiamo una grande vittoria\u201d.<\/h5>\n<p>Das schwedische Parlament hat der Regierung des Landes nicht den Verkauf von Fl\u00fcssigkeiten f\u00fcr elektronische Zigaretten mit verschiedenen Tabakinhalten vorgeschlagen. Wir m\u00fcssen jedoch die Vereinbarung treffen, um sicherzustellen, dass die Verbraucher und die Aufsichtsperson und der Arbeitgeber versichert sind. Il disegno di legge <a href=\"https:\/\/www.sigmagazine.it\/2022\/06\/svezia-parlamento-divieto-aromi\/\" target=\"_blank\" rel=\"noopener noreferrer\">Ich habe das negative Urteil der Commissione salute verk\u00fcndet<\/a>.<br \/>\nDer Reichstag hat dem Regierungsvorschlag zur Einf\u00fchrung einer strengeren Regelung grunds\u00e4tzlich zugestimmt, er hat die Vorschl\u00e4ge f\u00fcr ein Geschmacksverbot verworfen und dem Verkauf von fl\u00fcssigem Tabak nur zugestimmt. Zweitens war das Parlament nicht in der Lage, konkrete Beweise daf\u00fcr zu liefern, dass der Duft nicht in fl\u00fcssiger Form str\u00f6mte. Der Reichstag hat erneut eine Berufung gegen die Regierung eingelegt, in der er die neue Staatsanwaltschaft einf\u00fchrte, die die Nikotinabtretung vor 18 Jahren best\u00e4tigte.<\/p>\n<p>Lesen Sie den vollst\u00e4ndigen Text <a href=\"https:\/\/www.sigmagazine.it\/2022\/06\/svezia-no-divieto-aromi\/\" target=\"_blank\" rel=\"noopener\">Hier<\/a><\/p>","protected":false},"excerpt":{"rendered":"<p>Non passa la proposta del governo di consentire soltanto i gusti al tabacco. Soddisfatto Landl (Wva): &#8220;Festeggiamo una grande vittoria&#8221;. Il Parlamento svedese ha detto no alla proposta del governo di vietare la vendita di liquidi per sigarette elettroniche contenenti aromi diversi dal tabacco. Ma si \u00e8 detto d\u2019accordo a regolamentare il comparto introducendo misure [&hellip;]<\/p>\n","protected":false},"author":11,"featured_media":6394,"comment_status":"open","ping_status":"open","sticky":false,"template":"","format":"standard","meta":{"footnotes":""},"categories":[15],"tags":[],"class_list":["post-1551","post","type-post","status-publish","format-standard","has-post-thumbnail","hentry","category-wva-in-the-news"],"yoast_head":"<!-- This site is optimized with the Yoast SEO plugin v27.3 - https:\/\/yoast.com\/product\/yoast-seo-wordpress\/ -->\n<title>Svezia, parlamento affossa il divieto di aromi nelle sigarette elettroniche - World Vapers&#039; Alliance<\/title>\n<meta name=\"robots\" content=\"index, follow, max-snippet:-1, max-image-preview:large, max-video-preview:-1\" \/>\n<link rel=\"canonical\" href=\"https:\/\/worldvapersalliance.com\/de_de\/svezia-parlamento-affossa-il-divieto-di-aromi-nelle-sigarette-elettroniche\/\" \/>\n<meta property=\"og:locale\" content=\"de_DE\" \/>\n<meta property=\"og:type\" content=\"article\" \/>\n<meta property=\"og:title\" content=\"Svezia, parlamento affossa il divieto di aromi nelle sigarette elettroniche - World Vapers&#039; Alliance\" \/>\n<meta property=\"og:description\" content=\"Non passa la proposta del governo di consentire soltanto i gusti al tabacco. Soddisfatto Landl (Wva): &#8220;Festeggiamo una grande vittoria&#8221;. Il Parlamento svedese ha detto no alla proposta del governo di vietare la vendita di liquidi per sigarette elettroniche contenenti aromi diversi dal tabacco. Ma si \u00e8 detto d\u2019accordo a regolamentare il comparto introducendo misure [&hellip;]\" \/>\n<meta property=\"og:url\" content=\"https:\/\/worldvapersalliance.com\/de_de\/svezia-parlamento-affossa-il-divieto-di-aromi-nelle-sigarette-elettroniche\/\" \/>\n<meta property=\"og:site_name\" content=\"World Vapers&#039; Alliance\" \/>\n<meta property=\"article:published_time\" content=\"2022-06-21T22:01:36+00:00\" \/>\n<meta property=\"article:modified_time\" content=\"2022-06-28T22:02:05+00:00\" \/>\n<meta property=\"og:image\" content=\"https:\/\/worldvapersalliance.com\/wp-content\/uploads\/2022\/03\/World_Vapers_Alliance_Logo_White_Stripes.png\" \/>\n\t<meta property=\"og:image:width\" content=\"2081\" \/>\n\t<meta property=\"og:image:height\" content=\"1920\" \/>\n\t<meta property=\"og:image:type\" content=\"image\/png\" \/>\n<meta name=\"author\" content=\"World Vapers&#039; Alliance\" \/>\n<meta name=\"twitter:card\" content=\"summary_large_image\" \/>\n<meta name=\"twitter:label1\" content=\"Geschrieben von\" \/>\n\t<meta name=\"twitter:data1\" content=\"World Vapers&#039; Alliance\" \/>\n\t<meta name=\"twitter:label2\" content=\"Gesch\u00e4tzte Lesezeit\" \/>\n\t<meta name=\"twitter:data2\" content=\"1 Minute\" \/>\n<script type=\"application\/ld+json\" class=\"yoast-schema-graph\">{\"@context\":\"https:\\\/\\\/schema.org\",\"@graph\":[{\"@type\":\"Article\",\"@id\":\"https:\\\/\\\/worldvapersalliance.com\\\/svezia-parlamento-affossa-il-divieto-di-aromi-nelle-sigarette-elettroniche\\\/#article\",\"isPartOf\":{\"@id\":\"https:\\\/\\\/worldvapersalliance.com\\\/svezia-parlamento-affossa-il-divieto-di-aromi-nelle-sigarette-elettroniche\\\/\"},\"author\":{\"name\":\"World Vapers' Alliance\",\"@id\":\"https:\\\/\\\/worldvapersalliance.com\\\/#\\\/schema\\\/person\\\/18484a6f20bcc6f70a2419c8babe017d\"},\"headline\":\"Svezia, parlamento affossa il divieto di aromi nelle sigarette elettroniche\",\"datePublished\":\"2022-06-21T22:01:36+00:00\",\"dateModified\":\"2022-06-28T22:02:05+00:00\",\"mainEntityOfPage\":{\"@id\":\"https:\\\/\\\/worldvapersalliance.com\\\/svezia-parlamento-affossa-il-divieto-di-aromi-nelle-sigarette-elettroniche\\\/\"},\"wordCount\":172,\"commentCount\":0,\"publisher\":{\"@id\":\"https:\\\/\\\/worldvapersalliance.com\\\/#organization\"},\"image\":{\"@id\":\"https:\\\/\\\/worldvapersalliance.com\\\/svezia-parlamento-affossa-il-divieto-di-aromi-nelle-sigarette-elettroniche\\\/#primaryimage\"},\"thumbnailUrl\":\"https:\\\/\\\/worldvapersalliance.com\\\/wp-content\\\/uploads\\\/2025\\\/08\\\/WVA-in-the-news.png\",\"articleSection\":[\"WVA in the News\"],\"inLanguage\":\"de-DE\",\"potentialAction\":[{\"@type\":\"CommentAction\",\"name\":\"Comment\",\"target\":[\"https:\\\/\\\/worldvapersalliance.com\\\/svezia-parlamento-affossa-il-divieto-di-aromi-nelle-sigarette-elettroniche\\\/#respond\"]}]},{\"@type\":\"WebPage\",\"@id\":\"https:\\\/\\\/worldvapersalliance.com\\\/svezia-parlamento-affossa-il-divieto-di-aromi-nelle-sigarette-elettroniche\\\/\",\"url\":\"https:\\\/\\\/worldvapersalliance.com\\\/svezia-parlamento-affossa-il-divieto-di-aromi-nelle-sigarette-elettroniche\\\/\",\"name\":\"Svezia, parlamento affossa il divieto di aromi nelle sigarette elettroniche - World Vapers&#039; Alliance\",\"isPartOf\":{\"@id\":\"https:\\\/\\\/worldvapersalliance.com\\\/#website\"},\"primaryImageOfPage\":{\"@id\":\"https:\\\/\\\/worldvapersalliance.com\\\/svezia-parlamento-affossa-il-divieto-di-aromi-nelle-sigarette-elettroniche\\\/#primaryimage\"},\"image\":{\"@id\":\"https:\\\/\\\/worldvapersalliance.com\\\/svezia-parlamento-affossa-il-divieto-di-aromi-nelle-sigarette-elettroniche\\\/#primaryimage\"},\"thumbnailUrl\":\"https:\\\/\\\/worldvapersalliance.com\\\/wp-content\\\/uploads\\\/2025\\\/08\\\/WVA-in-the-news.png\",\"datePublished\":\"2022-06-21T22:01:36+00:00\",\"dateModified\":\"2022-06-28T22:02:05+00:00\",\"inLanguage\":\"de-DE\",\"potentialAction\":[{\"@type\":\"ReadAction\",\"target\":[\"https:\\\/\\\/worldvapersalliance.com\\\/svezia-parlamento-affossa-il-divieto-di-aromi-nelle-sigarette-elettroniche\\\/\"]}]},{\"@type\":\"ImageObject\",\"inLanguage\":\"de-DE\",\"@id\":\"https:\\\/\\\/worldvapersalliance.com\\\/svezia-parlamento-affossa-il-divieto-di-aromi-nelle-sigarette-elettroniche\\\/#primaryimage\",\"url\":\"https:\\\/\\\/worldvapersalliance.com\\\/wp-content\\\/uploads\\\/2025\\\/08\\\/WVA-in-the-news.png\",\"contentUrl\":\"https:\\\/\\\/worldvapersalliance.com\\\/wp-content\\\/uploads\\\/2025\\\/08\\\/WVA-in-the-news.png\",\"width\":1264,\"height\":848},{\"@type\":\"WebSite\",\"@id\":\"https:\\\/\\\/worldvapersalliance.com\\\/#website\",\"url\":\"https:\\\/\\\/worldvapersalliance.com\\\/\",\"name\":\"World Vapers&#039; Alliance\",\"description\":\"The largest community of vapers\",\"publisher\":{\"@id\":\"https:\\\/\\\/worldvapersalliance.com\\\/#organization\"},\"potentialAction\":[{\"@type\":\"SearchAction\",\"target\":{\"@type\":\"EntryPoint\",\"urlTemplate\":\"https:\\\/\\\/worldvapersalliance.com\\\/?s={search_term_string}\"},\"query-input\":{\"@type\":\"PropertyValueSpecification\",\"valueRequired\":true,\"valueName\":\"search_term_string\"}}],\"inLanguage\":\"de-DE\"},{\"@type\":\"Organization\",\"@id\":\"https:\\\/\\\/worldvapersalliance.com\\\/#organization\",\"name\":\"World Vapers&#039; Alliance\",\"url\":\"https:\\\/\\\/worldvapersalliance.com\\\/\",\"logo\":{\"@type\":\"ImageObject\",\"inLanguage\":\"de-DE\",\"@id\":\"https:\\\/\\\/worldvapersalliance.com\\\/#\\\/schema\\\/logo\\\/image\\\/\",\"url\":\"https:\\\/\\\/worldvapersalliance.com\\\/wp-content\\\/uploads\\\/2022\\\/01\\\/WVA_RB_Fist_G.png\",\"contentUrl\":\"https:\\\/\\\/worldvapersalliance.com\\\/wp-content\\\/uploads\\\/2022\\\/01\\\/WVA_RB_Fist_G.png\",\"width\":985,\"height\":1177,\"caption\":\"World Vapers&#039; Alliance\"},\"image\":{\"@id\":\"https:\\\/\\\/worldvapersalliance.com\\\/#\\\/schema\\\/logo\\\/image\\\/\"}},{\"@type\":\"Person\",\"@id\":\"https:\\\/\\\/worldvapersalliance.com\\\/#\\\/schema\\\/person\\\/18484a6f20bcc6f70a2419c8babe017d\",\"name\":\"World Vapers' Alliance\",\"image\":{\"@type\":\"ImageObject\",\"inLanguage\":\"de-DE\",\"@id\":\"https:\\\/\\\/secure.gravatar.com\\\/avatar\\\/456bf795c7a47c9ac527a94da4bff150aa49e48726d69bee9937f8383cffa246?s=96&d=mm&r=g\",\"url\":\"https:\\\/\\\/secure.gravatar.com\\\/avatar\\\/456bf795c7a47c9ac527a94da4bff150aa49e48726d69bee9937f8383cffa246?s=96&d=mm&r=g\",\"contentUrl\":\"https:\\\/\\\/secure.gravatar.com\\\/avatar\\\/456bf795c7a47c9ac527a94da4bff150aa49e48726d69bee9937f8383cffa246?s=96&d=mm&r=g\",\"caption\":\"World Vapers' Alliance\"},\"url\":\"https:\\\/\\\/worldvapersalliance.com\\\/de_de\\\/author\\\/wva\\\/\"}]}<\/script>\n<!-- \/ Yoast SEO plugin. -->","yoast_head_json":{"title":"Schweden, das Parlament teilte das Aroma der elektronischen Zigarette mit \u2013 World Vapers&#039; Alliance","robots":{"index":"index","follow":"follow","max-snippet":"max-snippet:-1","max-image-preview":"max-image-preview:large","max-video-preview":"max-video-preview:-1"},"canonical":"https:\/\/worldvapersalliance.com\/de_de\/svezia-parlamento-affossa-il-divieto-di-aromi-nelle-sigarette-elettroniche\/","og_locale":"de_DE","og_type":"article","og_title":"Svezia, parlamento affossa il divieto di aromi nelle sigarette elettroniche - World Vapers&#039; Alliance","og_description":"Non passa la proposta del governo di consentire soltanto i gusti al tabacco. Soddisfatto Landl (Wva): &#8220;Festeggiamo una grande vittoria&#8221;. Il Parlamento svedese ha detto no alla proposta del governo di vietare la vendita di liquidi per sigarette elettroniche contenenti aromi diversi dal tabacco. Ma si \u00e8 detto d\u2019accordo a regolamentare il comparto introducendo misure [&hellip;]","og_url":"https:\/\/worldvapersalliance.com\/de_de\/svezia-parlamento-affossa-il-divieto-di-aromi-nelle-sigarette-elettroniche\/","og_site_name":"World Vapers&#039; Alliance","article_published_time":"2022-06-21T22:01:36+00:00","article_modified_time":"2022-06-28T22:02:05+00:00","og_image":[{"width":2081,"height":1920,"url":"https:\/\/worldvapersalliance.com\/wp-content\/uploads\/2022\/03\/World_Vapers_Alliance_Logo_White_Stripes.png","type":"image\/png"}],"author":"World Vapers' Alliance","twitter_card":"summary_large_image","twitter_misc":{"Geschrieben von":"World Vapers' Alliance","Gesch\u00e4tzte Lesezeit":"1 Minute"},"schema":{"@context":"https:\/\/schema.org","@graph":[{"@type":"Article","@id":"https:\/\/worldvapersalliance.com\/svezia-parlamento-affossa-il-divieto-di-aromi-nelle-sigarette-elettroniche\/#article","isPartOf":{"@id":"https:\/\/worldvapersalliance.com\/svezia-parlamento-affossa-il-divieto-di-aromi-nelle-sigarette-elettroniche\/"},"author":{"name":"World Vapers' Alliance","@id":"https:\/\/worldvapersalliance.com\/#\/schema\/person\/18484a6f20bcc6f70a2419c8babe017d"},"headline":"Svezia, parlamento affossa il divieto di aromi nelle sigarette elettroniche","datePublished":"2022-06-21T22:01:36+00:00","dateModified":"2022-06-28T22:02:05+00:00","mainEntityOfPage":{"@id":"https:\/\/worldvapersalliance.com\/svezia-parlamento-affossa-il-divieto-di-aromi-nelle-sigarette-elettroniche\/"},"wordCount":172,"commentCount":0,"publisher":{"@id":"https:\/\/worldvapersalliance.com\/#organization"},"image":{"@id":"https:\/\/worldvapersalliance.com\/svezia-parlamento-affossa-il-divieto-di-aromi-nelle-sigarette-elettroniche\/#primaryimage"},"thumbnailUrl":"https:\/\/worldvapersalliance.com\/wp-content\/uploads\/2025\/08\/WVA-in-the-news.png","articleSection":["WVA in the News"],"inLanguage":"de-DE","potentialAction":[{"@type":"CommentAction","name":"Comment","target":["https:\/\/worldvapersalliance.com\/svezia-parlamento-affossa-il-divieto-di-aromi-nelle-sigarette-elettroniche\/#respond"]}]},{"@type":"WebPage","@id":"https:\/\/worldvapersalliance.com\/svezia-parlamento-affossa-il-divieto-di-aromi-nelle-sigarette-elettroniche\/","url":"https:\/\/worldvapersalliance.com\/svezia-parlamento-affossa-il-divieto-di-aromi-nelle-sigarette-elettroniche\/","name":"Schweden, das Parlament teilte das Aroma der elektronischen Zigarette mit \u2013 World Vapers&#039; Alliance","isPartOf":{"@id":"https:\/\/worldvapersalliance.com\/#website"},"primaryImageOfPage":{"@id":"https:\/\/worldvapersalliance.com\/svezia-parlamento-affossa-il-divieto-di-aromi-nelle-sigarette-elettroniche\/#primaryimage"},"image":{"@id":"https:\/\/worldvapersalliance.com\/svezia-parlamento-affossa-il-divieto-di-aromi-nelle-sigarette-elettroniche\/#primaryimage"},"thumbnailUrl":"https:\/\/worldvapersalliance.com\/wp-content\/uploads\/2025\/08\/WVA-in-the-news.png","datePublished":"2022-06-21T22:01:36+00:00","dateModified":"2022-06-28T22:02:05+00:00","inLanguage":"de-DE","potentialAction":[{"@type":"ReadAction","target":["https:\/\/worldvapersalliance.com\/svezia-parlamento-affossa-il-divieto-di-aromi-nelle-sigarette-elettroniche\/"]}]},{"@type":"ImageObject","inLanguage":"de-DE","@id":"https:\/\/worldvapersalliance.com\/svezia-parlamento-affossa-il-divieto-di-aromi-nelle-sigarette-elettroniche\/#primaryimage","url":"https:\/\/worldvapersalliance.com\/wp-content\/uploads\/2025\/08\/WVA-in-the-news.png","contentUrl":"https:\/\/worldvapersalliance.com\/wp-content\/uploads\/2025\/08\/WVA-in-the-news.png","width":1264,"height":848},{"@type":"WebSite","@id":"https:\/\/worldvapersalliance.com\/#website","url":"https:\/\/worldvapersalliance.com\/","name":"Weltweite Allianz der Dampfer","description":"Die gr\u00f6\u00dfte Community von Dampfern","publisher":{"@id":"https:\/\/worldvapersalliance.com\/#organization"},"potentialAction":[{"@type":"SearchAction","target":{"@type":"EntryPoint","urlTemplate":"https:\/\/worldvapersalliance.com\/?s={search_term_string}"},"query-input":{"@type":"PropertyValueSpecification","valueRequired":true,"valueName":"search_term_string"}}],"inLanguage":"de-DE"},{"@type":"Organization","@id":"https:\/\/worldvapersalliance.com\/#organization","name":"Weltweite Allianz der Dampfer","url":"https:\/\/worldvapersalliance.com\/","logo":{"@type":"ImageObject","inLanguage":"de-DE","@id":"https:\/\/worldvapersalliance.com\/#\/schema\/logo\/image\/","url":"https:\/\/worldvapersalliance.com\/wp-content\/uploads\/2022\/01\/WVA_RB_Fist_G.png","contentUrl":"https:\/\/worldvapersalliance.com\/wp-content\/uploads\/2022\/01\/WVA_RB_Fist_G.png","width":985,"height":1177,"caption":"World Vapers&#039; Alliance"},"image":{"@id":"https:\/\/worldvapersalliance.com\/#\/schema\/logo\/image\/"}},{"@type":"Person","@id":"https:\/\/worldvapersalliance.com\/#\/schema\/person\/18484a6f20bcc6f70a2419c8babe017d","name":"Weltweite Allianz der Dampfer","image":{"@type":"ImageObject","inLanguage":"de-DE","@id":"https:\/\/secure.gravatar.com\/avatar\/456bf795c7a47c9ac527a94da4bff150aa49e48726d69bee9937f8383cffa246?s=96&d=mm&r=g","url":"https:\/\/secure.gravatar.com\/avatar\/456bf795c7a47c9ac527a94da4bff150aa49e48726d69bee9937f8383cffa246?s=96&d=mm&r=g","contentUrl":"https:\/\/secure.gravatar.com\/avatar\/456bf795c7a47c9ac527a94da4bff150aa49e48726d69bee9937f8383cffa246?s=96&d=mm&r=g","caption":"World Vapers' Alliance"},"url":"https:\/\/worldvapersalliance.com\/de_de\/author\/wva\/"}]}},"_links":{"self":[{"href":"https:\/\/worldvapersalliance.com\/de_de\/wp-json\/wp\/v2\/posts\/1551","targetHints":{"allow":["GET"]}}],"collection":[{"href":"https:\/\/worldvapersalliance.com\/de_de\/wp-json\/wp\/v2\/posts"}],"about":[{"href":"https:\/\/worldvapersalliance.com\/de_de\/wp-json\/wp\/v2\/types\/post"}],"author":[{"embeddable":true,"href":"https:\/\/worldvapersalliance.com\/de_de\/wp-json\/wp\/v2\/users\/11"}],"replies":[{"embeddable":true,"href":"https:\/\/worldvapersalliance.com\/de_de\/wp-json\/wp\/v2\/comments?post=1551"}],"version-history":[{"count":0,"href":"https:\/\/worldvapersalliance.com\/de_de\/wp-json\/wp\/v2\/posts\/1551\/revisions"}],"wp:featuredmedia":[{"embeddable":true,"href":"https:\/\/worldvapersalliance.com\/de_de\/wp-json\/wp\/v2\/media\/6394"}],"wp:attachment":[{"href":"https:\/\/worldvapersalliance.com\/de_de\/wp-json\/wp\/v2\/media?parent=1551"}],"wp:term":[{"taxonomy":"category","embeddable":true,"href":"https:\/\/worldvapersalliance.com\/de_de\/wp-json\/wp\/v2\/categories?post=1551"},{"taxonomy":"post_tag","embeddable":true,"href":"https:\/\/worldvapersalliance.com\/de_de\/wp-json\/wp\/v2\/tags?post=1551"}],"curies":[{"name":"wp","href":"https:\/\/api.w.org\/{rel}","templated":true}]}}