{"id":1460,"date":"2022-05-19T07:37:25","date_gmt":"2022-05-19T11:37:25","guid":{"rendered":"https:\/\/worldvapersalliance.com\/?p=1460"},"modified":"2022-05-25T07:39:30","modified_gmt":"2022-05-25T11:39:30","slug":"sigaretta-elettronica-la-commissione-europea-non-si-allinea-al-parlamento","status":"publish","type":"post","link":"https:\/\/worldvapersalliance.com\/de_de\/sigaretta-elettronica-la-commissione-europea-non-si-allinea-al-parlamento\/","title":{"rendered":"Sigaretta elettronica, die Europ\u00e4ische Kommission ist nicht mit dem Parlament verbunden"},"content":{"rendered":"<h5 class=\"post-subtitle\">Die Kommissare f\u00fcr den Gru\u00df Kyriakides haben die Logo-Theorie \u00fcbernommen und sind \u00fcberzeugt, dass sie die gr\u00f6\u00dften Vorsichtsma\u00dfnahmen beim Dampfen getroffen haben.<\/h5>\n<p>Die Europ\u00e4ische Kommission stimmt der Vision des Europaparlaments nicht zu, die sie im Februar erreichte <a href=\"https:\/\/www.sigmagazine.it\/2022\/02\/cancer-plan-sigaretta-elettronica\/\" target=\"_blank\" rel=\"noopener noreferrer\">Rapporto sul Piano contro il cancro<\/a>, Ich habe festgestellt, dass die elektronische Zigarette in der Lage ist, Luft und Rauch in die Luft zu leiten, um die Entstehung von rauchenden Tumoren zu verhindern. Dies scheint seit dem 16. M\u00e4rz 2022 eine Antwort an die Kommissarin Stella Kyriakides zu einem Verh\u00f6r durch das Parlament der Europ\u00e4ischen Volkspartei zu geben Das sind drei Fragen zur Kommissarin Greca.<\/p>\n<p>Vor allem Skyttedal sagte, dass die Kommission den Blick auf das Parlament weitergeben w\u00fcrde, nachdem andere Produkte auf der Basis von Nikotin eine Reihe von Zigarette- und Zigarettenpapieren hergestellt h\u00e4tten, und in diesem Fall beabsichtige sie, der Kommission, die sich mit der Zigarette begn\u00fcge, eine Reihe von gesetzgeberischen Ma\u00dfnahmen vorzulegen Produkte auf Basis von Nikotin. Letzten Endes habe ich den Snus aufgegriffen und den Tabakkonsum in der gesamten Europ\u00e4ischen Union mit der Eccezione della Svezia verrichtet. Das Parlament hat die Kommission gebeten, die Angelegenheit erneut zu pr\u00fcfen.<\/p>\n<p>&nbsp;<\/p>\n<p>Den ganzen Artikel lesen <a href=\"https:\/\/www.sigmagazine.it\/2022\/05\/kyriakydes-vaping\/\">Hier<\/a><\/p>","protected":false},"excerpt":{"rendered":"<p>La commissaria per la salute Kyriakides ripropone teorie logore e gi\u00e0 smentite, lodando l&#8217;approccio di massima precauzione sul vaping. La Commissione europea non condivide la visione dell\u2019Europarlamento, che lo scorso febbraio, nel suo rapporto sul Piano contro il cancro, ha affermato che le sigarette elettroniche possono aiutare i fumatori a liberarsi della loro dannosa abitudine, [&hellip;]<\/p>\n","protected":false},"author":11,"featured_media":6394,"comment_status":"open","ping_status":"open","sticky":false,"template":"","format":"standard","meta":{"footnotes":""},"categories":[15],"tags":[],"class_list":["post-1460","post","type-post","status-publish","format-standard","has-post-thumbnail","hentry","category-wva-in-the-news"],"yoast_head":"<!-- This site is optimized with the Yoast SEO plugin v27.3 - https:\/\/yoast.com\/product\/yoast-seo-wordpress\/ -->\n<title>Sigaretta elettronica, la Commissione europea non si allinea al Parlamento - World Vapers&#039; Alliance<\/title>\n<meta name=\"robots\" content=\"index, follow, max-snippet:-1, max-image-preview:large, max-video-preview:-1\" \/>\n<link rel=\"canonical\" href=\"https:\/\/worldvapersalliance.com\/de_de\/sigaretta-elettronica-la-commissione-europea-non-si-allinea-al-parlamento\/\" \/>\n<meta property=\"og:locale\" content=\"de_DE\" \/>\n<meta property=\"og:type\" content=\"article\" \/>\n<meta property=\"og:title\" content=\"Sigaretta elettronica, la Commissione europea non si allinea al Parlamento - World Vapers&#039; Alliance\" \/>\n<meta property=\"og:description\" content=\"La commissaria per la salute Kyriakides ripropone teorie logore e gi\u00e0 smentite, lodando l&#8217;approccio di massima precauzione sul vaping. La Commissione europea non condivide la visione dell\u2019Europarlamento, che lo scorso febbraio, nel suo rapporto sul Piano contro il cancro, ha affermato che le sigarette elettroniche possono aiutare i fumatori a liberarsi della loro dannosa abitudine, [&hellip;]\" \/>\n<meta property=\"og:url\" content=\"https:\/\/worldvapersalliance.com\/de_de\/sigaretta-elettronica-la-commissione-europea-non-si-allinea-al-parlamento\/\" \/>\n<meta property=\"og:site_name\" content=\"World Vapers&#039; Alliance\" \/>\n<meta property=\"article:published_time\" content=\"2022-05-19T11:37:25+00:00\" \/>\n<meta property=\"article:modified_time\" content=\"2022-05-25T11:39:30+00:00\" \/>\n<meta property=\"og:image\" content=\"https:\/\/worldvapersalliance.com\/wp-content\/uploads\/2022\/03\/World_Vapers_Alliance_Logo_White_Stripes.png\" \/>\n\t<meta property=\"og:image:width\" content=\"2081\" \/>\n\t<meta property=\"og:image:height\" content=\"1920\" \/>\n\t<meta property=\"og:image:type\" content=\"image\/png\" \/>\n<meta name=\"author\" content=\"World Vapers&#039; Alliance\" \/>\n<meta name=\"twitter:card\" content=\"summary_large_image\" \/>\n<meta name=\"twitter:label1\" content=\"Geschrieben von\" \/>\n\t<meta name=\"twitter:data1\" content=\"World Vapers&#039; Alliance\" \/>\n\t<meta name=\"twitter:label2\" content=\"Gesch\u00e4tzte Lesezeit\" \/>\n\t<meta name=\"twitter:data2\" content=\"1 Minute\" \/>\n<script type=\"application\/ld+json\" class=\"yoast-schema-graph\">{\"@context\":\"https:\\\/\\\/schema.org\",\"@graph\":[{\"@type\":\"Article\",\"@id\":\"https:\\\/\\\/worldvapersalliance.com\\\/sigaretta-elettronica-la-commissione-europea-non-si-allinea-al-parlamento\\\/#article\",\"isPartOf\":{\"@id\":\"https:\\\/\\\/worldvapersalliance.com\\\/sigaretta-elettronica-la-commissione-europea-non-si-allinea-al-parlamento\\\/\"},\"author\":{\"name\":\"World Vapers' Alliance\",\"@id\":\"https:\\\/\\\/worldvapersalliance.com\\\/#\\\/schema\\\/person\\\/18484a6f20bcc6f70a2419c8babe017d\"},\"headline\":\"Sigaretta elettronica, la Commissione europea non si allinea al Parlamento\",\"datePublished\":\"2022-05-19T11:37:25+00:00\",\"dateModified\":\"2022-05-25T11:39:30+00:00\",\"mainEntityOfPage\":{\"@id\":\"https:\\\/\\\/worldvapersalliance.com\\\/sigaretta-elettronica-la-commissione-europea-non-si-allinea-al-parlamento\\\/\"},\"wordCount\":219,\"commentCount\":0,\"publisher\":{\"@id\":\"https:\\\/\\\/worldvapersalliance.com\\\/#organization\"},\"image\":{\"@id\":\"https:\\\/\\\/worldvapersalliance.com\\\/sigaretta-elettronica-la-commissione-europea-non-si-allinea-al-parlamento\\\/#primaryimage\"},\"thumbnailUrl\":\"https:\\\/\\\/worldvapersalliance.com\\\/wp-content\\\/uploads\\\/2025\\\/08\\\/WVA-in-the-news.png\",\"articleSection\":[\"WVA in the News\"],\"inLanguage\":\"de-DE\",\"potentialAction\":[{\"@type\":\"CommentAction\",\"name\":\"Comment\",\"target\":[\"https:\\\/\\\/worldvapersalliance.com\\\/sigaretta-elettronica-la-commissione-europea-non-si-allinea-al-parlamento\\\/#respond\"]}]},{\"@type\":\"WebPage\",\"@id\":\"https:\\\/\\\/worldvapersalliance.com\\\/sigaretta-elettronica-la-commissione-europea-non-si-allinea-al-parlamento\\\/\",\"url\":\"https:\\\/\\\/worldvapersalliance.com\\\/sigaretta-elettronica-la-commissione-europea-non-si-allinea-al-parlamento\\\/\",\"name\":\"Sigaretta elettronica, la Commissione europea non si allinea al Parlamento - World Vapers&#039; Alliance\",\"isPartOf\":{\"@id\":\"https:\\\/\\\/worldvapersalliance.com\\\/#website\"},\"primaryImageOfPage\":{\"@id\":\"https:\\\/\\\/worldvapersalliance.com\\\/sigaretta-elettronica-la-commissione-europea-non-si-allinea-al-parlamento\\\/#primaryimage\"},\"image\":{\"@id\":\"https:\\\/\\\/worldvapersalliance.com\\\/sigaretta-elettronica-la-commissione-europea-non-si-allinea-al-parlamento\\\/#primaryimage\"},\"thumbnailUrl\":\"https:\\\/\\\/worldvapersalliance.com\\\/wp-content\\\/uploads\\\/2025\\\/08\\\/WVA-in-the-news.png\",\"datePublished\":\"2022-05-19T11:37:25+00:00\",\"dateModified\":\"2022-05-25T11:39:30+00:00\",\"inLanguage\":\"de-DE\",\"potentialAction\":[{\"@type\":\"ReadAction\",\"target\":[\"https:\\\/\\\/worldvapersalliance.com\\\/sigaretta-elettronica-la-commissione-europea-non-si-allinea-al-parlamento\\\/\"]}]},{\"@type\":\"ImageObject\",\"inLanguage\":\"de-DE\",\"@id\":\"https:\\\/\\\/worldvapersalliance.com\\\/sigaretta-elettronica-la-commissione-europea-non-si-allinea-al-parlamento\\\/#primaryimage\",\"url\":\"https:\\\/\\\/worldvapersalliance.com\\\/wp-content\\\/uploads\\\/2025\\\/08\\\/WVA-in-the-news.png\",\"contentUrl\":\"https:\\\/\\\/worldvapersalliance.com\\\/wp-content\\\/uploads\\\/2025\\\/08\\\/WVA-in-the-news.png\",\"width\":1264,\"height\":848},{\"@type\":\"WebSite\",\"@id\":\"https:\\\/\\\/worldvapersalliance.com\\\/#website\",\"url\":\"https:\\\/\\\/worldvapersalliance.com\\\/\",\"name\":\"World Vapers&#039; Alliance\",\"description\":\"The largest community of vapers\",\"publisher\":{\"@id\":\"https:\\\/\\\/worldvapersalliance.com\\\/#organization\"},\"potentialAction\":[{\"@type\":\"SearchAction\",\"target\":{\"@type\":\"EntryPoint\",\"urlTemplate\":\"https:\\\/\\\/worldvapersalliance.com\\\/?s={search_term_string}\"},\"query-input\":{\"@type\":\"PropertyValueSpecification\",\"valueRequired\":true,\"valueName\":\"search_term_string\"}}],\"inLanguage\":\"de-DE\"},{\"@type\":\"Organization\",\"@id\":\"https:\\\/\\\/worldvapersalliance.com\\\/#organization\",\"name\":\"World Vapers&#039; Alliance\",\"url\":\"https:\\\/\\\/worldvapersalliance.com\\\/\",\"logo\":{\"@type\":\"ImageObject\",\"inLanguage\":\"de-DE\",\"@id\":\"https:\\\/\\\/worldvapersalliance.com\\\/#\\\/schema\\\/logo\\\/image\\\/\",\"url\":\"https:\\\/\\\/worldvapersalliance.com\\\/wp-content\\\/uploads\\\/2022\\\/01\\\/WVA_RB_Fist_G.png\",\"contentUrl\":\"https:\\\/\\\/worldvapersalliance.com\\\/wp-content\\\/uploads\\\/2022\\\/01\\\/WVA_RB_Fist_G.png\",\"width\":985,\"height\":1177,\"caption\":\"World Vapers&#039; Alliance\"},\"image\":{\"@id\":\"https:\\\/\\\/worldvapersalliance.com\\\/#\\\/schema\\\/logo\\\/image\\\/\"}},{\"@type\":\"Person\",\"@id\":\"https:\\\/\\\/worldvapersalliance.com\\\/#\\\/schema\\\/person\\\/18484a6f20bcc6f70a2419c8babe017d\",\"name\":\"World Vapers' Alliance\",\"image\":{\"@type\":\"ImageObject\",\"inLanguage\":\"de-DE\",\"@id\":\"https:\\\/\\\/secure.gravatar.com\\\/avatar\\\/456bf795c7a47c9ac527a94da4bff150aa49e48726d69bee9937f8383cffa246?s=96&d=mm&r=g\",\"url\":\"https:\\\/\\\/secure.gravatar.com\\\/avatar\\\/456bf795c7a47c9ac527a94da4bff150aa49e48726d69bee9937f8383cffa246?s=96&d=mm&r=g\",\"contentUrl\":\"https:\\\/\\\/secure.gravatar.com\\\/avatar\\\/456bf795c7a47c9ac527a94da4bff150aa49e48726d69bee9937f8383cffa246?s=96&d=mm&r=g\",\"caption\":\"World Vapers' Alliance\"},\"url\":\"https:\\\/\\\/worldvapersalliance.com\\\/de_de\\\/author\\\/wva\\\/\"}]}<\/script>\n<!-- \/ Yoast SEO plugin. -->","yoast_head_json":{"title":"Elektronische Zigarette, die Europ\u00e4ische Kommission ist nicht mit dem Parlament verbunden \u2013 World Vapers&#039; Alliance","robots":{"index":"index","follow":"follow","max-snippet":"max-snippet:-1","max-image-preview":"max-image-preview:large","max-video-preview":"max-video-preview:-1"},"canonical":"https:\/\/worldvapersalliance.com\/de_de\/sigaretta-elettronica-la-commissione-europea-non-si-allinea-al-parlamento\/","og_locale":"de_DE","og_type":"article","og_title":"Sigaretta elettronica, la Commissione europea non si allinea al Parlamento - World Vapers&#039; Alliance","og_description":"La commissaria per la salute Kyriakides ripropone teorie logore e gi\u00e0 smentite, lodando l&#8217;approccio di massima precauzione sul vaping. La Commissione europea non condivide la visione dell\u2019Europarlamento, che lo scorso febbraio, nel suo rapporto sul Piano contro il cancro, ha affermato che le sigarette elettroniche possono aiutare i fumatori a liberarsi della loro dannosa abitudine, [&hellip;]","og_url":"https:\/\/worldvapersalliance.com\/de_de\/sigaretta-elettronica-la-commissione-europea-non-si-allinea-al-parlamento\/","og_site_name":"World Vapers&#039; Alliance","article_published_time":"2022-05-19T11:37:25+00:00","article_modified_time":"2022-05-25T11:39:30+00:00","og_image":[{"width":2081,"height":1920,"url":"https:\/\/worldvapersalliance.com\/wp-content\/uploads\/2022\/03\/World_Vapers_Alliance_Logo_White_Stripes.png","type":"image\/png"}],"author":"World Vapers' Alliance","twitter_card":"summary_large_image","twitter_misc":{"Geschrieben von":"World Vapers' Alliance","Gesch\u00e4tzte Lesezeit":"1 Minute"},"schema":{"@context":"https:\/\/schema.org","@graph":[{"@type":"Article","@id":"https:\/\/worldvapersalliance.com\/sigaretta-elettronica-la-commissione-europea-non-si-allinea-al-parlamento\/#article","isPartOf":{"@id":"https:\/\/worldvapersalliance.com\/sigaretta-elettronica-la-commissione-europea-non-si-allinea-al-parlamento\/"},"author":{"name":"World Vapers' Alliance","@id":"https:\/\/worldvapersalliance.com\/#\/schema\/person\/18484a6f20bcc6f70a2419c8babe017d"},"headline":"Sigaretta elettronica, la Commissione europea non si allinea al Parlamento","datePublished":"2022-05-19T11:37:25+00:00","dateModified":"2022-05-25T11:39:30+00:00","mainEntityOfPage":{"@id":"https:\/\/worldvapersalliance.com\/sigaretta-elettronica-la-commissione-europea-non-si-allinea-al-parlamento\/"},"wordCount":219,"commentCount":0,"publisher":{"@id":"https:\/\/worldvapersalliance.com\/#organization"},"image":{"@id":"https:\/\/worldvapersalliance.com\/sigaretta-elettronica-la-commissione-europea-non-si-allinea-al-parlamento\/#primaryimage"},"thumbnailUrl":"https:\/\/worldvapersalliance.com\/wp-content\/uploads\/2025\/08\/WVA-in-the-news.png","articleSection":["WVA in the News"],"inLanguage":"de-DE","potentialAction":[{"@type":"CommentAction","name":"Comment","target":["https:\/\/worldvapersalliance.com\/sigaretta-elettronica-la-commissione-europea-non-si-allinea-al-parlamento\/#respond"]}]},{"@type":"WebPage","@id":"https:\/\/worldvapersalliance.com\/sigaretta-elettronica-la-commissione-europea-non-si-allinea-al-parlamento\/","url":"https:\/\/worldvapersalliance.com\/sigaretta-elettronica-la-commissione-europea-non-si-allinea-al-parlamento\/","name":"Elektronische Zigarette, die Europ\u00e4ische Kommission ist nicht mit dem Parlament verbunden \u2013 World Vapers&#039; Alliance","isPartOf":{"@id":"https:\/\/worldvapersalliance.com\/#website"},"primaryImageOfPage":{"@id":"https:\/\/worldvapersalliance.com\/sigaretta-elettronica-la-commissione-europea-non-si-allinea-al-parlamento\/#primaryimage"},"image":{"@id":"https:\/\/worldvapersalliance.com\/sigaretta-elettronica-la-commissione-europea-non-si-allinea-al-parlamento\/#primaryimage"},"thumbnailUrl":"https:\/\/worldvapersalliance.com\/wp-content\/uploads\/2025\/08\/WVA-in-the-news.png","datePublished":"2022-05-19T11:37:25+00:00","dateModified":"2022-05-25T11:39:30+00:00","inLanguage":"de-DE","potentialAction":[{"@type":"ReadAction","target":["https:\/\/worldvapersalliance.com\/sigaretta-elettronica-la-commissione-europea-non-si-allinea-al-parlamento\/"]}]},{"@type":"ImageObject","inLanguage":"de-DE","@id":"https:\/\/worldvapersalliance.com\/sigaretta-elettronica-la-commissione-europea-non-si-allinea-al-parlamento\/#primaryimage","url":"https:\/\/worldvapersalliance.com\/wp-content\/uploads\/2025\/08\/WVA-in-the-news.png","contentUrl":"https:\/\/worldvapersalliance.com\/wp-content\/uploads\/2025\/08\/WVA-in-the-news.png","width":1264,"height":848},{"@type":"WebSite","@id":"https:\/\/worldvapersalliance.com\/#website","url":"https:\/\/worldvapersalliance.com\/","name":"Weltweite Allianz der Dampfer","description":"Die gr\u00f6\u00dfte Community von Dampfern","publisher":{"@id":"https:\/\/worldvapersalliance.com\/#organization"},"potentialAction":[{"@type":"SearchAction","target":{"@type":"EntryPoint","urlTemplate":"https:\/\/worldvapersalliance.com\/?s={search_term_string}"},"query-input":{"@type":"PropertyValueSpecification","valueRequired":true,"valueName":"search_term_string"}}],"inLanguage":"de-DE"},{"@type":"Organization","@id":"https:\/\/worldvapersalliance.com\/#organization","name":"Weltweite Allianz der Dampfer","url":"https:\/\/worldvapersalliance.com\/","logo":{"@type":"ImageObject","inLanguage":"de-DE","@id":"https:\/\/worldvapersalliance.com\/#\/schema\/logo\/image\/","url":"https:\/\/worldvapersalliance.com\/wp-content\/uploads\/2022\/01\/WVA_RB_Fist_G.png","contentUrl":"https:\/\/worldvapersalliance.com\/wp-content\/uploads\/2022\/01\/WVA_RB_Fist_G.png","width":985,"height":1177,"caption":"World Vapers&#039; Alliance"},"image":{"@id":"https:\/\/worldvapersalliance.com\/#\/schema\/logo\/image\/"}},{"@type":"Person","@id":"https:\/\/worldvapersalliance.com\/#\/schema\/person\/18484a6f20bcc6f70a2419c8babe017d","name":"Weltweite Allianz der Dampfer","image":{"@type":"ImageObject","inLanguage":"de-DE","@id":"https:\/\/secure.gravatar.com\/avatar\/456bf795c7a47c9ac527a94da4bff150aa49e48726d69bee9937f8383cffa246?s=96&d=mm&r=g","url":"https:\/\/secure.gravatar.com\/avatar\/456bf795c7a47c9ac527a94da4bff150aa49e48726d69bee9937f8383cffa246?s=96&d=mm&r=g","contentUrl":"https:\/\/secure.gravatar.com\/avatar\/456bf795c7a47c9ac527a94da4bff150aa49e48726d69bee9937f8383cffa246?s=96&d=mm&r=g","caption":"World Vapers' Alliance"},"url":"https:\/\/worldvapersalliance.com\/de_de\/author\/wva\/"}]}},"_links":{"self":[{"href":"https:\/\/worldvapersalliance.com\/de_de\/wp-json\/wp\/v2\/posts\/1460","targetHints":{"allow":["GET"]}}],"collection":[{"href":"https:\/\/worldvapersalliance.com\/de_de\/wp-json\/wp\/v2\/posts"}],"about":[{"href":"https:\/\/worldvapersalliance.com\/de_de\/wp-json\/wp\/v2\/types\/post"}],"author":[{"embeddable":true,"href":"https:\/\/worldvapersalliance.com\/de_de\/wp-json\/wp\/v2\/users\/11"}],"replies":[{"embeddable":true,"href":"https:\/\/worldvapersalliance.com\/de_de\/wp-json\/wp\/v2\/comments?post=1460"}],"version-history":[{"count":0,"href":"https:\/\/worldvapersalliance.com\/de_de\/wp-json\/wp\/v2\/posts\/1460\/revisions"}],"wp:featuredmedia":[{"embeddable":true,"href":"https:\/\/worldvapersalliance.com\/de_de\/wp-json\/wp\/v2\/media\/6394"}],"wp:attachment":[{"href":"https:\/\/worldvapersalliance.com\/de_de\/wp-json\/wp\/v2\/media?parent=1460"}],"wp:term":[{"taxonomy":"category","embeddable":true,"href":"https:\/\/worldvapersalliance.com\/de_de\/wp-json\/wp\/v2\/categories?post=1460"},{"taxonomy":"post_tag","embeddable":true,"href":"https:\/\/worldvapersalliance.com\/de_de\/wp-json\/wp\/v2\/tags?post=1460"}],"curies":[{"name":"wp","href":"https:\/\/api.w.org\/{rel}","templated":true}]}}