{"id":622,"date":"2021-11-05T20:55:52","date_gmt":"2021-11-06T00:55:52","guid":{"rendered":"https:\/\/cccwva.wpengine.com\/?p=622"},"modified":"2022-02-05T15:12:55","modified_gmt":"2022-02-05T20:12:55","slug":"costa-rica-approves-ban-on-vaping-in-public-places","status":"publish","type":"post","link":"https:\/\/worldvapersalliance.com\/de_au\/costa-rica-approves-ban-on-vaping-in-public-places\/","title":{"rendered":"Costa Rica beschlie\u00dft Verbot des Dampfens an \u00f6ffentlichen Orten"},"content":{"rendered":"<p><em>Im vergangenen Jahr sprach sich Costa Ricas Gesundheitsminister Daniel Salas f\u00fcr ein Verbot der Verwendung von E-Zigaretten im \u00f6ffentlichen Raum aus, das nun verabschiedet wurde.<\/em><\/p>\n<p>In einer Rede vor den Abgeordneten des Sozialausschusses Anfang des Jahres erkl\u00e4rte Salas, dass der Gesetzentwurf 21.658, der die betreffenden Regelungen festlegen w\u00fcrde, seine volle Unterst\u00fctzung genie\u00dfe. \u201cIch halte dieses Projekt f\u00fcr \u00e4u\u00dferst wichtig f\u00fcr das Land. Es hat die volle Unterst\u00fctzung des Gesundheitsministeriums\u201d, sagte er.<\/p>\n<p>\u201cDas steht voll und ganz im Einklang mit unserer bereits ausgesprochenen Gesundheitswarnung bez\u00fcglich der Verwendung von E-Zigaretten. Wir haben darin ganz klar gesagt, dass es keine Studie gibt, die belegt, dass E-Zigaretten eine Therapie zur Raucherentw\u00f6hnung sind. Im Gegenteil, wir m\u00fcssen den Konsum von Zigaretten und Verdampfern unattraktiv machen\u201d, f\u00fcgte Salas unzutreffend hinzu.<\/p>\n<p>Der Gesetzentwurf wurde mit 33 Ja- und sieben Nein-Stimmen angenommen. Neben einem Verbot der Nutzung von E-Zigaretten in den meisten \u00f6ffentlichen Bereichen sieht er auch eine Steuer auf elektronische Ger\u00e4te vor. Bedauerlicherweise behauptete Salas f\u00e4lschlicherweise, es g\u00e4be bisher keine Studie, die die Wirksamkeit dieser Produkte als Hilfsmittel zur Raucherentw\u00f6hnung belege.<\/p>\n<p>\u201cIch halte dieses Projekt f\u00fcr \u00e4u\u00dferst wichtig f\u00fcr das Land. Es genie\u00dft die volle Unterst\u00fctzung des Gesundheitsministeriums\u201d, sagte Salas. \u201cEs steht voll und ganz im Einklang mit der Gesundheitswarnung, die wir bereits bez\u00fcglich der Verwendung von E-Zigaretten herausgegeben haben, in der wir ganz klar darauf hingewiesen haben, dass es keine Studie gibt, die belegt, dass E-Zigaretten eine Therapie zur Raucherentw\u00f6hnung darstellen.\u201d<\/p>\n<p>Das Potenzial von E-Zigaretten zur Senkung der stagnierenden Raucherquoten in Australien<br \/>\nIm Gegensatz dazu hat eine wissenschaftliche \u00dcberpr\u00fcfung aus Australien, die mit fr\u00fcheren \u00e4hnlichen Studien \u00fcbereinstimmt, ergeben, dass das Dampfen von nikotinhaltigen E-Zigaretten ein wirksames Mittel zur Raucherentw\u00f6hnung ist und die Raucherquoten erheblich senken k\u00f6nnte.<\/p>\n<p>Die von Fachkollegen begutachtete Studie mit dem Titel \u201cK\u00f6nnte Dampfen dazu beitragen, die Raucherquote in Australien zu senken?\u201d wurde von den australischen Wissenschaftlern Colin Mendelsohn (Professor), Wayne Hall (Professor) und Ron Borland (Professor) verfasst. Sie kam zu dem Ergebnis, dass Dampfen eine wichtige Rolle bei der Senkung der stagnierenden Raucherquote in Australien spielen k\u00f6nnte.<\/p>\n<p>\u201cEs gibt Hinweise darauf, dass das Dampfen die Zahl der Versuche, mit dem Rauchen aufzuh\u00f6ren, erh\u00f6ht und die nationalen Raucherquoten in Gro\u00dfbritannien und den USA gesenkt hat, wo sich der R\u00fcckgang der Raucherpr\u00e4valenz beschleunigt hat. Dies steht im Gegensatz zu L\u00e4ndern wie Australien mit restriktiven Dampfrichtlinien, in denen ein solcher R\u00fcckgang der Pr\u00e4valenz nicht zu beobachten ist.\u201d<\/p>\n<p>Gro\u00dfbritannien hat eine Vorreiterrolle bei der F\u00f6rderung sichererer Alternativen zur Reduzierung der Tabaksch\u00e4den eingenommen, was sich auch in den lokalen Raucherquoten widerspiegelt. Anfang des Jahres hat das britische National Institute for Health and Care Excellence (NICE) diese offiziell als Hilfsmittel zur Raucherentw\u00f6hnung anerkannt und empfohlen. Die World Vapers&#039; Alliance (WVA) begr\u00fc\u00dfte diese Entwicklung in einer Pressemitteilung. \u2019Die neuen Leitlinienentw\u00fcrfe zur effektiven Unterst\u00fctzung von Rauchern beim Aufh\u00f6ren besagen Folgendes:<\/p>\n<ul style=\"margin-bottom: 12px;\">\n<li>\u2018Nikotinhaltige E-Zigaretten k\u00f6nnen Menschen beim Aufh\u00f6ren mit dem Rauchen helfen und sind \u00e4hnlich wirksam wie andere Entw\u00f6hnungsmethoden\u2019 und<\/li>\n<li>\u2018Menschen sollten die M\u00f6glichkeit haben, E-Zigaretten als eine von mehreren Optionen zur Unterst\u00fctzung der Raucherentw\u00f6hnung zu nutzen, wenn sie dies w\u00fcnschen.\u2019<\/li>\n<\/ul>\n<p>Urspr\u00fcnglich ver\u00f6ffentlicht\u00a0<a href=\"https:\/\/www.vapingpost.com\/2021\/11\/05\/costa-rica-approves-ban-on-vaping-in-public-places\/\" target=\"_blank\" rel=\"nofollow noopener noreferrer\" data-wpel-link=\"external\">Hier<\/a>.<\/p>","protected":false},"excerpt":{"rendered":"<p>Last year, Costa Rica\u2019s Minister of Health, Daniel Salas, voiced his support towards a\u00a0ban on the use of vaping devices in public spaces, which has now been approved. Speaking to the deputies of the Committee on Social Affairs, earlier this year, Salas said that Bill\u00a021.658, which would set the regulations in question in place, has [&hellip;]<\/p>\n","protected":false},"author":4,"featured_media":6394,"comment_status":"open","ping_status":"open","sticky":false,"template":"","format":"standard","meta":{"footnotes":""},"categories":[15],"tags":[],"class_list":["post-622","post","type-post","status-publish","format-standard","has-post-thumbnail","hentry","category-wva-in-the-news"],"yoast_head":"<!-- This site is optimized with the Yoast SEO plugin v27.3 - https:\/\/yoast.com\/product\/yoast-seo-wordpress\/ -->\n<title>Costa Rica Approves Ban on Vaping in Public Places - World Vapers&#039; Alliance<\/title>\n<meta name=\"robots\" content=\"index, follow, max-snippet:-1, max-image-preview:large, max-video-preview:-1\" \/>\n<link rel=\"canonical\" href=\"https:\/\/worldvapersalliance.com\/de_au\/costa-rica-approves-ban-on-vaping-in-public-places\/\" \/>\n<meta property=\"og:locale\" content=\"de_DE\" \/>\n<meta property=\"og:type\" content=\"article\" \/>\n<meta property=\"og:title\" content=\"Costa Rica Approves Ban on Vaping in Public Places - World Vapers&#039; Alliance\" \/>\n<meta property=\"og:description\" content=\"Last year, Costa Rica\u2019s Minister of Health, Daniel Salas, voiced his support towards a\u00a0ban on the use of vaping devices in public spaces, which has now been approved. Speaking to the deputies of the Committee on Social Affairs, earlier this year, Salas said that Bill\u00a021.658, which would set the regulations in question in place, has [&hellip;]\" \/>\n<meta property=\"og:url\" content=\"https:\/\/worldvapersalliance.com\/de_au\/costa-rica-approves-ban-on-vaping-in-public-places\/\" \/>\n<meta property=\"og:site_name\" content=\"World Vapers&#039; Alliance\" \/>\n<meta property=\"article:published_time\" content=\"2021-11-06T00:55:52+00:00\" \/>\n<meta property=\"article:modified_time\" content=\"2022-02-05T20:12:55+00:00\" \/>\n<meta property=\"og:image\" content=\"https:\/\/worldvapersalliance.com\/wp-content\/uploads\/2022\/02\/costa-rica.jpeg\" \/>\n\t<meta property=\"og:image:width\" content=\"850\" \/>\n\t<meta property=\"og:image:height\" content=\"567\" \/>\n\t<meta property=\"og:image:type\" content=\"image\/jpeg\" \/>\n<meta name=\"author\" content=\"Michael Landl\" \/>\n<meta name=\"twitter:card\" content=\"summary_large_image\" \/>\n<meta name=\"twitter:label1\" content=\"Verfasst von\" \/>\n\t<meta name=\"twitter:data1\" content=\"Michael Landl\" \/>\n\t<meta name=\"twitter:label2\" content=\"Gesch\u00e4tzte Lesezeit\" \/>\n\t<meta name=\"twitter:data2\" content=\"3 Minuten\" \/>\n<script type=\"application\/ld+json\" class=\"yoast-schema-graph\">{\"@context\":\"https:\\\/\\\/schema.org\",\"@graph\":[{\"@type\":\"Article\",\"@id\":\"https:\\\/\\\/worldvapersalliance.com\\\/costa-rica-approves-ban-on-vaping-in-public-places\\\/#article\",\"isPartOf\":{\"@id\":\"https:\\\/\\\/worldvapersalliance.com\\\/costa-rica-approves-ban-on-vaping-in-public-places\\\/\"},\"author\":{\"name\":\"Michael Landl\",\"@id\":\"https:\\\/\\\/worldvapersalliance.com\\\/#\\\/schema\\\/person\\\/05f663571d787d89a2d5c77c482a6583\"},\"headline\":\"Costa Rica Approves Ban on Vaping in Public Places\",\"datePublished\":\"2021-11-06T00:55:52+00:00\",\"dateModified\":\"2022-02-05T20:12:55+00:00\",\"mainEntityOfPage\":{\"@id\":\"https:\\\/\\\/worldvapersalliance.com\\\/costa-rica-approves-ban-on-vaping-in-public-places\\\/\"},\"wordCount\":512,\"commentCount\":0,\"publisher\":{\"@id\":\"https:\\\/\\\/worldvapersalliance.com\\\/#organization\"},\"image\":{\"@id\":\"https:\\\/\\\/worldvapersalliance.com\\\/costa-rica-approves-ban-on-vaping-in-public-places\\\/#primaryimage\"},\"thumbnailUrl\":\"https:\\\/\\\/worldvapersalliance.com\\\/wp-content\\\/uploads\\\/2025\\\/08\\\/WVA-in-the-news.png\",\"articleSection\":[\"WVA in the News\"],\"inLanguage\":\"de-AT\",\"potentialAction\":[{\"@type\":\"CommentAction\",\"name\":\"Comment\",\"target\":[\"https:\\\/\\\/worldvapersalliance.com\\\/costa-rica-approves-ban-on-vaping-in-public-places\\\/#respond\"]}]},{\"@type\":\"WebPage\",\"@id\":\"https:\\\/\\\/worldvapersalliance.com\\\/costa-rica-approves-ban-on-vaping-in-public-places\\\/\",\"url\":\"https:\\\/\\\/worldvapersalliance.com\\\/costa-rica-approves-ban-on-vaping-in-public-places\\\/\",\"name\":\"Costa Rica Approves Ban on Vaping in Public Places - World Vapers&#039; Alliance\",\"isPartOf\":{\"@id\":\"https:\\\/\\\/worldvapersalliance.com\\\/#website\"},\"primaryImageOfPage\":{\"@id\":\"https:\\\/\\\/worldvapersalliance.com\\\/costa-rica-approves-ban-on-vaping-in-public-places\\\/#primaryimage\"},\"image\":{\"@id\":\"https:\\\/\\\/worldvapersalliance.com\\\/costa-rica-approves-ban-on-vaping-in-public-places\\\/#primaryimage\"},\"thumbnailUrl\":\"https:\\\/\\\/worldvapersalliance.com\\\/wp-content\\\/uploads\\\/2025\\\/08\\\/WVA-in-the-news.png\",\"datePublished\":\"2021-11-06T00:55:52+00:00\",\"dateModified\":\"2022-02-05T20:12:55+00:00\",\"inLanguage\":\"de-AT\",\"potentialAction\":[{\"@type\":\"ReadAction\",\"target\":[\"https:\\\/\\\/worldvapersalliance.com\\\/costa-rica-approves-ban-on-vaping-in-public-places\\\/\"]}]},{\"@type\":\"ImageObject\",\"inLanguage\":\"de-AT\",\"@id\":\"https:\\\/\\\/worldvapersalliance.com\\\/costa-rica-approves-ban-on-vaping-in-public-places\\\/#primaryimage\",\"url\":\"https:\\\/\\\/worldvapersalliance.com\\\/wp-content\\\/uploads\\\/2025\\\/08\\\/WVA-in-the-news.png\",\"contentUrl\":\"https:\\\/\\\/worldvapersalliance.com\\\/wp-content\\\/uploads\\\/2025\\\/08\\\/WVA-in-the-news.png\",\"width\":1264,\"height\":848},{\"@type\":\"WebSite\",\"@id\":\"https:\\\/\\\/worldvapersalliance.com\\\/#website\",\"url\":\"https:\\\/\\\/worldvapersalliance.com\\\/\",\"name\":\"World Vapers&#039; Alliance\",\"description\":\"The largest community of vapers\",\"publisher\":{\"@id\":\"https:\\\/\\\/worldvapersalliance.com\\\/#organization\"},\"potentialAction\":[{\"@type\":\"SearchAction\",\"target\":{\"@type\":\"EntryPoint\",\"urlTemplate\":\"https:\\\/\\\/worldvapersalliance.com\\\/?s={search_term_string}\"},\"query-input\":{\"@type\":\"PropertyValueSpecification\",\"valueRequired\":true,\"valueName\":\"search_term_string\"}}],\"inLanguage\":\"de-AT\"},{\"@type\":\"Organization\",\"@id\":\"https:\\\/\\\/worldvapersalliance.com\\\/#organization\",\"name\":\"World Vapers&#039; Alliance\",\"url\":\"https:\\\/\\\/worldvapersalliance.com\\\/\",\"logo\":{\"@type\":\"ImageObject\",\"inLanguage\":\"de-AT\",\"@id\":\"https:\\\/\\\/worldvapersalliance.com\\\/#\\\/schema\\\/logo\\\/image\\\/\",\"url\":\"https:\\\/\\\/worldvapersalliance.com\\\/wp-content\\\/uploads\\\/2022\\\/01\\\/WVA_RB_Fist_G.png\",\"contentUrl\":\"https:\\\/\\\/worldvapersalliance.com\\\/wp-content\\\/uploads\\\/2022\\\/01\\\/WVA_RB_Fist_G.png\",\"width\":985,\"height\":1177,\"caption\":\"World Vapers&#039; Alliance\"},\"image\":{\"@id\":\"https:\\\/\\\/worldvapersalliance.com\\\/#\\\/schema\\\/logo\\\/image\\\/\"}},{\"@type\":\"Person\",\"@id\":\"https:\\\/\\\/worldvapersalliance.com\\\/#\\\/schema\\\/person\\\/05f663571d787d89a2d5c77c482a6583\",\"name\":\"Michael Landl\",\"image\":{\"@type\":\"ImageObject\",\"inLanguage\":\"de-AT\",\"@id\":\"https:\\\/\\\/secure.gravatar.com\\\/avatar\\\/1537a11db5ae7fef0631b6c662f439d8a632c50630c980828d0e2c4de581568b?s=96&d=mm&r=g\",\"url\":\"https:\\\/\\\/secure.gravatar.com\\\/avatar\\\/1537a11db5ae7fef0631b6c662f439d8a632c50630c980828d0e2c4de581568b?s=96&d=mm&r=g\",\"contentUrl\":\"https:\\\/\\\/secure.gravatar.com\\\/avatar\\\/1537a11db5ae7fef0631b6c662f439d8a632c50630c980828d0e2c4de581568b?s=96&d=mm&r=g\",\"caption\":\"Michael Landl\"},\"url\":\"https:\\\/\\\/worldvapersalliance.com\\\/de_au\\\/author\\\/michael\\\/\"}]}<\/script>\n<!-- \/ Yoast SEO plugin. -->","yoast_head_json":{"title":"Costa Rica beschlie\u00dft Verbot des Dampfens an \u00f6ffentlichen Orten \u2013 Weltverband der Dampfer","robots":{"index":"index","follow":"follow","max-snippet":"max-snippet:-1","max-image-preview":"max-image-preview:large","max-video-preview":"max-video-preview:-1"},"canonical":"https:\/\/worldvapersalliance.com\/de_au\/costa-rica-approves-ban-on-vaping-in-public-places\/","og_locale":"de_DE","og_type":"article","og_title":"Costa Rica Approves Ban on Vaping in Public Places - World Vapers&#039; Alliance","og_description":"Last year, Costa Rica\u2019s Minister of Health, Daniel Salas, voiced his support towards a\u00a0ban on the use of vaping devices in public spaces, which has now been approved. Speaking to the deputies of the Committee on Social Affairs, earlier this year, Salas said that Bill\u00a021.658, which would set the regulations in question in place, has [&hellip;]","og_url":"https:\/\/worldvapersalliance.com\/de_au\/costa-rica-approves-ban-on-vaping-in-public-places\/","og_site_name":"World Vapers&#039; Alliance","article_published_time":"2021-11-06T00:55:52+00:00","article_modified_time":"2022-02-05T20:12:55+00:00","og_image":[{"width":850,"height":567,"url":"https:\/\/worldvapersalliance.com\/wp-content\/uploads\/2022\/02\/costa-rica.jpeg","type":"image\/jpeg"}],"author":"Michael Landl","twitter_card":"summary_large_image","twitter_misc":{"Verfasst von":"Michael Landl","Gesch\u00e4tzte Lesezeit":"3 Minuten"},"schema":{"@context":"https:\/\/schema.org","@graph":[{"@type":"Article","@id":"https:\/\/worldvapersalliance.com\/costa-rica-approves-ban-on-vaping-in-public-places\/#article","isPartOf":{"@id":"https:\/\/worldvapersalliance.com\/costa-rica-approves-ban-on-vaping-in-public-places\/"},"author":{"name":"Michael Landl","@id":"https:\/\/worldvapersalliance.com\/#\/schema\/person\/05f663571d787d89a2d5c77c482a6583"},"headline":"Costa Rica Approves Ban on Vaping in Public Places","datePublished":"2021-11-06T00:55:52+00:00","dateModified":"2022-02-05T20:12:55+00:00","mainEntityOfPage":{"@id":"https:\/\/worldvapersalliance.com\/costa-rica-approves-ban-on-vaping-in-public-places\/"},"wordCount":512,"commentCount":0,"publisher":{"@id":"https:\/\/worldvapersalliance.com\/#organization"},"image":{"@id":"https:\/\/worldvapersalliance.com\/costa-rica-approves-ban-on-vaping-in-public-places\/#primaryimage"},"thumbnailUrl":"https:\/\/worldvapersalliance.com\/wp-content\/uploads\/2025\/08\/WVA-in-the-news.png","articleSection":["WVA in the News"],"inLanguage":"de-AT","potentialAction":[{"@type":"CommentAction","name":"Comment","target":["https:\/\/worldvapersalliance.com\/costa-rica-approves-ban-on-vaping-in-public-places\/#respond"]}]},{"@type":"WebPage","@id":"https:\/\/worldvapersalliance.com\/costa-rica-approves-ban-on-vaping-in-public-places\/","url":"https:\/\/worldvapersalliance.com\/costa-rica-approves-ban-on-vaping-in-public-places\/","name":"Costa Rica beschlie\u00dft Verbot des Dampfens an \u00f6ffentlichen Orten \u2013 Weltverband der Dampfer","isPartOf":{"@id":"https:\/\/worldvapersalliance.com\/#website"},"primaryImageOfPage":{"@id":"https:\/\/worldvapersalliance.com\/costa-rica-approves-ban-on-vaping-in-public-places\/#primaryimage"},"image":{"@id":"https:\/\/worldvapersalliance.com\/costa-rica-approves-ban-on-vaping-in-public-places\/#primaryimage"},"thumbnailUrl":"https:\/\/worldvapersalliance.com\/wp-content\/uploads\/2025\/08\/WVA-in-the-news.png","datePublished":"2021-11-06T00:55:52+00:00","dateModified":"2022-02-05T20:12:55+00:00","inLanguage":"de-AT","potentialAction":[{"@type":"ReadAction","target":["https:\/\/worldvapersalliance.com\/costa-rica-approves-ban-on-vaping-in-public-places\/"]}]},{"@type":"ImageObject","inLanguage":"de-AT","@id":"https:\/\/worldvapersalliance.com\/costa-rica-approves-ban-on-vaping-in-public-places\/#primaryimage","url":"https:\/\/worldvapersalliance.com\/wp-content\/uploads\/2025\/08\/WVA-in-the-news.png","contentUrl":"https:\/\/worldvapersalliance.com\/wp-content\/uploads\/2025\/08\/WVA-in-the-news.png","width":1264,"height":848},{"@type":"WebSite","@id":"https:\/\/worldvapersalliance.com\/#website","url":"https:\/\/worldvapersalliance.com\/","name":"Weltweite Allianz der Dampfer","description":"Die gr\u00f6\u00dfte Community von Dampfern","publisher":{"@id":"https:\/\/worldvapersalliance.com\/#organization"},"potentialAction":[{"@type":"SearchAction","target":{"@type":"EntryPoint","urlTemplate":"https:\/\/worldvapersalliance.com\/?s={search_term_string}"},"query-input":{"@type":"PropertyValueSpecification","valueRequired":true,"valueName":"search_term_string"}}],"inLanguage":"de-AT"},{"@type":"Organization","@id":"https:\/\/worldvapersalliance.com\/#organization","name":"Weltweite Allianz der Dampfer","url":"https:\/\/worldvapersalliance.com\/","logo":{"@type":"ImageObject","inLanguage":"de-AT","@id":"https:\/\/worldvapersalliance.com\/#\/schema\/logo\/image\/","url":"https:\/\/worldvapersalliance.com\/wp-content\/uploads\/2022\/01\/WVA_RB_Fist_G.png","contentUrl":"https:\/\/worldvapersalliance.com\/wp-content\/uploads\/2022\/01\/WVA_RB_Fist_G.png","width":985,"height":1177,"caption":"World Vapers&#039; Alliance"},"image":{"@id":"https:\/\/worldvapersalliance.com\/#\/schema\/logo\/image\/"}},{"@type":"Person","@id":"https:\/\/worldvapersalliance.com\/#\/schema\/person\/05f663571d787d89a2d5c77c482a6583","name":"Michael Landl","image":{"@type":"ImageObject","inLanguage":"de-AT","@id":"https:\/\/secure.gravatar.com\/avatar\/1537a11db5ae7fef0631b6c662f439d8a632c50630c980828d0e2c4de581568b?s=96&d=mm&r=g","url":"https:\/\/secure.gravatar.com\/avatar\/1537a11db5ae7fef0631b6c662f439d8a632c50630c980828d0e2c4de581568b?s=96&d=mm&r=g","contentUrl":"https:\/\/secure.gravatar.com\/avatar\/1537a11db5ae7fef0631b6c662f439d8a632c50630c980828d0e2c4de581568b?s=96&d=mm&r=g","caption":"Michael Landl"},"url":"https:\/\/worldvapersalliance.com\/de_au\/author\/michael\/"}]}},"_links":{"self":[{"href":"https:\/\/worldvapersalliance.com\/de_au\/wp-json\/wp\/v2\/posts\/622","targetHints":{"allow":["GET"]}}],"collection":[{"href":"https:\/\/worldvapersalliance.com\/de_au\/wp-json\/wp\/v2\/posts"}],"about":[{"href":"https:\/\/worldvapersalliance.com\/de_au\/wp-json\/wp\/v2\/types\/post"}],"author":[{"embeddable":true,"href":"https:\/\/worldvapersalliance.com\/de_au\/wp-json\/wp\/v2\/users\/4"}],"replies":[{"embeddable":true,"href":"https:\/\/worldvapersalliance.com\/de_au\/wp-json\/wp\/v2\/comments?post=622"}],"version-history":[{"count":0,"href":"https:\/\/worldvapersalliance.com\/de_au\/wp-json\/wp\/v2\/posts\/622\/revisions"}],"wp:featuredmedia":[{"embeddable":true,"href":"https:\/\/worldvapersalliance.com\/de_au\/wp-json\/wp\/v2\/media\/6394"}],"wp:attachment":[{"href":"https:\/\/worldvapersalliance.com\/de_au\/wp-json\/wp\/v2\/media?parent=622"}],"wp:term":[{"taxonomy":"category","embeddable":true,"href":"https:\/\/worldvapersalliance.com\/de_au\/wp-json\/wp\/v2\/categories?post=622"},{"taxonomy":"post_tag","embeddable":true,"href":"https:\/\/worldvapersalliance.com\/de_au\/wp-json\/wp\/v2\/tags?post=622"}],"curies":[{"name":"wp","href":"https:\/\/api.w.org\/{rel}","templated":true}]}}