{"id":6163,"date":"2025-04-15T07:31:29","date_gmt":"2025-04-15T11:31:29","guid":{"rendered":"https:\/\/worldvapersalliance.com\/?p=6163"},"modified":"2025-04-15T07:31:29","modified_gmt":"2025-04-15T11:31:29","slug":"eu-commissions-new-tobacco-tax-plan-a-direct-attack-on-public-health-the-poor-and-common-sense","status":"publish","type":"post","link":"https:\/\/worldvapersalliance.com\/de_au\/eu-commissions-new-tobacco-tax-plan-a-direct-attack-on-public-health-the-poor-and-common-sense\/","title":{"rendered":"Der neue Tabaksteuerplan der EU-Kommission: Ein direkter Angriff auf die \u00f6ffentliche Gesundheit \u2026"},"content":{"rendered":"<p>Br\u00fcssel, 15. April 2025 \u2013 Die World Vapers&#039; Alliance (WVA) reagiert mit Besorgnis auf die <a href=\"https:\/\/link.mediaoutreach.meltwater.com\/ls\/click?upn=u001.kkA-2B5AE43OxWPGlc5bDzqL07cU9zHPMiNNCpTvmb27Br-2FnKlHSMgfRymn4ptBT9t6kH0n0xiZfc6edklxmpOnUl28bFxk2rBv89PNqEGrFnZzAkmdzp8hZq8IDXTybYL21bvHDbIR-2F-2BxFdKOXkhaajp1nBVCIGaRRpS-2BAkdLSwed9zVinjeyWao-2BevJvK8fR1Vb7TBjTzd0mDjmuHjZPxXFOlF-2FgecXLVBsucof3p0bEJWEDdrsArfloHfYhLeBtJAhy1EtyPmPqepOrzXyRka72uagq9vLI6AntyuUHu3liMYVjQ0iMRfiYMY-2FmQJITTFi8_EHy7tFOGs40gVcYn37LlHB4LH7beuJx4SJAbMI-2FNlfkwhj-2FQYzYY45KYKypHva6I1tReIGTC-2F9uofjPB6G1W8Z5yfAA4M5nDR1OxL4yWRazKlUaNgNPNqmnJJzpn28lscqHnpFBurxH0iFOLCEBKoCvCbnGamPhj1FWz5YS2RGrgx2LjClX-2FGMoW9UWTnxJX1ZRpS-2FSvKp1GlOOp5i-2FkRWK9Wk4EIF5YLk7rKPfHofpoaRHbk448FiaHgt-2FLzbiG9l2cxNINLzA-2FXamUu6WPqmWmerItEStI6Je5yxcshAcKRCiho-2FLpCmkqKuryqkKHAMgp95iNtdjj-2FK-2Fbx9ZL1y2772IIl-2FZuJ5JbgXuVfQc0zUg0SYt2giNdwJk9PQ9C222ckJ2ejDvEXz9AUu9-2FUA-3D-3D\" target=\"_blank\" rel=\"noopener\" data-saferedirecturl=\"https:\/\/www.google.com\/url?q=https:\/\/link.mediaoutreach.meltwater.com\/ls\/click?upn%3Du001.kkA-2B5AE43OxWPGlc5bDzqL07cU9zHPMiNNCpTvmb27Br-2FnKlHSMgfRymn4ptBT9t6kH0n0xiZfc6edklxmpOnUl28bFxk2rBv89PNqEGrFnZzAkmdzp8hZq8IDXTybYL21bvHDbIR-2F-2BxFdKOXkhaajp1nBVCIGaRRpS-2BAkdLSwed9zVinjeyWao-2BevJvK8fR1Vb7TBjTzd0mDjmuHjZPxXFOlF-2FgecXLVBsucof3p0bEJWEDdrsArfloHfYhLeBtJAhy1EtyPmPqepOrzXyRka72uagq9vLI6AntyuUHu3liMYVjQ0iMRfiYMY-2FmQJITTFi8_EHy7tFOGs40gVcYn37LlHB4LH7beuJx4SJAbMI-2FNlfkwhj-2FQYzYY45KYKypHva6I1tReIGTC-2F9uofjPB6G1W8Z5yfAA4M5nDR1OxL4yWRazKlUaNgNPNqmnJJzpn28lscqHnpFBurxH0iFOLCEBKoCvCbnGamPhj1FWz5YS2RGrgx2LjClX-2FGMoW9UWTnxJX1ZRpS-2FSvKp1GlOOp5i-2FkRWK9Wk4EIF5YLk7rKPfHofpoaRHbk448FiaHgt-2FLzbiG9l2cxNINLzA-2FXamUu6WPqmWmerItEStI6Je5yxcshAcKRCiho-2FLpCmkqKuryqkKHAMgp95iNtdjj-2FK-2Fbx9ZL1y2772IIl-2FZuJ5JbgXuVfQc0zUg0SYt2giNdwJk9PQ9C222ckJ2ejDvEXz9AUu9-2FUA-3D-3D&amp;source=gmail&amp;ust=1744802964098000&amp;usg=AOvVaw0aTEHArO3AW7eyUErYnrmA\">Bild Zeitung<\/a> Ein Bericht enth\u00fcllt die Nikotinsteuerpl\u00e4ne der Europ\u00e4ischen Kommission. Die EU erw\u00e4gt eine Erh\u00f6hung der Zigarettenpreise um 301 Prozent und plant dar\u00fcber hinaus \u2013 noch viel skandal\u00f6ser \u2013 eine drastische Steuererh\u00f6hung auf E-Zigaretten und andere, weniger sch\u00e4dliche Nikotinalternativen. Da die offizielle Ank\u00fcndigung m\u00f6glicherweise schon morgen erfolgt, fordert die WVA die Kommission dringend auf, diesen r\u00fccksichtslosen Schritt zu verwerfen. Er w\u00fcrde Millionen von Rauchern, die mit dem Rauchen aufh\u00f6ren wollen, bestrafen, die \u00c4rmsten am h\u00e4rtesten treffen und EU-kritischen Populisten ein neues, wirkungsvolles Argument liefern.<\/p>\n<p>Michael Landl, Direktor der World Vapers&#039; Alliance, sagte:<\/p>\n<p><strong><em>\u201cDas ist nicht nur schlechte Politik, sondern eine Katastrophe f\u00fcr die \u00f6ffentliche Gesundheit, die zu sozialer Ungerechtigkeit f\u00fchrt. Die Kommission ignoriert die Wissenschaft, bestraft die Armen und liefert den EU-Gegnern genau das, was sie wollen: den Beweis, dass Br\u00fcssel den Bezug zur Realit\u00e4t verloren hat und sich nicht um die einfachen Leute k\u00fcmmert.\u201d<br \/>\n<\/em><\/strong><\/p>\n<p>Die Raucherquoten sind unter Europ\u00e4ern mit niedrigem Einkommen am h\u00f6chsten, die sich auch die h\u00f6heren Preise am wenigsten leisten k\u00f6nnen. <strong><em>\u201cDurch die pauschalen Steuererh\u00f6hungen erschwert die Kommission es den am st\u00e4rksten benachteiligten Menschen noch mehr, die Nikotinsucht zu \u00fcberwinden. E-Zigaretten und andere weniger sch\u00e4dliche Alternativen sollten niedriger, nicht h\u00f6her besteuert werden, um Rauchern jeden Anreiz zum Umstieg zu geben. Die EU muss ihren Kurs \u00e4ndern, bevor sie Millionen ihrer B\u00fcrgerinnen und B\u00fcrger irreparablen Schaden zuf\u00fcgt.\u201d,<\/em><\/strong> Landl schloss.<\/p>","protected":false},"excerpt":{"rendered":"<p>Brussels, 15 April 2025 \u2013 The World Vapers\u2019 Alliance (WVA) reacts with alarm to the Bild Zeitung report revealing the European Commission\u2019s nicotine tax plan. The EU is considering a 30% hike in cigarette prices and, even more outrageously, plans to drastically increase taxation on vaping products and other less harmful nicotine alternatives. With the [&hellip;]<\/p>\n","protected":false},"author":11,"featured_media":3245,"comment_status":"open","ping_status":"open","sticky":false,"template":"","format":"standard","meta":{"footnotes":""},"categories":[13],"tags":[],"class_list":["post-6163","post","type-post","status-publish","format-standard","has-post-thumbnail","hentry","category-press-releases"],"yoast_head":"<!-- This site is optimized with the Yoast SEO plugin v27.3 - https:\/\/yoast.com\/product\/yoast-seo-wordpress\/ -->\n<title>EU Commission\u2019s New Tobacco Tax Plan: A Direct Attack on Public Health, the Poor, and Common Sense - World Vapers&#039; Alliance<\/title>\n<meta name=\"description\" content=\"The World Vapers\u2019 Alliance (WVA) reacts with alarm to the Bild Zeitung report revealing the European Commission\u2019s nicotine tax plan.\" \/>\n<meta name=\"robots\" content=\"index, follow, max-snippet:-1, max-image-preview:large, max-video-preview:-1\" \/>\n<link rel=\"canonical\" href=\"https:\/\/worldvapersalliance.com\/de_au\/eu-commissions-new-tobacco-tax-plan-a-direct-attack-on-public-health-the-poor-and-common-sense\/\" \/>\n<meta property=\"og:locale\" content=\"de_DE\" \/>\n<meta property=\"og:type\" content=\"article\" \/>\n<meta property=\"og:title\" content=\"EU Commission\u2019s New Tobacco Tax Plan: A Direct Attack on Public Health, the Poor, and Common Sense - World Vapers&#039; Alliance\" \/>\n<meta property=\"og:description\" content=\"The World Vapers\u2019 Alliance (WVA) reacts with alarm to the Bild Zeitung report revealing the European Commission\u2019s nicotine tax plan.\" \/>\n<meta property=\"og:url\" content=\"https:\/\/worldvapersalliance.com\/de_au\/eu-commissions-new-tobacco-tax-plan-a-direct-attack-on-public-health-the-poor-and-common-sense\/\" \/>\n<meta property=\"og:site_name\" content=\"World Vapers&#039; Alliance\" \/>\n<meta property=\"article:published_time\" content=\"2025-04-15T11:31:29+00:00\" \/>\n<meta property=\"og:image\" content=\"https:\/\/worldvapersalliance.com\/wp-content\/uploads\/2022\/10\/WVA_Press-Release_Cover-new.png\" \/>\n\t<meta property=\"og:image:width\" content=\"4162\" \/>\n\t<meta property=\"og:image:height\" content=\"3840\" \/>\n\t<meta property=\"og:image:type\" content=\"image\/png\" \/>\n<meta name=\"author\" content=\"World Vapers&#039; Alliance\" \/>\n<meta name=\"twitter:card\" content=\"summary_large_image\" \/>\n<meta name=\"twitter:label1\" content=\"Verfasst von\" \/>\n\t<meta name=\"twitter:data1\" content=\"World Vapers&#039; Alliance\" \/>\n\t<meta name=\"twitter:label2\" content=\"Gesch\u00e4tzte Lesezeit\" \/>\n\t<meta name=\"twitter:data2\" content=\"2 Minuten\" \/>\n<script type=\"application\/ld+json\" class=\"yoast-schema-graph\">{\"@context\":\"https:\\\/\\\/schema.org\",\"@graph\":[{\"@type\":\"Article\",\"@id\":\"https:\\\/\\\/worldvapersalliance.com\\\/eu-commissions-new-tobacco-tax-plan-a-direct-attack-on-public-health-the-poor-and-common-sense\\\/#article\",\"isPartOf\":{\"@id\":\"https:\\\/\\\/worldvapersalliance.com\\\/eu-commissions-new-tobacco-tax-plan-a-direct-attack-on-public-health-the-poor-and-common-sense\\\/\"},\"author\":{\"name\":\"World Vapers' Alliance\",\"@id\":\"https:\\\/\\\/worldvapersalliance.com\\\/#\\\/schema\\\/person\\\/18484a6f20bcc6f70a2419c8babe017d\"},\"headline\":\"EU Commission\u2019s New Tobacco Tax Plan: A Direct Attack on Public Health, t &hellip;\",\"datePublished\":\"2025-04-15T11:31:29+00:00\",\"mainEntityOfPage\":{\"@id\":\"https:\\\/\\\/worldvapersalliance.com\\\/eu-commissions-new-tobacco-tax-plan-a-direct-attack-on-public-health-the-poor-and-common-sense\\\/\"},\"wordCount\":240,\"commentCount\":1,\"publisher\":{\"@id\":\"https:\\\/\\\/worldvapersalliance.com\\\/#organization\"},\"image\":{\"@id\":\"https:\\\/\\\/worldvapersalliance.com\\\/eu-commissions-new-tobacco-tax-plan-a-direct-attack-on-public-health-the-poor-and-common-sense\\\/#primaryimage\"},\"thumbnailUrl\":\"https:\\\/\\\/worldvapersalliance.com\\\/wp-content\\\/uploads\\\/2022\\\/10\\\/WVA_Press-Release_Cover-new.png\",\"articleSection\":[\"Press Releases\"],\"inLanguage\":\"de-AT\",\"potentialAction\":[{\"@type\":\"CommentAction\",\"name\":\"Comment\",\"target\":[\"https:\\\/\\\/worldvapersalliance.com\\\/eu-commissions-new-tobacco-tax-plan-a-direct-attack-on-public-health-the-poor-and-common-sense\\\/#respond\"]}]},{\"@type\":\"WebPage\",\"@id\":\"https:\\\/\\\/worldvapersalliance.com\\\/eu-commissions-new-tobacco-tax-plan-a-direct-attack-on-public-health-the-poor-and-common-sense\\\/\",\"url\":\"https:\\\/\\\/worldvapersalliance.com\\\/eu-commissions-new-tobacco-tax-plan-a-direct-attack-on-public-health-the-poor-and-common-sense\\\/\",\"name\":\"EU Commission\u2019s New Tobacco Tax Plan: A Direct Attack on Public Health, the Poor, and Common Sense - World Vapers&#039; Alliance\",\"isPartOf\":{\"@id\":\"https:\\\/\\\/worldvapersalliance.com\\\/#website\"},\"primaryImageOfPage\":{\"@id\":\"https:\\\/\\\/worldvapersalliance.com\\\/eu-commissions-new-tobacco-tax-plan-a-direct-attack-on-public-health-the-poor-and-common-sense\\\/#primaryimage\"},\"image\":{\"@id\":\"https:\\\/\\\/worldvapersalliance.com\\\/eu-commissions-new-tobacco-tax-plan-a-direct-attack-on-public-health-the-poor-and-common-sense\\\/#primaryimage\"},\"thumbnailUrl\":\"https:\\\/\\\/worldvapersalliance.com\\\/wp-content\\\/uploads\\\/2022\\\/10\\\/WVA_Press-Release_Cover-new.png\",\"datePublished\":\"2025-04-15T11:31:29+00:00\",\"description\":\"The World Vapers\u2019 Alliance (WVA) reacts with alarm to the Bild Zeitung report revealing the European Commission\u2019s nicotine tax plan.\",\"inLanguage\":\"de-AT\",\"potentialAction\":[{\"@type\":\"ReadAction\",\"target\":[\"https:\\\/\\\/worldvapersalliance.com\\\/eu-commissions-new-tobacco-tax-plan-a-direct-attack-on-public-health-the-poor-and-common-sense\\\/\"]}]},{\"@type\":\"ImageObject\",\"inLanguage\":\"de-AT\",\"@id\":\"https:\\\/\\\/worldvapersalliance.com\\\/eu-commissions-new-tobacco-tax-plan-a-direct-attack-on-public-health-the-poor-and-common-sense\\\/#primaryimage\",\"url\":\"https:\\\/\\\/worldvapersalliance.com\\\/wp-content\\\/uploads\\\/2022\\\/10\\\/WVA_Press-Release_Cover-new.png\",\"contentUrl\":\"https:\\\/\\\/worldvapersalliance.com\\\/wp-content\\\/uploads\\\/2022\\\/10\\\/WVA_Press-Release_Cover-new.png\",\"width\":4162,\"height\":3840},{\"@type\":\"WebSite\",\"@id\":\"https:\\\/\\\/worldvapersalliance.com\\\/#website\",\"url\":\"https:\\\/\\\/worldvapersalliance.com\\\/\",\"name\":\"World Vapers&#039; Alliance\",\"description\":\"The largest community of vapers\",\"publisher\":{\"@id\":\"https:\\\/\\\/worldvapersalliance.com\\\/#organization\"},\"potentialAction\":[{\"@type\":\"SearchAction\",\"target\":{\"@type\":\"EntryPoint\",\"urlTemplate\":\"https:\\\/\\\/worldvapersalliance.com\\\/?s={search_term_string}\"},\"query-input\":{\"@type\":\"PropertyValueSpecification\",\"valueRequired\":true,\"valueName\":\"search_term_string\"}}],\"inLanguage\":\"de-AT\"},{\"@type\":\"Organization\",\"@id\":\"https:\\\/\\\/worldvapersalliance.com\\\/#organization\",\"name\":\"World Vapers&#039; Alliance\",\"url\":\"https:\\\/\\\/worldvapersalliance.com\\\/\",\"logo\":{\"@type\":\"ImageObject\",\"inLanguage\":\"de-AT\",\"@id\":\"https:\\\/\\\/worldvapersalliance.com\\\/#\\\/schema\\\/logo\\\/image\\\/\",\"url\":\"https:\\\/\\\/worldvapersalliance.com\\\/wp-content\\\/uploads\\\/2022\\\/01\\\/WVA_RB_Fist_G.png\",\"contentUrl\":\"https:\\\/\\\/worldvapersalliance.com\\\/wp-content\\\/uploads\\\/2022\\\/01\\\/WVA_RB_Fist_G.png\",\"width\":985,\"height\":1177,\"caption\":\"World Vapers&#039; Alliance\"},\"image\":{\"@id\":\"https:\\\/\\\/worldvapersalliance.com\\\/#\\\/schema\\\/logo\\\/image\\\/\"}},{\"@type\":\"Person\",\"@id\":\"https:\\\/\\\/worldvapersalliance.com\\\/#\\\/schema\\\/person\\\/18484a6f20bcc6f70a2419c8babe017d\",\"name\":\"World Vapers' Alliance\",\"image\":{\"@type\":\"ImageObject\",\"inLanguage\":\"de-AT\",\"@id\":\"https:\\\/\\\/secure.gravatar.com\\\/avatar\\\/456bf795c7a47c9ac527a94da4bff150aa49e48726d69bee9937f8383cffa246?s=96&d=mm&r=g\",\"url\":\"https:\\\/\\\/secure.gravatar.com\\\/avatar\\\/456bf795c7a47c9ac527a94da4bff150aa49e48726d69bee9937f8383cffa246?s=96&d=mm&r=g\",\"contentUrl\":\"https:\\\/\\\/secure.gravatar.com\\\/avatar\\\/456bf795c7a47c9ac527a94da4bff150aa49e48726d69bee9937f8383cffa246?s=96&d=mm&r=g\",\"caption\":\"World Vapers' Alliance\"},\"url\":\"https:\\\/\\\/worldvapersalliance.com\\\/de_au\\\/author\\\/wva\\\/\"}]}<\/script>\n<!-- \/ Yoast SEO plugin. -->","yoast_head_json":{"title":"Der neue Tabaksteuerplan der EU-Kommission: Ein direkter Angriff auf die \u00f6ffentliche Gesundheit, die Armen und den gesunden Menschenverstand \u2013 Weltverband der Dampfer","description":"Die World Vapers&#039; Alliance (WVA) reagiert mit Besorgnis auf den Bericht der Bild Zeitung, der den Nikotinsteuerplan der Europ\u00e4ischen Kommission enth\u00fcllt.","robots":{"index":"index","follow":"follow","max-snippet":"max-snippet:-1","max-image-preview":"max-image-preview:large","max-video-preview":"max-video-preview:-1"},"canonical":"https:\/\/worldvapersalliance.com\/de_au\/eu-commissions-new-tobacco-tax-plan-a-direct-attack-on-public-health-the-poor-and-common-sense\/","og_locale":"de_DE","og_type":"article","og_title":"EU Commission\u2019s New Tobacco Tax Plan: A Direct Attack on Public Health, the Poor, and Common Sense - World Vapers&#039; Alliance","og_description":"The World Vapers\u2019 Alliance (WVA) reacts with alarm to the Bild Zeitung report revealing the European Commission\u2019s nicotine tax plan.","og_url":"https:\/\/worldvapersalliance.com\/de_au\/eu-commissions-new-tobacco-tax-plan-a-direct-attack-on-public-health-the-poor-and-common-sense\/","og_site_name":"World Vapers&#039; Alliance","article_published_time":"2025-04-15T11:31:29+00:00","og_image":[{"width":4162,"height":3840,"url":"https:\/\/worldvapersalliance.com\/wp-content\/uploads\/2022\/10\/WVA_Press-Release_Cover-new.png","type":"image\/png"}],"author":"World Vapers' Alliance","twitter_card":"summary_large_image","twitter_misc":{"Verfasst von":"World Vapers' Alliance","Gesch\u00e4tzte Lesezeit":"2 Minuten"},"schema":{"@context":"https:\/\/schema.org","@graph":[{"@type":"Article","@id":"https:\/\/worldvapersalliance.com\/eu-commissions-new-tobacco-tax-plan-a-direct-attack-on-public-health-the-poor-and-common-sense\/#article","isPartOf":{"@id":"https:\/\/worldvapersalliance.com\/eu-commissions-new-tobacco-tax-plan-a-direct-attack-on-public-health-the-poor-and-common-sense\/"},"author":{"name":"World Vapers' Alliance","@id":"https:\/\/worldvapersalliance.com\/#\/schema\/person\/18484a6f20bcc6f70a2419c8babe017d"},"headline":"EU Commission\u2019s New Tobacco Tax Plan: A Direct Attack on Public Health, t &hellip;","datePublished":"2025-04-15T11:31:29+00:00","mainEntityOfPage":{"@id":"https:\/\/worldvapersalliance.com\/eu-commissions-new-tobacco-tax-plan-a-direct-attack-on-public-health-the-poor-and-common-sense\/"},"wordCount":240,"commentCount":1,"publisher":{"@id":"https:\/\/worldvapersalliance.com\/#organization"},"image":{"@id":"https:\/\/worldvapersalliance.com\/eu-commissions-new-tobacco-tax-plan-a-direct-attack-on-public-health-the-poor-and-common-sense\/#primaryimage"},"thumbnailUrl":"https:\/\/worldvapersalliance.com\/wp-content\/uploads\/2022\/10\/WVA_Press-Release_Cover-new.png","articleSection":["Press Releases"],"inLanguage":"de-AT","potentialAction":[{"@type":"CommentAction","name":"Comment","target":["https:\/\/worldvapersalliance.com\/eu-commissions-new-tobacco-tax-plan-a-direct-attack-on-public-health-the-poor-and-common-sense\/#respond"]}]},{"@type":"WebPage","@id":"https:\/\/worldvapersalliance.com\/eu-commissions-new-tobacco-tax-plan-a-direct-attack-on-public-health-the-poor-and-common-sense\/","url":"https:\/\/worldvapersalliance.com\/eu-commissions-new-tobacco-tax-plan-a-direct-attack-on-public-health-the-poor-and-common-sense\/","name":"Der neue Tabaksteuerplan der EU-Kommission: Ein direkter Angriff auf die \u00f6ffentliche Gesundheit, die Armen und den gesunden Menschenverstand \u2013 Weltverband der Dampfer","isPartOf":{"@id":"https:\/\/worldvapersalliance.com\/#website"},"primaryImageOfPage":{"@id":"https:\/\/worldvapersalliance.com\/eu-commissions-new-tobacco-tax-plan-a-direct-attack-on-public-health-the-poor-and-common-sense\/#primaryimage"},"image":{"@id":"https:\/\/worldvapersalliance.com\/eu-commissions-new-tobacco-tax-plan-a-direct-attack-on-public-health-the-poor-and-common-sense\/#primaryimage"},"thumbnailUrl":"https:\/\/worldvapersalliance.com\/wp-content\/uploads\/2022\/10\/WVA_Press-Release_Cover-new.png","datePublished":"2025-04-15T11:31:29+00:00","description":"Die World Vapers&#039; Alliance (WVA) reagiert mit Besorgnis auf den Bericht der Bild Zeitung, der den Nikotinsteuerplan der Europ\u00e4ischen Kommission enth\u00fcllt.","inLanguage":"de-AT","potentialAction":[{"@type":"ReadAction","target":["https:\/\/worldvapersalliance.com\/eu-commissions-new-tobacco-tax-plan-a-direct-attack-on-public-health-the-poor-and-common-sense\/"]}]},{"@type":"ImageObject","inLanguage":"de-AT","@id":"https:\/\/worldvapersalliance.com\/eu-commissions-new-tobacco-tax-plan-a-direct-attack-on-public-health-the-poor-and-common-sense\/#primaryimage","url":"https:\/\/worldvapersalliance.com\/wp-content\/uploads\/2022\/10\/WVA_Press-Release_Cover-new.png","contentUrl":"https:\/\/worldvapersalliance.com\/wp-content\/uploads\/2022\/10\/WVA_Press-Release_Cover-new.png","width":4162,"height":3840},{"@type":"WebSite","@id":"https:\/\/worldvapersalliance.com\/#website","url":"https:\/\/worldvapersalliance.com\/","name":"Weltweite Allianz der Dampfer","description":"Die gr\u00f6\u00dfte Community von Dampfern","publisher":{"@id":"https:\/\/worldvapersalliance.com\/#organization"},"potentialAction":[{"@type":"SearchAction","target":{"@type":"EntryPoint","urlTemplate":"https:\/\/worldvapersalliance.com\/?s={search_term_string}"},"query-input":{"@type":"PropertyValueSpecification","valueRequired":true,"valueName":"search_term_string"}}],"inLanguage":"de-AT"},{"@type":"Organization","@id":"https:\/\/worldvapersalliance.com\/#organization","name":"Weltweite Allianz der Dampfer","url":"https:\/\/worldvapersalliance.com\/","logo":{"@type":"ImageObject","inLanguage":"de-AT","@id":"https:\/\/worldvapersalliance.com\/#\/schema\/logo\/image\/","url":"https:\/\/worldvapersalliance.com\/wp-content\/uploads\/2022\/01\/WVA_RB_Fist_G.png","contentUrl":"https:\/\/worldvapersalliance.com\/wp-content\/uploads\/2022\/01\/WVA_RB_Fist_G.png","width":985,"height":1177,"caption":"World Vapers&#039; Alliance"},"image":{"@id":"https:\/\/worldvapersalliance.com\/#\/schema\/logo\/image\/"}},{"@type":"Person","@id":"https:\/\/worldvapersalliance.com\/#\/schema\/person\/18484a6f20bcc6f70a2419c8babe017d","name":"Weltweite Allianz der Dampfer","image":{"@type":"ImageObject","inLanguage":"de-AT","@id":"https:\/\/secure.gravatar.com\/avatar\/456bf795c7a47c9ac527a94da4bff150aa49e48726d69bee9937f8383cffa246?s=96&d=mm&r=g","url":"https:\/\/secure.gravatar.com\/avatar\/456bf795c7a47c9ac527a94da4bff150aa49e48726d69bee9937f8383cffa246?s=96&d=mm&r=g","contentUrl":"https:\/\/secure.gravatar.com\/avatar\/456bf795c7a47c9ac527a94da4bff150aa49e48726d69bee9937f8383cffa246?s=96&d=mm&r=g","caption":"World Vapers' Alliance"},"url":"https:\/\/worldvapersalliance.com\/de_au\/author\/wva\/"}]}},"_links":{"self":[{"href":"https:\/\/worldvapersalliance.com\/de_au\/wp-json\/wp\/v2\/posts\/6163","targetHints":{"allow":["GET"]}}],"collection":[{"href":"https:\/\/worldvapersalliance.com\/de_au\/wp-json\/wp\/v2\/posts"}],"about":[{"href":"https:\/\/worldvapersalliance.com\/de_au\/wp-json\/wp\/v2\/types\/post"}],"author":[{"embeddable":true,"href":"https:\/\/worldvapersalliance.com\/de_au\/wp-json\/wp\/v2\/users\/11"}],"replies":[{"embeddable":true,"href":"https:\/\/worldvapersalliance.com\/de_au\/wp-json\/wp\/v2\/comments?post=6163"}],"version-history":[{"count":0,"href":"https:\/\/worldvapersalliance.com\/de_au\/wp-json\/wp\/v2\/posts\/6163\/revisions"}],"wp:featuredmedia":[{"embeddable":true,"href":"https:\/\/worldvapersalliance.com\/de_au\/wp-json\/wp\/v2\/media\/3245"}],"wp:attachment":[{"href":"https:\/\/worldvapersalliance.com\/de_au\/wp-json\/wp\/v2\/media?parent=6163"}],"wp:term":[{"taxonomy":"category","embeddable":true,"href":"https:\/\/worldvapersalliance.com\/de_au\/wp-json\/wp\/v2\/categories?post=6163"},{"taxonomy":"post_tag","embeddable":true,"href":"https:\/\/worldvapersalliance.com\/de_au\/wp-json\/wp\/v2\/tags?post=6163"}],"curies":[{"name":"wp","href":"https:\/\/api.w.org\/{rel}","templated":true}]}}