{"id":5927,"date":"2024-11-21T07:14:54","date_gmt":"2024-11-21T12:14:54","guid":{"rendered":"https:\/\/worldvapersalliance.com\/?p=5927"},"modified":"2024-12-06T07:16:23","modified_gmt":"2024-12-06T12:16:23","slug":"el-nuevo-cargo-de-monica-garcia-en-la-oms-un-premio-por-ignorar-la-ciencia-y-castigar-a-los-ciudadanos-en-medio-de-un-escandalo","status":"publish","type":"post","link":"https:\/\/worldvapersalliance.com\/de_au\/el-nuevo-cargo-de-monica-garcia-en-la-oms-un-premio-por-ignorar-la-ciencia-y-castigar-a-los-ciudadanos-en-medio-de-un-escandalo\/","title":{"rendered":"Die neue Fracht von M\u00f3nica Garc\u00eda im OMS: Ein Preis, der die Wissenschaft ignoriert \u2026"},"content":{"rendered":"<p>El recente <a href=\"https:\/\/herculesdiario.es\/salud-hercules\/la-oms-ficha-a-monica-garcia-como-representante-de-europa-la-primera-mujer-espanola-en-20-anos\/\">nombramiento<\/a> M\u00f3nica Garc\u00eda, Gesundheitsministerin von Spanien, als Vertreterin Europas im Comit\u00e9 Ejecutivo de la Organizaci\u00f3n Mundial de la Salud (OMS), ist ein klares Beispiel daf\u00fcr <strong>Die Organisation legt gro\u00dfen Wert auf die Politik, die Verbote und Paternalisten einf\u00fchrt, und ist daher auf wissenschaftlicher Basis t\u00e4tig<\/strong>. Im Zuge der Reconocer-Strategien, die auf Beweisen basieren, wie auf der Reduzierung von Tabaquismo-Anleihen, <strong>Das OMS verg\u00fctet diejenigen, die sich daf\u00fcr einsetzen, dass sie die Stadt verlassen und sich im Kampf gegen den Tabaquismo niederlassen.<\/strong><\/p>\n<h4 class=\"wp-block-heading has-medium-font-size\"><strong>Ein mittlerer Name der Pol\u00e9mica<\/strong><\/h4>\n<p>Der Namenskontext von Garc\u00eda ist m\u00f6glicherweise nicht besonders beliebt. Die Verleumdung von \u00cd\u00f1igo Errej\u00f3n, einer der Hauptlekt\u00fcren von Sumar, aufgrund von Anschuldigungen aus sexuellen Handlungen und Verhaltensweisen von Machisten, wurde w\u00e4hrend der Partido lange verhandelt. La propia M\u00f3nica Garc\u00eda <a href=\"https:\/\/okdiario.com\/espana\/monica-garcia-admite-que-conocia-denuncia-agresion-sexual-errejon-julio-2023-13717242\">admiti\u00f3<\/a> Ich glaube, es sind seit Juli 2023 Bedenken, aber ich habe mich f\u00fcr Stille und Unt\u00e4tigkeit entschieden. Dies ist der Fall, der aufgrund des DANA-Desasters, das Spanien verlassen hat, medikament\u00f6s behandelt wurde, und nachdem ich es vollst\u00e4ndig gekl\u00e4rt habe, habe ich ein Manto von zwei M\u00e4nnern an die Verantwortung von Garc\u00eda und seinem Partner geschickt. Ohne Embargo habe ich die Unf\u00e4higkeit des Ministeriums demonstriert, eine interne Krise seiner Partei zu bew\u00e4ltigen. Ihr Schweigen und ihre Unt\u00e4tigkeit wurden zu Beweisen f\u00fcr den Zusammenbruch der Familie und der Prinzipien. M\u00e1xime, als die Parteivorsitzende Tania S\u00e1nchez zugab, dass die Parteichefin ihren Meinungen und Ger\u00fcchten, die das Verhalten von Errej\u00f3n aufgrund der \u201c\u00c4ra einer gro\u00dfen politischen Tapferkeit\u201d erkl\u00e4rten, keine gro\u00dfe Bedeutung beima\u00df.<\/p>\n<p>Au\u00dferdem ist Ihre pers\u00f6nliche Geschichte f\u00fcr den Fall gekennzeichnet, dass Sie sich um Ihre Integrit\u00e4t k\u00fcmmern. Desde haber recibido un <a href=\"https:\/\/www.eldebate.com\/espana\/madrid\/20231121\/polemica-salario-doble-monica-garcia-empana-labor-como-ministra-sanidad_155184.html\">doble salario<\/a> \u00d6ffentlich w\u00e4hrend der Entschuldigung eines \u00abVerwaltungsfehlers\u00bb, hasta que su familia <a href=\"https:\/\/gaceta.es\/uncategorized\/la-familia-de-monica-garcia-cobra-el-bono-social-termico-destinado-a-familias-vulnerables-al-que-dijo-haber-renunciado-20240620-1334\/\">Cobrara<\/a> Ein gutes soziales Vertrauen ist f\u00fcr gef\u00e4hrdete Familien bestimmt und verlangt von ihrem Versprechen, auf sie zu verzichten. Por si fuera poco, <strong>Ihr Chalet in Cercedilla ist nicht zug\u00e4nglich <a href=\"https:\/\/herculesdiario.es\/madrid\/monica-garcia-tendra-que-abandonar-su-chalet-ilegal-en-cercedilla-en-los-proximos-meses\/\">desahucio<\/a> por irregulidades legales. Diese F\u00e4lle sind nicht allein auf das Bild zur\u00fcckzuf\u00fchren<\/strong>, sino que tambi\u00e9n dudass \u00fcber Ihre F\u00e4higkeit verf\u00fcgt, Europa in einem Organismus wie dem OMS zu vertreten.<\/p>\n<h4 class=\"wp-block-heading has-medium-font-size\"><strong>Politische Werbung f\u00e4llt in den OMS-Stil<\/strong><\/h4>\n<p>Das Ministerio de Sanidad, unter der Leitung von Garc\u00eda, hat einen angenommen <strong>enfoque prohibicionista alineado con lasdirectrices de la OMS, ignoranto las evidencias entificas and los modelsosososososos de anderen pa\u00edses.<\/strong> Ihre Propuestas, um die Verwendung von E-Zigaretten und Liquids sowie unbrauchbare Ger\u00e4te zu verbieten, sind ein klarer Hinweis auf diese fehlgeschlagene Strategie. Die OMS hatte die Absicht, sich w\u00e4hrend des COP10-Kongresses von Marco f\u00fcr die Tabaco-Kontrolle zu verunsichern, und nun befand sie sich in Garc\u00eda auf einem Feld der Verteidigung ihrer Politik.<\/p>\n<p>Der Vapeo ist ein Schl\u00fcssel zur Reduzierung von Sch\u00e4den. <a href=\"https:\/\/worldvapersalliance.com\/de_au\/harm-reduction-vaping-fact-sheet\/\">Estudios<\/a> Das bedeutet, dass es sich bei dem 95% nicht um Rauch handelt, sondern um die Verbrennung zu verhindern und die Schadstoffexposition drastisch zu reduzieren. Dar\u00fcber hinaus ist das E-Zigaretten-Verdampfen am effektivsten, da die traditionellen Therapien f\u00fcr den Raucherentzug Millionen von Menschen dazu verleiten, das Rauchen aufzugeben. Pa\u00edses como <a href=\"https:\/\/worldvapersalliance.com\/de_au\/sweden-reduces-smoking-further-an-example-the-eu-can-no-longer-ignore\/\">Schweden<\/a> han demostrado que <strong>Eine Strategie, die auf der Kostenreduzierung basiert und Alternativen wie Snus und Vape f\u00f6rdert, kann die Rauchwaren auf die Mindestebene reduzieren.<\/strong> Suecia ist nun die Grundvoraussetzung der Welt, die den Menschen mit weniger als 5% in Betracht gezogen hat.<\/p>\n<p>Im Gegensatz dazu sind Garc\u00edas ignorante Politiker Lecciones. <strong>Das Verbot von Tabakwaren und verbotenen Gegenst\u00e4nden reduziert den Tabakkonsum nicht, aber es f\u00f6rdert den Anstieg des schwarzen Marktes, wie er in verschiedenen L\u00e4ndern vorkommt<\/strong>. Au\u00dferdem sind es die Raucher, die nach Alternativen suchen, und die kleinen Gesch\u00e4ftsleute, die vom Verkauf von Vape-Produkten abh\u00e4ngen.<\/p>\n<h4 class=\"wp-block-heading has-medium-font-size\"><strong>Der perverse Anreiz von OMS<\/strong><\/h4>\n<p><strong>Die Nominierung von Garc\u00eda seitens der OMS enthielt eine alarmierende Botschaft: Die Politiker, die die Politik ohne wissenschaftliche Grundlage umsetzten, stimmten jedoch mit den verbotenen Dogmen der Organisation \u00fcberein und wurden mit prestigetr\u00e4chtigen internationalen Ladungen belohnt<\/strong>. Es ist ein perverser Anreiz, andere Leser anzuimieren, die sich anweisen, sie zu besch\u00fctzen, um die \u00f6ffentliche Gesundheit zu sch\u00fctzen, so dass sie den Tabakkonsum reduzieren und das Leben der B\u00fcrger verbessern k\u00f6nnen.<\/p>\n<p>Am Anfang seiner Amtszeit als paternalistischer und perjudizieller politischer Impuls muss die OMS die Austrittsmodelle wie Suecia aufkl\u00e4ren und f\u00f6rdern, was ihnen das Leben gerettet hat, als sie die Schadensreduzierung erlitten haben. Der Fall M\u00f3nica Garc\u00eda demuestra que<strong> Die Organisation ist von gr\u00f6\u00dferem Interesse und legt gro\u00dfen Wert auf die Agenda, die sie in der Wissenschaft nach wirksamen und fundierten L\u00f6sungen sucht.<\/strong><\/p>\n<p>Der Aufstieg von M\u00f3nica Garc\u00eda zu einer Ladung in der OMS war keine Reconocimiento zu ihrer Gesti\u00f3n, seit einem Jahr <strong>Vor allem wegen ihres Gehorsams gegen\u00fcber der Politik, der die Beweise und Urteile der B\u00fcrger ignorierte.<\/strong> W\u00e4hrend Suecia am Ende des Weges ein zuk\u00fcnftiges freies Leben mit effektiven Strategien einging, ist Spanien ein Hundertj\u00e4hriges und ein verbotenes Modell, das in die \u00d6ffentlichkeit gelangt und den Verbrauchern widerspricht. Das OMS muss bald wieder in Betrieb genommen werden, weil die ersten B\u00fccher, die es braucht, erst sp\u00e4ter in die Irre gef\u00fchrt werden, sodass es immer wieder zu Fehlern kommt.<\/p>\n<p>Urspr\u00fcnglich ver\u00f6ffentlicht <a href=\"https:\/\/herculesdiario.es\/nacional\/el-nuevo-cargo-de-monica-garcia-en-la-oms-un-premio-por-ignorar-la-ciencia-y-castigar-a-los-ciudadanos-en-medio-de-un-escandalo\/\" target=\"_blank\" rel=\"noopener\">Hier<\/a><\/p>\n<p>&nbsp;<\/p>","protected":false},"excerpt":{"rendered":"<p>El reciente nombramiento de M\u00f3nica Garc\u00eda, ministra de Sanidad de Espa\u00f1a, como representante de Europa en el Comit\u00e9 Ejecutivo de la Organizaci\u00f3n Mundial de la Salud (OMS) es un claro ejemplo de c\u00f3mo la organizaci\u00f3n premia a los pol\u00edticos que implementan pol\u00edticas prohibicionistas y paternalistas, aunque \u00e9stas carezcan de base cient\u00edfica. En lugar de reconocer [&hellip;]<\/p>\n","protected":false},"author":14,"featured_media":6394,"comment_status":"open","ping_status":"open","sticky":false,"template":"","format":"standard","meta":{"footnotes":""},"categories":[15],"tags":[],"class_list":["post-5927","post","type-post","status-publish","format-standard","has-post-thumbnail","hentry","category-wva-in-the-news"],"yoast_head":"<!-- This site is optimized with the Yoast SEO plugin v27.3 - https:\/\/yoast.com\/product\/yoast-seo-wordpress\/ -->\n<title>El nuevo cargo de M\u00f3nica Garc\u00eda en la OMS: Un premio por ignorar la ciencia y castigar a los ciudadanos en medio de un esc\u00e1ndalo - World Vapers&#039; Alliance<\/title>\n<meta name=\"robots\" content=\"index, follow, max-snippet:-1, max-image-preview:large, max-video-preview:-1\" \/>\n<link rel=\"canonical\" href=\"https:\/\/worldvapersalliance.com\/de_au\/el-nuevo-cargo-de-monica-garcia-en-la-oms-un-premio-por-ignorar-la-ciencia-y-castigar-a-los-ciudadanos-en-medio-de-un-escandalo\/\" \/>\n<meta property=\"og:locale\" content=\"de_DE\" \/>\n<meta property=\"og:type\" content=\"article\" \/>\n<meta property=\"og:title\" content=\"El nuevo cargo de M\u00f3nica Garc\u00eda en la OMS: Un premio por ignorar la ciencia y castigar a los ciudadanos en medio de un esc\u00e1ndalo - World Vapers&#039; Alliance\" \/>\n<meta property=\"og:description\" content=\"El reciente nombramiento de M\u00f3nica Garc\u00eda, ministra de Sanidad de Espa\u00f1a, como representante de Europa en el Comit\u00e9 Ejecutivo de la Organizaci\u00f3n Mundial de la Salud (OMS) es un claro ejemplo de c\u00f3mo la organizaci\u00f3n premia a los pol\u00edticos que implementan pol\u00edticas prohibicionistas y paternalistas, aunque \u00e9stas carezcan de base cient\u00edfica. En lugar de reconocer [&hellip;]\" \/>\n<meta property=\"og:url\" content=\"https:\/\/worldvapersalliance.com\/de_au\/el-nuevo-cargo-de-monica-garcia-en-la-oms-un-premio-por-ignorar-la-ciencia-y-castigar-a-los-ciudadanos-en-medio-de-un-escandalo\/\" \/>\n<meta property=\"og:site_name\" content=\"World Vapers&#039; Alliance\" \/>\n<meta property=\"article:published_time\" content=\"2024-11-21T12:14:54+00:00\" \/>\n<meta property=\"article:modified_time\" content=\"2024-12-06T12:16:23+00:00\" \/>\n<meta property=\"og:image\" content=\"https:\/\/worldvapersalliance.com\/wp-content\/uploads\/2024\/12\/Hercules.png\" \/>\n\t<meta property=\"og:image:width\" content=\"940\" \/>\n\t<meta property=\"og:image:height\" content=\"788\" \/>\n\t<meta property=\"og:image:type\" content=\"image\/png\" \/>\n<meta name=\"author\" content=\"Alberto Hernandez\" \/>\n<meta name=\"twitter:card\" content=\"summary_large_image\" \/>\n<meta name=\"twitter:label1\" content=\"Verfasst von\" \/>\n\t<meta name=\"twitter:data1\" content=\"Alberto Hernandez\" \/>\n\t<meta name=\"twitter:label2\" content=\"Gesch\u00e4tzte Lesezeit\" \/>\n\t<meta name=\"twitter:data2\" content=\"4 Minuten\" \/>\n<script type=\"application\/ld+json\" class=\"yoast-schema-graph\">{\"@context\":\"https:\\\/\\\/schema.org\",\"@graph\":[{\"@type\":\"Article\",\"@id\":\"https:\\\/\\\/worldvapersalliance.com\\\/el-nuevo-cargo-de-monica-garcia-en-la-oms-un-premio-por-ignorar-la-ciencia-y-castigar-a-los-ciudadanos-en-medio-de-un-escandalo\\\/#article\",\"isPartOf\":{\"@id\":\"https:\\\/\\\/worldvapersalliance.com\\\/el-nuevo-cargo-de-monica-garcia-en-la-oms-un-premio-por-ignorar-la-ciencia-y-castigar-a-los-ciudadanos-en-medio-de-un-escandalo\\\/\"},\"author\":{\"name\":\"Alberto Hernandez\",\"@id\":\"https:\\\/\\\/worldvapersalliance.com\\\/#\\\/schema\\\/person\\\/9b81eefe507e68fb5ab671aa0ab2bfb6\"},\"headline\":\"El nuevo cargo de M\u00f3nica Garc\u00eda en la OMS: Un premio por ignorar la cienc &hellip;\",\"datePublished\":\"2024-11-21T12:14:54+00:00\",\"dateModified\":\"2024-12-06T12:16:23+00:00\",\"mainEntityOfPage\":{\"@id\":\"https:\\\/\\\/worldvapersalliance.com\\\/el-nuevo-cargo-de-monica-garcia-en-la-oms-un-premio-por-ignorar-la-ciencia-y-castigar-a-los-ciudadanos-en-medio-de-un-escandalo\\\/\"},\"wordCount\":944,\"commentCount\":0,\"publisher\":{\"@id\":\"https:\\\/\\\/worldvapersalliance.com\\\/#organization\"},\"image\":{\"@id\":\"https:\\\/\\\/worldvapersalliance.com\\\/el-nuevo-cargo-de-monica-garcia-en-la-oms-un-premio-por-ignorar-la-ciencia-y-castigar-a-los-ciudadanos-en-medio-de-un-escandalo\\\/#primaryimage\"},\"thumbnailUrl\":\"https:\\\/\\\/worldvapersalliance.com\\\/wp-content\\\/uploads\\\/2025\\\/08\\\/WVA-in-the-news.png\",\"articleSection\":[\"WVA in the News\"],\"inLanguage\":\"de-AT\",\"potentialAction\":[{\"@type\":\"CommentAction\",\"name\":\"Comment\",\"target\":[\"https:\\\/\\\/worldvapersalliance.com\\\/el-nuevo-cargo-de-monica-garcia-en-la-oms-un-premio-por-ignorar-la-ciencia-y-castigar-a-los-ciudadanos-en-medio-de-un-escandalo\\\/#respond\"]}]},{\"@type\":\"WebPage\",\"@id\":\"https:\\\/\\\/worldvapersalliance.com\\\/el-nuevo-cargo-de-monica-garcia-en-la-oms-un-premio-por-ignorar-la-ciencia-y-castigar-a-los-ciudadanos-en-medio-de-un-escandalo\\\/\",\"url\":\"https:\\\/\\\/worldvapersalliance.com\\\/el-nuevo-cargo-de-monica-garcia-en-la-oms-un-premio-por-ignorar-la-ciencia-y-castigar-a-los-ciudadanos-en-medio-de-un-escandalo\\\/\",\"name\":\"El nuevo cargo de M\u00f3nica Garc\u00eda en la OMS: Un premio por ignorar la ciencia y castigar a los ciudadanos en medio de un esc\u00e1ndalo - World Vapers&#039; Alliance\",\"isPartOf\":{\"@id\":\"https:\\\/\\\/worldvapersalliance.com\\\/#website\"},\"primaryImageOfPage\":{\"@id\":\"https:\\\/\\\/worldvapersalliance.com\\\/el-nuevo-cargo-de-monica-garcia-en-la-oms-un-premio-por-ignorar-la-ciencia-y-castigar-a-los-ciudadanos-en-medio-de-un-escandalo\\\/#primaryimage\"},\"image\":{\"@id\":\"https:\\\/\\\/worldvapersalliance.com\\\/el-nuevo-cargo-de-monica-garcia-en-la-oms-un-premio-por-ignorar-la-ciencia-y-castigar-a-los-ciudadanos-en-medio-de-un-escandalo\\\/#primaryimage\"},\"thumbnailUrl\":\"https:\\\/\\\/worldvapersalliance.com\\\/wp-content\\\/uploads\\\/2025\\\/08\\\/WVA-in-the-news.png\",\"datePublished\":\"2024-11-21T12:14:54+00:00\",\"dateModified\":\"2024-12-06T12:16:23+00:00\",\"inLanguage\":\"de-AT\",\"potentialAction\":[{\"@type\":\"ReadAction\",\"target\":[\"https:\\\/\\\/worldvapersalliance.com\\\/el-nuevo-cargo-de-monica-garcia-en-la-oms-un-premio-por-ignorar-la-ciencia-y-castigar-a-los-ciudadanos-en-medio-de-un-escandalo\\\/\"]}]},{\"@type\":\"ImageObject\",\"inLanguage\":\"de-AT\",\"@id\":\"https:\\\/\\\/worldvapersalliance.com\\\/el-nuevo-cargo-de-monica-garcia-en-la-oms-un-premio-por-ignorar-la-ciencia-y-castigar-a-los-ciudadanos-en-medio-de-un-escandalo\\\/#primaryimage\",\"url\":\"https:\\\/\\\/worldvapersalliance.com\\\/wp-content\\\/uploads\\\/2025\\\/08\\\/WVA-in-the-news.png\",\"contentUrl\":\"https:\\\/\\\/worldvapersalliance.com\\\/wp-content\\\/uploads\\\/2025\\\/08\\\/WVA-in-the-news.png\",\"width\":1264,\"height\":848},{\"@type\":\"WebSite\",\"@id\":\"https:\\\/\\\/worldvapersalliance.com\\\/#website\",\"url\":\"https:\\\/\\\/worldvapersalliance.com\\\/\",\"name\":\"World Vapers&#039; Alliance\",\"description\":\"The largest community of vapers\",\"publisher\":{\"@id\":\"https:\\\/\\\/worldvapersalliance.com\\\/#organization\"},\"potentialAction\":[{\"@type\":\"SearchAction\",\"target\":{\"@type\":\"EntryPoint\",\"urlTemplate\":\"https:\\\/\\\/worldvapersalliance.com\\\/?s={search_term_string}\"},\"query-input\":{\"@type\":\"PropertyValueSpecification\",\"valueRequired\":true,\"valueName\":\"search_term_string\"}}],\"inLanguage\":\"de-AT\"},{\"@type\":\"Organization\",\"@id\":\"https:\\\/\\\/worldvapersalliance.com\\\/#organization\",\"name\":\"World Vapers&#039; Alliance\",\"url\":\"https:\\\/\\\/worldvapersalliance.com\\\/\",\"logo\":{\"@type\":\"ImageObject\",\"inLanguage\":\"de-AT\",\"@id\":\"https:\\\/\\\/worldvapersalliance.com\\\/#\\\/schema\\\/logo\\\/image\\\/\",\"url\":\"https:\\\/\\\/worldvapersalliance.com\\\/wp-content\\\/uploads\\\/2022\\\/01\\\/WVA_RB_Fist_G.png\",\"contentUrl\":\"https:\\\/\\\/worldvapersalliance.com\\\/wp-content\\\/uploads\\\/2022\\\/01\\\/WVA_RB_Fist_G.png\",\"width\":985,\"height\":1177,\"caption\":\"World Vapers&#039; Alliance\"},\"image\":{\"@id\":\"https:\\\/\\\/worldvapersalliance.com\\\/#\\\/schema\\\/logo\\\/image\\\/\"}},{\"@type\":\"Person\",\"@id\":\"https:\\\/\\\/worldvapersalliance.com\\\/#\\\/schema\\\/person\\\/9b81eefe507e68fb5ab671aa0ab2bfb6\",\"name\":\"Alberto Hernandez\",\"image\":{\"@type\":\"ImageObject\",\"inLanguage\":\"de-AT\",\"@id\":\"https:\\\/\\\/secure.gravatar.com\\\/avatar\\\/124dc1dd8c5f9c9f352af940db00418f1add423008d32a51d5497b5de2c9ff35?s=96&d=mm&r=g\",\"url\":\"https:\\\/\\\/secure.gravatar.com\\\/avatar\\\/124dc1dd8c5f9c9f352af940db00418f1add423008d32a51d5497b5de2c9ff35?s=96&d=mm&r=g\",\"contentUrl\":\"https:\\\/\\\/secure.gravatar.com\\\/avatar\\\/124dc1dd8c5f9c9f352af940db00418f1add423008d32a51d5497b5de2c9ff35?s=96&d=mm&r=g\",\"caption\":\"Alberto Hernandez\"},\"url\":\"https:\\\/\\\/worldvapersalliance.com\\\/de_au\\\/author\\\/alberto\\\/\"}]}<\/script>\n<!-- \/ Yoast SEO plugin. -->","yoast_head_json":{"title":"Die neue Fracht von M\u00f3nica Garc\u00eda im OMS: Ein Preis, der die Wissenschaft ignoriert und die B\u00fcrger mitten in einem Skandal - World Vapers&#039; Alliance - bel\u00e4stigt","robots":{"index":"index","follow":"follow","max-snippet":"max-snippet:-1","max-image-preview":"max-image-preview:large","max-video-preview":"max-video-preview:-1"},"canonical":"https:\/\/worldvapersalliance.com\/de_au\/el-nuevo-cargo-de-monica-garcia-en-la-oms-un-premio-por-ignorar-la-ciencia-y-castigar-a-los-ciudadanos-en-medio-de-un-escandalo\/","og_locale":"de_DE","og_type":"article","og_title":"El nuevo cargo de M\u00f3nica Garc\u00eda en la OMS: Un premio por ignorar la ciencia y castigar a los ciudadanos en medio de un esc\u00e1ndalo - World Vapers&#039; Alliance","og_description":"El reciente nombramiento de M\u00f3nica Garc\u00eda, ministra de Sanidad de Espa\u00f1a, como representante de Europa en el Comit\u00e9 Ejecutivo de la Organizaci\u00f3n Mundial de la Salud (OMS) es un claro ejemplo de c\u00f3mo la organizaci\u00f3n premia a los pol\u00edticos que implementan pol\u00edticas prohibicionistas y paternalistas, aunque \u00e9stas carezcan de base cient\u00edfica. En lugar de reconocer [&hellip;]","og_url":"https:\/\/worldvapersalliance.com\/de_au\/el-nuevo-cargo-de-monica-garcia-en-la-oms-un-premio-por-ignorar-la-ciencia-y-castigar-a-los-ciudadanos-en-medio-de-un-escandalo\/","og_site_name":"World Vapers&#039; Alliance","article_published_time":"2024-11-21T12:14:54+00:00","article_modified_time":"2024-12-06T12:16:23+00:00","og_image":[{"width":940,"height":788,"url":"https:\/\/worldvapersalliance.com\/wp-content\/uploads\/2024\/12\/Hercules.png","type":"image\/png"}],"author":"Alberto Hernandez","twitter_card":"summary_large_image","twitter_misc":{"Verfasst von":"Alberto Hernandez","Gesch\u00e4tzte Lesezeit":"4 Minuten"},"schema":{"@context":"https:\/\/schema.org","@graph":[{"@type":"Article","@id":"https:\/\/worldvapersalliance.com\/el-nuevo-cargo-de-monica-garcia-en-la-oms-un-premio-por-ignorar-la-ciencia-y-castigar-a-los-ciudadanos-en-medio-de-un-escandalo\/#article","isPartOf":{"@id":"https:\/\/worldvapersalliance.com\/el-nuevo-cargo-de-monica-garcia-en-la-oms-un-premio-por-ignorar-la-ciencia-y-castigar-a-los-ciudadanos-en-medio-de-un-escandalo\/"},"author":{"name":"Alberto Hernandez","@id":"https:\/\/worldvapersalliance.com\/#\/schema\/person\/9b81eefe507e68fb5ab671aa0ab2bfb6"},"headline":"El nuevo cargo de M\u00f3nica Garc\u00eda en la OMS: Un premio por ignorar la cienc &hellip;","datePublished":"2024-11-21T12:14:54+00:00","dateModified":"2024-12-06T12:16:23+00:00","mainEntityOfPage":{"@id":"https:\/\/worldvapersalliance.com\/el-nuevo-cargo-de-monica-garcia-en-la-oms-un-premio-por-ignorar-la-ciencia-y-castigar-a-los-ciudadanos-en-medio-de-un-escandalo\/"},"wordCount":944,"commentCount":0,"publisher":{"@id":"https:\/\/worldvapersalliance.com\/#organization"},"image":{"@id":"https:\/\/worldvapersalliance.com\/el-nuevo-cargo-de-monica-garcia-en-la-oms-un-premio-por-ignorar-la-ciencia-y-castigar-a-los-ciudadanos-en-medio-de-un-escandalo\/#primaryimage"},"thumbnailUrl":"https:\/\/worldvapersalliance.com\/wp-content\/uploads\/2025\/08\/WVA-in-the-news.png","articleSection":["WVA in the News"],"inLanguage":"de-AT","potentialAction":[{"@type":"CommentAction","name":"Comment","target":["https:\/\/worldvapersalliance.com\/el-nuevo-cargo-de-monica-garcia-en-la-oms-un-premio-por-ignorar-la-ciencia-y-castigar-a-los-ciudadanos-en-medio-de-un-escandalo\/#respond"]}]},{"@type":"WebPage","@id":"https:\/\/worldvapersalliance.com\/el-nuevo-cargo-de-monica-garcia-en-la-oms-un-premio-por-ignorar-la-ciencia-y-castigar-a-los-ciudadanos-en-medio-de-un-escandalo\/","url":"https:\/\/worldvapersalliance.com\/el-nuevo-cargo-de-monica-garcia-en-la-oms-un-premio-por-ignorar-la-ciencia-y-castigar-a-los-ciudadanos-en-medio-de-un-escandalo\/","name":"Die neue Fracht von M\u00f3nica Garc\u00eda im OMS: Ein Preis, der die Wissenschaft ignoriert und die B\u00fcrger mitten in einem Skandal - World Vapers&#039; Alliance - bel\u00e4stigt","isPartOf":{"@id":"https:\/\/worldvapersalliance.com\/#website"},"primaryImageOfPage":{"@id":"https:\/\/worldvapersalliance.com\/el-nuevo-cargo-de-monica-garcia-en-la-oms-un-premio-por-ignorar-la-ciencia-y-castigar-a-los-ciudadanos-en-medio-de-un-escandalo\/#primaryimage"},"image":{"@id":"https:\/\/worldvapersalliance.com\/el-nuevo-cargo-de-monica-garcia-en-la-oms-un-premio-por-ignorar-la-ciencia-y-castigar-a-los-ciudadanos-en-medio-de-un-escandalo\/#primaryimage"},"thumbnailUrl":"https:\/\/worldvapersalliance.com\/wp-content\/uploads\/2025\/08\/WVA-in-the-news.png","datePublished":"2024-11-21T12:14:54+00:00","dateModified":"2024-12-06T12:16:23+00:00","inLanguage":"de-AT","potentialAction":[{"@type":"ReadAction","target":["https:\/\/worldvapersalliance.com\/el-nuevo-cargo-de-monica-garcia-en-la-oms-un-premio-por-ignorar-la-ciencia-y-castigar-a-los-ciudadanos-en-medio-de-un-escandalo\/"]}]},{"@type":"ImageObject","inLanguage":"de-AT","@id":"https:\/\/worldvapersalliance.com\/el-nuevo-cargo-de-monica-garcia-en-la-oms-un-premio-por-ignorar-la-ciencia-y-castigar-a-los-ciudadanos-en-medio-de-un-escandalo\/#primaryimage","url":"https:\/\/worldvapersalliance.com\/wp-content\/uploads\/2025\/08\/WVA-in-the-news.png","contentUrl":"https:\/\/worldvapersalliance.com\/wp-content\/uploads\/2025\/08\/WVA-in-the-news.png","width":1264,"height":848},{"@type":"WebSite","@id":"https:\/\/worldvapersalliance.com\/#website","url":"https:\/\/worldvapersalliance.com\/","name":"Weltweite Allianz der Dampfer","description":"Die gr\u00f6\u00dfte Community von Dampfern","publisher":{"@id":"https:\/\/worldvapersalliance.com\/#organization"},"potentialAction":[{"@type":"SearchAction","target":{"@type":"EntryPoint","urlTemplate":"https:\/\/worldvapersalliance.com\/?s={search_term_string}"},"query-input":{"@type":"PropertyValueSpecification","valueRequired":true,"valueName":"search_term_string"}}],"inLanguage":"de-AT"},{"@type":"Organization","@id":"https:\/\/worldvapersalliance.com\/#organization","name":"Weltweite Allianz der Dampfer","url":"https:\/\/worldvapersalliance.com\/","logo":{"@type":"ImageObject","inLanguage":"de-AT","@id":"https:\/\/worldvapersalliance.com\/#\/schema\/logo\/image\/","url":"https:\/\/worldvapersalliance.com\/wp-content\/uploads\/2022\/01\/WVA_RB_Fist_G.png","contentUrl":"https:\/\/worldvapersalliance.com\/wp-content\/uploads\/2022\/01\/WVA_RB_Fist_G.png","width":985,"height":1177,"caption":"World Vapers&#039; Alliance"},"image":{"@id":"https:\/\/worldvapersalliance.com\/#\/schema\/logo\/image\/"}},{"@type":"Person","@id":"https:\/\/worldvapersalliance.com\/#\/schema\/person\/9b81eefe507e68fb5ab671aa0ab2bfb6","name":"Alberto Hernandez","image":{"@type":"ImageObject","inLanguage":"de-AT","@id":"https:\/\/secure.gravatar.com\/avatar\/124dc1dd8c5f9c9f352af940db00418f1add423008d32a51d5497b5de2c9ff35?s=96&d=mm&r=g","url":"https:\/\/secure.gravatar.com\/avatar\/124dc1dd8c5f9c9f352af940db00418f1add423008d32a51d5497b5de2c9ff35?s=96&d=mm&r=g","contentUrl":"https:\/\/secure.gravatar.com\/avatar\/124dc1dd8c5f9c9f352af940db00418f1add423008d32a51d5497b5de2c9ff35?s=96&d=mm&r=g","caption":"Alberto Hernandez"},"url":"https:\/\/worldvapersalliance.com\/de_au\/author\/alberto\/"}]}},"_links":{"self":[{"href":"https:\/\/worldvapersalliance.com\/de_au\/wp-json\/wp\/v2\/posts\/5927","targetHints":{"allow":["GET"]}}],"collection":[{"href":"https:\/\/worldvapersalliance.com\/de_au\/wp-json\/wp\/v2\/posts"}],"about":[{"href":"https:\/\/worldvapersalliance.com\/de_au\/wp-json\/wp\/v2\/types\/post"}],"author":[{"embeddable":true,"href":"https:\/\/worldvapersalliance.com\/de_au\/wp-json\/wp\/v2\/users\/14"}],"replies":[{"embeddable":true,"href":"https:\/\/worldvapersalliance.com\/de_au\/wp-json\/wp\/v2\/comments?post=5927"}],"version-history":[{"count":0,"href":"https:\/\/worldvapersalliance.com\/de_au\/wp-json\/wp\/v2\/posts\/5927\/revisions"}],"wp:featuredmedia":[{"embeddable":true,"href":"https:\/\/worldvapersalliance.com\/de_au\/wp-json\/wp\/v2\/media\/6394"}],"wp:attachment":[{"href":"https:\/\/worldvapersalliance.com\/de_au\/wp-json\/wp\/v2\/media?parent=5927"}],"wp:term":[{"taxonomy":"category","embeddable":true,"href":"https:\/\/worldvapersalliance.com\/de_au\/wp-json\/wp\/v2\/categories?post=5927"},{"taxonomy":"post_tag","embeddable":true,"href":"https:\/\/worldvapersalliance.com\/de_au\/wp-json\/wp\/v2\/tags?post=5927"}],"curies":[{"name":"wp","href":"https:\/\/api.w.org\/{rel}","templated":true}]}}