{"id":1468,"date":"2022-05-26T06:08:42","date_gmt":"2022-05-26T10:08:42","guid":{"rendered":"https:\/\/worldvapersalliance.com\/?p=1468"},"modified":"2022-05-26T06:08:42","modified_gmt":"2022-05-26T10:08:42","slug":"consumer-group-world-vapers-alliance-will-celebrate-world-vape-day-one-day-before-whos-world-no-tobacco-day","status":"publish","type":"post","link":"https:\/\/worldvapersalliance.com\/de_au\/consumer-group-world-vapers-alliance-will-celebrate-world-vape-day-one-day-before-whos-world-no-tobacco-day\/","title":{"rendered":"Die Verbraucherorganisation World Vapers&#039; Alliance wird am 1. November den Welttag des Dampfens feiern\u2026"},"content":{"rendered":"<p dir=\"ltr\">Am 30. Mai 2022 veranstaltet die globale Verbraucherorganisation World Vapers&#039; Alliance (WVA) ihren dritten j\u00e4hrlichen Welttag des Dampfens \u2013 nur einen Tag vor dem Weltnichtrauchertag der WHO. Die Wahl dieses Datums ist kein Zufall und soll verdeutlichen, dass Dampfen und andere Ma\u00dfnahmen zur Schadensminderung zu den wirksamsten Methoden geh\u00f6ren, Rauchern beim Aufh\u00f6ren zu helfen.<\/p>\n<p dir=\"ltr\">\u201cGemeinsam wollen wir der Welt zeigen, dass Millionen von Rauchern bereits auf E-Zigaretten umgestiegen sind und damit ein besseres Leben f\u00fchren. Wir rufen Bef\u00fcrworter und Konsumenten dazu auf, sich f\u00fcr das Dampfen einzusetzen und auch Raucher beim Umstieg zu unterst\u00fctzen. Wir haben viele unbegr\u00fcndete Angriffe der WHO auf das Dampfen erlebt und wollen mit dem Welttag des Dampfens diesen Fehlinformationen entgegentreten\u201d, sagte Michael Landl, Direktor der World Vapers&#039; Alliance.<\/p>\n<p dir=\"ltr\">Der diesj\u00e4hrige Welttag des Dampfens steht unter dem Motto der Schadensminimierung, da Dampfen zu den effektivsten Mitteln zur Raucherentw\u00f6hnung z\u00e4hlt. Das Programm umfasst Gespr\u00e4che mit Experten f\u00fcr Schadensminimierung, Erfahrungsberichte von Dampf-Aktivisten aus aller Welt und pr\u00e4sentiert verschiedene Kampagnen der WVA zum Thema Dampfen.<\/p>\n<p dir=\"ltr\">\u201cDer Welttag des Dampfens ist ein besonderer Anlass f\u00fcr unsere globale Community, zusammenzukommen und das Dampfen als ein Hilfsmittel zu feiern, das so vielen Menschen geholfen hat, ihr Leben zum Besseren zu ver\u00e4ndern. An diesem Tag k\u00f6nnen wir alle unsere Stimme erheben und den Politikern sagen, dass Dampfen Leben rettet\u201d, sagte Liza Katsiashvili, Community Managerin der WVA.<\/p>\n<p>&nbsp;<\/p>\n<p dir=\"ltr\">Die Veranstaltung wird am Montag, den 30. Mai, ab 18:00 Uhr MEZ weltweit live gestreamt. Weitere Informationen zum Programm finden Sie hier: <a href=\"https:\/\/worldvapersalliance.com\/de_au\/world-vape-day\/\" target=\"_blank\" rel=\"noopener\" data-saferedirecturl=\"https:\/\/www.google.com\/url?q=http:\/\/www.worldvapersalliance.com\/world-vape-day&amp;source=gmail&amp;ust=1653645821043000&amp;usg=AOvVaw328bAjscWbPB6ueIKv4Gfz\">www.worldvapersalliance.com\/<wbr \/>Welt-Dampftag<\/a><\/p>","protected":false},"excerpt":{"rendered":"<p>On 30 May 2022, a global consumer group World Vapers\u2019 Alliance (WVA) will host its third annual World Vape Day, just one day before WHO\u2019s World No Tobacco Day. The choice of the date is not coincidental and is set to showcase that vaping and other harm reduction tools are one of the most efficient [&hellip;]<\/p>\n","protected":false},"author":11,"featured_media":1417,"comment_status":"open","ping_status":"open","sticky":false,"template":"","format":"standard","meta":{"footnotes":""},"categories":[13],"tags":[],"class_list":["post-1468","post","type-post","status-publish","format-standard","has-post-thumbnail","hentry","category-press-releases"],"yoast_head":"<!-- This site is optimized with the Yoast SEO plugin v27.5 - https:\/\/yoast.com\/product\/yoast-seo-wordpress\/ -->\n<title>WVA will celebrate World Vape Day one day before World No Tobacco Day<\/title>\n<meta name=\"description\" content=\"On 30 May 2022, consumer group World Vapers\u2019 Alliance will host its third annual World Vape Day, one day before WHO\u2019s World No Tobacco Day.\" \/>\n<meta name=\"robots\" content=\"index, follow, max-snippet:-1, max-image-preview:large, max-video-preview:-1\" \/>\n<link rel=\"canonical\" href=\"https:\/\/worldvapersalliance.com\/de_au\/consumer-group-world-vapers-alliance-will-celebrate-world-vape-day-one-day-before-whos-world-no-tobacco-day\/\" \/>\n<meta property=\"og:locale\" content=\"de_DE\" \/>\n<meta property=\"og:type\" content=\"article\" \/>\n<meta property=\"og:title\" content=\"WVA will celebrate World Vape Day one day before World No Tobacco Day\" \/>\n<meta property=\"og:description\" content=\"On 30 May 2022, consumer group World Vapers\u2019 Alliance will host its third annual World Vape Day, one day before WHO\u2019s World No Tobacco Day.\" \/>\n<meta property=\"og:url\" content=\"https:\/\/worldvapersalliance.com\/de_au\/consumer-group-world-vapers-alliance-will-celebrate-world-vape-day-one-day-before-whos-world-no-tobacco-day\/\" \/>\n<meta property=\"og:site_name\" content=\"World Vapers&#039; Alliance\" \/>\n<meta property=\"article:published_time\" content=\"2022-05-26T10:08:42+00:00\" \/>\n<meta property=\"og:image\" content=\"https:\/\/worldvapersalliance.com\/wp-content\/uploads\/2022\/05\/world-vape-day.png\" \/>\n\t<meta property=\"og:image:width\" content=\"2081\" \/>\n\t<meta property=\"og:image:height\" content=\"1920\" \/>\n\t<meta property=\"og:image:type\" content=\"image\/png\" \/>\n<meta name=\"author\" content=\"World Vapers&#039; Alliance\" \/>\n<meta name=\"twitter:card\" content=\"summary_large_image\" \/>\n<meta name=\"twitter:label1\" content=\"Verfasst von\" \/>\n\t<meta name=\"twitter:data1\" content=\"World Vapers&#039; Alliance\" \/>\n\t<meta name=\"twitter:label2\" content=\"Gesch\u00e4tzte Lesezeit\" \/>\n\t<meta name=\"twitter:data2\" content=\"2 Minuten\" \/>\n<script type=\"application\/ld+json\" class=\"yoast-schema-graph\">{\"@context\":\"https:\\\/\\\/schema.org\",\"@graph\":[{\"@type\":\"Article\",\"@id\":\"https:\\\/\\\/worldvapersalliance.com\\\/consumer-group-world-vapers-alliance-will-celebrate-world-vape-day-one-day-before-whos-world-no-tobacco-day\\\/#article\",\"isPartOf\":{\"@id\":\"https:\\\/\\\/worldvapersalliance.com\\\/consumer-group-world-vapers-alliance-will-celebrate-world-vape-day-one-day-before-whos-world-no-tobacco-day\\\/\"},\"author\":{\"name\":\"World Vapers' Alliance\",\"@id\":\"https:\\\/\\\/worldvapersalliance.com\\\/#\\\/schema\\\/person\\\/18484a6f20bcc6f70a2419c8babe017d\"},\"headline\":\"Consumer group World Vapers\u2019 Alliance will celebrate World Vape Day one d &hellip;\",\"datePublished\":\"2022-05-26T10:08:42+00:00\",\"mainEntityOfPage\":{\"@id\":\"https:\\\/\\\/worldvapersalliance.com\\\/consumer-group-world-vapers-alliance-will-celebrate-world-vape-day-one-day-before-whos-world-no-tobacco-day\\\/\"},\"wordCount\":293,\"commentCount\":0,\"publisher\":{\"@id\":\"https:\\\/\\\/worldvapersalliance.com\\\/#organization\"},\"image\":{\"@id\":\"https:\\\/\\\/worldvapersalliance.com\\\/consumer-group-world-vapers-alliance-will-celebrate-world-vape-day-one-day-before-whos-world-no-tobacco-day\\\/#primaryimage\"},\"thumbnailUrl\":\"https:\\\/\\\/worldvapersalliance.com\\\/wp-content\\\/uploads\\\/2022\\\/05\\\/world-vape-day.png\",\"articleSection\":[\"Press Releases\"],\"inLanguage\":\"de-AT\",\"potentialAction\":[{\"@type\":\"CommentAction\",\"name\":\"Comment\",\"target\":[\"https:\\\/\\\/worldvapersalliance.com\\\/consumer-group-world-vapers-alliance-will-celebrate-world-vape-day-one-day-before-whos-world-no-tobacco-day\\\/#respond\"]}]},{\"@type\":\"WebPage\",\"@id\":\"https:\\\/\\\/worldvapersalliance.com\\\/consumer-group-world-vapers-alliance-will-celebrate-world-vape-day-one-day-before-whos-world-no-tobacco-day\\\/\",\"url\":\"https:\\\/\\\/worldvapersalliance.com\\\/consumer-group-world-vapers-alliance-will-celebrate-world-vape-day-one-day-before-whos-world-no-tobacco-day\\\/\",\"name\":\"WVA will celebrate World Vape Day one day before World No Tobacco Day\",\"isPartOf\":{\"@id\":\"https:\\\/\\\/worldvapersalliance.com\\\/#website\"},\"primaryImageOfPage\":{\"@id\":\"https:\\\/\\\/worldvapersalliance.com\\\/consumer-group-world-vapers-alliance-will-celebrate-world-vape-day-one-day-before-whos-world-no-tobacco-day\\\/#primaryimage\"},\"image\":{\"@id\":\"https:\\\/\\\/worldvapersalliance.com\\\/consumer-group-world-vapers-alliance-will-celebrate-world-vape-day-one-day-before-whos-world-no-tobacco-day\\\/#primaryimage\"},\"thumbnailUrl\":\"https:\\\/\\\/worldvapersalliance.com\\\/wp-content\\\/uploads\\\/2022\\\/05\\\/world-vape-day.png\",\"datePublished\":\"2022-05-26T10:08:42+00:00\",\"description\":\"On 30 May 2022, consumer group World Vapers\u2019 Alliance will host its third annual World Vape Day, one day before WHO\u2019s World No Tobacco Day.\",\"inLanguage\":\"de-AT\",\"potentialAction\":[{\"@type\":\"ReadAction\",\"target\":[\"https:\\\/\\\/worldvapersalliance.com\\\/consumer-group-world-vapers-alliance-will-celebrate-world-vape-day-one-day-before-whos-world-no-tobacco-day\\\/\"]}]},{\"@type\":\"ImageObject\",\"inLanguage\":\"de-AT\",\"@id\":\"https:\\\/\\\/worldvapersalliance.com\\\/consumer-group-world-vapers-alliance-will-celebrate-world-vape-day-one-day-before-whos-world-no-tobacco-day\\\/#primaryimage\",\"url\":\"https:\\\/\\\/worldvapersalliance.com\\\/wp-content\\\/uploads\\\/2022\\\/05\\\/world-vape-day.png\",\"contentUrl\":\"https:\\\/\\\/worldvapersalliance.com\\\/wp-content\\\/uploads\\\/2022\\\/05\\\/world-vape-day.png\",\"width\":2081,\"height\":1920},{\"@type\":\"WebSite\",\"@id\":\"https:\\\/\\\/worldvapersalliance.com\\\/#website\",\"url\":\"https:\\\/\\\/worldvapersalliance.com\\\/\",\"name\":\"World Vapers&#039; Alliance\",\"description\":\"The largest community of vapers\",\"publisher\":{\"@id\":\"https:\\\/\\\/worldvapersalliance.com\\\/#organization\"},\"potentialAction\":[{\"@type\":\"SearchAction\",\"target\":{\"@type\":\"EntryPoint\",\"urlTemplate\":\"https:\\\/\\\/worldvapersalliance.com\\\/?s={search_term_string}\"},\"query-input\":{\"@type\":\"PropertyValueSpecification\",\"valueRequired\":true,\"valueName\":\"search_term_string\"}}],\"inLanguage\":\"de-AT\"},{\"@type\":\"Organization\",\"@id\":\"https:\\\/\\\/worldvapersalliance.com\\\/#organization\",\"name\":\"World Vapers&#039; Alliance\",\"url\":\"https:\\\/\\\/worldvapersalliance.com\\\/\",\"logo\":{\"@type\":\"ImageObject\",\"inLanguage\":\"de-AT\",\"@id\":\"https:\\\/\\\/worldvapersalliance.com\\\/#\\\/schema\\\/logo\\\/image\\\/\",\"url\":\"https:\\\/\\\/worldvapersalliance.com\\\/wp-content\\\/uploads\\\/2022\\\/01\\\/WVA_RB_Fist_G.png\",\"contentUrl\":\"https:\\\/\\\/worldvapersalliance.com\\\/wp-content\\\/uploads\\\/2022\\\/01\\\/WVA_RB_Fist_G.png\",\"width\":985,\"height\":1177,\"caption\":\"World Vapers&#039; Alliance\"},\"image\":{\"@id\":\"https:\\\/\\\/worldvapersalliance.com\\\/#\\\/schema\\\/logo\\\/image\\\/\"}},{\"@type\":\"Person\",\"@id\":\"https:\\\/\\\/worldvapersalliance.com\\\/#\\\/schema\\\/person\\\/18484a6f20bcc6f70a2419c8babe017d\",\"name\":\"World Vapers' Alliance\",\"image\":{\"@type\":\"ImageObject\",\"inLanguage\":\"de-AT\",\"@id\":\"https:\\\/\\\/secure.gravatar.com\\\/avatar\\\/456bf795c7a47c9ac527a94da4bff150aa49e48726d69bee9937f8383cffa246?s=96&d=mm&r=g\",\"url\":\"https:\\\/\\\/secure.gravatar.com\\\/avatar\\\/456bf795c7a47c9ac527a94da4bff150aa49e48726d69bee9937f8383cffa246?s=96&d=mm&r=g\",\"contentUrl\":\"https:\\\/\\\/secure.gravatar.com\\\/avatar\\\/456bf795c7a47c9ac527a94da4bff150aa49e48726d69bee9937f8383cffa246?s=96&d=mm&r=g\",\"caption\":\"World Vapers' Alliance\"},\"url\":\"https:\\\/\\\/worldvapersalliance.com\\\/de_au\\\/author\\\/wva\\\/\"}]}<\/script>\n<!-- \/ Yoast SEO plugin. -->","yoast_head_json":{"title":"Die WVA feiert den Welttag des Dampfens einen Tag vor dem Weltnichtrauchertag.","description":"Am 30. Mai 2022 veranstaltet die Verbraucherorganisation World Vapers&#039; Alliance ihren dritten j\u00e4hrlichen Welttag des Dampfens, einen Tag vor dem Weltnichtrauchertag der WHO.","robots":{"index":"index","follow":"follow","max-snippet":"max-snippet:-1","max-image-preview":"max-image-preview:large","max-video-preview":"max-video-preview:-1"},"canonical":"https:\/\/worldvapersalliance.com\/de_au\/consumer-group-world-vapers-alliance-will-celebrate-world-vape-day-one-day-before-whos-world-no-tobacco-day\/","og_locale":"de_DE","og_type":"article","og_title":"WVA will celebrate World Vape Day one day before World No Tobacco Day","og_description":"On 30 May 2022, consumer group World Vapers\u2019 Alliance will host its third annual World Vape Day, one day before WHO\u2019s World No Tobacco Day.","og_url":"https:\/\/worldvapersalliance.com\/de_au\/consumer-group-world-vapers-alliance-will-celebrate-world-vape-day-one-day-before-whos-world-no-tobacco-day\/","og_site_name":"World Vapers&#039; Alliance","article_published_time":"2022-05-26T10:08:42+00:00","og_image":[{"width":2081,"height":1920,"url":"https:\/\/worldvapersalliance.com\/wp-content\/uploads\/2022\/05\/world-vape-day.png","type":"image\/png"}],"author":"World Vapers' Alliance","twitter_card":"summary_large_image","twitter_misc":{"Verfasst von":"World Vapers' Alliance","Gesch\u00e4tzte Lesezeit":"2 Minuten"},"schema":{"@context":"https:\/\/schema.org","@graph":[{"@type":"Article","@id":"https:\/\/worldvapersalliance.com\/consumer-group-world-vapers-alliance-will-celebrate-world-vape-day-one-day-before-whos-world-no-tobacco-day\/#article","isPartOf":{"@id":"https:\/\/worldvapersalliance.com\/consumer-group-world-vapers-alliance-will-celebrate-world-vape-day-one-day-before-whos-world-no-tobacco-day\/"},"author":{"name":"World Vapers' Alliance","@id":"https:\/\/worldvapersalliance.com\/#\/schema\/person\/18484a6f20bcc6f70a2419c8babe017d"},"headline":"Consumer group World Vapers\u2019 Alliance will celebrate World Vape Day one d &hellip;","datePublished":"2022-05-26T10:08:42+00:00","mainEntityOfPage":{"@id":"https:\/\/worldvapersalliance.com\/consumer-group-world-vapers-alliance-will-celebrate-world-vape-day-one-day-before-whos-world-no-tobacco-day\/"},"wordCount":293,"commentCount":0,"publisher":{"@id":"https:\/\/worldvapersalliance.com\/#organization"},"image":{"@id":"https:\/\/worldvapersalliance.com\/consumer-group-world-vapers-alliance-will-celebrate-world-vape-day-one-day-before-whos-world-no-tobacco-day\/#primaryimage"},"thumbnailUrl":"https:\/\/worldvapersalliance.com\/wp-content\/uploads\/2022\/05\/world-vape-day.png","articleSection":["Press Releases"],"inLanguage":"de-AT","potentialAction":[{"@type":"CommentAction","name":"Comment","target":["https:\/\/worldvapersalliance.com\/consumer-group-world-vapers-alliance-will-celebrate-world-vape-day-one-day-before-whos-world-no-tobacco-day\/#respond"]}]},{"@type":"WebPage","@id":"https:\/\/worldvapersalliance.com\/consumer-group-world-vapers-alliance-will-celebrate-world-vape-day-one-day-before-whos-world-no-tobacco-day\/","url":"https:\/\/worldvapersalliance.com\/consumer-group-world-vapers-alliance-will-celebrate-world-vape-day-one-day-before-whos-world-no-tobacco-day\/","name":"Die WVA feiert den Welttag des Dampfens einen Tag vor dem Weltnichtrauchertag.","isPartOf":{"@id":"https:\/\/worldvapersalliance.com\/#website"},"primaryImageOfPage":{"@id":"https:\/\/worldvapersalliance.com\/consumer-group-world-vapers-alliance-will-celebrate-world-vape-day-one-day-before-whos-world-no-tobacco-day\/#primaryimage"},"image":{"@id":"https:\/\/worldvapersalliance.com\/consumer-group-world-vapers-alliance-will-celebrate-world-vape-day-one-day-before-whos-world-no-tobacco-day\/#primaryimage"},"thumbnailUrl":"https:\/\/worldvapersalliance.com\/wp-content\/uploads\/2022\/05\/world-vape-day.png","datePublished":"2022-05-26T10:08:42+00:00","description":"Am 30. Mai 2022 veranstaltet die Verbraucherorganisation World Vapers&#039; Alliance ihren dritten j\u00e4hrlichen Welttag des Dampfens, einen Tag vor dem Weltnichtrauchertag der WHO.","inLanguage":"de-AT","potentialAction":[{"@type":"ReadAction","target":["https:\/\/worldvapersalliance.com\/consumer-group-world-vapers-alliance-will-celebrate-world-vape-day-one-day-before-whos-world-no-tobacco-day\/"]}]},{"@type":"ImageObject","inLanguage":"de-AT","@id":"https:\/\/worldvapersalliance.com\/consumer-group-world-vapers-alliance-will-celebrate-world-vape-day-one-day-before-whos-world-no-tobacco-day\/#primaryimage","url":"https:\/\/worldvapersalliance.com\/wp-content\/uploads\/2022\/05\/world-vape-day.png","contentUrl":"https:\/\/worldvapersalliance.com\/wp-content\/uploads\/2022\/05\/world-vape-day.png","width":2081,"height":1920},{"@type":"WebSite","@id":"https:\/\/worldvapersalliance.com\/#website","url":"https:\/\/worldvapersalliance.com\/","name":"Weltweite Allianz der Dampfer","description":"Die gr\u00f6\u00dfte Community von Dampfern","publisher":{"@id":"https:\/\/worldvapersalliance.com\/#organization"},"potentialAction":[{"@type":"SearchAction","target":{"@type":"EntryPoint","urlTemplate":"https:\/\/worldvapersalliance.com\/?s={search_term_string}"},"query-input":{"@type":"PropertyValueSpecification","valueRequired":true,"valueName":"search_term_string"}}],"inLanguage":"de-AT"},{"@type":"Organization","@id":"https:\/\/worldvapersalliance.com\/#organization","name":"Weltweite Allianz der Dampfer","url":"https:\/\/worldvapersalliance.com\/","logo":{"@type":"ImageObject","inLanguage":"de-AT","@id":"https:\/\/worldvapersalliance.com\/#\/schema\/logo\/image\/","url":"https:\/\/worldvapersalliance.com\/wp-content\/uploads\/2022\/01\/WVA_RB_Fist_G.png","contentUrl":"https:\/\/worldvapersalliance.com\/wp-content\/uploads\/2022\/01\/WVA_RB_Fist_G.png","width":985,"height":1177,"caption":"World Vapers&#039; Alliance"},"image":{"@id":"https:\/\/worldvapersalliance.com\/#\/schema\/logo\/image\/"}},{"@type":"Person","@id":"https:\/\/worldvapersalliance.com\/#\/schema\/person\/18484a6f20bcc6f70a2419c8babe017d","name":"Weltweite Allianz der Dampfer","image":{"@type":"ImageObject","inLanguage":"de-AT","@id":"https:\/\/secure.gravatar.com\/avatar\/456bf795c7a47c9ac527a94da4bff150aa49e48726d69bee9937f8383cffa246?s=96&d=mm&r=g","url":"https:\/\/secure.gravatar.com\/avatar\/456bf795c7a47c9ac527a94da4bff150aa49e48726d69bee9937f8383cffa246?s=96&d=mm&r=g","contentUrl":"https:\/\/secure.gravatar.com\/avatar\/456bf795c7a47c9ac527a94da4bff150aa49e48726d69bee9937f8383cffa246?s=96&d=mm&r=g","caption":"World Vapers' Alliance"},"url":"https:\/\/worldvapersalliance.com\/de_au\/author\/wva\/"}]}},"_links":{"self":[{"href":"https:\/\/worldvapersalliance.com\/de_au\/wp-json\/wp\/v2\/posts\/1468","targetHints":{"allow":["GET"]}}],"collection":[{"href":"https:\/\/worldvapersalliance.com\/de_au\/wp-json\/wp\/v2\/posts"}],"about":[{"href":"https:\/\/worldvapersalliance.com\/de_au\/wp-json\/wp\/v2\/types\/post"}],"author":[{"embeddable":true,"href":"https:\/\/worldvapersalliance.com\/de_au\/wp-json\/wp\/v2\/users\/11"}],"replies":[{"embeddable":true,"href":"https:\/\/worldvapersalliance.com\/de_au\/wp-json\/wp\/v2\/comments?post=1468"}],"version-history":[{"count":0,"href":"https:\/\/worldvapersalliance.com\/de_au\/wp-json\/wp\/v2\/posts\/1468\/revisions"}],"wp:featuredmedia":[{"embeddable":true,"href":"https:\/\/worldvapersalliance.com\/de_au\/wp-json\/wp\/v2\/media\/1417"}],"wp:attachment":[{"href":"https:\/\/worldvapersalliance.com\/de_au\/wp-json\/wp\/v2\/media?parent=1468"}],"wp:term":[{"taxonomy":"category","embeddable":true,"href":"https:\/\/worldvapersalliance.com\/de_au\/wp-json\/wp\/v2\/categories?post=1468"},{"taxonomy":"post_tag","embeddable":true,"href":"https:\/\/worldvapersalliance.com\/de_au\/wp-json\/wp\/v2\/tags?post=1468"}],"curies":[{"name":"wp","href":"https:\/\/api.w.org\/{rel}","templated":true}]}}