{"id":1019,"date":"2022-03-01T09:59:34","date_gmt":"2022-03-01T14:59:34","guid":{"rendered":"https:\/\/cccwva.wpengine.com\/?p=1019"},"modified":"2022-04-09T03:18:00","modified_gmt":"2022-04-09T07:18:00","slug":"el-parlamento-europeo-confirma-que-el-vapeo-puede-ayudar-a-combatir-el-tabaquismo","status":"publish","type":"post","link":"https:\/\/worldvapersalliance.com\/de_au\/el-parlamento-europeo-confirma-que-el-vapeo-puede-ayudar-a-combatir-el-tabaquismo\/","title":{"rendered":"Das Europ\u00e4ische Parlament best\u00e4tigt, dass der Dampfer den Tabak bek\u00e4mpfen kann \u2026"},"content":{"rendered":"<p><em>Europa hatte einen gro\u00dfen Schritt bei der Aufkl\u00e4rung des Vapes als eine Strategie f\u00fcr den Raucherentzug. Dennoch bleiben einige Vorurteile bestehen.<\/em><\/p>\r\n\r\n\r\n\r\n<p>Das Europ\u00e4ische Parlament hat heute f\u00fcr die Annahme gestimmt\u00a0<a href=\"https:\/\/www.europarl.europa.eu\/doceo\/document\/A-9-2022-0001_EN.html\" target=\"_blank\" rel=\"noreferrer noopener\"><strong>Planen Sie Europeo de Lucha contra el C\u00e1ncer\u00a0<\/strong><\/a>Vorschlag des Comit\u00e9 Especial de Lucha con el C\u00e1ncer. Vor Kurzem hat eine europ\u00e4ische Institution \u00f6ffentlich bekannt gegeben, dass der Vape ein wichtiges Papier spielt und seine Rauchgewohnheit aufgibt. In dieser miserablen Zeit und aus beklagenswerter Weise haben die Europ\u00e4er keine k\u00fcnftigen Verbote von S\u00e4beln erlassen, aber sie m\u00fcssen wissen, dass die S\u00e4bel eine Methode haben, um sie vom Feuer zu befreien.<\/p>\r\n\r\n\r\n\r\n<h3 class=\"wp-block-heading\" id=\"la-posicion-del-parlamento\">La posici\u00f3n del Parlamento<\/h3>\r\n\r\n\r\n\r\n<p>Im \u201cEntschlie\u00dfungsantrag des Europ\u00e4ischen Parlaments f\u00fcr die europ\u00e4ische Regierung im Kampf gegen Krebs: Ich habe eine globale und koordinierte Strategie\u201d, im Aktionsbereich I, \u201cKrebspr\u00e4vention in der gesamten europ\u00e4ischen Politik\u201d, Punkt 12, hei\u00dft es:<\/p>\r\n\r\n\r\n\r\n<p><em>\u201cWir haben der Kommission eine Reihe wissenschaftlicher Bewertungen von Tabakwaren f\u00fcr die Gesundheit von elektronischen Zigaretten, Tabakprodukten f\u00fcr den Kalender und neue Tabakprodukte vorgelegt, einschlie\u00dflich der Bewertung von Tabakwaren f\u00fcr die Verwendung dieser Produkte im Vergleich mit dem Verbraucher.\u201d Andere Tabakprodukte und eine Liste von Inhalten und Emissionen dieser Produkte sind auf europ\u00e4ischem Niveau Elektronische Zigaretten m\u00fcssen f\u00fcr M\u00e4nner und Raucher attraktiv sein; Bitte beachten Sie, dass die Kommission, die sie im Rahmen der Richtlinie \u00fcber Tabakprodukte bewertet hat, die Aromen elektronischer Zigarren f\u00fcr M\u00e4nner und Raucher besonders attraktiv macht und ihr Verbot verordnet \u201eMerkmale von Tabakprodukten und neuen Tabakprodukten\u201c.<\/em><\/p>\r\n\r\n\r\n\r\n<h3 class=\"wp-block-heading\" id=\"la-voz-de-los-usuarios\">La voz de los usuarios<\/h3>\r\n\r\n\r\n\r\n<p>Die Alianza Mundial de Vapeadores (WVA), die in ihrer Kampagne viele Stimmen von Vapeadores in ganz Europa vertritt\u00a0<a href=\"https:\/\/worldvapersalliance.com\/de_au\/back-vaping-beat-smoking\/\" target=\"_blank\" rel=\"noreferrer noopener\">Zur\u00fcck zum Dampfen, Beat Rauchen<\/a>\u00a0Ich habe lange Zeit darauf geachtet, dass die Kostenreduzierung und die Verwendung des E-Zigaretten-Ger\u00e4ts eine Maschine sind, um Seans Rauch aus dem europ\u00e4ischen Urlaubsplan gegen den Krebs zu entfernen.<\/p>\r\n\r\n\r\n\r\n<p>Als Kommentar zum Ergebnis der heutigen Abstimmung sagte Michael Landl, Direktor der WVA:<\/p>\r\n\r\n\r\n\r\n<p>\u201cSchlie\u00dflich ist sich eine EU-Institution dar\u00fcber im Klaren, dass der Vape den Rauchern vor dem Rauchen den Garaus gemacht hat. Es ist ein wichtiger Schritt, unser Leben zu retten, um die Schadensursachen des Rauchens zu reduzieren. Ich muss die Stimme der einzelnen Konsumenten abgeben, die ein paar Jahre alt sind. Jetzt ist es an der Reihe Comisi\u00f3n de dejar de ignorar la ciencia y la experiencia de milliones de consumidores\u201d.<\/p>\r\n\r\n\r\n\r\n<p>Die Position der Saboren wurde jedoch nicht ver\u00e4ndert. Die Europ\u00e4er bitten die Kommission darum, die E-Zigaretten als \u201cAttraktive f\u00fcr Kinder\u201d zu etikettieren und ihnen ein Verbot zu erteilen.<\/p>\r\n\r\n\r\n\r\n<p>Carmine Canino, presidente de\u00a0<a href=\"https:\/\/www.anpvu.it\/\" target=\"_blank\" rel=\"noreferrer noopener\">ANPVU<\/a>\u00a0Italien und Mitglied des WVA-Beauftragten, vereinbart:<\/p>\r\n\r\n\r\n\r\n<p>\u201cWissenschaftler, Experten bei der Reduzierung von Sch\u00e4den und Konsumenten haben sich \u00fcber die negativen Folgen des Verbots bzw. der Einschr\u00e4nkung von Tabakwaren ge\u00e4rgert. Ein weiteres Mal haben die Ermittlungen gezeigt, dass Tabakraucher unbedingt erforderlich sind, um den Tabakkonsum bei Erwachsenen zu reduzieren. Unn\u00f6tig.\u201d que unsere gesetzgeber escuchen y act\u00faen\u201c.<\/p>\r\n\r\n\r\n\r\n<p>In Zukunft befand sich die Kommission in den ersten Etappen der Umsetzung ihrer Richtlinie \u00fcber Tabakerzeugnisse, und dies geschah aufgrund der Abstimmung \u00fcber diese Gesetzgebung, die das Dampfen respektiert.<\/p>\r\n\r\n\r\n\r\n<p>\u201cEs ist von entscheidender Bedeutung, dass die Experten und Verbraucher die Stimme h\u00f6ren. Wir warten darauf, dass die k\u00fcnftigen Vertreter der Kommission die Reduzierung der Verluste erkennen k\u00f6nnen. Wir verteidigen weiterhin unsere Mitglieder und stellen sicher, dass sie ihre Stimmen h\u00f6ren\u201d, schlussfolgert Michael Landl.<\/p>\r\n\r\n\r\n\r\n<h4 class=\"wp-block-heading\" id=\"miembros-del-parlamento-presentes-para-la-votacion-final\">Miembros del Parlamento presentes para la votaci\u00f3n final:<\/h4>\r\n\r\n\r\n\r\n<p>Maria Arena, Bartosz Ar\u0142ukowicz, Sara Cerdas, Angelo Ciocca, Tudor Ciuhodaru, Nathalie Colin-Oesterl\u00e9, Antoni Com\u00edn i Oliveres, Margarita de la Pisa Carri\u00f3n, Cyrus Engerer, Pietro Fiocchi, Loucas Fourlas, Cindy Franssen, S\u00f8ren Gade, Giorgos Georgiou, Nicol\u00e1s Gonz\u00e1lez Casares, Ivars Ijabs, L\u00edvia J\u00e1r\u00f3ka, Ond\u0159ej Knotek, Kate\u0159ina Kone\u010dn\u00e1, Ewa Kopacz, Joanna Kopci\u0144ska, Peter Liese, Marian-Jean Marinescu, Jo\u00eblle M\u00e9lin, Dolors Montserrat, Alessandra Moretti, Manuela Ripa, Mich\u00e8le Rivasi, Bronis Rop\u0117, Maria Spyraki, Nicolae \u015etef\u0103nu\u021b\u0103, V\u00e9ronique Trillet-Lenoir, Stefania Zambelli. Es ist Zeit f\u00fcr die Ver\u00f6ffentlichung dieses Artikels, des Textes\u00a0<em>Entschlie\u00dfung des Europ\u00e4ischen Parlaments vom 16. Februar 2022 \u00fcber den Europ\u00e4ischen Rat im Kampf gegen den Krebs: Eine globale und koordinierte Strategie verabschiedet<\/em>\u00a0(2020\/2267(INI)) wurde im Laufe der Ver\u00f6ffentlichung erstellt. Hier aktualisiert:\u00a0<a href=\"https:\/\/www.europarl.europa.eu\/doceo\/document\/TA-9-2022-0038_EN.html\" target=\"_blank\" rel=\"noreferrer noopener\">https:\/\/www.europarl.europa.eu\/doceo\/document\/TA-9-2022-0038_EN.html<\/a><\/p>\r\n\r\n\r\n\r\n<p><a href=\"https:\/\/www.thevapingtoday.com\/el-parlamento-europeo-confirma-que-el-vapeo-puede-ayudar-a-combatir-el-tabaquismo\/\">Urspr\u00fcnglich hier ver\u00f6ffentlicht.<\/a><\/p>","protected":false},"excerpt":{"rendered":"<p>Europa ha dado un gran paso hacia el reconocimiento del vapeo como una estrategia para dejar de fumar. Sin embargo, a\u00fan persisten algunos prejuicios equivocados. El Parlamento Europeo ha votado hoy para adoptar el\u00a0Plan Europeo de Lucha contra el C\u00e1ncer\u00a0propuesto por el Comit\u00e9 Especial de Lucha contra el C\u00e1ncer. Esta es la primera vez que [&hellip;]<\/p>\n","protected":false},"author":7,"featured_media":6394,"comment_status":"open","ping_status":"open","sticky":false,"template":"","format":"standard","meta":{"footnotes":""},"categories":[15],"tags":[],"class_list":["post-1019","post","type-post","status-publish","format-standard","has-post-thumbnail","hentry","category-wva-in-the-news"],"yoast_head":"<!-- This site is optimized with the Yoast SEO plugin v27.3 - https:\/\/yoast.com\/product\/yoast-seo-wordpress\/ -->\n<title>El Parlamento Europeo confirma que el vapeo puede ayudar a combatir el tabaquismo - World Vapers&#039; Alliance<\/title>\n<meta name=\"robots\" content=\"index, follow, max-snippet:-1, max-image-preview:large, max-video-preview:-1\" \/>\n<link rel=\"canonical\" href=\"https:\/\/worldvapersalliance.com\/de_au\/el-parlamento-europeo-confirma-que-el-vapeo-puede-ayudar-a-combatir-el-tabaquismo\/\" \/>\n<meta property=\"og:locale\" content=\"de_DE\" \/>\n<meta property=\"og:type\" content=\"article\" \/>\n<meta property=\"og:title\" content=\"El Parlamento Europeo confirma que el vapeo puede ayudar a combatir el tabaquismo - World Vapers&#039; Alliance\" \/>\n<meta property=\"og:description\" content=\"Europa ha dado un gran paso hacia el reconocimiento del vapeo como una estrategia para dejar de fumar. Sin embargo, a\u00fan persisten algunos prejuicios equivocados. El Parlamento Europeo ha votado hoy para adoptar el\u00a0Plan Europeo de Lucha contra el C\u00e1ncer\u00a0propuesto por el Comit\u00e9 Especial de Lucha contra el C\u00e1ncer. Esta es la primera vez que [&hellip;]\" \/>\n<meta property=\"og:url\" content=\"https:\/\/worldvapersalliance.com\/de_au\/el-parlamento-europeo-confirma-que-el-vapeo-puede-ayudar-a-combatir-el-tabaquismo\/\" \/>\n<meta property=\"og:site_name\" content=\"World Vapers&#039; Alliance\" \/>\n<meta property=\"article:published_time\" content=\"2022-03-01T14:59:34+00:00\" \/>\n<meta property=\"article:modified_time\" content=\"2022-04-09T07:18:00+00:00\" \/>\n<meta property=\"og:image\" content=\"https:\/\/worldvapersalliance.com\/wp-content\/uploads\/2022\/03\/World_Vapers_Alliance_Logo_White_Stripes.png\" \/>\n\t<meta property=\"og:image:width\" content=\"2081\" \/>\n\t<meta property=\"og:image:height\" content=\"1920\" \/>\n\t<meta property=\"og:image:type\" content=\"image\/png\" \/>\n<meta name=\"author\" content=\"Fabio Fernandes\" \/>\n<meta name=\"twitter:card\" content=\"summary_large_image\" \/>\n<meta name=\"twitter:label1\" content=\"Verfasst von\" \/>\n\t<meta name=\"twitter:data1\" content=\"Fabio Fernandes\" \/>\n\t<meta name=\"twitter:label2\" content=\"Gesch\u00e4tzte Lesezeit\" \/>\n\t<meta name=\"twitter:data2\" content=\"4 Minuten\" \/>\n<script type=\"application\/ld+json\" class=\"yoast-schema-graph\">{\"@context\":\"https:\\\/\\\/schema.org\",\"@graph\":[{\"@type\":\"Article\",\"@id\":\"https:\\\/\\\/worldvapersalliance.com\\\/el-parlamento-europeo-confirma-que-el-vapeo-puede-ayudar-a-combatir-el-tabaquismo\\\/#article\",\"isPartOf\":{\"@id\":\"https:\\\/\\\/worldvapersalliance.com\\\/el-parlamento-europeo-confirma-que-el-vapeo-puede-ayudar-a-combatir-el-tabaquismo\\\/\"},\"author\":{\"name\":\"Fabio Fernandes\",\"@id\":\"https:\\\/\\\/worldvapersalliance.com\\\/#\\\/schema\\\/person\\\/216fd3755694b5cf40a75104b7567982\"},\"headline\":\"El Parlamento Europeo confirma que el vapeo puede ayudar a combatir el taba &hellip;\",\"datePublished\":\"2022-03-01T14:59:34+00:00\",\"dateModified\":\"2022-04-09T07:18:00+00:00\",\"mainEntityOfPage\":{\"@id\":\"https:\\\/\\\/worldvapersalliance.com\\\/el-parlamento-europeo-confirma-que-el-vapeo-puede-ayudar-a-combatir-el-tabaquismo\\\/\"},\"wordCount\":876,\"commentCount\":0,\"publisher\":{\"@id\":\"https:\\\/\\\/worldvapersalliance.com\\\/#organization\"},\"image\":{\"@id\":\"https:\\\/\\\/worldvapersalliance.com\\\/el-parlamento-europeo-confirma-que-el-vapeo-puede-ayudar-a-combatir-el-tabaquismo\\\/#primaryimage\"},\"thumbnailUrl\":\"https:\\\/\\\/worldvapersalliance.com\\\/wp-content\\\/uploads\\\/2025\\\/08\\\/WVA-in-the-news.png\",\"articleSection\":[\"WVA in the News\"],\"inLanguage\":\"de-AT\",\"potentialAction\":[{\"@type\":\"CommentAction\",\"name\":\"Comment\",\"target\":[\"https:\\\/\\\/worldvapersalliance.com\\\/el-parlamento-europeo-confirma-que-el-vapeo-puede-ayudar-a-combatir-el-tabaquismo\\\/#respond\"]}]},{\"@type\":\"WebPage\",\"@id\":\"https:\\\/\\\/worldvapersalliance.com\\\/el-parlamento-europeo-confirma-que-el-vapeo-puede-ayudar-a-combatir-el-tabaquismo\\\/\",\"url\":\"https:\\\/\\\/worldvapersalliance.com\\\/el-parlamento-europeo-confirma-que-el-vapeo-puede-ayudar-a-combatir-el-tabaquismo\\\/\",\"name\":\"El Parlamento Europeo confirma que el vapeo puede ayudar a combatir el tabaquismo - World Vapers&#039; Alliance\",\"isPartOf\":{\"@id\":\"https:\\\/\\\/worldvapersalliance.com\\\/#website\"},\"primaryImageOfPage\":{\"@id\":\"https:\\\/\\\/worldvapersalliance.com\\\/el-parlamento-europeo-confirma-que-el-vapeo-puede-ayudar-a-combatir-el-tabaquismo\\\/#primaryimage\"},\"image\":{\"@id\":\"https:\\\/\\\/worldvapersalliance.com\\\/el-parlamento-europeo-confirma-que-el-vapeo-puede-ayudar-a-combatir-el-tabaquismo\\\/#primaryimage\"},\"thumbnailUrl\":\"https:\\\/\\\/worldvapersalliance.com\\\/wp-content\\\/uploads\\\/2025\\\/08\\\/WVA-in-the-news.png\",\"datePublished\":\"2022-03-01T14:59:34+00:00\",\"dateModified\":\"2022-04-09T07:18:00+00:00\",\"inLanguage\":\"de-AT\",\"potentialAction\":[{\"@type\":\"ReadAction\",\"target\":[\"https:\\\/\\\/worldvapersalliance.com\\\/el-parlamento-europeo-confirma-que-el-vapeo-puede-ayudar-a-combatir-el-tabaquismo\\\/\"]}]},{\"@type\":\"ImageObject\",\"inLanguage\":\"de-AT\",\"@id\":\"https:\\\/\\\/worldvapersalliance.com\\\/el-parlamento-europeo-confirma-que-el-vapeo-puede-ayudar-a-combatir-el-tabaquismo\\\/#primaryimage\",\"url\":\"https:\\\/\\\/worldvapersalliance.com\\\/wp-content\\\/uploads\\\/2025\\\/08\\\/WVA-in-the-news.png\",\"contentUrl\":\"https:\\\/\\\/worldvapersalliance.com\\\/wp-content\\\/uploads\\\/2025\\\/08\\\/WVA-in-the-news.png\",\"width\":1264,\"height\":848},{\"@type\":\"WebSite\",\"@id\":\"https:\\\/\\\/worldvapersalliance.com\\\/#website\",\"url\":\"https:\\\/\\\/worldvapersalliance.com\\\/\",\"name\":\"World Vapers&#039; Alliance\",\"description\":\"The largest community of vapers\",\"publisher\":{\"@id\":\"https:\\\/\\\/worldvapersalliance.com\\\/#organization\"},\"potentialAction\":[{\"@type\":\"SearchAction\",\"target\":{\"@type\":\"EntryPoint\",\"urlTemplate\":\"https:\\\/\\\/worldvapersalliance.com\\\/?s={search_term_string}\"},\"query-input\":{\"@type\":\"PropertyValueSpecification\",\"valueRequired\":true,\"valueName\":\"search_term_string\"}}],\"inLanguage\":\"de-AT\"},{\"@type\":\"Organization\",\"@id\":\"https:\\\/\\\/worldvapersalliance.com\\\/#organization\",\"name\":\"World Vapers&#039; Alliance\",\"url\":\"https:\\\/\\\/worldvapersalliance.com\\\/\",\"logo\":{\"@type\":\"ImageObject\",\"inLanguage\":\"de-AT\",\"@id\":\"https:\\\/\\\/worldvapersalliance.com\\\/#\\\/schema\\\/logo\\\/image\\\/\",\"url\":\"https:\\\/\\\/worldvapersalliance.com\\\/wp-content\\\/uploads\\\/2022\\\/01\\\/WVA_RB_Fist_G.png\",\"contentUrl\":\"https:\\\/\\\/worldvapersalliance.com\\\/wp-content\\\/uploads\\\/2022\\\/01\\\/WVA_RB_Fist_G.png\",\"width\":985,\"height\":1177,\"caption\":\"World Vapers&#039; Alliance\"},\"image\":{\"@id\":\"https:\\\/\\\/worldvapersalliance.com\\\/#\\\/schema\\\/logo\\\/image\\\/\"}},{\"@type\":\"Person\",\"@id\":\"https:\\\/\\\/worldvapersalliance.com\\\/#\\\/schema\\\/person\\\/216fd3755694b5cf40a75104b7567982\",\"name\":\"Fabio Fernandes\",\"image\":{\"@type\":\"ImageObject\",\"inLanguage\":\"de-AT\",\"@id\":\"https:\\\/\\\/secure.gravatar.com\\\/avatar\\\/d8016ed50889fcf1724876c34d4add2dafff82d053be50f8406714cfd387b500?s=96&d=mm&r=g\",\"url\":\"https:\\\/\\\/secure.gravatar.com\\\/avatar\\\/d8016ed50889fcf1724876c34d4add2dafff82d053be50f8406714cfd387b500?s=96&d=mm&r=g\",\"contentUrl\":\"https:\\\/\\\/secure.gravatar.com\\\/avatar\\\/d8016ed50889fcf1724876c34d4add2dafff82d053be50f8406714cfd387b500?s=96&d=mm&r=g\",\"caption\":\"Fabio Fernandes\"},\"url\":\"https:\\\/\\\/worldvapersalliance.com\\\/de_au\\\/author\\\/fabio\\\/\"}]}<\/script>\n<!-- \/ Yoast SEO plugin. -->","yoast_head_json":{"title":"Das Europ\u00e4ische Parlament best\u00e4tigt, dass der E-Zigaretten-Verband den Tabak bek\u00e4mpfen kann \u2013 World Vapers&#039; Alliance","robots":{"index":"index","follow":"follow","max-snippet":"max-snippet:-1","max-image-preview":"max-image-preview:large","max-video-preview":"max-video-preview:-1"},"canonical":"https:\/\/worldvapersalliance.com\/de_au\/el-parlamento-europeo-confirma-que-el-vapeo-puede-ayudar-a-combatir-el-tabaquismo\/","og_locale":"de_DE","og_type":"article","og_title":"El Parlamento Europeo confirma que el vapeo puede ayudar a combatir el tabaquismo - World Vapers&#039; Alliance","og_description":"Europa ha dado un gran paso hacia el reconocimiento del vapeo como una estrategia para dejar de fumar. Sin embargo, a\u00fan persisten algunos prejuicios equivocados. El Parlamento Europeo ha votado hoy para adoptar el\u00a0Plan Europeo de Lucha contra el C\u00e1ncer\u00a0propuesto por el Comit\u00e9 Especial de Lucha contra el C\u00e1ncer. Esta es la primera vez que [&hellip;]","og_url":"https:\/\/worldvapersalliance.com\/de_au\/el-parlamento-europeo-confirma-que-el-vapeo-puede-ayudar-a-combatir-el-tabaquismo\/","og_site_name":"World Vapers&#039; Alliance","article_published_time":"2022-03-01T14:59:34+00:00","article_modified_time":"2022-04-09T07:18:00+00:00","og_image":[{"width":2081,"height":1920,"url":"https:\/\/worldvapersalliance.com\/wp-content\/uploads\/2022\/03\/World_Vapers_Alliance_Logo_White_Stripes.png","type":"image\/png"}],"author":"Fabio Fernandes","twitter_card":"summary_large_image","twitter_misc":{"Verfasst von":"Fabio Fernandes","Gesch\u00e4tzte Lesezeit":"4 Minuten"},"schema":{"@context":"https:\/\/schema.org","@graph":[{"@type":"Article","@id":"https:\/\/worldvapersalliance.com\/el-parlamento-europeo-confirma-que-el-vapeo-puede-ayudar-a-combatir-el-tabaquismo\/#article","isPartOf":{"@id":"https:\/\/worldvapersalliance.com\/el-parlamento-europeo-confirma-que-el-vapeo-puede-ayudar-a-combatir-el-tabaquismo\/"},"author":{"name":"Fabio Fernandes","@id":"https:\/\/worldvapersalliance.com\/#\/schema\/person\/216fd3755694b5cf40a75104b7567982"},"headline":"El Parlamento Europeo confirma que el vapeo puede ayudar a combatir el taba &hellip;","datePublished":"2022-03-01T14:59:34+00:00","dateModified":"2022-04-09T07:18:00+00:00","mainEntityOfPage":{"@id":"https:\/\/worldvapersalliance.com\/el-parlamento-europeo-confirma-que-el-vapeo-puede-ayudar-a-combatir-el-tabaquismo\/"},"wordCount":876,"commentCount":0,"publisher":{"@id":"https:\/\/worldvapersalliance.com\/#organization"},"image":{"@id":"https:\/\/worldvapersalliance.com\/el-parlamento-europeo-confirma-que-el-vapeo-puede-ayudar-a-combatir-el-tabaquismo\/#primaryimage"},"thumbnailUrl":"https:\/\/worldvapersalliance.com\/wp-content\/uploads\/2025\/08\/WVA-in-the-news.png","articleSection":["WVA in the News"],"inLanguage":"de-AT","potentialAction":[{"@type":"CommentAction","name":"Comment","target":["https:\/\/worldvapersalliance.com\/el-parlamento-europeo-confirma-que-el-vapeo-puede-ayudar-a-combatir-el-tabaquismo\/#respond"]}]},{"@type":"WebPage","@id":"https:\/\/worldvapersalliance.com\/el-parlamento-europeo-confirma-que-el-vapeo-puede-ayudar-a-combatir-el-tabaquismo\/","url":"https:\/\/worldvapersalliance.com\/el-parlamento-europeo-confirma-que-el-vapeo-puede-ayudar-a-combatir-el-tabaquismo\/","name":"Das Europ\u00e4ische Parlament best\u00e4tigt, dass der E-Zigaretten-Verband den Tabak bek\u00e4mpfen kann \u2013 World Vapers&#039; Alliance","isPartOf":{"@id":"https:\/\/worldvapersalliance.com\/#website"},"primaryImageOfPage":{"@id":"https:\/\/worldvapersalliance.com\/el-parlamento-europeo-confirma-que-el-vapeo-puede-ayudar-a-combatir-el-tabaquismo\/#primaryimage"},"image":{"@id":"https:\/\/worldvapersalliance.com\/el-parlamento-europeo-confirma-que-el-vapeo-puede-ayudar-a-combatir-el-tabaquismo\/#primaryimage"},"thumbnailUrl":"https:\/\/worldvapersalliance.com\/wp-content\/uploads\/2025\/08\/WVA-in-the-news.png","datePublished":"2022-03-01T14:59:34+00:00","dateModified":"2022-04-09T07:18:00+00:00","inLanguage":"de-AT","potentialAction":[{"@type":"ReadAction","target":["https:\/\/worldvapersalliance.com\/el-parlamento-europeo-confirma-que-el-vapeo-puede-ayudar-a-combatir-el-tabaquismo\/"]}]},{"@type":"ImageObject","inLanguage":"de-AT","@id":"https:\/\/worldvapersalliance.com\/el-parlamento-europeo-confirma-que-el-vapeo-puede-ayudar-a-combatir-el-tabaquismo\/#primaryimage","url":"https:\/\/worldvapersalliance.com\/wp-content\/uploads\/2025\/08\/WVA-in-the-news.png","contentUrl":"https:\/\/worldvapersalliance.com\/wp-content\/uploads\/2025\/08\/WVA-in-the-news.png","width":1264,"height":848},{"@type":"WebSite","@id":"https:\/\/worldvapersalliance.com\/#website","url":"https:\/\/worldvapersalliance.com\/","name":"Weltweite Allianz der Dampfer","description":"Die gr\u00f6\u00dfte Community von Dampfern","publisher":{"@id":"https:\/\/worldvapersalliance.com\/#organization"},"potentialAction":[{"@type":"SearchAction","target":{"@type":"EntryPoint","urlTemplate":"https:\/\/worldvapersalliance.com\/?s={search_term_string}"},"query-input":{"@type":"PropertyValueSpecification","valueRequired":true,"valueName":"search_term_string"}}],"inLanguage":"de-AT"},{"@type":"Organization","@id":"https:\/\/worldvapersalliance.com\/#organization","name":"Weltweite Allianz der Dampfer","url":"https:\/\/worldvapersalliance.com\/","logo":{"@type":"ImageObject","inLanguage":"de-AT","@id":"https:\/\/worldvapersalliance.com\/#\/schema\/logo\/image\/","url":"https:\/\/worldvapersalliance.com\/wp-content\/uploads\/2022\/01\/WVA_RB_Fist_G.png","contentUrl":"https:\/\/worldvapersalliance.com\/wp-content\/uploads\/2022\/01\/WVA_RB_Fist_G.png","width":985,"height":1177,"caption":"World Vapers&#039; Alliance"},"image":{"@id":"https:\/\/worldvapersalliance.com\/#\/schema\/logo\/image\/"}},{"@type":"Person","@id":"https:\/\/worldvapersalliance.com\/#\/schema\/person\/216fd3755694b5cf40a75104b7567982","name":"Fabio Fernandes","image":{"@type":"ImageObject","inLanguage":"de-AT","@id":"https:\/\/secure.gravatar.com\/avatar\/d8016ed50889fcf1724876c34d4add2dafff82d053be50f8406714cfd387b500?s=96&d=mm&r=g","url":"https:\/\/secure.gravatar.com\/avatar\/d8016ed50889fcf1724876c34d4add2dafff82d053be50f8406714cfd387b500?s=96&d=mm&r=g","contentUrl":"https:\/\/secure.gravatar.com\/avatar\/d8016ed50889fcf1724876c34d4add2dafff82d053be50f8406714cfd387b500?s=96&d=mm&r=g","caption":"Fabio Fernandes"},"url":"https:\/\/worldvapersalliance.com\/de_au\/author\/fabio\/"}]}},"_links":{"self":[{"href":"https:\/\/worldvapersalliance.com\/de_au\/wp-json\/wp\/v2\/posts\/1019","targetHints":{"allow":["GET"]}}],"collection":[{"href":"https:\/\/worldvapersalliance.com\/de_au\/wp-json\/wp\/v2\/posts"}],"about":[{"href":"https:\/\/worldvapersalliance.com\/de_au\/wp-json\/wp\/v2\/types\/post"}],"author":[{"embeddable":true,"href":"https:\/\/worldvapersalliance.com\/de_au\/wp-json\/wp\/v2\/users\/7"}],"replies":[{"embeddable":true,"href":"https:\/\/worldvapersalliance.com\/de_au\/wp-json\/wp\/v2\/comments?post=1019"}],"version-history":[{"count":0,"href":"https:\/\/worldvapersalliance.com\/de_au\/wp-json\/wp\/v2\/posts\/1019\/revisions"}],"wp:featuredmedia":[{"embeddable":true,"href":"https:\/\/worldvapersalliance.com\/de_au\/wp-json\/wp\/v2\/media\/6394"}],"wp:attachment":[{"href":"https:\/\/worldvapersalliance.com\/de_au\/wp-json\/wp\/v2\/media?parent=1019"}],"wp:term":[{"taxonomy":"category","embeddable":true,"href":"https:\/\/worldvapersalliance.com\/de_au\/wp-json\/wp\/v2\/categories?post=1019"},{"taxonomy":"post_tag","embeddable":true,"href":"https:\/\/worldvapersalliance.com\/de_au\/wp-json\/wp\/v2\/tags?post=1019"}],"curies":[{"name":"wp","href":"https:\/\/api.w.org\/{rel}","templated":true}]}}