{"id":5472,"date":"2024-03-27T04:53:15","date_gmt":"2024-03-27T08:53:15","guid":{"rendered":"https:\/\/worldvapersalliance.com\/?p=5472"},"modified":"2024-04-01T04:54:22","modified_gmt":"2024-04-01T08:54:22","slug":"vapers-protest-mexico-vape-ban-as-reforms-seek-to-include-it-in-constitution","status":"publish","type":"post","link":"https:\/\/worldvapersalliance.com\/da\/vapers-protest-mexico-vape-ban-as-reforms-seek-to-include-it-in-constitution\/","title":{"rendered":"Vapers protesterer mod mexicansk vape-forbud, da reformer s\u00f8ger at inkludere det i forfatningen ..."},"content":{"rendered":"<p>I 2020 implementerede Mexico en <a href=\"https:\/\/www.vapingpost.com\/2022\/06\/14\/mexico-sets-ban-on-vaping-products\/\">forbud mod salg af vapingprodukter<\/a>, hvilket markerer et betydeligt skift i landets holdning til vaping. Foranstaltningen afspejler den generelle stemning, der er skildret af de globale medier, og kom midt i voksende bekymringer om de sundhedsrisici, der er forbundet med vaping, is\u00e6r blandt unge mennesker.<\/p>\n<p>Forbuddet havde naturligvis til form\u00e5l at im\u00f8deg\u00e5 de potentielle langsigtede konsekvenser af nikotinafh\u00e6ngighed, men det blev m\u00f8dt med blandede reaktioner. Mens nogle st\u00f8ttede regeringens bestr\u00e6belser p\u00e5 at beskytte folkesundheden og forhindre vaping blandt mindre\u00e5rige, kritiserede andre tiltaget og argumenterede for, at det <a href=\"https:\/\/www.vapingpost.com\/2024\/02\/21\/science-keeps-indicating-the-effectivity-of-vapes-for-smoking-cessation-yet-falling-on-deaf-ears\/\">begr\u00e6nset adgang for voksne rygere<\/a> til et potentielt mindre skadeligt alternativ til traditionelle cigaretter. Derudover var der bekymringer om forbuddets indvirkning p\u00e5 vapingindustrien, herunder detailhandlere og producenter.<\/p>\n<p>Samlet set er vapingforbuddet i Mexico <a href=\"https:\/\/www.vapingpost.com\/2024\/01\/14\/mexicos-vape-ban-deemed-unconstitutional\/\">udl\u00f8ste debatter<\/a> om regulering af tobaks- og nikotinprodukter og fremh\u00e6vede kompleksiteten i at afveje folkesundhedshensyn med individuelle friheder og \u00f8konomiske interesser. Den understregede ogs\u00e5 behovet for evidensbaseret politikudformning og omfattende tilgange til at h\u00e5ndtere tobaks- og nikotinbrug i landet.<\/p>\n<p>L\u00e6s hele teksten <a href=\"https:\/\/www.vapingpost.com\/2024\/03\/27\/vapers-protests-local-vape-ban-as-reforms-seek-to-include-it-in-constitution\/\" target=\"_blank\" rel=\"noopener\">her<\/a><\/p>","protected":false},"excerpt":{"rendered":"<p>In 2020, Mexico implemented a ban on the sales of vaping products, marking a significant shift in the country\u2019s stance on vaping. Reflecting the general sentiment portrayed by the global media, the measure came amidst growing concerns on the health risks associated with vaping, particularly among young people. Naturally, the ban aimed to address the [&hellip;]<\/p>\n","protected":false},"author":11,"featured_media":6394,"comment_status":"open","ping_status":"open","sticky":false,"template":"","format":"standard","meta":{"footnotes":""},"categories":[15],"tags":[],"class_list":["post-5472","post","type-post","status-publish","format-standard","has-post-thumbnail","hentry","category-wva-in-the-news"],"yoast_head":"<!-- This site is optimized with the Yoast SEO plugin v27.3 - https:\/\/yoast.com\/product\/yoast-seo-wordpress\/ -->\n<title>Vapers Protest Mexico Vape Ban as Reforms Seek to Include it in Constitution - World Vapers&#039; Alliance<\/title>\n<meta name=\"robots\" content=\"index, follow, max-snippet:-1, max-image-preview:large, max-video-preview:-1\" \/>\n<link rel=\"canonical\" href=\"https:\/\/worldvapersalliance.com\/da\/vapers-protest-mexico-vape-ban-as-reforms-seek-to-include-it-in-constitution\/\" \/>\n<meta property=\"og:locale\" content=\"da_DK\" \/>\n<meta property=\"og:type\" content=\"article\" \/>\n<meta property=\"og:title\" content=\"Vapers Protest Mexico Vape Ban as Reforms Seek to Include it in Constitution - World Vapers&#039; Alliance\" \/>\n<meta property=\"og:description\" content=\"In 2020, Mexico implemented a ban on the sales of vaping products, marking a significant shift in the country\u2019s stance on vaping. Reflecting the general sentiment portrayed by the global media, the measure came amidst growing concerns on the health risks associated with vaping, particularly among young people. Naturally, the ban aimed to address the [&hellip;]\" \/>\n<meta property=\"og:url\" content=\"https:\/\/worldvapersalliance.com\/da\/vapers-protest-mexico-vape-ban-as-reforms-seek-to-include-it-in-constitution\/\" \/>\n<meta property=\"og:site_name\" content=\"World Vapers&#039; Alliance\" \/>\n<meta property=\"article:published_time\" content=\"2024-03-27T08:53:15+00:00\" \/>\n<meta property=\"article:modified_time\" content=\"2024-04-01T08:54:22+00:00\" \/>\n<meta property=\"og:image\" content=\"https:\/\/worldvapersalliance.com\/wp-content\/uploads\/2022\/08\/vaping-post.png\" \/>\n\t<meta property=\"og:image:width\" content=\"2081\" \/>\n\t<meta property=\"og:image:height\" content=\"1920\" \/>\n\t<meta property=\"og:image:type\" content=\"image\/png\" \/>\n<meta name=\"author\" content=\"World Vapers&#039; Alliance\" \/>\n<meta name=\"twitter:card\" content=\"summary_large_image\" \/>\n<meta name=\"twitter:label1\" content=\"Skrevet af\" \/>\n\t<meta name=\"twitter:data1\" content=\"World Vapers&#039; Alliance\" \/>\n\t<meta name=\"twitter:label2\" content=\"Estimeret l\u00e6setid\" \/>\n\t<meta name=\"twitter:data2\" content=\"1 minut\" \/>\n<script type=\"application\/ld+json\" class=\"yoast-schema-graph\">{\"@context\":\"https:\\\/\\\/schema.org\",\"@graph\":[{\"@type\":\"Article\",\"@id\":\"https:\\\/\\\/worldvapersalliance.com\\\/vapers-protest-mexico-vape-ban-as-reforms-seek-to-include-it-in-constitution\\\/#article\",\"isPartOf\":{\"@id\":\"https:\\\/\\\/worldvapersalliance.com\\\/vapers-protest-mexico-vape-ban-as-reforms-seek-to-include-it-in-constitution\\\/\"},\"author\":{\"name\":\"World Vapers' Alliance\",\"@id\":\"https:\\\/\\\/worldvapersalliance.com\\\/#\\\/schema\\\/person\\\/18484a6f20bcc6f70a2419c8babe017d\"},\"headline\":\"Vapers Protest Mexico Vape Ban as Reforms Seek to Include it in Constitutio &hellip;\",\"datePublished\":\"2024-03-27T08:53:15+00:00\",\"dateModified\":\"2024-04-01T08:54:22+00:00\",\"mainEntityOfPage\":{\"@id\":\"https:\\\/\\\/worldvapersalliance.com\\\/vapers-protest-mexico-vape-ban-as-reforms-seek-to-include-it-in-constitution\\\/\"},\"wordCount\":190,\"commentCount\":0,\"publisher\":{\"@id\":\"https:\\\/\\\/worldvapersalliance.com\\\/#organization\"},\"image\":{\"@id\":\"https:\\\/\\\/worldvapersalliance.com\\\/vapers-protest-mexico-vape-ban-as-reforms-seek-to-include-it-in-constitution\\\/#primaryimage\"},\"thumbnailUrl\":\"https:\\\/\\\/worldvapersalliance.com\\\/wp-content\\\/uploads\\\/2025\\\/08\\\/WVA-in-the-news.png\",\"articleSection\":[\"WVA in the News\"],\"inLanguage\":\"da-DK\",\"potentialAction\":[{\"@type\":\"CommentAction\",\"name\":\"Comment\",\"target\":[\"https:\\\/\\\/worldvapersalliance.com\\\/vapers-protest-mexico-vape-ban-as-reforms-seek-to-include-it-in-constitution\\\/#respond\"]}]},{\"@type\":\"WebPage\",\"@id\":\"https:\\\/\\\/worldvapersalliance.com\\\/vapers-protest-mexico-vape-ban-as-reforms-seek-to-include-it-in-constitution\\\/\",\"url\":\"https:\\\/\\\/worldvapersalliance.com\\\/vapers-protest-mexico-vape-ban-as-reforms-seek-to-include-it-in-constitution\\\/\",\"name\":\"Vapers Protest Mexico Vape Ban as Reforms Seek to Include it in Constitution - World Vapers&#039; Alliance\",\"isPartOf\":{\"@id\":\"https:\\\/\\\/worldvapersalliance.com\\\/#website\"},\"primaryImageOfPage\":{\"@id\":\"https:\\\/\\\/worldvapersalliance.com\\\/vapers-protest-mexico-vape-ban-as-reforms-seek-to-include-it-in-constitution\\\/#primaryimage\"},\"image\":{\"@id\":\"https:\\\/\\\/worldvapersalliance.com\\\/vapers-protest-mexico-vape-ban-as-reforms-seek-to-include-it-in-constitution\\\/#primaryimage\"},\"thumbnailUrl\":\"https:\\\/\\\/worldvapersalliance.com\\\/wp-content\\\/uploads\\\/2025\\\/08\\\/WVA-in-the-news.png\",\"datePublished\":\"2024-03-27T08:53:15+00:00\",\"dateModified\":\"2024-04-01T08:54:22+00:00\",\"inLanguage\":\"da-DK\",\"potentialAction\":[{\"@type\":\"ReadAction\",\"target\":[\"https:\\\/\\\/worldvapersalliance.com\\\/vapers-protest-mexico-vape-ban-as-reforms-seek-to-include-it-in-constitution\\\/\"]}]},{\"@type\":\"ImageObject\",\"inLanguage\":\"da-DK\",\"@id\":\"https:\\\/\\\/worldvapersalliance.com\\\/vapers-protest-mexico-vape-ban-as-reforms-seek-to-include-it-in-constitution\\\/#primaryimage\",\"url\":\"https:\\\/\\\/worldvapersalliance.com\\\/wp-content\\\/uploads\\\/2025\\\/08\\\/WVA-in-the-news.png\",\"contentUrl\":\"https:\\\/\\\/worldvapersalliance.com\\\/wp-content\\\/uploads\\\/2025\\\/08\\\/WVA-in-the-news.png\",\"width\":1264,\"height\":848},{\"@type\":\"WebSite\",\"@id\":\"https:\\\/\\\/worldvapersalliance.com\\\/#website\",\"url\":\"https:\\\/\\\/worldvapersalliance.com\\\/\",\"name\":\"World Vapers&#039; Alliance\",\"description\":\"The largest community of vapers\",\"publisher\":{\"@id\":\"https:\\\/\\\/worldvapersalliance.com\\\/#organization\"},\"potentialAction\":[{\"@type\":\"SearchAction\",\"target\":{\"@type\":\"EntryPoint\",\"urlTemplate\":\"https:\\\/\\\/worldvapersalliance.com\\\/?s={search_term_string}\"},\"query-input\":{\"@type\":\"PropertyValueSpecification\",\"valueRequired\":true,\"valueName\":\"search_term_string\"}}],\"inLanguage\":\"da-DK\"},{\"@type\":\"Organization\",\"@id\":\"https:\\\/\\\/worldvapersalliance.com\\\/#organization\",\"name\":\"World Vapers&#039; Alliance\",\"url\":\"https:\\\/\\\/worldvapersalliance.com\\\/\",\"logo\":{\"@type\":\"ImageObject\",\"inLanguage\":\"da-DK\",\"@id\":\"https:\\\/\\\/worldvapersalliance.com\\\/#\\\/schema\\\/logo\\\/image\\\/\",\"url\":\"https:\\\/\\\/worldvapersalliance.com\\\/wp-content\\\/uploads\\\/2022\\\/01\\\/WVA_RB_Fist_G.png\",\"contentUrl\":\"https:\\\/\\\/worldvapersalliance.com\\\/wp-content\\\/uploads\\\/2022\\\/01\\\/WVA_RB_Fist_G.png\",\"width\":985,\"height\":1177,\"caption\":\"World Vapers&#039; Alliance\"},\"image\":{\"@id\":\"https:\\\/\\\/worldvapersalliance.com\\\/#\\\/schema\\\/logo\\\/image\\\/\"}},{\"@type\":\"Person\",\"@id\":\"https:\\\/\\\/worldvapersalliance.com\\\/#\\\/schema\\\/person\\\/18484a6f20bcc6f70a2419c8babe017d\",\"name\":\"World Vapers' Alliance\",\"image\":{\"@type\":\"ImageObject\",\"inLanguage\":\"da-DK\",\"@id\":\"https:\\\/\\\/secure.gravatar.com\\\/avatar\\\/456bf795c7a47c9ac527a94da4bff150aa49e48726d69bee9937f8383cffa246?s=96&d=mm&r=g\",\"url\":\"https:\\\/\\\/secure.gravatar.com\\\/avatar\\\/456bf795c7a47c9ac527a94da4bff150aa49e48726d69bee9937f8383cffa246?s=96&d=mm&r=g\",\"contentUrl\":\"https:\\\/\\\/secure.gravatar.com\\\/avatar\\\/456bf795c7a47c9ac527a94da4bff150aa49e48726d69bee9937f8383cffa246?s=96&d=mm&r=g\",\"caption\":\"World Vapers' Alliance\"},\"url\":\"https:\\\/\\\/worldvapersalliance.com\\\/da\\\/author\\\/wva\\\/\"}]}<\/script>\n<!-- \/ Yoast SEO plugin. -->","yoast_head_json":{"title":"Vapers protesterer mod vape-forbud i Mexico, da reformer fors\u00f8ger at inkludere det i forfatningen - World Vapers&#039; Alliance","robots":{"index":"index","follow":"follow","max-snippet":"max-snippet:-1","max-image-preview":"max-image-preview:large","max-video-preview":"max-video-preview:-1"},"canonical":"https:\/\/worldvapersalliance.com\/da\/vapers-protest-mexico-vape-ban-as-reforms-seek-to-include-it-in-constitution\/","og_locale":"da_DK","og_type":"article","og_title":"Vapers Protest Mexico Vape Ban as Reforms Seek to Include it in Constitution - World Vapers&#039; Alliance","og_description":"In 2020, Mexico implemented a ban on the sales of vaping products, marking a significant shift in the country\u2019s stance on vaping. Reflecting the general sentiment portrayed by the global media, the measure came amidst growing concerns on the health risks associated with vaping, particularly among young people. Naturally, the ban aimed to address the [&hellip;]","og_url":"https:\/\/worldvapersalliance.com\/da\/vapers-protest-mexico-vape-ban-as-reforms-seek-to-include-it-in-constitution\/","og_site_name":"World Vapers&#039; Alliance","article_published_time":"2024-03-27T08:53:15+00:00","article_modified_time":"2024-04-01T08:54:22+00:00","og_image":[{"width":2081,"height":1920,"url":"https:\/\/worldvapersalliance.com\/wp-content\/uploads\/2022\/08\/vaping-post.png","type":"image\/png"}],"author":"World Vapers' Alliance","twitter_card":"summary_large_image","twitter_misc":{"Skrevet af":"World Vapers' Alliance","Estimeret l\u00e6setid":"1 minut"},"schema":{"@context":"https:\/\/schema.org","@graph":[{"@type":"Article","@id":"https:\/\/worldvapersalliance.com\/vapers-protest-mexico-vape-ban-as-reforms-seek-to-include-it-in-constitution\/#article","isPartOf":{"@id":"https:\/\/worldvapersalliance.com\/vapers-protest-mexico-vape-ban-as-reforms-seek-to-include-it-in-constitution\/"},"author":{"name":"World Vapers' Alliance","@id":"https:\/\/worldvapersalliance.com\/#\/schema\/person\/18484a6f20bcc6f70a2419c8babe017d"},"headline":"Vapers Protest Mexico Vape Ban as Reforms Seek to Include it in Constitutio &hellip;","datePublished":"2024-03-27T08:53:15+00:00","dateModified":"2024-04-01T08:54:22+00:00","mainEntityOfPage":{"@id":"https:\/\/worldvapersalliance.com\/vapers-protest-mexico-vape-ban-as-reforms-seek-to-include-it-in-constitution\/"},"wordCount":190,"commentCount":0,"publisher":{"@id":"https:\/\/worldvapersalliance.com\/#organization"},"image":{"@id":"https:\/\/worldvapersalliance.com\/vapers-protest-mexico-vape-ban-as-reforms-seek-to-include-it-in-constitution\/#primaryimage"},"thumbnailUrl":"https:\/\/worldvapersalliance.com\/wp-content\/uploads\/2025\/08\/WVA-in-the-news.png","articleSection":["WVA in the News"],"inLanguage":"da-DK","potentialAction":[{"@type":"CommentAction","name":"Comment","target":["https:\/\/worldvapersalliance.com\/vapers-protest-mexico-vape-ban-as-reforms-seek-to-include-it-in-constitution\/#respond"]}]},{"@type":"WebPage","@id":"https:\/\/worldvapersalliance.com\/vapers-protest-mexico-vape-ban-as-reforms-seek-to-include-it-in-constitution\/","url":"https:\/\/worldvapersalliance.com\/vapers-protest-mexico-vape-ban-as-reforms-seek-to-include-it-in-constitution\/","name":"Vapers protesterer mod vape-forbud i Mexico, da reformer fors\u00f8ger at inkludere det i forfatningen - World Vapers&#039; Alliance","isPartOf":{"@id":"https:\/\/worldvapersalliance.com\/#website"},"primaryImageOfPage":{"@id":"https:\/\/worldvapersalliance.com\/vapers-protest-mexico-vape-ban-as-reforms-seek-to-include-it-in-constitution\/#primaryimage"},"image":{"@id":"https:\/\/worldvapersalliance.com\/vapers-protest-mexico-vape-ban-as-reforms-seek-to-include-it-in-constitution\/#primaryimage"},"thumbnailUrl":"https:\/\/worldvapersalliance.com\/wp-content\/uploads\/2025\/08\/WVA-in-the-news.png","datePublished":"2024-03-27T08:53:15+00:00","dateModified":"2024-04-01T08:54:22+00:00","inLanguage":"da-DK","potentialAction":[{"@type":"ReadAction","target":["https:\/\/worldvapersalliance.com\/vapers-protest-mexico-vape-ban-as-reforms-seek-to-include-it-in-constitution\/"]}]},{"@type":"ImageObject","inLanguage":"da-DK","@id":"https:\/\/worldvapersalliance.com\/vapers-protest-mexico-vape-ban-as-reforms-seek-to-include-it-in-constitution\/#primaryimage","url":"https:\/\/worldvapersalliance.com\/wp-content\/uploads\/2025\/08\/WVA-in-the-news.png","contentUrl":"https:\/\/worldvapersalliance.com\/wp-content\/uploads\/2025\/08\/WVA-in-the-news.png","width":1264,"height":848},{"@type":"WebSite","@id":"https:\/\/worldvapersalliance.com\/#website","url":"https:\/\/worldvapersalliance.com\/","name":"World Vapers&#039; Alliance","description":"Det st\u00f8rste samfund af vapers","publisher":{"@id":"https:\/\/worldvapersalliance.com\/#organization"},"potentialAction":[{"@type":"SearchAction","target":{"@type":"EntryPoint","urlTemplate":"https:\/\/worldvapersalliance.com\/?s={search_term_string}"},"query-input":{"@type":"PropertyValueSpecification","valueRequired":true,"valueName":"search_term_string"}}],"inLanguage":"da-DK"},{"@type":"Organization","@id":"https:\/\/worldvapersalliance.com\/#organization","name":"World Vapers&#039; Alliance","url":"https:\/\/worldvapersalliance.com\/","logo":{"@type":"ImageObject","inLanguage":"da-DK","@id":"https:\/\/worldvapersalliance.com\/#\/schema\/logo\/image\/","url":"https:\/\/worldvapersalliance.com\/wp-content\/uploads\/2022\/01\/WVA_RB_Fist_G.png","contentUrl":"https:\/\/worldvapersalliance.com\/wp-content\/uploads\/2022\/01\/WVA_RB_Fist_G.png","width":985,"height":1177,"caption":"World Vapers&#039; Alliance"},"image":{"@id":"https:\/\/worldvapersalliance.com\/#\/schema\/logo\/image\/"}},{"@type":"Person","@id":"https:\/\/worldvapersalliance.com\/#\/schema\/person\/18484a6f20bcc6f70a2419c8babe017d","name":"World Vapers&#039; Alliance","image":{"@type":"ImageObject","inLanguage":"da-DK","@id":"https:\/\/secure.gravatar.com\/avatar\/456bf795c7a47c9ac527a94da4bff150aa49e48726d69bee9937f8383cffa246?s=96&d=mm&r=g","url":"https:\/\/secure.gravatar.com\/avatar\/456bf795c7a47c9ac527a94da4bff150aa49e48726d69bee9937f8383cffa246?s=96&d=mm&r=g","contentUrl":"https:\/\/secure.gravatar.com\/avatar\/456bf795c7a47c9ac527a94da4bff150aa49e48726d69bee9937f8383cffa246?s=96&d=mm&r=g","caption":"World Vapers' Alliance"},"url":"https:\/\/worldvapersalliance.com\/da\/author\/wva\/"}]}},"_links":{"self":[{"href":"https:\/\/worldvapersalliance.com\/da\/wp-json\/wp\/v2\/posts\/5472","targetHints":{"allow":["GET"]}}],"collection":[{"href":"https:\/\/worldvapersalliance.com\/da\/wp-json\/wp\/v2\/posts"}],"about":[{"href":"https:\/\/worldvapersalliance.com\/da\/wp-json\/wp\/v2\/types\/post"}],"author":[{"embeddable":true,"href":"https:\/\/worldvapersalliance.com\/da\/wp-json\/wp\/v2\/users\/11"}],"replies":[{"embeddable":true,"href":"https:\/\/worldvapersalliance.com\/da\/wp-json\/wp\/v2\/comments?post=5472"}],"version-history":[{"count":0,"href":"https:\/\/worldvapersalliance.com\/da\/wp-json\/wp\/v2\/posts\/5472\/revisions"}],"wp:featuredmedia":[{"embeddable":true,"href":"https:\/\/worldvapersalliance.com\/da\/wp-json\/wp\/v2\/media\/6394"}],"wp:attachment":[{"href":"https:\/\/worldvapersalliance.com\/da\/wp-json\/wp\/v2\/media?parent=5472"}],"wp:term":[{"taxonomy":"category","embeddable":true,"href":"https:\/\/worldvapersalliance.com\/da\/wp-json\/wp\/v2\/categories?post=5472"},{"taxonomy":"post_tag","embeddable":true,"href":"https:\/\/worldvapersalliance.com\/da\/wp-json\/wp\/v2\/tags?post=5472"}],"curies":[{"name":"wp","href":"https:\/\/api.w.org\/{rel}","templated":true}]}}