{"id":4921,"date":"2023-10-17T06:41:33","date_gmt":"2023-10-17T10:41:33","guid":{"rendered":"https:\/\/worldvapersalliance.com\/?p=4921"},"modified":"2023-10-17T06:41:33","modified_gmt":"2023-10-17T10:41:33","slug":"european-consumers-urge-belgian-presidency-to-prioritise-harm-reduction","status":"publish","type":"post","link":"https:\/\/worldvapersalliance.com\/da\/european-consumers-urge-belgian-presidency-to-prioritise-harm-reduction\/","title":{"rendered":"Europ\u00e6iske forbrugere opfordrer indtr\u00e6ngende det belgiske formandskab til at prioritere skadesreduktion"},"content":{"rendered":"<p dir=\"ltr\"><strong>Bruxelles, Belgien, 17.10.2023 \u2014<\/strong> Europ\u00e6iske medlemmer af World Vapers&#039; Alliance opfordrer den belgiske regering til at g\u00f8re skadesreduktion til deres sundhedsprioritet i den kommende formandskabsperiode for R\u00e5det, der starter den 1. januar 2024.<\/p>\n<p dir=\"ltr\">Tidligere i dag offentliggjorde Politico et arbejdsprogram for det belgiske formandskab, der omhandler dets fem sundhedsprioriteter, herunder blandt andet modstandsdygtighed i sundhed og sundhedssystemer, lighed i sundhed og en sund befolkning. <em><strong>\u201c&quot;Reduktion af tobaksskader b\u00f8r v\u00e6re hj\u00f8rnestenen i EU&#039;s sundhedsprioriteter, da rygning stadig er den hyppigste forebyggelige d\u00f8ds\u00e5rsag i EU.&quot;\u201d<\/strong><\/em> siger Michael Landl, direkt\u00f8r for World Vapers&#039; Alliance.<\/p>\n<p dir=\"ltr\"><em>\u201c&quot;Der er over 1,3 milliarder mennesker, der stadig ryger, med&quot; <a href=\"https:\/\/link.mediaoutreach.meltwater.com\/ls\/click?upn=v2OU6mEZsrF8RQMJ1eCY0jOfBK6KgGHbLFBq6pw7Q8bb53hWkDhT548pA00hhN-2FKoxAOwZxAxiKk8O-2FNJWVsVsBEBuqX4qGc9KZ-2B2D6SIBJZ9V3bRHOwr63T3OxwIlCRDUDo4vDl0r5N-2FishOArnEw-3D-3DjxfY_6-2BOayirWiMnL4NNJ9ivl6YavKZeo6-2F4wNJspN1hyqCqN9Iica8t3kuAqeTUsoEZyEPArUXwlTHpmuotWGUYRcpQrE8nNUswQ7G-2Fk02oN1WEWHHt54BxhdFiplpKrmGj1ZPwqqtWNZ9IBD5fcBQLl-2BT-2BSTUvXypqJKYDHwcv7o4hU7o9Bd3Pvglep-2Bo4zvaNg89DB1OornddnG3TjDd2VEXMlmzXJIsINaITLb3CzW1ruTl8Ou7-2F2nvqITJ7YSrWenKl1dMPjG3rwTKPAuSTG5sK6nhGt-2F64spPlHRVRCNvFddaALeUl5ktpS4-2BVGbXJhCxkJgIHXdK4dfVDk2SahIQS-2B-2FYFVO2wbmcceZDF6p518BuyzH5ng1tTTVNV3Gum5rZw1lQclyqWIueG0pjSfwg-3D-3D\" target=\"_blank\" rel=\"noopener\" data-saferedirecturl=\"https:\/\/www.google.com\/url?q=https:\/\/link.mediaoutreach.meltwater.com\/ls\/click?upn%3Dv2OU6mEZsrF8RQMJ1eCY0jOfBK6KgGHbLFBq6pw7Q8bb53hWkDhT548pA00hhN-2FKoxAOwZxAxiKk8O-2FNJWVsVsBEBuqX4qGc9KZ-2B2D6SIBJZ9V3bRHOwr63T3OxwIlCRDUDo4vDl0r5N-2FishOArnEw-3D-3DjxfY_6-2BOayirWiMnL4NNJ9ivl6YavKZeo6-2F4wNJspN1hyqCqN9Iica8t3kuAqeTUsoEZyEPArUXwlTHpmuotWGUYRcpQrE8nNUswQ7G-2Fk02oN1WEWHHt54BxhdFiplpKrmGj1ZPwqqtWNZ9IBD5fcBQLl-2BT-2BSTUvXypqJKYDHwcv7o4hU7o9Bd3Pvglep-2Bo4zvaNg89DB1OornddnG3TjDd2VEXMlmzXJIsINaITLb3CzW1ruTl8Ou7-2F2nvqITJ7YSrWenKl1dMPjG3rwTKPAuSTG5sK6nhGt-2F64spPlHRVRCNvFddaALeUl5ktpS4-2BVGbXJhCxkJgIHXdK4dfVDk2SahIQS-2B-2FYFVO2wbmcceZDF6p518BuyzH5ng1tTTVNV3Gum5rZw1lQclyqWIueG0pjSfwg-3D-3D&amp;source=gmail&amp;ust=1697625599703000&amp;usg=AOvVaw30OcaE8xKwCE7xJTPLID7z\">88 millioner i Den Europ\u00e6iske Union<\/a> alene. Sverige er blevet en fork\u00e6mper for skadesreduktion, da landet bev\u00e6ger sig hen imod en landsd\u00e6kkende risikobaseret politik med snus, et traditionelt r\u00f8gfrit tobaksprodukt, og s\u00e6nker afgiften med 20%. <strong>Vi opfordrer den belgiske regering til at f\u00f8lge det svenske eksempel og omfavne skadesreduktion som en drivkraft mod et r\u00f8gfrit Europa.\u201d<\/strong><\/em> tilf\u00f8jede Landl.<\/p>\n<p dir=\"ltr\"><em><strong>\u201c&quot;EU b\u00f8r g\u00f8re det lettere for rygere at holde op, ikke sv\u00e6rere.&quot;.<\/strong> At tillade smagsstoffer og s\u00e6nke afgifter p\u00e5 produkter med lavere risiko har vist sig at v\u00e6re den mest effektive m\u00e5de at tilskynde til rygestop, som i Sverige og Storbritannien,<\/em>\u201d&quot; konkluderede Landl.<\/p>\n<p dir=\"ltr\">World Vapers&#039; Alliance har for nylig udgivet et omfattende faktaark med tilg\u00e6ngelig forskning fra statslige, medicinske og forskningsinstitutioner om vaping og skadereduktion fra tobak. Ressourcen er tilg\u00e6ngelig. <a href=\"https:\/\/link.mediaoutreach.meltwater.com\/ls\/click?upn=v2OU6mEZsrF8RQMJ1eCY0g8ZtW9ddvzmg6KflWYNU1vqD5UTAad7hdqLnvzRVgQn0rESJQAbGQa73LkeNbwXTl9FFQxPGmKtlqGHHOEElA0-3DTK___6-2BOayirWiMnL4NNJ9ivl6YavKZeo6-2F4wNJspN1hyqCqN9Iica8t3kuAqeTUsoEZyEPArUXwlTHpmuotWGUYRcpQrE8nNUswQ7G-2Fk02oN1WEWHHt54BxhdFiplpKrmGj1ZPwqqtWNZ9IBD5fcBQLl-2BT-2BSTUvXypqJKYDHwcv7o4hU7o9Bd3Pvglep-2Bo4zvaNg89DB1OornddnG3TjDd2VEXMlmzXJIsINaITLb3CzW1ql7dlI82J6MZ2Ux6hZALM7ptOxwPTgQA6bF9GDRRibgT0wgn4EUNgIkNTcSjQVDjPYqk1Cw3w0DtyUkY4EDeaS-2BENu7KSd4-2BFTSZAzmL5FO12HcrrxAsWB0T4vS3gRaJyZBhKyTiwp1NxTkgY-2FqkxkrNcs-2FhT7ITk90Bd8r7Bo6Q-3D-3D\" target=\"_blank\" rel=\"noopener\" data-saferedirecturl=\"https:\/\/www.google.com\/url?q=https:\/\/link.mediaoutreach.meltwater.com\/ls\/click?upn%3Dv2OU6mEZsrF8RQMJ1eCY0g8ZtW9ddvzmg6KflWYNU1vqD5UTAad7hdqLnvzRVgQn0rESJQAbGQa73LkeNbwXTl9FFQxPGmKtlqGHHOEElA0-3DTK___6-2BOayirWiMnL4NNJ9ivl6YavKZeo6-2F4wNJspN1hyqCqN9Iica8t3kuAqeTUsoEZyEPArUXwlTHpmuotWGUYRcpQrE8nNUswQ7G-2Fk02oN1WEWHHt54BxhdFiplpKrmGj1ZPwqqtWNZ9IBD5fcBQLl-2BT-2BSTUvXypqJKYDHwcv7o4hU7o9Bd3Pvglep-2Bo4zvaNg89DB1OornddnG3TjDd2VEXMlmzXJIsINaITLb3CzW1ql7dlI82J6MZ2Ux6hZALM7ptOxwPTgQA6bF9GDRRibgT0wgn4EUNgIkNTcSjQVDjPYqk1Cw3w0DtyUkY4EDeaS-2BENu7KSd4-2BFTSZAzmL5FO12HcrrxAsWB0T4vS3gRaJyZBhKyTiwp1NxTkgY-2FqkxkrNcs-2FhT7ITk90Bd8r7Bo6Q-3D-3D&amp;source=gmail&amp;ust=1697625599703000&amp;usg=AOvVaw23BbtgGWzZgWTCdijUKqg1\">her<\/a>.<\/p>","protected":false},"excerpt":{"rendered":"<p>Brussels, Belgium, 17.10.2023\u00a0 \u2014 European members of the World Vapers\u2019 Alliance urge the Belgian government to address harm reduction as their health priority in the upcoming Council presidency term which starts on 1 January 2024. Earlier today, Politico published a working program of the Belgian presidency that addresses its five health priorities, including resiliency of [&hellip;]<\/p>\n","protected":false},"author":11,"featured_media":3245,"comment_status":"open","ping_status":"open","sticky":false,"template":"","format":"standard","meta":{"footnotes":""},"categories":[13],"tags":[],"class_list":["post-4921","post","type-post","status-publish","format-standard","has-post-thumbnail","hentry","category-press-releases"],"yoast_head":"<!-- This site is optimized with the Yoast SEO plugin v27.3 - https:\/\/yoast.com\/product\/yoast-seo-wordpress\/ -->\n<title>European consumers urge Belgian presidency to prioritise harm reduction - World Vapers&#039; Alliance<\/title>\n<meta name=\"description\" content=\"European members of the WVA urge the Belgian government to address harm reduction as their health priority in the upcoming Council presidency term.\" \/>\n<meta name=\"robots\" content=\"index, follow, max-snippet:-1, max-image-preview:large, max-video-preview:-1\" \/>\n<link rel=\"canonical\" href=\"https:\/\/worldvapersalliance.com\/da\/european-consumers-urge-belgian-presidency-to-prioritise-harm-reduction\/\" \/>\n<meta property=\"og:locale\" content=\"da_DK\" \/>\n<meta property=\"og:type\" content=\"article\" \/>\n<meta property=\"og:title\" content=\"European consumers urge Belgian presidency to prioritise harm reduction - World Vapers&#039; Alliance\" \/>\n<meta property=\"og:description\" content=\"European members of the WVA urge the Belgian government to address harm reduction as their health priority in the upcoming Council presidency term.\" \/>\n<meta property=\"og:url\" content=\"https:\/\/worldvapersalliance.com\/da\/european-consumers-urge-belgian-presidency-to-prioritise-harm-reduction\/\" \/>\n<meta property=\"og:site_name\" content=\"World Vapers&#039; Alliance\" \/>\n<meta property=\"article:published_time\" content=\"2023-10-17T10:41:33+00:00\" \/>\n<meta property=\"og:image\" content=\"https:\/\/worldvapersalliance.com\/wp-content\/uploads\/2022\/10\/WVA_Press-Release_Cover-new.png\" \/>\n\t<meta property=\"og:image:width\" content=\"4162\" \/>\n\t<meta property=\"og:image:height\" content=\"3840\" \/>\n\t<meta property=\"og:image:type\" content=\"image\/png\" \/>\n<meta name=\"author\" content=\"World Vapers&#039; Alliance\" \/>\n<meta name=\"twitter:card\" content=\"summary_large_image\" \/>\n<meta name=\"twitter:label1\" content=\"Skrevet af\" \/>\n\t<meta name=\"twitter:data1\" content=\"World Vapers&#039; Alliance\" \/>\n\t<meta name=\"twitter:label2\" content=\"Estimeret l\u00e6setid\" \/>\n\t<meta name=\"twitter:data2\" content=\"2 minutter\" \/>\n<script type=\"application\/ld+json\" class=\"yoast-schema-graph\">{\"@context\":\"https:\\\/\\\/schema.org\",\"@graph\":[{\"@type\":\"Article\",\"@id\":\"https:\\\/\\\/worldvapersalliance.com\\\/european-consumers-urge-belgian-presidency-to-prioritise-harm-reduction\\\/#article\",\"isPartOf\":{\"@id\":\"https:\\\/\\\/worldvapersalliance.com\\\/european-consumers-urge-belgian-presidency-to-prioritise-harm-reduction\\\/\"},\"author\":{\"name\":\"World Vapers' Alliance\",\"@id\":\"https:\\\/\\\/worldvapersalliance.com\\\/#\\\/schema\\\/person\\\/18484a6f20bcc6f70a2419c8babe017d\"},\"headline\":\"European consumers urge Belgian presidency to prioritise harm reduction\",\"datePublished\":\"2023-10-17T10:41:33+00:00\",\"mainEntityOfPage\":{\"@id\":\"https:\\\/\\\/worldvapersalliance.com\\\/european-consumers-urge-belgian-presidency-to-prioritise-harm-reduction\\\/\"},\"wordCount\":246,\"commentCount\":0,\"publisher\":{\"@id\":\"https:\\\/\\\/worldvapersalliance.com\\\/#organization\"},\"image\":{\"@id\":\"https:\\\/\\\/worldvapersalliance.com\\\/european-consumers-urge-belgian-presidency-to-prioritise-harm-reduction\\\/#primaryimage\"},\"thumbnailUrl\":\"https:\\\/\\\/worldvapersalliance.com\\\/wp-content\\\/uploads\\\/2022\\\/10\\\/WVA_Press-Release_Cover-new.png\",\"articleSection\":[\"Press Releases\"],\"inLanguage\":\"da-DK\",\"potentialAction\":[{\"@type\":\"CommentAction\",\"name\":\"Comment\",\"target\":[\"https:\\\/\\\/worldvapersalliance.com\\\/european-consumers-urge-belgian-presidency-to-prioritise-harm-reduction\\\/#respond\"]}]},{\"@type\":\"WebPage\",\"@id\":\"https:\\\/\\\/worldvapersalliance.com\\\/european-consumers-urge-belgian-presidency-to-prioritise-harm-reduction\\\/\",\"url\":\"https:\\\/\\\/worldvapersalliance.com\\\/european-consumers-urge-belgian-presidency-to-prioritise-harm-reduction\\\/\",\"name\":\"European consumers urge Belgian presidency to prioritise harm reduction - World Vapers&#039; Alliance\",\"isPartOf\":{\"@id\":\"https:\\\/\\\/worldvapersalliance.com\\\/#website\"},\"primaryImageOfPage\":{\"@id\":\"https:\\\/\\\/worldvapersalliance.com\\\/european-consumers-urge-belgian-presidency-to-prioritise-harm-reduction\\\/#primaryimage\"},\"image\":{\"@id\":\"https:\\\/\\\/worldvapersalliance.com\\\/european-consumers-urge-belgian-presidency-to-prioritise-harm-reduction\\\/#primaryimage\"},\"thumbnailUrl\":\"https:\\\/\\\/worldvapersalliance.com\\\/wp-content\\\/uploads\\\/2022\\\/10\\\/WVA_Press-Release_Cover-new.png\",\"datePublished\":\"2023-10-17T10:41:33+00:00\",\"description\":\"European members of the WVA urge the Belgian government to address harm reduction as their health priority in the upcoming Council presidency term.\",\"inLanguage\":\"da-DK\",\"potentialAction\":[{\"@type\":\"ReadAction\",\"target\":[\"https:\\\/\\\/worldvapersalliance.com\\\/european-consumers-urge-belgian-presidency-to-prioritise-harm-reduction\\\/\"]}]},{\"@type\":\"ImageObject\",\"inLanguage\":\"da-DK\",\"@id\":\"https:\\\/\\\/worldvapersalliance.com\\\/european-consumers-urge-belgian-presidency-to-prioritise-harm-reduction\\\/#primaryimage\",\"url\":\"https:\\\/\\\/worldvapersalliance.com\\\/wp-content\\\/uploads\\\/2022\\\/10\\\/WVA_Press-Release_Cover-new.png\",\"contentUrl\":\"https:\\\/\\\/worldvapersalliance.com\\\/wp-content\\\/uploads\\\/2022\\\/10\\\/WVA_Press-Release_Cover-new.png\",\"width\":4162,\"height\":3840},{\"@type\":\"WebSite\",\"@id\":\"https:\\\/\\\/worldvapersalliance.com\\\/#website\",\"url\":\"https:\\\/\\\/worldvapersalliance.com\\\/\",\"name\":\"World Vapers&#039; Alliance\",\"description\":\"The largest community of vapers\",\"publisher\":{\"@id\":\"https:\\\/\\\/worldvapersalliance.com\\\/#organization\"},\"potentialAction\":[{\"@type\":\"SearchAction\",\"target\":{\"@type\":\"EntryPoint\",\"urlTemplate\":\"https:\\\/\\\/worldvapersalliance.com\\\/?s={search_term_string}\"},\"query-input\":{\"@type\":\"PropertyValueSpecification\",\"valueRequired\":true,\"valueName\":\"search_term_string\"}}],\"inLanguage\":\"da-DK\"},{\"@type\":\"Organization\",\"@id\":\"https:\\\/\\\/worldvapersalliance.com\\\/#organization\",\"name\":\"World Vapers&#039; Alliance\",\"url\":\"https:\\\/\\\/worldvapersalliance.com\\\/\",\"logo\":{\"@type\":\"ImageObject\",\"inLanguage\":\"da-DK\",\"@id\":\"https:\\\/\\\/worldvapersalliance.com\\\/#\\\/schema\\\/logo\\\/image\\\/\",\"url\":\"https:\\\/\\\/worldvapersalliance.com\\\/wp-content\\\/uploads\\\/2022\\\/01\\\/WVA_RB_Fist_G.png\",\"contentUrl\":\"https:\\\/\\\/worldvapersalliance.com\\\/wp-content\\\/uploads\\\/2022\\\/01\\\/WVA_RB_Fist_G.png\",\"width\":985,\"height\":1177,\"caption\":\"World Vapers&#039; Alliance\"},\"image\":{\"@id\":\"https:\\\/\\\/worldvapersalliance.com\\\/#\\\/schema\\\/logo\\\/image\\\/\"}},{\"@type\":\"Person\",\"@id\":\"https:\\\/\\\/worldvapersalliance.com\\\/#\\\/schema\\\/person\\\/18484a6f20bcc6f70a2419c8babe017d\",\"name\":\"World Vapers' Alliance\",\"image\":{\"@type\":\"ImageObject\",\"inLanguage\":\"da-DK\",\"@id\":\"https:\\\/\\\/secure.gravatar.com\\\/avatar\\\/456bf795c7a47c9ac527a94da4bff150aa49e48726d69bee9937f8383cffa246?s=96&d=mm&r=g\",\"url\":\"https:\\\/\\\/secure.gravatar.com\\\/avatar\\\/456bf795c7a47c9ac527a94da4bff150aa49e48726d69bee9937f8383cffa246?s=96&d=mm&r=g\",\"contentUrl\":\"https:\\\/\\\/secure.gravatar.com\\\/avatar\\\/456bf795c7a47c9ac527a94da4bff150aa49e48726d69bee9937f8383cffa246?s=96&d=mm&r=g\",\"caption\":\"World Vapers' Alliance\"},\"url\":\"https:\\\/\\\/worldvapersalliance.com\\\/da\\\/author\\\/wva\\\/\"}]}<\/script>\n<!-- \/ Yoast SEO plugin. -->","yoast_head_json":{"title":"Europ\u00e6iske forbrugere opfordrer det belgiske formandskab til at prioritere skadesreduktion - World Vapers&#039; Alliance","description":"Europ\u00e6iske medlemmer af WVA opfordrer den belgiske regering til at g\u00f8re skadesreduktion til deres sundhedsprioritet i den kommende formandskabsperiode for R\u00e5det.","robots":{"index":"index","follow":"follow","max-snippet":"max-snippet:-1","max-image-preview":"max-image-preview:large","max-video-preview":"max-video-preview:-1"},"canonical":"https:\/\/worldvapersalliance.com\/da\/european-consumers-urge-belgian-presidency-to-prioritise-harm-reduction\/","og_locale":"da_DK","og_type":"article","og_title":"European consumers urge Belgian presidency to prioritise harm reduction - World Vapers&#039; Alliance","og_description":"European members of the WVA urge the Belgian government to address harm reduction as their health priority in the upcoming Council presidency term.","og_url":"https:\/\/worldvapersalliance.com\/da\/european-consumers-urge-belgian-presidency-to-prioritise-harm-reduction\/","og_site_name":"World Vapers&#039; Alliance","article_published_time":"2023-10-17T10:41:33+00:00","og_image":[{"width":4162,"height":3840,"url":"https:\/\/worldvapersalliance.com\/wp-content\/uploads\/2022\/10\/WVA_Press-Release_Cover-new.png","type":"image\/png"}],"author":"World Vapers' Alliance","twitter_card":"summary_large_image","twitter_misc":{"Skrevet af":"World Vapers' Alliance","Estimeret l\u00e6setid":"2 minutter"},"schema":{"@context":"https:\/\/schema.org","@graph":[{"@type":"Article","@id":"https:\/\/worldvapersalliance.com\/european-consumers-urge-belgian-presidency-to-prioritise-harm-reduction\/#article","isPartOf":{"@id":"https:\/\/worldvapersalliance.com\/european-consumers-urge-belgian-presidency-to-prioritise-harm-reduction\/"},"author":{"name":"World Vapers' Alliance","@id":"https:\/\/worldvapersalliance.com\/#\/schema\/person\/18484a6f20bcc6f70a2419c8babe017d"},"headline":"European consumers urge Belgian presidency to prioritise harm reduction","datePublished":"2023-10-17T10:41:33+00:00","mainEntityOfPage":{"@id":"https:\/\/worldvapersalliance.com\/european-consumers-urge-belgian-presidency-to-prioritise-harm-reduction\/"},"wordCount":246,"commentCount":0,"publisher":{"@id":"https:\/\/worldvapersalliance.com\/#organization"},"image":{"@id":"https:\/\/worldvapersalliance.com\/european-consumers-urge-belgian-presidency-to-prioritise-harm-reduction\/#primaryimage"},"thumbnailUrl":"https:\/\/worldvapersalliance.com\/wp-content\/uploads\/2022\/10\/WVA_Press-Release_Cover-new.png","articleSection":["Press Releases"],"inLanguage":"da-DK","potentialAction":[{"@type":"CommentAction","name":"Comment","target":["https:\/\/worldvapersalliance.com\/european-consumers-urge-belgian-presidency-to-prioritise-harm-reduction\/#respond"]}]},{"@type":"WebPage","@id":"https:\/\/worldvapersalliance.com\/european-consumers-urge-belgian-presidency-to-prioritise-harm-reduction\/","url":"https:\/\/worldvapersalliance.com\/european-consumers-urge-belgian-presidency-to-prioritise-harm-reduction\/","name":"Europ\u00e6iske forbrugere opfordrer det belgiske formandskab til at prioritere skadesreduktion - World Vapers&#039; Alliance","isPartOf":{"@id":"https:\/\/worldvapersalliance.com\/#website"},"primaryImageOfPage":{"@id":"https:\/\/worldvapersalliance.com\/european-consumers-urge-belgian-presidency-to-prioritise-harm-reduction\/#primaryimage"},"image":{"@id":"https:\/\/worldvapersalliance.com\/european-consumers-urge-belgian-presidency-to-prioritise-harm-reduction\/#primaryimage"},"thumbnailUrl":"https:\/\/worldvapersalliance.com\/wp-content\/uploads\/2022\/10\/WVA_Press-Release_Cover-new.png","datePublished":"2023-10-17T10:41:33+00:00","description":"Europ\u00e6iske medlemmer af WVA opfordrer den belgiske regering til at g\u00f8re skadesreduktion til deres sundhedsprioritet i den kommende formandskabsperiode for R\u00e5det.","inLanguage":"da-DK","potentialAction":[{"@type":"ReadAction","target":["https:\/\/worldvapersalliance.com\/european-consumers-urge-belgian-presidency-to-prioritise-harm-reduction\/"]}]},{"@type":"ImageObject","inLanguage":"da-DK","@id":"https:\/\/worldvapersalliance.com\/european-consumers-urge-belgian-presidency-to-prioritise-harm-reduction\/#primaryimage","url":"https:\/\/worldvapersalliance.com\/wp-content\/uploads\/2022\/10\/WVA_Press-Release_Cover-new.png","contentUrl":"https:\/\/worldvapersalliance.com\/wp-content\/uploads\/2022\/10\/WVA_Press-Release_Cover-new.png","width":4162,"height":3840},{"@type":"WebSite","@id":"https:\/\/worldvapersalliance.com\/#website","url":"https:\/\/worldvapersalliance.com\/","name":"World Vapers&#039; Alliance","description":"Det st\u00f8rste samfund af vapers","publisher":{"@id":"https:\/\/worldvapersalliance.com\/#organization"},"potentialAction":[{"@type":"SearchAction","target":{"@type":"EntryPoint","urlTemplate":"https:\/\/worldvapersalliance.com\/?s={search_term_string}"},"query-input":{"@type":"PropertyValueSpecification","valueRequired":true,"valueName":"search_term_string"}}],"inLanguage":"da-DK"},{"@type":"Organization","@id":"https:\/\/worldvapersalliance.com\/#organization","name":"World Vapers&#039; Alliance","url":"https:\/\/worldvapersalliance.com\/","logo":{"@type":"ImageObject","inLanguage":"da-DK","@id":"https:\/\/worldvapersalliance.com\/#\/schema\/logo\/image\/","url":"https:\/\/worldvapersalliance.com\/wp-content\/uploads\/2022\/01\/WVA_RB_Fist_G.png","contentUrl":"https:\/\/worldvapersalliance.com\/wp-content\/uploads\/2022\/01\/WVA_RB_Fist_G.png","width":985,"height":1177,"caption":"World Vapers&#039; Alliance"},"image":{"@id":"https:\/\/worldvapersalliance.com\/#\/schema\/logo\/image\/"}},{"@type":"Person","@id":"https:\/\/worldvapersalliance.com\/#\/schema\/person\/18484a6f20bcc6f70a2419c8babe017d","name":"World Vapers&#039; Alliance","image":{"@type":"ImageObject","inLanguage":"da-DK","@id":"https:\/\/secure.gravatar.com\/avatar\/456bf795c7a47c9ac527a94da4bff150aa49e48726d69bee9937f8383cffa246?s=96&d=mm&r=g","url":"https:\/\/secure.gravatar.com\/avatar\/456bf795c7a47c9ac527a94da4bff150aa49e48726d69bee9937f8383cffa246?s=96&d=mm&r=g","contentUrl":"https:\/\/secure.gravatar.com\/avatar\/456bf795c7a47c9ac527a94da4bff150aa49e48726d69bee9937f8383cffa246?s=96&d=mm&r=g","caption":"World Vapers' Alliance"},"url":"https:\/\/worldvapersalliance.com\/da\/author\/wva\/"}]}},"_links":{"self":[{"href":"https:\/\/worldvapersalliance.com\/da\/wp-json\/wp\/v2\/posts\/4921","targetHints":{"allow":["GET"]}}],"collection":[{"href":"https:\/\/worldvapersalliance.com\/da\/wp-json\/wp\/v2\/posts"}],"about":[{"href":"https:\/\/worldvapersalliance.com\/da\/wp-json\/wp\/v2\/types\/post"}],"author":[{"embeddable":true,"href":"https:\/\/worldvapersalliance.com\/da\/wp-json\/wp\/v2\/users\/11"}],"replies":[{"embeddable":true,"href":"https:\/\/worldvapersalliance.com\/da\/wp-json\/wp\/v2\/comments?post=4921"}],"version-history":[{"count":0,"href":"https:\/\/worldvapersalliance.com\/da\/wp-json\/wp\/v2\/posts\/4921\/revisions"}],"wp:featuredmedia":[{"embeddable":true,"href":"https:\/\/worldvapersalliance.com\/da\/wp-json\/wp\/v2\/media\/3245"}],"wp:attachment":[{"href":"https:\/\/worldvapersalliance.com\/da\/wp-json\/wp\/v2\/media?parent=4921"}],"wp:term":[{"taxonomy":"category","embeddable":true,"href":"https:\/\/worldvapersalliance.com\/da\/wp-json\/wp\/v2\/categories?post=4921"},{"taxonomy":"post_tag","embeddable":true,"href":"https:\/\/worldvapersalliance.com\/da\/wp-json\/wp\/v2\/tags?post=4921"}],"curies":[{"name":"wp","href":"https:\/\/api.w.org\/{rel}","templated":true}]}}