{"id":4841,"date":"2023-10-03T06:53:54","date_gmt":"2023-10-03T10:53:54","guid":{"rendered":"https:\/\/worldvapersalliance.com\/?p=4841"},"modified":"2023-10-04T06:56:23","modified_gmt":"2023-10-04T10:56:23","slug":"sigarette-elettroniche-la-linea-dura-del-portogallo-basta-allaperto-e-sul-web","status":"publish","type":"post","link":"https:\/\/worldvapersalliance.com\/da\/sigarette-elettroniche-la-linea-dura-del-portogallo-basta-allaperto-e-sul-web\/","title":{"rendered":"Sigarette elettroniche, la linea dura del Portogallo: basta all&#039;aperto e \u2026"},"content":{"rendered":"<h4 class=\"post-subtitle\">Netv\u00e6rket World Vapers&#039; Alliance oplyser il tentativo del governo portoghese di strumentalizzare una direttiva europea per bloccare la diffusione dei dispositivi elettronici.<\/h4>\n<p>Il governo portoghese sta discutendo un nuovo progetto di legge che, pur regolando il fumo e il tabacco, penalizzer\u00e0 la diffusione della sigaretta elettronica. \u00c8 quanto sostiene Alberto G\u00f3mez Hern\u00e1ndez, community Manager della World Vapers&#039; Alliance, il network internationale dei consumatori di prodotti liquidi da inalazione ed e-cig. Il governo portoghese sta attualmente trascrivendo l&#039;atto delegato dell&#039;Ue della Direttiva sui prodotti del tabacco nella legislazione nazionale dei prodotti del tabacco riscaldato, un atto dovuto che \u00e8 gi\u00e0 stato effettuato da moltialia altri Paes,It. Il Portogallo, per\u00f2, vorrebbe aggiungere alcune nuove disposizioni anche control il vaping nonostante non facessero parte del documento europeo.<\/p>\n<p>L\u00e6s hele teksten <a href=\"https:\/\/www.sigmagazine.it\/2023\/10\/portogallo-divieti\/\" target=\"_blank\" rel=\"noopener\">her<\/a><\/p>","protected":false},"excerpt":{"rendered":"<p>Il network World Vapers&#8217; Alliance denuncia il tentativo del governo portoghese di strumentalizzare una direttiva europea per bloccare la diffusione dei dispositivi elettronici. Il governo portoghese sta discutendo un nuovo progetto di legge che, pur regolando il fumo e il tabacco, penalizzer\u00e0 la diffusione della sigaretta elettronica. \u00c8 quanto sostiene Alberto G\u00f3mez Hern\u00e1ndez, community Manager [&hellip;]<\/p>\n","protected":false},"author":11,"featured_media":6394,"comment_status":"open","ping_status":"open","sticky":false,"template":"","format":"standard","meta":{"footnotes":""},"categories":[15],"tags":[],"class_list":["post-4841","post","type-post","status-publish","format-standard","has-post-thumbnail","hentry","category-wva-in-the-news"],"yoast_head":"<!-- This site is optimized with the Yoast SEO plugin v28.3 - https:\/\/yoast.com\/product\/yoast-seo-wordpress\/ -->\n<title>Sigarette elettroniche, la linea dura del Portogallo: basta all\u2019aperto e sul web - World Vapers&#039; Alliance<\/title>\n<meta name=\"robots\" content=\"index, follow, max-snippet:-1, max-image-preview:large, max-video-preview:-1\" \/>\n<link rel=\"canonical\" href=\"https:\/\/worldvapersalliance.com\/da\/sigarette-elettroniche-la-linea-dura-del-portogallo-basta-allaperto-e-sul-web\/\" \/>\n<meta property=\"og:locale\" content=\"da_DK\" \/>\n<meta property=\"og:type\" content=\"article\" \/>\n<meta property=\"og:title\" content=\"Sigarette elettroniche, la linea dura del Portogallo: basta all\u2019aperto e sul web - World Vapers&#039; Alliance\" \/>\n<meta property=\"og:description\" content=\"Il network World Vapers&#8217; Alliance denuncia il tentativo del governo portoghese di strumentalizzare una direttiva europea per bloccare la diffusione dei dispositivi elettronici. Il governo portoghese sta discutendo un nuovo progetto di legge che, pur regolando il fumo e il tabacco, penalizzer\u00e0 la diffusione della sigaretta elettronica. \u00c8 quanto sostiene Alberto G\u00f3mez Hern\u00e1ndez, community Manager [&hellip;]\" \/>\n<meta property=\"og:url\" content=\"https:\/\/worldvapersalliance.com\/da\/sigarette-elettroniche-la-linea-dura-del-portogallo-basta-allaperto-e-sul-web\/\" \/>\n<meta property=\"og:site_name\" content=\"World Vapers&#039; Alliance\" \/>\n<meta property=\"article:published_time\" content=\"2023-10-03T10:53:54+00:00\" \/>\n<meta property=\"article:modified_time\" content=\"2023-10-04T10:56:23+00:00\" \/>\n<meta property=\"og:image\" content=\"https:\/\/worldvapersalliance.com\/wp-content\/uploads\/2022\/08\/sig-magazine.png\" \/>\n\t<meta property=\"og:image:width\" content=\"2081\" \/>\n\t<meta property=\"og:image:height\" content=\"1920\" \/>\n\t<meta property=\"og:image:type\" content=\"image\/png\" \/>\n<meta name=\"author\" content=\"World Vapers&#039; Alliance\" \/>\n<meta name=\"twitter:card\" content=\"summary_large_image\" \/>\n<meta name=\"twitter:label1\" content=\"Skrevet af\" \/>\n\t<meta name=\"twitter:data1\" content=\"World Vapers&#039; Alliance\" \/>\n\t<meta name=\"twitter:label2\" content=\"Estimeret l\u00e6setid\" \/>\n\t<meta name=\"twitter:data2\" content=\"1 minut\" \/>\n<script type=\"application\/ld+json\" class=\"yoast-schema-graph\">{\"@context\":\"https:\\\/\\\/schema.org\",\"@graph\":[{\"@type\":\"Article\",\"@id\":\"https:\\\/\\\/worldvapersalliance.com\\\/sigarette-elettroniche-la-linea-dura-del-portogallo-basta-allaperto-e-sul-web\\\/#article\",\"isPartOf\":{\"@id\":\"https:\\\/\\\/worldvapersalliance.com\\\/sigarette-elettroniche-la-linea-dura-del-portogallo-basta-allaperto-e-sul-web\\\/\"},\"author\":{\"name\":\"World Vapers' Alliance\",\"@id\":\"https:\\\/\\\/worldvapersalliance.com\\\/#\\\/schema\\\/person\\\/18484a6f20bcc6f70a2419c8babe017d\"},\"headline\":\"Sigarette elettroniche, la linea dura del Portogallo: basta all\u2019aperto e &hellip;\",\"datePublished\":\"2023-10-03T10:53:54+00:00\",\"dateModified\":\"2023-10-04T10:56:23+00:00\",\"mainEntityOfPage\":{\"@id\":\"https:\\\/\\\/worldvapersalliance.com\\\/sigarette-elettroniche-la-linea-dura-del-portogallo-basta-allaperto-e-sul-web\\\/\"},\"wordCount\":149,\"commentCount\":0,\"publisher\":{\"@id\":\"https:\\\/\\\/worldvapersalliance.com\\\/#organization\"},\"image\":{\"@id\":\"https:\\\/\\\/worldvapersalliance.com\\\/sigarette-elettroniche-la-linea-dura-del-portogallo-basta-allaperto-e-sul-web\\\/#primaryimage\"},\"thumbnailUrl\":\"https:\\\/\\\/worldvapersalliance.com\\\/wp-content\\\/uploads\\\/2025\\\/08\\\/WVA-in-the-news.png\",\"articleSection\":[\"WVA in the News\"],\"inLanguage\":\"da-DK\",\"potentialAction\":[{\"@type\":\"CommentAction\",\"name\":\"Comment\",\"target\":[\"https:\\\/\\\/worldvapersalliance.com\\\/sigarette-elettroniche-la-linea-dura-del-portogallo-basta-allaperto-e-sul-web\\\/#respond\"]}]},{\"@type\":\"WebPage\",\"@id\":\"https:\\\/\\\/worldvapersalliance.com\\\/sigarette-elettroniche-la-linea-dura-del-portogallo-basta-allaperto-e-sul-web\\\/\",\"url\":\"https:\\\/\\\/worldvapersalliance.com\\\/sigarette-elettroniche-la-linea-dura-del-portogallo-basta-allaperto-e-sul-web\\\/\",\"name\":\"Sigarette elettroniche, la linea dura del Portogallo: basta all\u2019aperto e sul web - World Vapers&#039; Alliance\",\"isPartOf\":{\"@id\":\"https:\\\/\\\/worldvapersalliance.com\\\/#website\"},\"primaryImageOfPage\":{\"@id\":\"https:\\\/\\\/worldvapersalliance.com\\\/sigarette-elettroniche-la-linea-dura-del-portogallo-basta-allaperto-e-sul-web\\\/#primaryimage\"},\"image\":{\"@id\":\"https:\\\/\\\/worldvapersalliance.com\\\/sigarette-elettroniche-la-linea-dura-del-portogallo-basta-allaperto-e-sul-web\\\/#primaryimage\"},\"thumbnailUrl\":\"https:\\\/\\\/worldvapersalliance.com\\\/wp-content\\\/uploads\\\/2025\\\/08\\\/WVA-in-the-news.png\",\"datePublished\":\"2023-10-03T10:53:54+00:00\",\"dateModified\":\"2023-10-04T10:56:23+00:00\",\"inLanguage\":\"da-DK\",\"potentialAction\":[{\"@type\":\"ReadAction\",\"target\":[\"https:\\\/\\\/worldvapersalliance.com\\\/sigarette-elettroniche-la-linea-dura-del-portogallo-basta-allaperto-e-sul-web\\\/\"]}]},{\"@type\":\"ImageObject\",\"inLanguage\":\"da-DK\",\"@id\":\"https:\\\/\\\/worldvapersalliance.com\\\/sigarette-elettroniche-la-linea-dura-del-portogallo-basta-allaperto-e-sul-web\\\/#primaryimage\",\"url\":\"https:\\\/\\\/worldvapersalliance.com\\\/wp-content\\\/uploads\\\/2025\\\/08\\\/WVA-in-the-news.png\",\"contentUrl\":\"https:\\\/\\\/worldvapersalliance.com\\\/wp-content\\\/uploads\\\/2025\\\/08\\\/WVA-in-the-news.png\",\"width\":1264,\"height\":848},{\"@type\":\"WebSite\",\"@id\":\"https:\\\/\\\/worldvapersalliance.com\\\/#website\",\"url\":\"https:\\\/\\\/worldvapersalliance.com\\\/\",\"name\":\"World Vapers&#039; Alliance\",\"description\":\"The largest community of vapers\",\"publisher\":{\"@id\":\"https:\\\/\\\/worldvapersalliance.com\\\/#organization\"},\"potentialAction\":[{\"@type\":\"SearchAction\",\"target\":{\"@type\":\"EntryPoint\",\"urlTemplate\":\"https:\\\/\\\/worldvapersalliance.com\\\/?s={search_term_string}\"},\"query-input\":{\"@type\":\"PropertyValueSpecification\",\"valueRequired\":true,\"valueName\":\"search_term_string\"}}],\"inLanguage\":\"da-DK\"},{\"@type\":\"Organization\",\"@id\":\"https:\\\/\\\/worldvapersalliance.com\\\/#organization\",\"name\":\"World Vapers&#039; Alliance\",\"url\":\"https:\\\/\\\/worldvapersalliance.com\\\/\",\"logo\":{\"@type\":\"ImageObject\",\"inLanguage\":\"da-DK\",\"@id\":\"https:\\\/\\\/worldvapersalliance.com\\\/#\\\/schema\\\/logo\\\/image\\\/\",\"url\":\"https:\\\/\\\/worldvapersalliance.com\\\/wp-content\\\/uploads\\\/2022\\\/01\\\/WVA_RB_Fist_G.png\",\"contentUrl\":\"https:\\\/\\\/worldvapersalliance.com\\\/wp-content\\\/uploads\\\/2022\\\/01\\\/WVA_RB_Fist_G.png\",\"width\":985,\"height\":1177,\"caption\":\"World Vapers&#039; Alliance\"},\"image\":{\"@id\":\"https:\\\/\\\/worldvapersalliance.com\\\/#\\\/schema\\\/logo\\\/image\\\/\"}},{\"@type\":\"Person\",\"@id\":\"https:\\\/\\\/worldvapersalliance.com\\\/#\\\/schema\\\/person\\\/18484a6f20bcc6f70a2419c8babe017d\",\"name\":\"World Vapers' Alliance\",\"image\":{\"@type\":\"ImageObject\",\"inLanguage\":\"da-DK\",\"@id\":\"https:\\\/\\\/secure.gravatar.com\\\/avatar\\\/456bf795c7a47c9ac527a94da4bff150aa49e48726d69bee9937f8383cffa246?s=96&d=mm&r=g\",\"url\":\"https:\\\/\\\/secure.gravatar.com\\\/avatar\\\/456bf795c7a47c9ac527a94da4bff150aa49e48726d69bee9937f8383cffa246?s=96&d=mm&r=g\",\"contentUrl\":\"https:\\\/\\\/secure.gravatar.com\\\/avatar\\\/456bf795c7a47c9ac527a94da4bff150aa49e48726d69bee9937f8383cffa246?s=96&d=mm&r=g\",\"caption\":\"World Vapers' Alliance\"},\"url\":\"https:\\\/\\\/worldvapersalliance.com\\\/da\\\/author\\\/wva\\\/\"}]}<\/script>\n<!-- \/ Yoast SEO plugin. -->","yoast_head_json":{"title":"Sigarette elettroniche, la linea dura del Portogallo: basta all&#039;aperto e sul web - World Vapers&#039; Alliance","robots":{"index":"index","follow":"follow","max-snippet":"max-snippet:-1","max-image-preview":"max-image-preview:large","max-video-preview":"max-video-preview:-1"},"canonical":"https:\/\/worldvapersalliance.com\/da\/sigarette-elettroniche-la-linea-dura-del-portogallo-basta-allaperto-e-sul-web\/","og_locale":"da_DK","og_type":"article","og_title":"Sigarette elettroniche, la linea dura del Portogallo: basta all\u2019aperto e sul web - World Vapers&#039; Alliance","og_description":"Il network World Vapers&#8217; Alliance denuncia il tentativo del governo portoghese di strumentalizzare una direttiva europea per bloccare la diffusione dei dispositivi elettronici. Il governo portoghese sta discutendo un nuovo progetto di legge che, pur regolando il fumo e il tabacco, penalizzer\u00e0 la diffusione della sigaretta elettronica. \u00c8 quanto sostiene Alberto G\u00f3mez Hern\u00e1ndez, community Manager [&hellip;]","og_url":"https:\/\/worldvapersalliance.com\/da\/sigarette-elettroniche-la-linea-dura-del-portogallo-basta-allaperto-e-sul-web\/","og_site_name":"World Vapers&#039; Alliance","article_published_time":"2023-10-03T10:53:54+00:00","article_modified_time":"2023-10-04T10:56:23+00:00","og_image":[{"width":2081,"height":1920,"url":"https:\/\/worldvapersalliance.com\/wp-content\/uploads\/2022\/08\/sig-magazine.png","type":"image\/png"}],"author":"World Vapers' Alliance","twitter_card":"summary_large_image","twitter_misc":{"Skrevet af":"World Vapers' Alliance","Estimeret l\u00e6setid":"1 minut"},"schema":{"@context":"https:\/\/schema.org","@graph":[{"@type":"Article","@id":"https:\/\/worldvapersalliance.com\/sigarette-elettroniche-la-linea-dura-del-portogallo-basta-allaperto-e-sul-web\/#article","isPartOf":{"@id":"https:\/\/worldvapersalliance.com\/sigarette-elettroniche-la-linea-dura-del-portogallo-basta-allaperto-e-sul-web\/"},"author":{"name":"World Vapers' Alliance","@id":"https:\/\/worldvapersalliance.com\/#\/schema\/person\/18484a6f20bcc6f70a2419c8babe017d"},"headline":"Sigarette elettroniche, la linea dura del Portogallo: basta all\u2019aperto e &hellip;","datePublished":"2023-10-03T10:53:54+00:00","dateModified":"2023-10-04T10:56:23+00:00","mainEntityOfPage":{"@id":"https:\/\/worldvapersalliance.com\/sigarette-elettroniche-la-linea-dura-del-portogallo-basta-allaperto-e-sul-web\/"},"wordCount":149,"commentCount":0,"publisher":{"@id":"https:\/\/worldvapersalliance.com\/#organization"},"image":{"@id":"https:\/\/worldvapersalliance.com\/sigarette-elettroniche-la-linea-dura-del-portogallo-basta-allaperto-e-sul-web\/#primaryimage"},"thumbnailUrl":"https:\/\/worldvapersalliance.com\/wp-content\/uploads\/2025\/08\/WVA-in-the-news.png","articleSection":["WVA in the News"],"inLanguage":"da-DK","potentialAction":[{"@type":"CommentAction","name":"Comment","target":["https:\/\/worldvapersalliance.com\/sigarette-elettroniche-la-linea-dura-del-portogallo-basta-allaperto-e-sul-web\/#respond"]}]},{"@type":"WebPage","@id":"https:\/\/worldvapersalliance.com\/sigarette-elettroniche-la-linea-dura-del-portogallo-basta-allaperto-e-sul-web\/","url":"https:\/\/worldvapersalliance.com\/sigarette-elettroniche-la-linea-dura-del-portogallo-basta-allaperto-e-sul-web\/","name":"Sigarette elettroniche, la linea dura del Portogallo: basta all&#039;aperto e sul web - World Vapers&#039; Alliance","isPartOf":{"@id":"https:\/\/worldvapersalliance.com\/#website"},"primaryImageOfPage":{"@id":"https:\/\/worldvapersalliance.com\/sigarette-elettroniche-la-linea-dura-del-portogallo-basta-allaperto-e-sul-web\/#primaryimage"},"image":{"@id":"https:\/\/worldvapersalliance.com\/sigarette-elettroniche-la-linea-dura-del-portogallo-basta-allaperto-e-sul-web\/#primaryimage"},"thumbnailUrl":"https:\/\/worldvapersalliance.com\/wp-content\/uploads\/2025\/08\/WVA-in-the-news.png","datePublished":"2023-10-03T10:53:54+00:00","dateModified":"2023-10-04T10:56:23+00:00","inLanguage":"da-DK","potentialAction":[{"@type":"ReadAction","target":["https:\/\/worldvapersalliance.com\/sigarette-elettroniche-la-linea-dura-del-portogallo-basta-allaperto-e-sul-web\/"]}]},{"@type":"ImageObject","inLanguage":"da-DK","@id":"https:\/\/worldvapersalliance.com\/sigarette-elettroniche-la-linea-dura-del-portogallo-basta-allaperto-e-sul-web\/#primaryimage","url":"https:\/\/worldvapersalliance.com\/wp-content\/uploads\/2025\/08\/WVA-in-the-news.png","contentUrl":"https:\/\/worldvapersalliance.com\/wp-content\/uploads\/2025\/08\/WVA-in-the-news.png","width":1264,"height":848},{"@type":"WebSite","@id":"https:\/\/worldvapersalliance.com\/#website","url":"https:\/\/worldvapersalliance.com\/","name":"World Vapers&#039; Alliance","description":"Det st\u00f8rste samfund af vapers","publisher":{"@id":"https:\/\/worldvapersalliance.com\/#organization"},"potentialAction":[{"@type":"SearchAction","target":{"@type":"EntryPoint","urlTemplate":"https:\/\/worldvapersalliance.com\/?s={search_term_string}"},"query-input":{"@type":"PropertyValueSpecification","valueRequired":true,"valueName":"search_term_string"}}],"inLanguage":"da-DK"},{"@type":"Organization","@id":"https:\/\/worldvapersalliance.com\/#organization","name":"World Vapers&#039; Alliance","url":"https:\/\/worldvapersalliance.com\/","logo":{"@type":"ImageObject","inLanguage":"da-DK","@id":"https:\/\/worldvapersalliance.com\/#\/schema\/logo\/image\/","url":"https:\/\/worldvapersalliance.com\/wp-content\/uploads\/2022\/01\/WVA_RB_Fist_G.png","contentUrl":"https:\/\/worldvapersalliance.com\/wp-content\/uploads\/2022\/01\/WVA_RB_Fist_G.png","width":985,"height":1177,"caption":"World Vapers&#039; Alliance"},"image":{"@id":"https:\/\/worldvapersalliance.com\/#\/schema\/logo\/image\/"}},{"@type":"Person","@id":"https:\/\/worldvapersalliance.com\/#\/schema\/person\/18484a6f20bcc6f70a2419c8babe017d","name":"World Vapers&#039; Alliance","image":{"@type":"ImageObject","inLanguage":"da-DK","@id":"https:\/\/secure.gravatar.com\/avatar\/456bf795c7a47c9ac527a94da4bff150aa49e48726d69bee9937f8383cffa246?s=96&d=mm&r=g","url":"https:\/\/secure.gravatar.com\/avatar\/456bf795c7a47c9ac527a94da4bff150aa49e48726d69bee9937f8383cffa246?s=96&d=mm&r=g","contentUrl":"https:\/\/secure.gravatar.com\/avatar\/456bf795c7a47c9ac527a94da4bff150aa49e48726d69bee9937f8383cffa246?s=96&d=mm&r=g","caption":"World Vapers' Alliance"},"url":"https:\/\/worldvapersalliance.com\/da\/author\/wva\/"}]}},"_links":{"self":[{"href":"https:\/\/worldvapersalliance.com\/da\/wp-json\/wp\/v2\/posts\/4841","targetHints":{"allow":["GET"]}}],"collection":[{"href":"https:\/\/worldvapersalliance.com\/da\/wp-json\/wp\/v2\/posts"}],"about":[{"href":"https:\/\/worldvapersalliance.com\/da\/wp-json\/wp\/v2\/types\/post"}],"author":[{"embeddable":true,"href":"https:\/\/worldvapersalliance.com\/da\/wp-json\/wp\/v2\/users\/11"}],"replies":[{"embeddable":true,"href":"https:\/\/worldvapersalliance.com\/da\/wp-json\/wp\/v2\/comments?post=4841"}],"version-history":[{"count":0,"href":"https:\/\/worldvapersalliance.com\/da\/wp-json\/wp\/v2\/posts\/4841\/revisions"}],"wp:featuredmedia":[{"embeddable":true,"href":"https:\/\/worldvapersalliance.com\/da\/wp-json\/wp\/v2\/media\/6394"}],"wp:attachment":[{"href":"https:\/\/worldvapersalliance.com\/da\/wp-json\/wp\/v2\/media?parent=4841"}],"wp:term":[{"taxonomy":"category","embeddable":true,"href":"https:\/\/worldvapersalliance.com\/da\/wp-json\/wp\/v2\/categories?post=4841"},{"taxonomy":"post_tag","embeddable":true,"href":"https:\/\/worldvapersalliance.com\/da\/wp-json\/wp\/v2\/tags?post=4841"}],"curies":[{"name":"wp","href":"https:\/\/api.w.org\/{rel}","templated":true}]}}