{"id":4512,"date":"2023-08-14T07:07:19","date_gmt":"2023-08-14T11:07:19","guid":{"rendered":"https:\/\/worldvapersalliance.com\/?p=4512"},"modified":"2023-08-14T07:08:16","modified_gmt":"2023-08-14T11:08:16","slug":"hungarys-proposed-decree-on-nicotine-pouches-and-vaping-raises-concerns-over-excessive-regulation","status":"publish","type":"post","link":"https:\/\/worldvapersalliance.com\/da\/hungarys-proposed-decree-on-nicotine-pouches-and-vaping-raises-concerns-over-excessive-regulation\/","title":{"rendered":"Ungarns foresl\u00e5ede dekret om nikotinposer og vaping rejser overvejelser ..."},"content":{"rendered":"<p dir=\"ltr\">World Vapers&#039; Alliance (WVA), en f\u00f8rende global forbrugerorganisation for vaping, udtrykker dybe forbehold over den ungarske regerings udkast. <a href=\"https:\/\/link.mediaoutreach.meltwater.com\/ls\/click?upn=v2OU6mEZsrF8RQMJ1eCY0sRs5Wqw2w67vOLSOcLpYXWNoom9bWcag-2BQymW8ePURFsRH15gm7N-2FrAnMy3qMQ3FxqaWcTm1cV83T3qhM5h-2B-2BaySd6rrmULCteDEHZ4NIDP161d_6-2BOayirWiMnL4NNJ9ivl6YavKZeo6-2F4wNJspN1hyqCqN9Iica8t3kuAqeTUsoEZyEPArUXwlTHpmuotWGUYRcpQrE8nNUswQ7G-2Fk02oN1WEWHHt54BxhdFiplpKrmGj1KNzyWawzr6VwEJ3HV-2FTMUGHqFQNIh5AorT75CuJy9ZHJ6y7FMcViw8ps-2BahlPb9-2F5SjrmX8-2FGSlIt60gmEYzyYDQrLd4Tfi46oQk7fVoz0IE8vedJIiqmVxsvRGyULjaJfcuQVpsBpXxi-2BeHUkuylobqy8UHMU01nB-2FQLA4-2FSl649Ljlpfl9jlvj2TnIaB-2BpTIiDu7pGjgwB96FNUbM6dxvcDs6H5nhrnJ3RnKfCnTQmuUyXfnM-2Fa2orkdx6-2Bqr1jATX30WfngIyPdFLqgR7cg-3D-3D\" target=\"_blank\" rel=\"noopener\" data-saferedirecturl=\"https:\/\/www.google.com\/url?q=https:\/\/link.mediaoutreach.meltwater.com\/ls\/click?upn%3Dv2OU6mEZsrF8RQMJ1eCY0sRs5Wqw2w67vOLSOcLpYXWNoom9bWcag-2BQymW8ePURFsRH15gm7N-2FrAnMy3qMQ3FxqaWcTm1cV83T3qhM5h-2B-2BaySd6rrmULCteDEHZ4NIDP161d_6-2BOayirWiMnL4NNJ9ivl6YavKZeo6-2F4wNJspN1hyqCqN9Iica8t3kuAqeTUsoEZyEPArUXwlTHpmuotWGUYRcpQrE8nNUswQ7G-2Fk02oN1WEWHHt54BxhdFiplpKrmGj1KNzyWawzr6VwEJ3HV-2FTMUGHqFQNIh5AorT75CuJy9ZHJ6y7FMcViw8ps-2BahlPb9-2F5SjrmX8-2FGSlIt60gmEYzyYDQrLd4Tfi46oQk7fVoz0IE8vedJIiqmVxsvRGyULjaJfcuQVpsBpXxi-2BeHUkuylobqy8UHMU01nB-2FQLA4-2FSl649Ljlpfl9jlvj2TnIaB-2BpTIiDu7pGjgwB96FNUbM6dxvcDs6H5nhrnJ3RnKfCnTQmuUyXfnM-2Fa2orkdx6-2Bqr1jATX30WfngIyPdFLqgR7cg-3D-3D&amp;source=gmail&amp;ust=1692096366486000&amp;usg=AOvVaw07c4zcY3JQU4RxX9JngjxF\">Dekret<\/a> som har til form\u00e5l at \u00e6ndre den nuv\u00e6rende regulering af nikotinposer og vaping.<\/p>\n<p dir=\"ltr\">De foresl\u00e5ede regler vil, hvis de vedtages, indf\u00f8re restriktioner, der kan hindre adgangen til sikrere alternativer for rygere og muligheder for at reducere skader.<\/p>\n<p dir=\"ltr\">Michael Landl, direkt\u00f8r for World Vapers&#039; Alliance, kommenterer:<\/p>\n<p dir=\"ltr\"><em>\u201c&quot;Selvom det er vigtigt at sikre sikkerheden og korrekt m\u00e6rkning af nikotinprodukter, er det lige s\u00e5 afg\u00f8rende at undg\u00e5 overdreven regulering, der kan h\u00e6mme tilg\u00e6ngeligheden af skadesreducerende produkter for rygere, der \u00f8nsker at overg\u00e5 til br\u00e6ndbare cigaretter.&quot;\u201d\u00a0<\/em><\/p>\n<p dir=\"ltr\">De foresl\u00e5ede \u00e6ndringer, med et maksimalt nikotinindhold p\u00e5 17 mg pr. forbrugsenhed, afspejler en tilgang, der utilsigtet kan begr\u00e6nse nikotinposernes appel til rygere, der s\u00f8ger alternativer.<\/p>\n<p dir=\"ltr\">Derudover udtrykker WVA bekymring over de potentielle konsekvenser af dekretudkastets foresl\u00e5ede \u00e6ndringer af reglerne for vapingprodukter. \u00c6ndringerne, der er rettet mod definitioner af enkeltpakninger, nikotinm\u00e6ngder og m\u00e6rkningskrav, kan p\u00e5l\u00e6gge uberettigede restriktioner for vapingprodukter. Selvom det er vigtigt at im\u00f8dekomme sundhedsproblemer, b\u00f8r de foresl\u00e5ede \u00e6ndringer evalueres omhyggeligt for at sikre, at de ikke afskr\u00e6kker rygere fra at v\u00e6lge mindre skadelige alternativer.<\/p>\n<p dir=\"ltr\">WVA understreger vigtigheden af at fremme skadesreducerende strategier, der giver rygere mulighed for at tr\u00e6ffe informerede valg. Selvom sundheds- og sikkerhedsstandarder er afg\u00f8rende, b\u00f8r regler udarbejdes med en afbalanceret tilgang, der tager hensyn til b\u00e5de forbrugernes sundhed og disse produkters potentiale til at redde liv.<\/p>\n<p dir=\"ltr\"><em>\u201c&quot;Vi opfordrer den ungarske regering til at begynde at acceptere virkeligheden: skadesreduktion virker! I \u00e5r bliver Sverige det f\u00f8rste r\u00f8gfri land takket v\u00e6re en forbrugervenlig skadesreduktionstilgang. Det er p\u00e5 h\u00f8je tid at l\u00e6re af de svenske erfaringer og dermed redde tusindvis af ungarske liv. Med en smart skadesreduktionstilgang kan Ungarn blive r\u00f8gfri.&quot;\u201d<\/em>, tilf\u00f8jede Landl.<\/p>\n<p dir=\"ltr\">Standstill-perioden for gennemgang og indsigelse fra Europa-Kommissionen og medlemsstaterne udl\u00f8ber den 8. november 2023, hvorefter den ungarske regering kan vedtage de foresl\u00e5ede reguleringer. WVA er fortsat engageret i at fremme evidensbaserede politikker, der prioriterer folkesundhed og forbrugernes valg.<\/p>","protected":false},"excerpt":{"rendered":"<p>The World Vapers&#8217; Alliance (WVA), a leading global vaping consumer advocacy group, expresses deep reservations over the Hungarian Government&#8217;s draft Decree which aims to amend the current regulation of nicotine pouches and vaping. The proposed regulations, if enacted, would introduce restrictions that may hinder access to safer alternatives for smokers and harm reduction options. Michael [&hellip;]<\/p>\n","protected":false},"author":11,"featured_media":3245,"comment_status":"open","ping_status":"open","sticky":false,"template":"","format":"standard","meta":{"footnotes":""},"categories":[13],"tags":[],"class_list":["post-4512","post","type-post","status-publish","format-standard","has-post-thumbnail","hentry","category-press-releases"],"yoast_head":"<!-- This site is optimized with the Yoast SEO plugin v27.3 - https:\/\/yoast.com\/product\/yoast-seo-wordpress\/ -->\n<title>Hungary&#039;s Proposed Decree on Nicotine Pouches and Vaping Raises Concerns<\/title>\n<meta name=\"description\" content=\"The WVA expresses reservations over the Hungarian Government&#039;s draft Decree aiming to amend the current regulation of nicotine pouches and vaping.\u00a0\" \/>\n<meta name=\"robots\" content=\"index, follow, max-snippet:-1, max-image-preview:large, max-video-preview:-1\" \/>\n<link rel=\"canonical\" href=\"https:\/\/worldvapersalliance.com\/da\/hungarys-proposed-decree-on-nicotine-pouches-and-vaping-raises-concerns-over-excessive-regulation\/\" \/>\n<meta property=\"og:locale\" content=\"da_DK\" \/>\n<meta property=\"og:type\" content=\"article\" \/>\n<meta property=\"og:title\" content=\"Hungary&#039;s Proposed Decree on Nicotine Pouches and Vaping Raises Concerns\" \/>\n<meta property=\"og:description\" content=\"The WVA expresses reservations over the Hungarian Government&#039;s draft Decree aiming to amend the current regulation of nicotine pouches and vaping.\u00a0\" \/>\n<meta property=\"og:url\" content=\"https:\/\/worldvapersalliance.com\/da\/hungarys-proposed-decree-on-nicotine-pouches-and-vaping-raises-concerns-over-excessive-regulation\/\" \/>\n<meta property=\"og:site_name\" content=\"World Vapers&#039; Alliance\" \/>\n<meta property=\"article:published_time\" content=\"2023-08-14T11:07:19+00:00\" \/>\n<meta property=\"article:modified_time\" content=\"2023-08-14T11:08:16+00:00\" \/>\n<meta property=\"og:image\" content=\"https:\/\/worldvapersalliance.com\/wp-content\/uploads\/2022\/10\/WVA_Press-Release_Cover-new.png\" \/>\n\t<meta property=\"og:image:width\" content=\"4162\" \/>\n\t<meta property=\"og:image:height\" content=\"3840\" \/>\n\t<meta property=\"og:image:type\" content=\"image\/png\" \/>\n<meta name=\"author\" content=\"World Vapers&#039; Alliance\" \/>\n<meta name=\"twitter:card\" content=\"summary_large_image\" \/>\n<meta name=\"twitter:label1\" content=\"Skrevet af\" \/>\n\t<meta name=\"twitter:data1\" content=\"World Vapers&#039; Alliance\" \/>\n\t<meta name=\"twitter:label2\" content=\"Estimeret l\u00e6setid\" \/>\n\t<meta name=\"twitter:data2\" content=\"2 minutter\" \/>\n<script type=\"application\/ld+json\" class=\"yoast-schema-graph\">{\"@context\":\"https:\\\/\\\/schema.org\",\"@graph\":[{\"@type\":\"Article\",\"@id\":\"https:\\\/\\\/worldvapersalliance.com\\\/hungarys-proposed-decree-on-nicotine-pouches-and-vaping-raises-concerns-over-excessive-regulation\\\/#article\",\"isPartOf\":{\"@id\":\"https:\\\/\\\/worldvapersalliance.com\\\/hungarys-proposed-decree-on-nicotine-pouches-and-vaping-raises-concerns-over-excessive-regulation\\\/\"},\"author\":{\"name\":\"World Vapers' Alliance\",\"@id\":\"https:\\\/\\\/worldvapersalliance.com\\\/#\\\/schema\\\/person\\\/18484a6f20bcc6f70a2419c8babe017d\"},\"headline\":\"Hungary&#8217;s Proposed Decree on Nicotine Pouches and Vaping Raises Conce &hellip;\",\"datePublished\":\"2023-08-14T11:07:19+00:00\",\"dateModified\":\"2023-08-14T11:08:16+00:00\",\"mainEntityOfPage\":{\"@id\":\"https:\\\/\\\/worldvapersalliance.com\\\/hungarys-proposed-decree-on-nicotine-pouches-and-vaping-raises-concerns-over-excessive-regulation\\\/\"},\"wordCount\":354,\"commentCount\":1,\"publisher\":{\"@id\":\"https:\\\/\\\/worldvapersalliance.com\\\/#organization\"},\"image\":{\"@id\":\"https:\\\/\\\/worldvapersalliance.com\\\/hungarys-proposed-decree-on-nicotine-pouches-and-vaping-raises-concerns-over-excessive-regulation\\\/#primaryimage\"},\"thumbnailUrl\":\"https:\\\/\\\/worldvapersalliance.com\\\/wp-content\\\/uploads\\\/2022\\\/10\\\/WVA_Press-Release_Cover-new.png\",\"articleSection\":[\"Press Releases\"],\"inLanguage\":\"da-DK\",\"potentialAction\":[{\"@type\":\"CommentAction\",\"name\":\"Comment\",\"target\":[\"https:\\\/\\\/worldvapersalliance.com\\\/hungarys-proposed-decree-on-nicotine-pouches-and-vaping-raises-concerns-over-excessive-regulation\\\/#respond\"]}]},{\"@type\":\"WebPage\",\"@id\":\"https:\\\/\\\/worldvapersalliance.com\\\/hungarys-proposed-decree-on-nicotine-pouches-and-vaping-raises-concerns-over-excessive-regulation\\\/\",\"url\":\"https:\\\/\\\/worldvapersalliance.com\\\/hungarys-proposed-decree-on-nicotine-pouches-and-vaping-raises-concerns-over-excessive-regulation\\\/\",\"name\":\"Hungary's Proposed Decree on Nicotine Pouches and Vaping Raises Concerns\",\"isPartOf\":{\"@id\":\"https:\\\/\\\/worldvapersalliance.com\\\/#website\"},\"primaryImageOfPage\":{\"@id\":\"https:\\\/\\\/worldvapersalliance.com\\\/hungarys-proposed-decree-on-nicotine-pouches-and-vaping-raises-concerns-over-excessive-regulation\\\/#primaryimage\"},\"image\":{\"@id\":\"https:\\\/\\\/worldvapersalliance.com\\\/hungarys-proposed-decree-on-nicotine-pouches-and-vaping-raises-concerns-over-excessive-regulation\\\/#primaryimage\"},\"thumbnailUrl\":\"https:\\\/\\\/worldvapersalliance.com\\\/wp-content\\\/uploads\\\/2022\\\/10\\\/WVA_Press-Release_Cover-new.png\",\"datePublished\":\"2023-08-14T11:07:19+00:00\",\"dateModified\":\"2023-08-14T11:08:16+00:00\",\"description\":\"The WVA expresses reservations over the Hungarian Government's draft Decree aiming to amend the current regulation of nicotine pouches and vaping.\u00a0\",\"inLanguage\":\"da-DK\",\"potentialAction\":[{\"@type\":\"ReadAction\",\"target\":[\"https:\\\/\\\/worldvapersalliance.com\\\/hungarys-proposed-decree-on-nicotine-pouches-and-vaping-raises-concerns-over-excessive-regulation\\\/\"]}]},{\"@type\":\"ImageObject\",\"inLanguage\":\"da-DK\",\"@id\":\"https:\\\/\\\/worldvapersalliance.com\\\/hungarys-proposed-decree-on-nicotine-pouches-and-vaping-raises-concerns-over-excessive-regulation\\\/#primaryimage\",\"url\":\"https:\\\/\\\/worldvapersalliance.com\\\/wp-content\\\/uploads\\\/2022\\\/10\\\/WVA_Press-Release_Cover-new.png\",\"contentUrl\":\"https:\\\/\\\/worldvapersalliance.com\\\/wp-content\\\/uploads\\\/2022\\\/10\\\/WVA_Press-Release_Cover-new.png\",\"width\":4162,\"height\":3840},{\"@type\":\"WebSite\",\"@id\":\"https:\\\/\\\/worldvapersalliance.com\\\/#website\",\"url\":\"https:\\\/\\\/worldvapersalliance.com\\\/\",\"name\":\"World Vapers&#039; Alliance\",\"description\":\"The largest community of vapers\",\"publisher\":{\"@id\":\"https:\\\/\\\/worldvapersalliance.com\\\/#organization\"},\"potentialAction\":[{\"@type\":\"SearchAction\",\"target\":{\"@type\":\"EntryPoint\",\"urlTemplate\":\"https:\\\/\\\/worldvapersalliance.com\\\/?s={search_term_string}\"},\"query-input\":{\"@type\":\"PropertyValueSpecification\",\"valueRequired\":true,\"valueName\":\"search_term_string\"}}],\"inLanguage\":\"da-DK\"},{\"@type\":\"Organization\",\"@id\":\"https:\\\/\\\/worldvapersalliance.com\\\/#organization\",\"name\":\"World Vapers&#039; Alliance\",\"url\":\"https:\\\/\\\/worldvapersalliance.com\\\/\",\"logo\":{\"@type\":\"ImageObject\",\"inLanguage\":\"da-DK\",\"@id\":\"https:\\\/\\\/worldvapersalliance.com\\\/#\\\/schema\\\/logo\\\/image\\\/\",\"url\":\"https:\\\/\\\/worldvapersalliance.com\\\/wp-content\\\/uploads\\\/2022\\\/01\\\/WVA_RB_Fist_G.png\",\"contentUrl\":\"https:\\\/\\\/worldvapersalliance.com\\\/wp-content\\\/uploads\\\/2022\\\/01\\\/WVA_RB_Fist_G.png\",\"width\":985,\"height\":1177,\"caption\":\"World Vapers&#039; Alliance\"},\"image\":{\"@id\":\"https:\\\/\\\/worldvapersalliance.com\\\/#\\\/schema\\\/logo\\\/image\\\/\"}},{\"@type\":\"Person\",\"@id\":\"https:\\\/\\\/worldvapersalliance.com\\\/#\\\/schema\\\/person\\\/18484a6f20bcc6f70a2419c8babe017d\",\"name\":\"World Vapers' Alliance\",\"image\":{\"@type\":\"ImageObject\",\"inLanguage\":\"da-DK\",\"@id\":\"https:\\\/\\\/secure.gravatar.com\\\/avatar\\\/456bf795c7a47c9ac527a94da4bff150aa49e48726d69bee9937f8383cffa246?s=96&d=mm&r=g\",\"url\":\"https:\\\/\\\/secure.gravatar.com\\\/avatar\\\/456bf795c7a47c9ac527a94da4bff150aa49e48726d69bee9937f8383cffa246?s=96&d=mm&r=g\",\"contentUrl\":\"https:\\\/\\\/secure.gravatar.com\\\/avatar\\\/456bf795c7a47c9ac527a94da4bff150aa49e48726d69bee9937f8383cffa246?s=96&d=mm&r=g\",\"caption\":\"World Vapers' Alliance\"},\"url\":\"https:\\\/\\\/worldvapersalliance.com\\\/da\\\/author\\\/wva\\\/\"}]}<\/script>\n<!-- \/ Yoast SEO plugin. -->","yoast_head_json":{"title":"Ungarns foresl\u00e5ede dekret om nikotinposer og vaping v\u00e6kker bekymring","description":"WVA udtrykker forbehold over for den ungarske regerings udkast til dekret, der har til form\u00e5l at \u00e6ndre den nuv\u00e6rende regulering af nikotinposer og vaping.\u00a0","robots":{"index":"index","follow":"follow","max-snippet":"max-snippet:-1","max-image-preview":"max-image-preview:large","max-video-preview":"max-video-preview:-1"},"canonical":"https:\/\/worldvapersalliance.com\/da\/hungarys-proposed-decree-on-nicotine-pouches-and-vaping-raises-concerns-over-excessive-regulation\/","og_locale":"da_DK","og_type":"article","og_title":"Hungary's Proposed Decree on Nicotine Pouches and Vaping Raises Concerns","og_description":"The WVA expresses reservations over the Hungarian Government's draft Decree aiming to amend the current regulation of nicotine pouches and vaping.\u00a0","og_url":"https:\/\/worldvapersalliance.com\/da\/hungarys-proposed-decree-on-nicotine-pouches-and-vaping-raises-concerns-over-excessive-regulation\/","og_site_name":"World Vapers&#039; Alliance","article_published_time":"2023-08-14T11:07:19+00:00","article_modified_time":"2023-08-14T11:08:16+00:00","og_image":[{"width":4162,"height":3840,"url":"https:\/\/worldvapersalliance.com\/wp-content\/uploads\/2022\/10\/WVA_Press-Release_Cover-new.png","type":"image\/png"}],"author":"World Vapers' Alliance","twitter_card":"summary_large_image","twitter_misc":{"Skrevet af":"World Vapers' Alliance","Estimeret l\u00e6setid":"2 minutter"},"schema":{"@context":"https:\/\/schema.org","@graph":[{"@type":"Article","@id":"https:\/\/worldvapersalliance.com\/hungarys-proposed-decree-on-nicotine-pouches-and-vaping-raises-concerns-over-excessive-regulation\/#article","isPartOf":{"@id":"https:\/\/worldvapersalliance.com\/hungarys-proposed-decree-on-nicotine-pouches-and-vaping-raises-concerns-over-excessive-regulation\/"},"author":{"name":"World Vapers' Alliance","@id":"https:\/\/worldvapersalliance.com\/#\/schema\/person\/18484a6f20bcc6f70a2419c8babe017d"},"headline":"Hungary&#8217;s Proposed Decree on Nicotine Pouches and Vaping Raises Conce &hellip;","datePublished":"2023-08-14T11:07:19+00:00","dateModified":"2023-08-14T11:08:16+00:00","mainEntityOfPage":{"@id":"https:\/\/worldvapersalliance.com\/hungarys-proposed-decree-on-nicotine-pouches-and-vaping-raises-concerns-over-excessive-regulation\/"},"wordCount":354,"commentCount":1,"publisher":{"@id":"https:\/\/worldvapersalliance.com\/#organization"},"image":{"@id":"https:\/\/worldvapersalliance.com\/hungarys-proposed-decree-on-nicotine-pouches-and-vaping-raises-concerns-over-excessive-regulation\/#primaryimage"},"thumbnailUrl":"https:\/\/worldvapersalliance.com\/wp-content\/uploads\/2022\/10\/WVA_Press-Release_Cover-new.png","articleSection":["Press Releases"],"inLanguage":"da-DK","potentialAction":[{"@type":"CommentAction","name":"Comment","target":["https:\/\/worldvapersalliance.com\/hungarys-proposed-decree-on-nicotine-pouches-and-vaping-raises-concerns-over-excessive-regulation\/#respond"]}]},{"@type":"WebPage","@id":"https:\/\/worldvapersalliance.com\/hungarys-proposed-decree-on-nicotine-pouches-and-vaping-raises-concerns-over-excessive-regulation\/","url":"https:\/\/worldvapersalliance.com\/hungarys-proposed-decree-on-nicotine-pouches-and-vaping-raises-concerns-over-excessive-regulation\/","name":"Ungarns foresl\u00e5ede dekret om nikotinposer og vaping v\u00e6kker bekymring","isPartOf":{"@id":"https:\/\/worldvapersalliance.com\/#website"},"primaryImageOfPage":{"@id":"https:\/\/worldvapersalliance.com\/hungarys-proposed-decree-on-nicotine-pouches-and-vaping-raises-concerns-over-excessive-regulation\/#primaryimage"},"image":{"@id":"https:\/\/worldvapersalliance.com\/hungarys-proposed-decree-on-nicotine-pouches-and-vaping-raises-concerns-over-excessive-regulation\/#primaryimage"},"thumbnailUrl":"https:\/\/worldvapersalliance.com\/wp-content\/uploads\/2022\/10\/WVA_Press-Release_Cover-new.png","datePublished":"2023-08-14T11:07:19+00:00","dateModified":"2023-08-14T11:08:16+00:00","description":"WVA udtrykker forbehold over for den ungarske regerings udkast til dekret, der har til form\u00e5l at \u00e6ndre den nuv\u00e6rende regulering af nikotinposer og vaping.\u00a0","inLanguage":"da-DK","potentialAction":[{"@type":"ReadAction","target":["https:\/\/worldvapersalliance.com\/hungarys-proposed-decree-on-nicotine-pouches-and-vaping-raises-concerns-over-excessive-regulation\/"]}]},{"@type":"ImageObject","inLanguage":"da-DK","@id":"https:\/\/worldvapersalliance.com\/hungarys-proposed-decree-on-nicotine-pouches-and-vaping-raises-concerns-over-excessive-regulation\/#primaryimage","url":"https:\/\/worldvapersalliance.com\/wp-content\/uploads\/2022\/10\/WVA_Press-Release_Cover-new.png","contentUrl":"https:\/\/worldvapersalliance.com\/wp-content\/uploads\/2022\/10\/WVA_Press-Release_Cover-new.png","width":4162,"height":3840},{"@type":"WebSite","@id":"https:\/\/worldvapersalliance.com\/#website","url":"https:\/\/worldvapersalliance.com\/","name":"World Vapers&#039; Alliance","description":"Det st\u00f8rste samfund af vapers","publisher":{"@id":"https:\/\/worldvapersalliance.com\/#organization"},"potentialAction":[{"@type":"SearchAction","target":{"@type":"EntryPoint","urlTemplate":"https:\/\/worldvapersalliance.com\/?s={search_term_string}"},"query-input":{"@type":"PropertyValueSpecification","valueRequired":true,"valueName":"search_term_string"}}],"inLanguage":"da-DK"},{"@type":"Organization","@id":"https:\/\/worldvapersalliance.com\/#organization","name":"World Vapers&#039; Alliance","url":"https:\/\/worldvapersalliance.com\/","logo":{"@type":"ImageObject","inLanguage":"da-DK","@id":"https:\/\/worldvapersalliance.com\/#\/schema\/logo\/image\/","url":"https:\/\/worldvapersalliance.com\/wp-content\/uploads\/2022\/01\/WVA_RB_Fist_G.png","contentUrl":"https:\/\/worldvapersalliance.com\/wp-content\/uploads\/2022\/01\/WVA_RB_Fist_G.png","width":985,"height":1177,"caption":"World Vapers&#039; Alliance"},"image":{"@id":"https:\/\/worldvapersalliance.com\/#\/schema\/logo\/image\/"}},{"@type":"Person","@id":"https:\/\/worldvapersalliance.com\/#\/schema\/person\/18484a6f20bcc6f70a2419c8babe017d","name":"World Vapers&#039; Alliance","image":{"@type":"ImageObject","inLanguage":"da-DK","@id":"https:\/\/secure.gravatar.com\/avatar\/456bf795c7a47c9ac527a94da4bff150aa49e48726d69bee9937f8383cffa246?s=96&d=mm&r=g","url":"https:\/\/secure.gravatar.com\/avatar\/456bf795c7a47c9ac527a94da4bff150aa49e48726d69bee9937f8383cffa246?s=96&d=mm&r=g","contentUrl":"https:\/\/secure.gravatar.com\/avatar\/456bf795c7a47c9ac527a94da4bff150aa49e48726d69bee9937f8383cffa246?s=96&d=mm&r=g","caption":"World Vapers' Alliance"},"url":"https:\/\/worldvapersalliance.com\/da\/author\/wva\/"}]}},"_links":{"self":[{"href":"https:\/\/worldvapersalliance.com\/da\/wp-json\/wp\/v2\/posts\/4512","targetHints":{"allow":["GET"]}}],"collection":[{"href":"https:\/\/worldvapersalliance.com\/da\/wp-json\/wp\/v2\/posts"}],"about":[{"href":"https:\/\/worldvapersalliance.com\/da\/wp-json\/wp\/v2\/types\/post"}],"author":[{"embeddable":true,"href":"https:\/\/worldvapersalliance.com\/da\/wp-json\/wp\/v2\/users\/11"}],"replies":[{"embeddable":true,"href":"https:\/\/worldvapersalliance.com\/da\/wp-json\/wp\/v2\/comments?post=4512"}],"version-history":[{"count":0,"href":"https:\/\/worldvapersalliance.com\/da\/wp-json\/wp\/v2\/posts\/4512\/revisions"}],"wp:featuredmedia":[{"embeddable":true,"href":"https:\/\/worldvapersalliance.com\/da\/wp-json\/wp\/v2\/media\/3245"}],"wp:attachment":[{"href":"https:\/\/worldvapersalliance.com\/da\/wp-json\/wp\/v2\/media?parent=4512"}],"wp:term":[{"taxonomy":"category","embeddable":true,"href":"https:\/\/worldvapersalliance.com\/da\/wp-json\/wp\/v2\/categories?post=4512"},{"taxonomy":"post_tag","embeddable":true,"href":"https:\/\/worldvapersalliance.com\/da\/wp-json\/wp\/v2\/tags?post=4512"}],"curies":[{"name":"wp","href":"https:\/\/api.w.org\/{rel}","templated":true}]}}