{"id":6648,"date":"2025-12-24T18:39:39","date_gmt":"2025-12-24T23:39:39","guid":{"rendered":"https:\/\/worldvapersalliance.com\/?p=6648"},"modified":"2025-12-22T08:42:05","modified_gmt":"2025-12-22T13:42:05","slug":"wrapped-our-year-together-at-the-world-vapers-alliance","status":"publish","type":"post","link":"https:\/\/worldvapersalliance.com\/cs\/wrapped-our-year-together-at-the-world-vapers-alliance\/","title":{"rendered":"Zabaleno: N\u00e1\u0161 spole\u010dn\u00fd rok ve Sv\u011btov\u00e9 alianci vaper\u016f"},"content":{"rendered":"<p><span style=\"font-weight: 400;\">To byl ale rok. Rok 2025 byl intenzivn\u00ed, ale tak\u00e9 inspirativn\u00ed. R\u00e1d bych se s v\u00e1mi ohl\u00e9dl a pod\u011blil se o to, \u010deho jsme jako komunita dos\u00e1hli, a tak\u00e9 o to, kde jsme se postavili \u0161patn\u00e9 politice a sna\u017eili se v\u011bci posunout spr\u00e1vn\u00fdm sm\u011brem.\u00a0\u00a0<\/span><\/p>\n<p><span style=\"font-weight: 400;\">Toto nen\u00ed tiskov\u00e1 zpr\u00e1va. Je to m\u00e9 osobn\u00ed pod\u011bkov\u00e1n\u00ed v\u00e1m. Bez v\u00e1s by se nic z toho nestalo.\u00a0\u00a0<\/span><\/p>\n<h4><b>Otev\u0159en\u00fd dopis EU: 100 000 hlas\u016f, kter\u00e9 nelze ignorovat\u00a0\u00a0<\/b><\/h4>\n<p><span style=\"font-weight: 400;\">Jedn\u00edm z nejv\u011bt\u0161\u00edch moment\u016f tohoto roku byl n\u00e1\u0161 <\/span><a href=\"https:\/\/worldvapersalliance.com\/cs\/wva-open-letter-100000-europeans-reject-eus-attack-on-vaping-and-pouches\/\" target=\"_blank\" rel=\"noopener\"><span style=\"font-weight: 400;\">otev\u0159en\u00fd dopis<\/span><\/a><span style=\"font-weight: 400;\"> Evropsk\u00e9 komisi a \u010dlensk\u00fdm st\u00e1t\u016fm EU. Na\u0161i petici proti nov\u00fdm omezen\u00edm vapingu a nikotinov\u00fdch s\u00e1\u010dk\u016f podepsalo v\u00edce ne\u017e 100 000 lid\u00ed.\u00a0\u00a0<\/span><\/p>\n<p><span style=\"font-weight: 400;\">Mnoho politik\u016f st\u00e1le mluv\u00ed o vapingu a s\u00e1\u010dc\u00edch, jako by to byly tot\u00e9\u017e co cigarety. Vy i j\u00e1 v\u00edme, \u017ee je to \u0161patn\u011b. Lid\u00e9 pou\u017e\u00edvaj\u00ed tyto produkty, aby se od kou\u0159en\u00ed odklonili. Otev\u0159en\u00fd dopis to jasn\u011b uk\u00e1zal. Obvinil EU z ignorov\u00e1n\u00ed v\u011bdy a zku\u0161enost\u00ed z re\u00e1ln\u00e9ho \u017eivota a z prosazov\u00e1n\u00ed pravidel, kter\u00e1 by mohla lidi poslat zp\u011bt ke kou\u0159en\u00ed nebo na \u010dern\u00fd trh.\u00a0\u00a0<\/span><\/p>\n<p><span style=\"font-weight: 400;\">Podpisy jsme za\u010dali sb\u00edrat v roce 2024 a pro m\u011b osobn\u011b byl n\u00e1r\u016fst jejich po\u010dtu dojemn\u00fd. Ka\u017ed\u00fd podpis je p\u0159\u00edb\u011bh. T\u00e1ta, kter\u00fd p\u0159estal kou\u0159it s vaporiz\u00e9rem. Matka, kter\u00e1 te\u010f chod\u00ed po schodech, ani\u017e by se zad\u00fdchala. Vy jste tomuto dopisu dali v\u00e1hu. Brusel u\u017e nem\u016f\u017ee \u0159\u00edct, \u017ee u\u017e na tom nikoho nez\u00e1le\u017e\u00ed.\u00a0\u00a0<\/span><\/p>\n<h4><b>Hlasy nesly\u0161en\u00e9 od Dublinu po \u017denevu\u00a0\u00a0<\/b><\/h4>\n<p><span style=\"font-weight: 400;\">Dal\u0161\u00edm velk\u00fdm krokem v tomto roce byla na\u0161e kampa\u0148 <\/span><a href=\"https:\/\/worldvapersalliance.com\/cs\/voices-unheard-consumers-matter\/\" target=\"_blank\" rel=\"noopener\"><span style=\"font-weight: 400;\">Hlasy, kter\u00e9 nejsou sly\u0161et, na spot\u0159ebitel\u00edch z\u00e1le\u017e\u00ed<\/span><\/a><span style=\"font-weight: 400;\">. Spustili jsme to na Sv\u011btov\u00e9 konferenci o kontrole tab\u00e1ku v Dublinu, proto\u017ee spot\u0159ebitel\u00e9 byli op\u011bt vylou\u010deni z m\u00edstnosti, zat\u00edmco lid\u00e9 rozhodovali o na\u0161ich \u017eivotech.\u00a0\u00a0<\/span><\/p>\n<p><span style=\"font-weight: 400;\">Stejn\u011b jsme tam \u0161li. St\u00e1li jsme venku v tich\u00e9m protestu, abychom uk\u00e1zali, \u017ee miliony vaper\u016f jsou ignorov\u00e1ny. \u017d\u00e1dn\u00fd k\u0159ik, \u017e\u00e1dn\u00e9 drama. Jen lid\u00e9, kte\u0159\u00ed zm\u011bnili sv\u00e9 \u017eivoty m\u00e9n\u011b \u0161kodliv\u00fdmi produkty, st\u00e1li tam a \u0159\u00edkali, \u017ee existujeme.\u00a0<\/span><\/p>\n<p><img fetchpriority=\"high\" decoding=\"async\" class=\"alignnone wp-image-6649\" src=\"https:\/\/worldvapersalliance.com\/wp-content\/uploads\/2025\/12\/Voices-Unheard-protest-image-300x197.png\" alt=\"\" width=\"598\" height=\"393\" srcset=\"https:\/\/worldvapersalliance.com\/wp-content\/uploads\/2025\/12\/Voices-Unheard-protest-image-300x197.png 300w, https:\/\/worldvapersalliance.com\/wp-content\/uploads\/2025\/12\/Voices-Unheard-protest-image-768x504.png 768w, https:\/\/worldvapersalliance.com\/wp-content\/uploads\/2025\/12\/Voices-Unheard-protest-image-18x12.png 18w, https:\/\/worldvapersalliance.com\/wp-content\/uploads\/2025\/12\/Voices-Unheard-protest-image-600x394.png 600w, https:\/\/worldvapersalliance.com\/wp-content\/uploads\/2025\/12\/Voices-Unheard-protest-image.png 785w\" sizes=\"(max-width: 598px) 100vw, 598px\" \/><\/p>\n<p><span style=\"font-weight: 400;\">Sv\u011bteln\u00e9 show byly mou nejobl\u00edben\u011bj\u0161\u00ed \u010d\u00e1st\u00ed. Osv\u011btlovali jsme budovy vzkazy, kter\u00e9 volaly po tom, aby byly sly\u0161et hlasy spot\u0159ebitel\u016f. Pozd\u011bji v tomto roce jsme tuto my\u0161lenku p\u0159inesli do \u017denevy p\u0159ed konferenc\u00ed COP11, kde se WHO se\u0161la, aby projednala glob\u00e1ln\u00ed politiku v oblasti tab\u00e1ku. Op\u011bt sv\u011bteln\u00e9 projekce. Op\u011bt jednoduch\u00e9 poselstv\u00ed: naslouchejte n\u00e1m.\u00a0\u00a0<\/span><\/p>\n<p><img decoding=\"async\" class=\"alignnone wp-image-6651\" src=\"https:\/\/worldvapersalliance.com\/wp-content\/uploads\/2025\/12\/Voices-Unheard-image-300x195.png\" alt=\"\" width=\"384\" height=\"249\" srcset=\"https:\/\/worldvapersalliance.com\/wp-content\/uploads\/2025\/12\/Voices-Unheard-image-300x195.png 300w, https:\/\/worldvapersalliance.com\/wp-content\/uploads\/2025\/12\/Voices-Unheard-image-18x12.png 18w, https:\/\/worldvapersalliance.com\/wp-content\/uploads\/2025\/12\/Voices-Unheard-image.png 545w\" sizes=\"(max-width: 384px) 100vw, 384px\" \/> <img decoding=\"async\" class=\"alignnone wp-image-6652\" src=\"https:\/\/worldvapersalliance.com\/wp-content\/uploads\/2025\/12\/Voices-Unheard-Lightshow-image-300x218.png\" alt=\"\" width=\"382\" height=\"278\" srcset=\"https:\/\/worldvapersalliance.com\/wp-content\/uploads\/2025\/12\/Voices-Unheard-Lightshow-image-300x218.png 300w, https:\/\/worldvapersalliance.com\/wp-content\/uploads\/2025\/12\/Voices-Unheard-Lightshow-image-18x12.png 18w, https:\/\/worldvapersalliance.com\/wp-content\/uploads\/2025\/12\/Voices-Unheard-Lightshow-image.png 528w\" sizes=\"(max-width: 382px) 100vw, 382px\" \/><\/p>\n<p><span style=\"font-weight: 400;\">Tyto akce se mohou zven\u010d\u00ed jevit symbolick\u00e9, ale tv\u016frci politik vid\u011bli, \u017ee nejsme boti ani p\u00edsmena. Jsme skute\u010dn\u00ed lid\u00e9 na ulic\u00edch.\u00a0\u00a0<\/span><\/p>\n<h4><b>\u0160ampioni zm\u011bny prom\u011b\u0148uj\u00ed Brusel ve stadion\u00a0\u00a0<\/b><\/h4>\n<p><span style=\"font-weight: 400;\">V l\u00e9t\u011b jsme si u\u017eili trochu legrace s <\/span><a href=\"https:\/\/worldvapersalliance.com\/cs\/champions-of-change\/\" target=\"_blank\" rel=\"noopener\"><span style=\"font-weight: 400;\">Kampa\u0148 \u0160ampioni zm\u011bny<\/span><\/a><span style=\"font-weight: 400;\">. Brusel je obvykle \u0161ed\u00fd a byrokratick\u00fd, a tak jsme se rozhodli prom\u011bnit ho v jakousi ar\u00e9nu Ligy mistr\u016f pro sni\u017eov\u00e1n\u00ed \u0161kod zp\u016fsoben\u00fdch tab\u00e1kem.\u00a0\u00a0<\/span><\/p>\n<p><span style=\"font-weight: 400;\">P\u0159ed Evropsk\u00fdm parlamentem jsme uspo\u0159\u00e1dali slavnostn\u00ed p\u0159ed\u00e1v\u00e1n\u00ed trofej\u00ed a oslavili zem\u011b, kter\u00e9 skute\u010dn\u011b sn\u00ed\u017eily kou\u0159en\u00ed t\u00edm, \u017ee p\u0159ijaly m\u00e9n\u011b \u0161kodliv\u00e9 alternativy. \u0160v\u00e9dsko, \u010cesk\u00e1 republika a \u0158ecko byly na\u0161imi nejlep\u0161\u00edmi t\u00fdmy. \u0160v\u00e9dsko nyn\u00ed denn\u011b kou\u0159\u00ed pod 5 procenty lid\u00ed a m\u00e1 mnohem ni\u017e\u0161\u00ed m\u00edru rakoviny ne\u017e pr\u016fm\u011br EU. To nen\u00ed n\u00e1hoda. Je to sni\u017eov\u00e1n\u00ed \u0161kod v re\u00e1ln\u00e9m \u017eivot\u011b.\u00a0\u00a0<\/span><\/p>\n<p><img loading=\"lazy\" decoding=\"async\" class=\"alignnone wp-image-6356\" src=\"https:\/\/worldvapersalliance.com\/wp-content\/uploads\/2025\/07\/Champions-blog-image-300x277.png\" alt=\"\" width=\"522\" height=\"482\" srcset=\"https:\/\/worldvapersalliance.com\/wp-content\/uploads\/2025\/07\/Champions-blog-image-300x277.png 300w, https:\/\/worldvapersalliance.com\/wp-content\/uploads\/2025\/07\/Champions-blog-image-1024x945.png 1024w, https:\/\/worldvapersalliance.com\/wp-content\/uploads\/2025\/07\/Champions-blog-image-768x709.png 768w, https:\/\/worldvapersalliance.com\/wp-content\/uploads\/2025\/07\/Champions-blog-image-1536x1417.png 1536w, https:\/\/worldvapersalliance.com\/wp-content\/uploads\/2025\/07\/Champions-blog-image-2048x1890.png 2048w, https:\/\/worldvapersalliance.com\/wp-content\/uploads\/2025\/07\/Champions-blog-image-13x12.png 13w, https:\/\/worldvapersalliance.com\/wp-content\/uploads\/2025\/07\/Champions-blog-image-600x554.png 600w\" sizes=\"(max-width: 522px) 100vw, 522px\" \/><\/p>\n<p><span style=\"font-weight: 400;\">P\u0159ed\u00e1v\u00e1n\u00edm trofej\u00ed jsme politik\u016fm EU vyslali jednoduch\u00fd vzkaz. Chcete-li vyhr\u00e1t nad kou\u0159en\u00edm, napodobujte v\u00edt\u011bze. P\u0159esta\u0148te trestat vaping a nikotinov\u00e9 s\u00e1\u010dky, proto\u017ee v\u00e1m to \u0159\u00edk\u00e1 ideologie nebo star\u00e9 dogma. Mnoz\u00ed z v\u00e1s pomohli \u0161\u00ed\u0159it tuto informaci online a n\u011bkte\u0159\u00ed z v\u00e1s se akce osobn\u011b z\u00fa\u010dastnili. Op\u011bt se uk\u00e1zalo, \u017ee na\u0161e hnut\u00ed je kreativn\u00ed, nejen na\u0161tvan\u00e9.\u00a0\u00a0<\/span><\/p>\n<p><img loading=\"lazy\" decoding=\"async\" class=\"alignnone wp-image-6653\" src=\"https:\/\/worldvapersalliance.com\/wp-content\/uploads\/2025\/12\/Brussels-Image-300x198.png\" alt=\"\" width=\"593\" height=\"392\" srcset=\"https:\/\/worldvapersalliance.com\/wp-content\/uploads\/2025\/12\/Brussels-Image-300x198.png 300w, https:\/\/worldvapersalliance.com\/wp-content\/uploads\/2025\/12\/Brussels-Image-768x506.png 768w, https:\/\/worldvapersalliance.com\/wp-content\/uploads\/2025\/12\/Brussels-Image-18x12.png 18w, https:\/\/worldvapersalliance.com\/wp-content\/uploads\/2025\/12\/Brussels-Image.png 967w\" sizes=\"(max-width: 593px) 100vw, 593px\" \/><\/p>\n<h4><b>Osloven\u00ed v\u00edce ne\u017e stovky osob s rozhodovac\u00ed pravomoc\u00ed v oblasti politiky\u00a0\u00a0<\/b><\/h4>\n<p><span style=\"font-weight: 400;\">Velk\u00e1 \u010d\u00e1st na\u0161\u00ed pr\u00e1ce je ve\u0159ejn\u00e1, ale \u010d\u00e1st prob\u00edh\u00e1 za zav\u0159en\u00fdmi dve\u0159mi na stranick\u00fdch konferenc\u00edch a v politick\u00fdch z\u00e1kulis\u00edch. V pr\u016fb\u011bhu roku 2025 se n\u00e1\u0161 t\u00fdm setkal s v\u00edce ne\u017e stovkou tv\u016frc\u016f politik a kl\u00ed\u010dov\u00fdch zam\u011bstnanc\u016f v r\u016fzn\u00fdch zem\u00edch po cel\u00e9m sv\u011bt\u011b. Hovo\u0159ili jsme s \u010dleny parlament\u016f, zdravotnick\u00fdmi \u00fa\u0159edn\u00edky, parlamentn\u00edmi skupinami a poradci, kte\u0159\u00ed utv\u00e1\u0159ej\u00ed n\u00e1rodn\u00ed a evropsk\u00e9 postoje k vapingu a nikotinov\u00fdm s\u00e1\u010dk\u016fm.\u00a0\u00a0<\/span><\/p>\n<p><span style=\"font-weight: 400;\">Jedn\u00edm z p\u0159\u00edklad\u016f tohoto \u0161ir\u0161\u00edho dosahu byla konference SPD v N\u011bmecku. Tam jsme s deleg\u00e1ty a \u010dleny diskutovali o sni\u017eov\u00e1n\u00ed \u0161kod v dob\u011b, kdy N\u011bmecko zva\u017euje p\u0159\u00edsn\u011bj\u0161\u00ed pravidla pro p\u0159\u00edchut\u011b a marketing.\u00a0<\/span><\/p>\n<p><img loading=\"lazy\" decoding=\"async\" class=\"alignnone wp-image-6654\" src=\"https:\/\/worldvapersalliance.com\/wp-content\/uploads\/2025\/12\/SPD-party-conference-image-300x120.png\" alt=\"\" width=\"740\" height=\"296\" srcset=\"https:\/\/worldvapersalliance.com\/wp-content\/uploads\/2025\/12\/SPD-party-conference-image-300x120.png 300w, https:\/\/worldvapersalliance.com\/wp-content\/uploads\/2025\/12\/SPD-party-conference-image-1024x410.png 1024w, https:\/\/worldvapersalliance.com\/wp-content\/uploads\/2025\/12\/SPD-party-conference-image-768x308.png 768w, https:\/\/worldvapersalliance.com\/wp-content\/uploads\/2025\/12\/SPD-party-conference-image-18x7.png 18w, https:\/\/worldvapersalliance.com\/wp-content\/uploads\/2025\/12\/SPD-party-conference-image-600x240.png 600w, https:\/\/worldvapersalliance.com\/wp-content\/uploads\/2025\/12\/SPD-party-conference-image.png 1196w\" sizes=\"(max-width: 740px) 100vw, 740px\" \/><\/p>\n<p><span style=\"font-weight: 400;\">Podobn\u00e9 rozhovory prob\u00edhaly i v jin\u00fdch hlavn\u00edch m\u011bstech. N\u011bkdy \u0161lo jen o to, abyste skeptick\u00e9mu politikovi vysv\u011btlili, \u017ee ochucen\u00e1 elektronick\u00e1 cigareta v\u00e1m nebo n\u011bkomu, koho zn\u00e1te, pomohla p\u0159estat kou\u0159it a \u017ee jej\u00ed z\u00e1kaz by mohl lidi p\u0159im\u011bt zp\u011bt k cigaret\u00e1m. Postupem \u010dasu tyto osobn\u00ed p\u0159\u00edb\u011bhy m\u011bn\u00ed zp\u016fsob my\u0161len\u00ed tv\u016frc\u016f politik.\u00a0\u00a0<\/span><\/p>\n<p><span style=\"font-weight: 400;\">Dal\u0161\u00ed d\u016fle\u017eitou sou\u010d\u00e1st\u00ed na\u0161\u00ed leto\u0161n\u00ed pr\u00e1ce byl medi\u00e1ln\u00ed dosah. V roce 2025 jsme m\u011bli tis\u00edce zm\u00ednek v m\u00e9di\u00edch, p\u0159i\u010dem\u017e WVA byla citov\u00e1na nebo prezentov\u00e1na v m\u00e9di\u00edch po cel\u00e9m sv\u011bt\u011b. To znamenalo, \u017ee kdykoli vl\u00e1dy hovo\u0159ily o nov\u00fdch omezen\u00edch vapingu nebo nikotinov\u00fdch s\u00e1\u010dk\u016f, existovala re\u00e1ln\u00e1 \u0161ance, \u017ee novin\u00e1\u0159 zahrne i pohled spot\u0159ebitel\u016f a vysv\u011btl\u00ed, \u017ee m\u00e9n\u011b \u0161kodliv\u00e9 alternativy pom\u00e1haj\u00ed lidem p\u0159estat kou\u0159it. Tato rostouc\u00ed viditelnost n\u00e1m pom\u00e1h\u00e1 zpochyb\u0148ovat jednostrann\u00e9 narativy a zt\u011b\u017euje osob\u00e1m s rozhodovac\u00ed pravomoc\u00ed p\u0159edst\u00edrat, \u017ee na\u0161e komunita neexistuje.<\/span><\/p>\n<h4><b>Vapeo Responsable a Latinsk\u00e1 Amerika\u00a0\u00a0<\/b><\/h4>\n<p><span style=\"font-weight: 400;\">Tak\u00e9 jsme zintenzivnili na\u0161i pr\u00e1ci v Latinsk\u00e9 Americe. V Argentin\u011b jsme spustili iniciativu Vapeo Responsable a vyzvali vl\u00e1du, aby ukon\u010dila sv\u016fj iracion\u00e1ln\u00ed z\u00e1kaz vapingu a nahradila jej regulac\u00ed zalo\u017eenou na zdrav\u00e9m rozumu.<\/span><\/p>\n<p><img loading=\"lazy\" decoding=\"async\" class=\"alignnone wp-image-6656\" src=\"https:\/\/worldvapersalliance.com\/wp-content\/uploads\/2025\/12\/Vapeo-Responsable-activation-image-300x149.png\" alt=\"\" width=\"658\" height=\"327\" \/><\/p>\n<p><img loading=\"lazy\" decoding=\"async\" class=\"alignnone wp-image-6657\" src=\"https:\/\/worldvapersalliance.com\/wp-content\/uploads\/2025\/12\/Vapeo-Responsable-Media-Hits-image-300x101.png\" alt=\"\" width=\"609\" height=\"205\" srcset=\"https:\/\/worldvapersalliance.com\/wp-content\/uploads\/2025\/12\/Vapeo-Responsable-Media-Hits-image-300x101.png 300w, https:\/\/worldvapersalliance.com\/wp-content\/uploads\/2025\/12\/Vapeo-Responsable-Media-Hits-image-1024x346.png 1024w, https:\/\/worldvapersalliance.com\/wp-content\/uploads\/2025\/12\/Vapeo-Responsable-Media-Hits-image-768x259.png 768w, https:\/\/worldvapersalliance.com\/wp-content\/uploads\/2025\/12\/Vapeo-Responsable-Media-Hits-image-18x6.png 18w, https:\/\/worldvapersalliance.com\/wp-content\/uploads\/2025\/12\/Vapeo-Responsable-Media-Hits-image-600x203.png 600w, https:\/\/worldvapersalliance.com\/wp-content\/uploads\/2025\/12\/Vapeo-Responsable-Media-Hits-image.png 1057w\" sizes=\"(max-width: 609px) 100vw, 609px\" \/><\/p>\n<p><span style=\"font-weight: 400;\">My\u0161lenka je jednoduch\u00e1. Vaping v Argentin\u011b existuje, a\u0165 se to politik\u016fm l\u00edb\u00ed, nebo ne. Z\u00e1kaz ho jen zatla\u010d\u00ed do ilegality a udr\u017e\u00ed ku\u0159\u00e1ky u cigaret. S Vapeo Responsable povzbuzujeme u\u017eivatele, aby se ozvali, po\u017eadovali rozumn\u00e1 pravidla a uk\u00e1zali, \u017ee vaper\u016fm z\u00e1le\u017e\u00ed na bezpe\u010dnosti, kvalit\u011b a spr\u00e1vn\u00fdch standardech.\u00a0\u00a0<\/span><\/p>\n<p><span style=\"font-weight: 400;\">V Kolumbii se n\u00e1\u0161 mana\u017eer pro politiku Alberto z\u00fa\u010dastnil technick\u00e9ho kulat\u00e9ho stolu Sen\u00e1tu k n\u00e1vrhu z\u00e1kona t\u00fdkaj\u00edc\u00edmu se zdan\u011bn\u00ed vapingov\u00fdch produkt\u016f a cigaret. To je d\u016fle\u017eit\u00e9, proto\u017ee mnoho vl\u00e1d se st\u00e1le sna\u017e\u00ed zdanit vapingov\u00e9 produkty stejn\u011b jako cigarety, co\u017e ku\u0159\u00e1k\u016fm zt\u011b\u017euje p\u0159echod na jin\u00fd typ produkt\u016f. T\u00edm, \u017ee jsme byli u tohoto jednac\u00edho stolu, jsme mohli vysv\u011btlit, \u017ee da\u0148ov\u00e1 politika by m\u011bla odr\u00e1\u017eet riziko, nikoli dogma.\u00a0\u00a0<\/span><\/p>\n<p><img loading=\"lazy\" decoding=\"async\" class=\"alignnone wp-image-6658\" src=\"https:\/\/worldvapersalliance.com\/wp-content\/uploads\/2025\/12\/Testimonial-image-300x205.png\" alt=\"\" width=\"536\" height=\"367\" srcset=\"https:\/\/worldvapersalliance.com\/wp-content\/uploads\/2025\/12\/Testimonial-image-300x205.png 300w, https:\/\/worldvapersalliance.com\/wp-content\/uploads\/2025\/12\/Testimonial-image-18x12.png 18w, https:\/\/worldvapersalliance.com\/wp-content\/uploads\/2025\/12\/Testimonial-image-600x410.png 600w, https:\/\/worldvapersalliance.com\/wp-content\/uploads\/2025\/12\/Testimonial-image.png 682w\" sizes=\"(max-width: 536px) 100vw, 536px\" \/><\/p>\n<h4><b>Kardiovaskul\u00e1rn\u00ed pl\u00e1n EU, kdy\u017e jsou d\u016fkazy ignorov\u00e1ny\u00a0\u00a0<\/b><\/h4>\n<p><span style=\"font-weight: 400;\">Jednou z nejfrustruj\u00edc\u00edch \u010d\u00e1st\u00ed roku byl kardiovaskul\u00e1rn\u00ed pl\u00e1n EU (nyn\u00ed naz\u00fdvan\u00fd Pl\u00e1n bezpe\u010dn\u00fdch srdc\u00ed). D\u0159\u00edve v tomto procesu, kdy\u017e Evropsk\u00e1 komise vedla ve\u0159ejnou konzultaci, jsme\u2026 <\/span><a href=\"https:\/\/worldvapersalliance.com\/cs\/eu-consultation-shows-76-support-for-harm-reduction-in-cardiovascular-policy\/\"><span style=\"font-weight: 400;\">analyzov\u00e1no<\/span><\/a><span style=\"font-weight: 400;\"> vstup a zaznamenal silnou podporu pro zahrnut\u00ed m\u00e9n\u011b \u0161kodliv\u00fdch alternativ jako n\u00e1stroj\u016f ke sn\u00ed\u017een\u00ed kou\u0159en\u00ed a srde\u010dn\u00edch onemocn\u011bn\u00ed. Mnoho ob\u010dan\u016f a odborn\u00edk\u016f jasn\u011b podpo\u0159ilo sni\u017eov\u00e1n\u00ed \u0161kod.\u00a0\u00a0<\/span><\/p>\n<p><span style=\"font-weight: 400;\">Ale kdy\u017e byl zve\u0159ejn\u011bn kone\u010dn\u00fd pl\u00e1n, v\u011bt\u0161ina z toho byla ignorov\u00e1na. Sni\u017eov\u00e1n\u00ed \u0161kod bylo odsunuto na vedlej\u0161\u00ed kolej. Proto jsme <\/span><a href=\"https:\/\/worldvapersalliance.com\/cs\/wva-attacks-eu-safe-hearts-plan-for-ignoring-harm-reduction\/\"><span style=\"font-weight: 400;\">promluvil<\/span><\/a><span style=\"font-weight: 400;\"> proti pl\u00e1nu za ignorov\u00e1n\u00ed sni\u017eov\u00e1n\u00ed \u0161kod a za promarn\u011bn\u00ed p\u0159\u00edle\u017eitosti realistick\u00fdm zp\u016fsobem sn\u00ed\u017eit po\u010det nemoc\u00ed souvisej\u00edc\u00edch s kou\u0159en\u00edm. Zd\u00e1 se, \u017ee Brusel op\u011bt up\u0159ednostnil ideologii p\u0159ed t\u00edm, co pro ku\u0159\u00e1ky v re\u00e1ln\u00e9m sv\u011bt\u011b skute\u010dn\u011b funguje.\u00a0\u00a0<\/span><\/p>\n<p><span style=\"font-weight: 400;\">Pro na\u0161i komunitu je to zklam\u00e1n\u00edm, ale ne p\u0159ekvapen\u00edm. Ukazuje to, jak d\u016fle\u017eit\u00e9 je, abychom se neust\u00e1le oz\u00fdv\u00e1vali a vyv\u00edjeli tlak na osoby s rozhodovac\u00ed pravomoc\u00ed. Bez n\u00e1s sly\u0161\u00ed jen hlasy skupin, kter\u00e9 cht\u011bj\u00ed v\u0161echno omezit a p\u0159edst\u00edrat, \u017ee m\u00e9n\u011b \u0161kodliv\u00e9 alternativy neexistuj\u00ed.\u00a0\u00a0<\/span><\/p>\n<h4><b>Spole\u010dn\u011b se d\u00edv\u00e1me vp\u0159ed\u00a0\u00a0<\/b><\/h4>\n<p><span style=\"font-weight: 400;\">Tak\u017ee, kde se nach\u00e1z\u00edme na konci roku 2025? M\u00e1me za sebou 100 000 evropsk\u00fdch podpis\u016f, velk\u00e9 kampan\u011b v Bruselu, Dublinu, \u017denev\u011b a Latinsk\u00e9 Americe, kter\u00e9 siln\u011bji dokazuj\u00ed, \u017ee ob\u010dan\u00e9 podporuj\u00ed sni\u017eov\u00e1n\u00ed \u0161kod, a v\u00edce ne\u017e sto tv\u016frc\u016f politik, kte\u0159\u00ed letos p\u0159\u00edmo sly\u0161eli od vaper\u016f.\u00a0\u00a0<\/span><\/p>\n<p><span style=\"font-weight: 400;\">Z\u00e1rove\u0148 tlak neustupuje. EU st\u00e1le zva\u017euje p\u0159\u00edsn\u011bj\u0161\u00ed pravidla pro vaping a s\u00e1\u010dky. WHO st\u00e1le prosazuje postoje proti sni\u017eov\u00e1n\u00ed \u0161kod. N\u00e1rodn\u00ed vl\u00e1dy si st\u00e1le pohr\u00e1vaj\u00ed se z\u00e1kazy p\u0159\u00edchut\u00ed a vysok\u00fdmi dan\u011bmi. Pl\u00e1n Safe Hearts jasn\u011b ukazuje, \u017ee i kdy\u017e se lid\u00e9 ozvo\u0159\u00ed, osoby s rozhodovac\u00ed pravomoc\u00ed je mohou st\u00e1le ignorovat.\u00a0\u00a0<\/span><\/p>\n<p><span style=\"font-weight: 400;\">Ale tento rok mi uk\u00e1zal n\u011bco d\u016fle\u017eit\u00e9ho. Kdy\u017e se vape\u0159i zorganizuj\u00ed a za\u010dnou hlasit\u011b hr\u00e1t, v\u011bci se daj\u00ed do pohybu. Sv\u011bteln\u00e9 show v \u017denev\u011b nebo ceremoni\u00e1ly p\u0159ed\u00e1v\u00e1n\u00ed trofej\u00ed v Bruselu se mohou ve srovn\u00e1n\u00ed s velk\u00fdmi institucemi jevit jako mal\u00e9, ale m\u011bn\u00ed p\u0159\u00edb\u011bh. Zt\u011b\u017euj\u00ed lidem s rozhodovac\u00ed pravomoc\u00ed n\u00e1s ignorovat.\u00a0\u00a0<\/span><\/p>\n<p><span style=\"font-weight: 400;\">Tak\u017ee d\u011bkujeme. Za podpis. Za to, \u017ee jste se objevili. Za sd\u00edlen\u00ed sv\u00e9ho p\u0159\u00edb\u011bhu. Za h\u00e1dky s p\u0159\u00e1teli, politiky a n\u011bkdy i l\u00e9ka\u0159i. V roce 2026 budeme tuto energii znovu pot\u0159ebovat. WVA bude d\u00e1l bojovat, ale jsme z\u00e1visl\u00ed na va\u0161\u00ed podpo\u0159e.\u00a0\u00a0\u00a0<\/span><\/p>\n<p><span style=\"font-weight: 400;\">Jsme vape\u0159i. V\u00edme, co n\u00e1m fungovalo. A nenech\u00e1me nikoho, aby n\u00e1m bez boje vzal m\u00e9n\u011b \u0161kodliv\u00e9 mo\u017enosti. Ozv\u011bte se, kdekoli m\u016f\u017eete, vapujte d\u00e1l a \u0161\u0165astn\u00fd nov\u00fd rok. <\/span><\/p>","protected":false},"excerpt":{"rendered":"<p>What a year. 2025 was intense but also inspiring. So, I&#8217;d like to look back together with you and share what we accomplished as a community, as well as where we pushed back against bad policy and made efforts to move things in the right direction.\u00a0\u00a0 This is not a press release. It is a [&hellip;]<\/p>\n","protected":false},"author":4,"featured_media":6659,"comment_status":"open","ping_status":"open","sticky":false,"template":"","format":"standard","meta":{"footnotes":""},"categories":[17],"tags":[],"class_list":["post-6648","post","type-post","status-publish","format-standard","has-post-thumbnail","hentry","category-blog"],"yoast_head":"<!-- This site is optimized with the Yoast SEO plugin v27.3 - https:\/\/yoast.com\/product\/yoast-seo-wordpress\/ -->\n<title>Wrapped: Our Year Together at the World Vapers Alliance - World Vapers&#039; Alliance<\/title>\n<meta name=\"description\" content=\"2025 was intense but also inspiring. I&#039;d like to look back and share what we accomplished together as a community.\" \/>\n<meta name=\"robots\" content=\"index, follow, max-snippet:-1, max-image-preview:large, max-video-preview:-1\" \/>\n<link rel=\"canonical\" href=\"https:\/\/worldvapersalliance.com\/cs\/wrapped-our-year-together-at-the-world-vapers-alliance\/\" \/>\n<meta property=\"og:locale\" content=\"cs_CZ\" \/>\n<meta property=\"og:type\" content=\"article\" \/>\n<meta property=\"og:title\" content=\"Wrapped: Our Year Together at the World Vapers Alliance - World Vapers&#039; Alliance\" \/>\n<meta property=\"og:description\" content=\"2025 was intense but also inspiring. I&#039;d like to look back and share what we accomplished together as a community.\" \/>\n<meta property=\"og:url\" content=\"https:\/\/worldvapersalliance.com\/cs\/wrapped-our-year-together-at-the-world-vapers-alliance\/\" \/>\n<meta property=\"og:site_name\" content=\"World Vapers&#039; Alliance\" \/>\n<meta property=\"article:published_time\" content=\"2025-12-24T23:39:39+00:00\" \/>\n<meta property=\"og:image\" content=\"https:\/\/worldvapersalliance.com\/wp-content\/uploads\/2025\/12\/Year-in-review-blog-image-1024x945.png\" \/>\n\t<meta property=\"og:image:width\" content=\"1024\" \/>\n\t<meta property=\"og:image:height\" content=\"945\" \/>\n\t<meta property=\"og:image:type\" content=\"image\/png\" \/>\n<meta name=\"author\" content=\"Michael Landl\" \/>\n<meta name=\"twitter:card\" content=\"summary_large_image\" \/>\n<meta name=\"twitter:label1\" content=\"Napsal(a)\" \/>\n\t<meta name=\"twitter:data1\" content=\"Michael Landl\" \/>\n\t<meta name=\"twitter:label2\" content=\"Odhadovan\u00e1 doba \u010dten\u00ed\" \/>\n\t<meta name=\"twitter:data2\" content=\"8 minut\" \/>\n<script type=\"application\/ld+json\" class=\"yoast-schema-graph\">{\"@context\":\"https:\\\/\\\/schema.org\",\"@graph\":[{\"@type\":\"Article\",\"@id\":\"https:\\\/\\\/worldvapersalliance.com\\\/wrapped-our-year-together-at-the-world-vapers-alliance\\\/#article\",\"isPartOf\":{\"@id\":\"https:\\\/\\\/worldvapersalliance.com\\\/wrapped-our-year-together-at-the-world-vapers-alliance\\\/\"},\"author\":{\"name\":\"Michael Landl\",\"@id\":\"https:\\\/\\\/worldvapersalliance.com\\\/#\\\/schema\\\/person\\\/05f663571d787d89a2d5c77c482a6583\"},\"headline\":\"Wrapped: Our Year Together at the World Vapers Alliance\",\"datePublished\":\"2025-12-24T23:39:39+00:00\",\"mainEntityOfPage\":{\"@id\":\"https:\\\/\\\/worldvapersalliance.com\\\/wrapped-our-year-together-at-the-world-vapers-alliance\\\/\"},\"wordCount\":1361,\"commentCount\":0,\"publisher\":{\"@id\":\"https:\\\/\\\/worldvapersalliance.com\\\/#organization\"},\"image\":{\"@id\":\"https:\\\/\\\/worldvapersalliance.com\\\/wrapped-our-year-together-at-the-world-vapers-alliance\\\/#primaryimage\"},\"thumbnailUrl\":\"https:\\\/\\\/worldvapersalliance.com\\\/wp-content\\\/uploads\\\/2025\\\/12\\\/Year-in-review-blog-image.png\",\"articleSection\":[\"Blog\"],\"inLanguage\":\"cs\",\"potentialAction\":[{\"@type\":\"CommentAction\",\"name\":\"Comment\",\"target\":[\"https:\\\/\\\/worldvapersalliance.com\\\/wrapped-our-year-together-at-the-world-vapers-alliance\\\/#respond\"]}]},{\"@type\":\"WebPage\",\"@id\":\"https:\\\/\\\/worldvapersalliance.com\\\/wrapped-our-year-together-at-the-world-vapers-alliance\\\/\",\"url\":\"https:\\\/\\\/worldvapersalliance.com\\\/wrapped-our-year-together-at-the-world-vapers-alliance\\\/\",\"name\":\"Wrapped: Our Year Together at the World Vapers Alliance - World Vapers&#039; Alliance\",\"isPartOf\":{\"@id\":\"https:\\\/\\\/worldvapersalliance.com\\\/#website\"},\"primaryImageOfPage\":{\"@id\":\"https:\\\/\\\/worldvapersalliance.com\\\/wrapped-our-year-together-at-the-world-vapers-alliance\\\/#primaryimage\"},\"image\":{\"@id\":\"https:\\\/\\\/worldvapersalliance.com\\\/wrapped-our-year-together-at-the-world-vapers-alliance\\\/#primaryimage\"},\"thumbnailUrl\":\"https:\\\/\\\/worldvapersalliance.com\\\/wp-content\\\/uploads\\\/2025\\\/12\\\/Year-in-review-blog-image.png\",\"datePublished\":\"2025-12-24T23:39:39+00:00\",\"description\":\"2025 was intense but also inspiring. I'd like to look back and share what we accomplished together as a community.\",\"inLanguage\":\"cs\",\"potentialAction\":[{\"@type\":\"ReadAction\",\"target\":[\"https:\\\/\\\/worldvapersalliance.com\\\/wrapped-our-year-together-at-the-world-vapers-alliance\\\/\"]}]},{\"@type\":\"ImageObject\",\"inLanguage\":\"cs\",\"@id\":\"https:\\\/\\\/worldvapersalliance.com\\\/wrapped-our-year-together-at-the-world-vapers-alliance\\\/#primaryimage\",\"url\":\"https:\\\/\\\/worldvapersalliance.com\\\/wp-content\\\/uploads\\\/2025\\\/12\\\/Year-in-review-blog-image.png\",\"contentUrl\":\"https:\\\/\\\/worldvapersalliance.com\\\/wp-content\\\/uploads\\\/2025\\\/12\\\/Year-in-review-blog-image.png\",\"width\":2081,\"height\":1920},{\"@type\":\"WebSite\",\"@id\":\"https:\\\/\\\/worldvapersalliance.com\\\/#website\",\"url\":\"https:\\\/\\\/worldvapersalliance.com\\\/\",\"name\":\"World Vapers&#039; Alliance\",\"description\":\"The largest community of vapers\",\"publisher\":{\"@id\":\"https:\\\/\\\/worldvapersalliance.com\\\/#organization\"},\"potentialAction\":[{\"@type\":\"SearchAction\",\"target\":{\"@type\":\"EntryPoint\",\"urlTemplate\":\"https:\\\/\\\/worldvapersalliance.com\\\/?s={search_term_string}\"},\"query-input\":{\"@type\":\"PropertyValueSpecification\",\"valueRequired\":true,\"valueName\":\"search_term_string\"}}],\"inLanguage\":\"cs\"},{\"@type\":\"Organization\",\"@id\":\"https:\\\/\\\/worldvapersalliance.com\\\/#organization\",\"name\":\"World Vapers&#039; Alliance\",\"url\":\"https:\\\/\\\/worldvapersalliance.com\\\/\",\"logo\":{\"@type\":\"ImageObject\",\"inLanguage\":\"cs\",\"@id\":\"https:\\\/\\\/worldvapersalliance.com\\\/#\\\/schema\\\/logo\\\/image\\\/\",\"url\":\"https:\\\/\\\/worldvapersalliance.com\\\/wp-content\\\/uploads\\\/2022\\\/01\\\/WVA_RB_Fist_G.png\",\"contentUrl\":\"https:\\\/\\\/worldvapersalliance.com\\\/wp-content\\\/uploads\\\/2022\\\/01\\\/WVA_RB_Fist_G.png\",\"width\":985,\"height\":1177,\"caption\":\"World Vapers&#039; Alliance\"},\"image\":{\"@id\":\"https:\\\/\\\/worldvapersalliance.com\\\/#\\\/schema\\\/logo\\\/image\\\/\"}},{\"@type\":\"Person\",\"@id\":\"https:\\\/\\\/worldvapersalliance.com\\\/#\\\/schema\\\/person\\\/05f663571d787d89a2d5c77c482a6583\",\"name\":\"Michael Landl\",\"image\":{\"@type\":\"ImageObject\",\"inLanguage\":\"cs\",\"@id\":\"https:\\\/\\\/secure.gravatar.com\\\/avatar\\\/1537a11db5ae7fef0631b6c662f439d8a632c50630c980828d0e2c4de581568b?s=96&d=mm&r=g\",\"url\":\"https:\\\/\\\/secure.gravatar.com\\\/avatar\\\/1537a11db5ae7fef0631b6c662f439d8a632c50630c980828d0e2c4de581568b?s=96&d=mm&r=g\",\"contentUrl\":\"https:\\\/\\\/secure.gravatar.com\\\/avatar\\\/1537a11db5ae7fef0631b6c662f439d8a632c50630c980828d0e2c4de581568b?s=96&d=mm&r=g\",\"caption\":\"Michael Landl\"},\"url\":\"https:\\\/\\\/worldvapersalliance.com\\\/cs\\\/author\\\/michael\\\/\"}]}<\/script>\n<!-- \/ Yoast SEO plugin. -->","yoast_head_json":{"title":"Zabaleno: N\u00e1\u0161 spole\u010dn\u00fd rok ve Sv\u011btov\u00e9 alianci vaper\u016f - Sv\u011btov\u00e1 aliance vaper\u016f","description":"Rok 2025 byl intenzivn\u00ed, ale tak\u00e9 inspirativn\u00ed. R\u00e1d bych se ohl\u00e9dl zp\u011bt a pod\u011blil se o to, \u010deho jsme spole\u010dn\u011b jako komunita dos\u00e1hli.","robots":{"index":"index","follow":"follow","max-snippet":"max-snippet:-1","max-image-preview":"max-image-preview:large","max-video-preview":"max-video-preview:-1"},"canonical":"https:\/\/worldvapersalliance.com\/cs\/wrapped-our-year-together-at-the-world-vapers-alliance\/","og_locale":"cs_CZ","og_type":"article","og_title":"Wrapped: Our Year Together at the World Vapers Alliance - World Vapers&#039; Alliance","og_description":"2025 was intense but also inspiring. I'd like to look back and share what we accomplished together as a community.","og_url":"https:\/\/worldvapersalliance.com\/cs\/wrapped-our-year-together-at-the-world-vapers-alliance\/","og_site_name":"World Vapers&#039; Alliance","article_published_time":"2025-12-24T23:39:39+00:00","og_image":[{"width":1024,"height":945,"url":"https:\/\/worldvapersalliance.com\/wp-content\/uploads\/2025\/12\/Year-in-review-blog-image-1024x945.png","type":"image\/png"}],"author":"Michael Landl","twitter_card":"summary_large_image","twitter_misc":{"Napsal(a)":"Michael Landl","Odhadovan\u00e1 doba \u010dten\u00ed":"8 minut"},"schema":{"@context":"https:\/\/schema.org","@graph":[{"@type":"Article","@id":"https:\/\/worldvapersalliance.com\/wrapped-our-year-together-at-the-world-vapers-alliance\/#article","isPartOf":{"@id":"https:\/\/worldvapersalliance.com\/wrapped-our-year-together-at-the-world-vapers-alliance\/"},"author":{"name":"Michael Landl","@id":"https:\/\/worldvapersalliance.com\/#\/schema\/person\/05f663571d787d89a2d5c77c482a6583"},"headline":"Wrapped: Our Year Together at the World Vapers Alliance","datePublished":"2025-12-24T23:39:39+00:00","mainEntityOfPage":{"@id":"https:\/\/worldvapersalliance.com\/wrapped-our-year-together-at-the-world-vapers-alliance\/"},"wordCount":1361,"commentCount":0,"publisher":{"@id":"https:\/\/worldvapersalliance.com\/#organization"},"image":{"@id":"https:\/\/worldvapersalliance.com\/wrapped-our-year-together-at-the-world-vapers-alliance\/#primaryimage"},"thumbnailUrl":"https:\/\/worldvapersalliance.com\/wp-content\/uploads\/2025\/12\/Year-in-review-blog-image.png","articleSection":["Blog"],"inLanguage":"cs","potentialAction":[{"@type":"CommentAction","name":"Comment","target":["https:\/\/worldvapersalliance.com\/wrapped-our-year-together-at-the-world-vapers-alliance\/#respond"]}]},{"@type":"WebPage","@id":"https:\/\/worldvapersalliance.com\/wrapped-our-year-together-at-the-world-vapers-alliance\/","url":"https:\/\/worldvapersalliance.com\/wrapped-our-year-together-at-the-world-vapers-alliance\/","name":"Zabaleno: N\u00e1\u0161 spole\u010dn\u00fd rok ve Sv\u011btov\u00e9 alianci vaper\u016f - Sv\u011btov\u00e1 aliance vaper\u016f","isPartOf":{"@id":"https:\/\/worldvapersalliance.com\/#website"},"primaryImageOfPage":{"@id":"https:\/\/worldvapersalliance.com\/wrapped-our-year-together-at-the-world-vapers-alliance\/#primaryimage"},"image":{"@id":"https:\/\/worldvapersalliance.com\/wrapped-our-year-together-at-the-world-vapers-alliance\/#primaryimage"},"thumbnailUrl":"https:\/\/worldvapersalliance.com\/wp-content\/uploads\/2025\/12\/Year-in-review-blog-image.png","datePublished":"2025-12-24T23:39:39+00:00","description":"Rok 2025 byl intenzivn\u00ed, ale tak\u00e9 inspirativn\u00ed. R\u00e1d bych se ohl\u00e9dl zp\u011bt a pod\u011blil se o to, \u010deho jsme spole\u010dn\u011b jako komunita dos\u00e1hli.","inLanguage":"cs","potentialAction":[{"@type":"ReadAction","target":["https:\/\/worldvapersalliance.com\/wrapped-our-year-together-at-the-world-vapers-alliance\/"]}]},{"@type":"ImageObject","inLanguage":"cs","@id":"https:\/\/worldvapersalliance.com\/wrapped-our-year-together-at-the-world-vapers-alliance\/#primaryimage","url":"https:\/\/worldvapersalliance.com\/wp-content\/uploads\/2025\/12\/Year-in-review-blog-image.png","contentUrl":"https:\/\/worldvapersalliance.com\/wp-content\/uploads\/2025\/12\/Year-in-review-blog-image.png","width":2081,"height":1920},{"@type":"WebSite","@id":"https:\/\/worldvapersalliance.com\/#website","url":"https:\/\/worldvapersalliance.com\/","name":"World Vapers&#039; Alliance","description":"Nejv\u011bt\u0161\u00ed komunita vaper\u016f","publisher":{"@id":"https:\/\/worldvapersalliance.com\/#organization"},"potentialAction":[{"@type":"SearchAction","target":{"@type":"EntryPoint","urlTemplate":"https:\/\/worldvapersalliance.com\/?s={search_term_string}"},"query-input":{"@type":"PropertyValueSpecification","valueRequired":true,"valueName":"search_term_string"}}],"inLanguage":"cs"},{"@type":"Organization","@id":"https:\/\/worldvapersalliance.com\/#organization","name":"World Vapers&#039; Alliance","url":"https:\/\/worldvapersalliance.com\/","logo":{"@type":"ImageObject","inLanguage":"cs","@id":"https:\/\/worldvapersalliance.com\/#\/schema\/logo\/image\/","url":"https:\/\/worldvapersalliance.com\/wp-content\/uploads\/2022\/01\/WVA_RB_Fist_G.png","contentUrl":"https:\/\/worldvapersalliance.com\/wp-content\/uploads\/2022\/01\/WVA_RB_Fist_G.png","width":985,"height":1177,"caption":"World Vapers&#039; Alliance"},"image":{"@id":"https:\/\/worldvapersalliance.com\/#\/schema\/logo\/image\/"}},{"@type":"Person","@id":"https:\/\/worldvapersalliance.com\/#\/schema\/person\/05f663571d787d89a2d5c77c482a6583","name":"Michael Landl","image":{"@type":"ImageObject","inLanguage":"cs","@id":"https:\/\/secure.gravatar.com\/avatar\/1537a11db5ae7fef0631b6c662f439d8a632c50630c980828d0e2c4de581568b?s=96&d=mm&r=g","url":"https:\/\/secure.gravatar.com\/avatar\/1537a11db5ae7fef0631b6c662f439d8a632c50630c980828d0e2c4de581568b?s=96&d=mm&r=g","contentUrl":"https:\/\/secure.gravatar.com\/avatar\/1537a11db5ae7fef0631b6c662f439d8a632c50630c980828d0e2c4de581568b?s=96&d=mm&r=g","caption":"Michael Landl"},"url":"https:\/\/worldvapersalliance.com\/cs\/author\/michael\/"}]}},"_links":{"self":[{"href":"https:\/\/worldvapersalliance.com\/cs\/wp-json\/wp\/v2\/posts\/6648","targetHints":{"allow":["GET"]}}],"collection":[{"href":"https:\/\/worldvapersalliance.com\/cs\/wp-json\/wp\/v2\/posts"}],"about":[{"href":"https:\/\/worldvapersalliance.com\/cs\/wp-json\/wp\/v2\/types\/post"}],"author":[{"embeddable":true,"href":"https:\/\/worldvapersalliance.com\/cs\/wp-json\/wp\/v2\/users\/4"}],"replies":[{"embeddable":true,"href":"https:\/\/worldvapersalliance.com\/cs\/wp-json\/wp\/v2\/comments?post=6648"}],"version-history":[{"count":0,"href":"https:\/\/worldvapersalliance.com\/cs\/wp-json\/wp\/v2\/posts\/6648\/revisions"}],"wp:featuredmedia":[{"embeddable":true,"href":"https:\/\/worldvapersalliance.com\/cs\/wp-json\/wp\/v2\/media\/6659"}],"wp:attachment":[{"href":"https:\/\/worldvapersalliance.com\/cs\/wp-json\/wp\/v2\/media?parent=6648"}],"wp:term":[{"taxonomy":"category","embeddable":true,"href":"https:\/\/worldvapersalliance.com\/cs\/wp-json\/wp\/v2\/categories?post=6648"},{"taxonomy":"post_tag","embeddable":true,"href":"https:\/\/worldvapersalliance.com\/cs\/wp-json\/wp\/v2\/tags?post=6648"}],"curies":[{"name":"wp","href":"https:\/\/api.w.org\/{rel}","templated":true}]}}