{"id":6301,"date":"2025-06-17T02:33:44","date_gmt":"2025-06-17T06:33:44","guid":{"rendered":"https:\/\/worldvapersalliance.com\/?p=6301"},"modified":"2025-06-17T02:34:13","modified_gmt":"2025-06-17T06:34:13","slug":"croatias-proposed-vaping-tax-threatens-public-health-and-vapers-rights","status":"publish","type":"post","link":"https:\/\/worldvapersalliance.com\/cs\/croatias-proposed-vaping-tax-threatens-public-health-and-vapers-rights\/","title":{"rendered":"Navrhovan\u00e1 da\u0148 z vapingu v Chorvatsku ohro\u017euje ve\u0159ejn\u00e9 zdrav\u00ed a pr\u00e1va vaper\u016f\u2026"},"content":{"rendered":"<p><span style=\"font-weight: 400;\">Chorvatsk\u00e1 vl\u00e1da zah\u00e1jila <\/span><a href=\"https:\/\/esavjetovanja.gov.hr\/ECon\/MainScreen?entityId=30725\" target=\"_blank\" rel=\"noopener\"><span style=\"font-weight: 400;\">ve\u0159ejn\u00e1 konzultace<\/span><\/a><span style=\"font-weight: 400;\"> k n\u00e1vrhu na zaveden\u00ed spot\u0159ebn\u00ed dan\u011b ve v\u00fd\u0161i 0,20 EUR\/ml na e-liquidy \u2013 co\u017e by pro spot\u0159ebitele drasticky zv\u00fd\u0161ilo n\u00e1klady na vapov\u00e1n\u00ed. Stejn\u011b znepokojiv\u00e1 je skute\u010dnost, \u017ee lh\u016fta pro konzultace byla stanovena na pouh\u00fdch sedm dn\u00ed, co\u017e ob\u010dan\u016fm, zdravotnick\u00fdm odborn\u00edk\u016fm a spot\u0159ebitelsk\u00fdm organizac\u00edm d\u00e1v\u00e1 jen m\u00e1lo \u010dasu na reakci na opat\u0159en\u00ed, kter\u00e9 by mohlo m\u00edt z\u00e1sadn\u00ed d\u016fsledky pro ve\u0159ejn\u00e9 zdrav\u00ed.<\/span><\/p>\n<p><span style=\"font-weight: 400;\">Na Sv\u011btov\u00e9 alianci vaper\u016f (WVA) spolu s na\u0161\u00edm chorvatsk\u00fdm partnerem <\/span><a href=\"https:\/\/crohm.hr\/\" target=\"_blank\" rel=\"noopener\"><span style=\"font-weight: 400;\">CHROM<\/span><\/a><span style=\"font-weight: 400;\">, p\u0159edkl\u00e1d\u00e1me ofici\u00e1ln\u00ed odpov\u011b\u010f na konzultaci, ve kter\u00e9 nal\u00e9hav\u011b \u017e\u00e1d\u00e1me vl\u00e1du, aby st\u00e1hla navrhovanou da\u0148 a prodlou\u017eila konzulta\u010dn\u00ed obdob\u00ed s c\u00edlem zajistit demokratick\u00fd a na d\u016fkazech zalo\u017een\u00fd politick\u00fd proces.<\/span><\/p>\n<h4><b>Da\u0148, kter\u00e1 by vapery dotla\u010dila zp\u011bt ke kou\u0159en\u00ed<\/b><\/h4>\n<p><span style=\"font-weight: 400;\">V\u011bdeck\u00e9 d\u016fkazy jsou jasn\u00e9: <\/span><b>Vy\u0161\u0161\u00ed dan\u011b z vapingov\u00fdch produkt\u016f vedou k vy\u0161\u0161\u00ed m\u00ed\u0159e kou\u0159en\u00ed<\/b><span style=\"font-weight: 400;\">. N\u011bkolik studi\u00ed ukazuje, \u017ee kdy\u017e se vaping stane dra\u017e\u0161\u00edm nebo m\u00e9n\u011b dostupn\u00fdm, spot\u0159ebitel\u00e9 \u2013 zejm\u00e9na mlad\u00ed lid\u00e9 a skupiny s n\u00edzk\u00fdmi p\u0159\u00edjmy \u2013 s v\u011bt\u0161\u00ed pravd\u011bpodobnost\u00ed uchyluj\u00ed k ho\u0159lav\u00fdm cigaret\u00e1m. To zcela podkop\u00e1v\u00e1 c\u00edle ve\u0159ejn\u00e9ho zdrav\u00ed a zvrac\u00ed pokrok dosa\u017een\u00fd ve sni\u017eov\u00e1n\u00ed po\u010dtu nemoc\u00ed souvisej\u00edc\u00edch s kou\u0159en\u00edm.<\/span><\/p>\n<p><span style=\"font-weight: 400;\">Je prok\u00e1z\u00e1no, \u017ee vapov\u00e1n\u00ed je <\/span><a href=\"https:\/\/www.gov.uk\/government\/news\/e-cigarettes-around-95-less-harmful-than-tobacco-estimates-landmark-review\" target=\"_blank\" rel=\"noopener\"><b>alespo\u0148 95% m\u00e9n\u011b \u0161kodliv\u00fd<\/b><\/a><b> ne\u017e kou\u0159en\u00ed<\/b><span style=\"font-weight: 400;\">, a tak\u00e9 se uk\u00e1zalo, \u017ee je <\/span><a href=\"https:\/\/www.cochranelibrary.com\/cdsr\/doi\/10.1002\/14651858.CD010216.pub7\/full\" target=\"_blank\" rel=\"noopener\"><span style=\"font-weight: 400;\">efektivn\u011bj\u0161\u00ed<\/span><\/a><span style=\"font-weight: 400;\"> ne\u017e tradi\u010dn\u00ed nikotinov\u00e9 substitu\u010dn\u00ed terapie p\u0159i pomoci ku\u0159\u00e1k\u016fm p\u0159estat kou\u0159it. Zda\u0148ov\u00e1n\u00ed t\u011bchto produkt\u016f, jako by byly stejn\u011b nebezpe\u010dn\u00e9, nejen zkresluje v\u011bdeck\u00e9 poznatky, ale aktivn\u011b po\u0161kozuje i lidi, kter\u00fdm by tato opat\u0159en\u00ed m\u011bla pom\u00e1hat.<\/span><\/p>\n<h4><b>Trest\u00e1n\u00ed chud\u00fdch a prohlubov\u00e1n\u00ed nerovnosti<\/b><\/h4>\n<p><span style=\"font-weight: 400;\">Tato da\u0148 je tak\u00e9 hluboce regresivn\u00ed. Ne\u00fam\u011brn\u011b by se dotkla lid\u00ed s n\u00edzk\u00fdmi p\u0159\u00edjmy, kte\u0159\u00ed tvo\u0159\u00ed v\u011bt\u0161inu ku\u0159\u00e1k\u016f a spol\u00e9haj\u00ed se na cenov\u011b dostupn\u00e9 mo\u017enosti p\u0159echodu na bezpe\u010dn\u011bj\u0161\u00ed alternativy. Zvy\u0161ov\u00e1n\u00ed cen vapingov\u00fdch produkt\u016f b\u011bhem krize \u017eivotn\u00edch n\u00e1klad\u016f nen\u00ed jen nespravedliv\u00e9 \u2013 je to i nebezpe\u010dn\u00e9. Uv\u011bz\u0148uje nejzraniteln\u011bj\u0161\u00ed osoby kou\u0159en\u00edm, kter\u00e9 je hlavn\u00ed p\u0159\u00ed\u010dinou \u00famrt\u00ed, kter\u00e9 lze v Chorvatsku a v cel\u00e9 Evrop\u011b p\u0159edej\u00edt.<\/span><\/p>\n<h4><b>Existuje lep\u0161\u00ed cesta: Pod\u00edvejte se do jin\u00fdch zem\u00ed EU<\/b><\/h4>\n<p><span style=\"font-weight: 400;\">Zem\u011b jako <\/span><b>\u0160v\u00e9dsko, \u0158ecko a \u010cesk\u00e1 republika<\/b><span style=\"font-weight: 400;\"> ukazuj\u00ed, co <\/span><a href=\"https:\/\/worldvapersalliance.com\/wp-content\/uploads\/2025\/06\/Champions-of-Change-Harm-Reduction-Victory.pdf\" target=\"_blank\" rel=\"noopener\"><span style=\"font-weight: 400;\">chyt\u0159ej\u0161\u00ed p\u0159\u00edstup<\/span><\/a><span style=\"font-weight: 400;\"> vypad\u00e1 to. Nap\u0159\u00edklad \u0160v\u00e9dsko je na cest\u011b st\u00e1t se prvn\u00ed zem\u00ed EU bez kou\u0159en\u00ed, a to z velk\u00e9 \u010d\u00e1sti d\u00edky podpo\u0159e bezpe\u010dn\u011bj\u0161\u00edch alternativ nikotinu a <\/span><b>syst\u00e9m zdan\u011bn\u00ed zalo\u017een\u00fd na riziku<\/b><span style=\"font-weight: 400;\"> d\u00edky \u010demu\u017e jsou tyto produkty cenov\u011b dostupn\u00e9. \u0158ecko i \u010cesk\u00e1 republika za\u010dlenily sni\u017eov\u00e1n\u00ed \u0161kod do sv\u00fdch n\u00e1rodn\u00edch strategi\u00ed boje proti kou\u0159en\u00ed a vyj\u00e1d\u0159ily obavy z nadm\u011brn\u00e9 regulace vapingu ze strany EU.<\/span><\/p>\n<p><span style=\"font-weight: 400;\">M\u00edsto trest\u00e1n\u00ed sni\u017eov\u00e1n\u00ed \u0161kod tyto zem\u011b toto sni\u017eov\u00e1n\u00ed p\u0159ij\u00edmaj\u00ed \u2013 a m\u00edra kou\u0159en\u00ed v nich rychle kles\u00e1.<\/span><\/p>\n<h4><b>I na procesu z\u00e1le\u017e\u00ed<\/b><\/h4>\n<p><span style=\"font-weight: 400;\">Krom\u011b chybn\u00e9ho n\u00e1vrhu politiky, <\/span><b>Sedmidenn\u00ed konzulta\u010dn\u00ed lh\u016fta je nep\u0159ijateln\u00e1<\/b><span style=\"font-weight: 400;\">. Rozhodnut\u00ed s takov\u00fdm dopadem na zdrav\u00ed a pr\u00e1va spot\u0159ebitel\u016f si zaslou\u017e\u00ed smyslupln\u00fd ve\u0159ejn\u00fd vstup. Usp\u011bchan\u00fdm procesem vl\u00e1da up\u00edr\u00e1 ob\u010dan\u016fm hlas a podkop\u00e1v\u00e1 transparentnost.<\/span><\/p>\n<h4><b>WVA a CHROM: Zastupujeme pr\u00e1va vaper\u016f \u2013 a vy to dok\u00e1\u017eete taky<\/b><\/h4>\n<p><span style=\"font-weight: 400;\">Sv\u011btov\u00e1 aliance vaper\u016f a CHROM vyz\u00fdvaj\u00ed chorvatskou vl\u00e1du, aby:<\/span><\/p>\n<ul>\n<li style=\"font-weight: 400;\" aria-level=\"1\"><span style=\"font-weight: 400;\">Zam\u00edtnout n\u00e1vrh spot\u0159ebn\u00ed dan\u011b<\/span><\/li>\n<li style=\"font-weight: 400;\" aria-level=\"1\"><span style=\"font-weight: 400;\">Prodlou\u017eit obdob\u00ed ve\u0159ejn\u00e9 konzultace<\/span><\/li>\n<li style=\"font-weight: 400;\" aria-level=\"1\"><span style=\"font-weight: 400;\">Zajist\u011bte p\u0159\u00edstup ku\u0159\u00e1k\u016f k bezpe\u010dn\u011bj\u0161\u00edm alternativ\u00e1m<\/span><\/li>\n<li style=\"font-weight: 400;\" aria-level=\"1\"><span style=\"font-weight: 400;\">P\u0159ijm\u011bte v\u011bdecky podlo\u017een\u00fd da\u0148ov\u00fd syst\u00e9m \u00fam\u011brn\u00fd rizik\u016fm<\/span><\/li>\n<\/ul>\n<p><span style=\"font-weight: 400;\">Chorvatsko m\u00e1 \u0161anci n\u00e1sledovat p\u0159\u00edklad zem\u00ed, kter\u00e9 \u00fasp\u011b\u0161n\u011b omezuj\u00ed kou\u0159en\u00ed. To se ale stane pouze tehdy, pokud jeho p\u0159edstavitel\u00e9 naslouchaj\u00ed d\u016fkaz\u016fm \u2013 a lidem.<\/span><\/p>\n<p><span style=\"font-weight: 400;\">Proto vyz\u00fdv\u00e1me v\u0161echny chorvatsk\u00e9 vapery, ku\u0159\u00e1ky a zast\u00e1nce sni\u017eov\u00e1n\u00ed \u0161kod, aby se zapojili do akce. Pokud jste chorvatsk\u00fd vaper, za\u0161lete sv\u00e9 koment\u00e1\u0159e na <\/span><a href=\"https:\/\/esavjetovanja.gov.hr\/ECon\/MainScreen?entityId=30725\" target=\"_blank\" rel=\"noopener\"><span style=\"font-weight: 400;\">ve\u0159ejn\u00e1 konzultace<\/span><\/a><span style=\"font-weight: 400;\"> a pozvedn\u011bte sv\u016fj hlas proti politik\u00e1m, kter\u00e9 trestaj\u00ed ty, kte\u0159\u00ed se sna\u017e\u00ed d\u011blat zdrav\u011bj\u0161\u00ed volby. Pokud nejste, ale zn\u00e1te n\u011bkoho, kdo ano, sd\u00edlejte s n\u00edm tento blogov\u00fd p\u0159\u00edsp\u011bvek a po\u017e\u00e1dejte ho, aby h\u00e1jil jeho pr\u00e1va.<\/span><\/p>\n<p><span style=\"font-weight: 400;\">M\u016f\u017eete si tak\u00e9 prohl\u00e9dnout <a href=\"https:\/\/worldvapersalliance.com\/wp-content\/uploads\/2025\/06\/Croatia-Excise-Tax-Consultation.pdf\" target=\"_blank\" rel=\"noopener\">n\u00e1\u0161 p\u0159\u00edsp\u011bvek ke konzultaci<\/a> abyste l\u00e9pe pochopili \u0161kodliv\u00fd dopad t\u00e9to dan\u011b \u2013 a abyste ve sv\u00e9m vlastn\u00edm pod\u00e1n\u00ed zopakovali na\u0161e kl\u00ed\u010dov\u00e9 argumenty a d\u016fkazy.<\/span><\/p>\n<p><span style=\"font-weight: 400;\">Spole\u010dn\u011b m\u016f\u017eeme chr\u00e1nit pr\u00e1va na vaping, podpo\u0159it ve\u0159ejn\u00e9 zdrav\u00ed a zabr\u00e1nit tomu, aby se tato \u0161kodliv\u00e1 da\u0148 stala z\u00e1konem.<\/span><\/p>","protected":false},"excerpt":{"rendered":"<p>The Croatian government has launched a public consultation on a proposal to impose an excise tax of \u20ac0.20\/ml on e-liquids\u2014a move that would drastically raise the cost of vaping for consumers. Equally troubling is the fact that the consultation period has been set at just seven days, giving citizens, health experts, and consumer organisations little [&hellip;]<\/p>\n","protected":false},"author":14,"featured_media":6303,"comment_status":"open","ping_status":"open","sticky":false,"template":"","format":"standard","meta":{"footnotes":""},"categories":[17],"tags":[],"class_list":["post-6301","post","type-post","status-publish","format-standard","has-post-thumbnail","hentry","category-blog"],"yoast_head":"<!-- This site is optimized with the Yoast SEO plugin v27.3 - https:\/\/yoast.com\/product\/yoast-seo-wordpress\/ -->\n<title>Croatia\u2019s Proposed Vaping Tax Threatens Public Health and Vapers\u2019 Rights - World Vapers&#039; Alliance<\/title>\n<meta name=\"description\" content=\"The Croatian government has launched a public consultation on a proposal to impose an excise tax of \u20ac0.20\/ml on e-liquids.\" \/>\n<meta name=\"robots\" content=\"index, follow, max-snippet:-1, max-image-preview:large, max-video-preview:-1\" \/>\n<link rel=\"canonical\" href=\"https:\/\/worldvapersalliance.com\/cs\/croatias-proposed-vaping-tax-threatens-public-health-and-vapers-rights\/\" \/>\n<meta property=\"og:locale\" content=\"cs_CZ\" \/>\n<meta property=\"og:type\" content=\"article\" \/>\n<meta property=\"og:title\" content=\"Croatia\u2019s Proposed Vaping Tax Threatens Public Health and Vapers\u2019 Rights - World Vapers&#039; Alliance\" \/>\n<meta property=\"og:description\" content=\"The Croatian government has launched a public consultation on a proposal to impose an excise tax of \u20ac0.20\/ml on e-liquids.\" \/>\n<meta property=\"og:url\" content=\"https:\/\/worldvapersalliance.com\/cs\/croatias-proposed-vaping-tax-threatens-public-health-and-vapers-rights\/\" \/>\n<meta property=\"og:site_name\" content=\"World Vapers&#039; Alliance\" \/>\n<meta property=\"article:published_time\" content=\"2025-06-17T06:33:44+00:00\" \/>\n<meta property=\"article:modified_time\" content=\"2025-06-17T06:34:13+00:00\" \/>\n<meta property=\"og:image\" content=\"https:\/\/worldvapersalliance.com\/wp-content\/uploads\/2025\/06\/vaping-blog-image-1024x945.png\" \/>\n\t<meta property=\"og:image:width\" content=\"1024\" \/>\n\t<meta property=\"og:image:height\" content=\"945\" \/>\n\t<meta property=\"og:image:type\" content=\"image\/png\" \/>\n<meta name=\"author\" content=\"Alberto Hernandez\" \/>\n<meta name=\"twitter:card\" content=\"summary_large_image\" \/>\n<meta name=\"twitter:label1\" content=\"Napsal(a)\" \/>\n\t<meta name=\"twitter:data1\" content=\"Alberto Hernandez\" \/>\n\t<meta name=\"twitter:label2\" content=\"Odhadovan\u00e1 doba \u010dten\u00ed\" \/>\n\t<meta name=\"twitter:data2\" content=\"4 minuty\" \/>\n<script type=\"application\/ld+json\" class=\"yoast-schema-graph\">{\"@context\":\"https:\\\/\\\/schema.org\",\"@graph\":[{\"@type\":\"Article\",\"@id\":\"https:\\\/\\\/worldvapersalliance.com\\\/croatias-proposed-vaping-tax-threatens-public-health-and-vapers-rights\\\/#article\",\"isPartOf\":{\"@id\":\"https:\\\/\\\/worldvapersalliance.com\\\/croatias-proposed-vaping-tax-threatens-public-health-and-vapers-rights\\\/\"},\"author\":{\"name\":\"Alberto Hernandez\",\"@id\":\"https:\\\/\\\/worldvapersalliance.com\\\/#\\\/schema\\\/person\\\/9b81eefe507e68fb5ab671aa0ab2bfb6\"},\"headline\":\"Croatia\u2019s Proposed Vaping Tax Threatens Public Health and Vapers\u2019 Right &hellip;\",\"datePublished\":\"2025-06-17T06:33:44+00:00\",\"dateModified\":\"2025-06-17T06:34:13+00:00\",\"mainEntityOfPage\":{\"@id\":\"https:\\\/\\\/worldvapersalliance.com\\\/croatias-proposed-vaping-tax-threatens-public-health-and-vapers-rights\\\/\"},\"wordCount\":657,\"commentCount\":0,\"publisher\":{\"@id\":\"https:\\\/\\\/worldvapersalliance.com\\\/#organization\"},\"image\":{\"@id\":\"https:\\\/\\\/worldvapersalliance.com\\\/croatias-proposed-vaping-tax-threatens-public-health-and-vapers-rights\\\/#primaryimage\"},\"thumbnailUrl\":\"https:\\\/\\\/worldvapersalliance.com\\\/wp-content\\\/uploads\\\/2025\\\/06\\\/vaping-blog-image.png\",\"articleSection\":[\"Blog\"],\"inLanguage\":\"cs\",\"potentialAction\":[{\"@type\":\"CommentAction\",\"name\":\"Comment\",\"target\":[\"https:\\\/\\\/worldvapersalliance.com\\\/croatias-proposed-vaping-tax-threatens-public-health-and-vapers-rights\\\/#respond\"]}]},{\"@type\":\"WebPage\",\"@id\":\"https:\\\/\\\/worldvapersalliance.com\\\/croatias-proposed-vaping-tax-threatens-public-health-and-vapers-rights\\\/\",\"url\":\"https:\\\/\\\/worldvapersalliance.com\\\/croatias-proposed-vaping-tax-threatens-public-health-and-vapers-rights\\\/\",\"name\":\"Croatia\u2019s Proposed Vaping Tax Threatens Public Health and Vapers\u2019 Rights - World Vapers&#039; Alliance\",\"isPartOf\":{\"@id\":\"https:\\\/\\\/worldvapersalliance.com\\\/#website\"},\"primaryImageOfPage\":{\"@id\":\"https:\\\/\\\/worldvapersalliance.com\\\/croatias-proposed-vaping-tax-threatens-public-health-and-vapers-rights\\\/#primaryimage\"},\"image\":{\"@id\":\"https:\\\/\\\/worldvapersalliance.com\\\/croatias-proposed-vaping-tax-threatens-public-health-and-vapers-rights\\\/#primaryimage\"},\"thumbnailUrl\":\"https:\\\/\\\/worldvapersalliance.com\\\/wp-content\\\/uploads\\\/2025\\\/06\\\/vaping-blog-image.png\",\"datePublished\":\"2025-06-17T06:33:44+00:00\",\"dateModified\":\"2025-06-17T06:34:13+00:00\",\"description\":\"The Croatian government has launched a public consultation on a proposal to impose an excise tax of \u20ac0.20\\\/ml on e-liquids.\",\"inLanguage\":\"cs\",\"potentialAction\":[{\"@type\":\"ReadAction\",\"target\":[\"https:\\\/\\\/worldvapersalliance.com\\\/croatias-proposed-vaping-tax-threatens-public-health-and-vapers-rights\\\/\"]}]},{\"@type\":\"ImageObject\",\"inLanguage\":\"cs\",\"@id\":\"https:\\\/\\\/worldvapersalliance.com\\\/croatias-proposed-vaping-tax-threatens-public-health-and-vapers-rights\\\/#primaryimage\",\"url\":\"https:\\\/\\\/worldvapersalliance.com\\\/wp-content\\\/uploads\\\/2025\\\/06\\\/vaping-blog-image.png\",\"contentUrl\":\"https:\\\/\\\/worldvapersalliance.com\\\/wp-content\\\/uploads\\\/2025\\\/06\\\/vaping-blog-image.png\",\"width\":2081,\"height\":1920},{\"@type\":\"WebSite\",\"@id\":\"https:\\\/\\\/worldvapersalliance.com\\\/#website\",\"url\":\"https:\\\/\\\/worldvapersalliance.com\\\/\",\"name\":\"World Vapers&#039; Alliance\",\"description\":\"The largest community of vapers\",\"publisher\":{\"@id\":\"https:\\\/\\\/worldvapersalliance.com\\\/#organization\"},\"potentialAction\":[{\"@type\":\"SearchAction\",\"target\":{\"@type\":\"EntryPoint\",\"urlTemplate\":\"https:\\\/\\\/worldvapersalliance.com\\\/?s={search_term_string}\"},\"query-input\":{\"@type\":\"PropertyValueSpecification\",\"valueRequired\":true,\"valueName\":\"search_term_string\"}}],\"inLanguage\":\"cs\"},{\"@type\":\"Organization\",\"@id\":\"https:\\\/\\\/worldvapersalliance.com\\\/#organization\",\"name\":\"World Vapers&#039; Alliance\",\"url\":\"https:\\\/\\\/worldvapersalliance.com\\\/\",\"logo\":{\"@type\":\"ImageObject\",\"inLanguage\":\"cs\",\"@id\":\"https:\\\/\\\/worldvapersalliance.com\\\/#\\\/schema\\\/logo\\\/image\\\/\",\"url\":\"https:\\\/\\\/worldvapersalliance.com\\\/wp-content\\\/uploads\\\/2022\\\/01\\\/WVA_RB_Fist_G.png\",\"contentUrl\":\"https:\\\/\\\/worldvapersalliance.com\\\/wp-content\\\/uploads\\\/2022\\\/01\\\/WVA_RB_Fist_G.png\",\"width\":985,\"height\":1177,\"caption\":\"World Vapers&#039; Alliance\"},\"image\":{\"@id\":\"https:\\\/\\\/worldvapersalliance.com\\\/#\\\/schema\\\/logo\\\/image\\\/\"}},{\"@type\":\"Person\",\"@id\":\"https:\\\/\\\/worldvapersalliance.com\\\/#\\\/schema\\\/person\\\/9b81eefe507e68fb5ab671aa0ab2bfb6\",\"name\":\"Alberto Hernandez\",\"image\":{\"@type\":\"ImageObject\",\"inLanguage\":\"cs\",\"@id\":\"https:\\\/\\\/secure.gravatar.com\\\/avatar\\\/124dc1dd8c5f9c9f352af940db00418f1add423008d32a51d5497b5de2c9ff35?s=96&d=mm&r=g\",\"url\":\"https:\\\/\\\/secure.gravatar.com\\\/avatar\\\/124dc1dd8c5f9c9f352af940db00418f1add423008d32a51d5497b5de2c9ff35?s=96&d=mm&r=g\",\"contentUrl\":\"https:\\\/\\\/secure.gravatar.com\\\/avatar\\\/124dc1dd8c5f9c9f352af940db00418f1add423008d32a51d5497b5de2c9ff35?s=96&d=mm&r=g\",\"caption\":\"Alberto Hernandez\"},\"url\":\"https:\\\/\\\/worldvapersalliance.com\\\/cs\\\/author\\\/alberto\\\/\"}]}<\/script>\n<!-- \/ Yoast SEO plugin. -->","yoast_head_json":{"title":"Navrhovan\u00e1 da\u0148 z vapingu v Chorvatsku ohro\u017euje ve\u0159ejn\u00e9 zdrav\u00ed a pr\u00e1va vaper\u016f - Sv\u011btov\u00e1 aliance vaper\u016f","description":"Chorvatsk\u00e1 vl\u00e1da zah\u00e1jila ve\u0159ejnou konzultaci k n\u00e1vrhu na zaveden\u00ed spot\u0159ebn\u00ed dan\u011b ve v\u00fd\u0161i 0,20 eura\/ml na e-liquidy.","robots":{"index":"index","follow":"follow","max-snippet":"max-snippet:-1","max-image-preview":"max-image-preview:large","max-video-preview":"max-video-preview:-1"},"canonical":"https:\/\/worldvapersalliance.com\/cs\/croatias-proposed-vaping-tax-threatens-public-health-and-vapers-rights\/","og_locale":"cs_CZ","og_type":"article","og_title":"Croatia\u2019s Proposed Vaping Tax Threatens Public Health and Vapers\u2019 Rights - World Vapers&#039; Alliance","og_description":"The Croatian government has launched a public consultation on a proposal to impose an excise tax of \u20ac0.20\/ml on e-liquids.","og_url":"https:\/\/worldvapersalliance.com\/cs\/croatias-proposed-vaping-tax-threatens-public-health-and-vapers-rights\/","og_site_name":"World Vapers&#039; Alliance","article_published_time":"2025-06-17T06:33:44+00:00","article_modified_time":"2025-06-17T06:34:13+00:00","og_image":[{"width":1024,"height":945,"url":"https:\/\/worldvapersalliance.com\/wp-content\/uploads\/2025\/06\/vaping-blog-image-1024x945.png","type":"image\/png"}],"author":"Alberto Hernandez","twitter_card":"summary_large_image","twitter_misc":{"Napsal(a)":"Alberto Hernandez","Odhadovan\u00e1 doba \u010dten\u00ed":"4 minuty"},"schema":{"@context":"https:\/\/schema.org","@graph":[{"@type":"Article","@id":"https:\/\/worldvapersalliance.com\/croatias-proposed-vaping-tax-threatens-public-health-and-vapers-rights\/#article","isPartOf":{"@id":"https:\/\/worldvapersalliance.com\/croatias-proposed-vaping-tax-threatens-public-health-and-vapers-rights\/"},"author":{"name":"Alberto Hernandez","@id":"https:\/\/worldvapersalliance.com\/#\/schema\/person\/9b81eefe507e68fb5ab671aa0ab2bfb6"},"headline":"Croatia\u2019s Proposed Vaping Tax Threatens Public Health and Vapers\u2019 Right &hellip;","datePublished":"2025-06-17T06:33:44+00:00","dateModified":"2025-06-17T06:34:13+00:00","mainEntityOfPage":{"@id":"https:\/\/worldvapersalliance.com\/croatias-proposed-vaping-tax-threatens-public-health-and-vapers-rights\/"},"wordCount":657,"commentCount":0,"publisher":{"@id":"https:\/\/worldvapersalliance.com\/#organization"},"image":{"@id":"https:\/\/worldvapersalliance.com\/croatias-proposed-vaping-tax-threatens-public-health-and-vapers-rights\/#primaryimage"},"thumbnailUrl":"https:\/\/worldvapersalliance.com\/wp-content\/uploads\/2025\/06\/vaping-blog-image.png","articleSection":["Blog"],"inLanguage":"cs","potentialAction":[{"@type":"CommentAction","name":"Comment","target":["https:\/\/worldvapersalliance.com\/croatias-proposed-vaping-tax-threatens-public-health-and-vapers-rights\/#respond"]}]},{"@type":"WebPage","@id":"https:\/\/worldvapersalliance.com\/croatias-proposed-vaping-tax-threatens-public-health-and-vapers-rights\/","url":"https:\/\/worldvapersalliance.com\/croatias-proposed-vaping-tax-threatens-public-health-and-vapers-rights\/","name":"Navrhovan\u00e1 da\u0148 z vapingu v Chorvatsku ohro\u017euje ve\u0159ejn\u00e9 zdrav\u00ed a pr\u00e1va vaper\u016f - Sv\u011btov\u00e1 aliance vaper\u016f","isPartOf":{"@id":"https:\/\/worldvapersalliance.com\/#website"},"primaryImageOfPage":{"@id":"https:\/\/worldvapersalliance.com\/croatias-proposed-vaping-tax-threatens-public-health-and-vapers-rights\/#primaryimage"},"image":{"@id":"https:\/\/worldvapersalliance.com\/croatias-proposed-vaping-tax-threatens-public-health-and-vapers-rights\/#primaryimage"},"thumbnailUrl":"https:\/\/worldvapersalliance.com\/wp-content\/uploads\/2025\/06\/vaping-blog-image.png","datePublished":"2025-06-17T06:33:44+00:00","dateModified":"2025-06-17T06:34:13+00:00","description":"Chorvatsk\u00e1 vl\u00e1da zah\u00e1jila ve\u0159ejnou konzultaci k n\u00e1vrhu na zaveden\u00ed spot\u0159ebn\u00ed dan\u011b ve v\u00fd\u0161i 0,20 eura\/ml na e-liquidy.","inLanguage":"cs","potentialAction":[{"@type":"ReadAction","target":["https:\/\/worldvapersalliance.com\/croatias-proposed-vaping-tax-threatens-public-health-and-vapers-rights\/"]}]},{"@type":"ImageObject","inLanguage":"cs","@id":"https:\/\/worldvapersalliance.com\/croatias-proposed-vaping-tax-threatens-public-health-and-vapers-rights\/#primaryimage","url":"https:\/\/worldvapersalliance.com\/wp-content\/uploads\/2025\/06\/vaping-blog-image.png","contentUrl":"https:\/\/worldvapersalliance.com\/wp-content\/uploads\/2025\/06\/vaping-blog-image.png","width":2081,"height":1920},{"@type":"WebSite","@id":"https:\/\/worldvapersalliance.com\/#website","url":"https:\/\/worldvapersalliance.com\/","name":"World Vapers&#039; Alliance","description":"Nejv\u011bt\u0161\u00ed komunita vaper\u016f","publisher":{"@id":"https:\/\/worldvapersalliance.com\/#organization"},"potentialAction":[{"@type":"SearchAction","target":{"@type":"EntryPoint","urlTemplate":"https:\/\/worldvapersalliance.com\/?s={search_term_string}"},"query-input":{"@type":"PropertyValueSpecification","valueRequired":true,"valueName":"search_term_string"}}],"inLanguage":"cs"},{"@type":"Organization","@id":"https:\/\/worldvapersalliance.com\/#organization","name":"World Vapers&#039; Alliance","url":"https:\/\/worldvapersalliance.com\/","logo":{"@type":"ImageObject","inLanguage":"cs","@id":"https:\/\/worldvapersalliance.com\/#\/schema\/logo\/image\/","url":"https:\/\/worldvapersalliance.com\/wp-content\/uploads\/2022\/01\/WVA_RB_Fist_G.png","contentUrl":"https:\/\/worldvapersalliance.com\/wp-content\/uploads\/2022\/01\/WVA_RB_Fist_G.png","width":985,"height":1177,"caption":"World Vapers&#039; Alliance"},"image":{"@id":"https:\/\/worldvapersalliance.com\/#\/schema\/logo\/image\/"}},{"@type":"Person","@id":"https:\/\/worldvapersalliance.com\/#\/schema\/person\/9b81eefe507e68fb5ab671aa0ab2bfb6","name":"Alberto Hernandez","image":{"@type":"ImageObject","inLanguage":"cs","@id":"https:\/\/secure.gravatar.com\/avatar\/124dc1dd8c5f9c9f352af940db00418f1add423008d32a51d5497b5de2c9ff35?s=96&d=mm&r=g","url":"https:\/\/secure.gravatar.com\/avatar\/124dc1dd8c5f9c9f352af940db00418f1add423008d32a51d5497b5de2c9ff35?s=96&d=mm&r=g","contentUrl":"https:\/\/secure.gravatar.com\/avatar\/124dc1dd8c5f9c9f352af940db00418f1add423008d32a51d5497b5de2c9ff35?s=96&d=mm&r=g","caption":"Alberto Hernandez"},"url":"https:\/\/worldvapersalliance.com\/cs\/author\/alberto\/"}]}},"_links":{"self":[{"href":"https:\/\/worldvapersalliance.com\/cs\/wp-json\/wp\/v2\/posts\/6301","targetHints":{"allow":["GET"]}}],"collection":[{"href":"https:\/\/worldvapersalliance.com\/cs\/wp-json\/wp\/v2\/posts"}],"about":[{"href":"https:\/\/worldvapersalliance.com\/cs\/wp-json\/wp\/v2\/types\/post"}],"author":[{"embeddable":true,"href":"https:\/\/worldvapersalliance.com\/cs\/wp-json\/wp\/v2\/users\/14"}],"replies":[{"embeddable":true,"href":"https:\/\/worldvapersalliance.com\/cs\/wp-json\/wp\/v2\/comments?post=6301"}],"version-history":[{"count":0,"href":"https:\/\/worldvapersalliance.com\/cs\/wp-json\/wp\/v2\/posts\/6301\/revisions"}],"wp:featuredmedia":[{"embeddable":true,"href":"https:\/\/worldvapersalliance.com\/cs\/wp-json\/wp\/v2\/media\/6303"}],"wp:attachment":[{"href":"https:\/\/worldvapersalliance.com\/cs\/wp-json\/wp\/v2\/media?parent=6301"}],"wp:term":[{"taxonomy":"category","embeddable":true,"href":"https:\/\/worldvapersalliance.com\/cs\/wp-json\/wp\/v2\/categories?post=6301"},{"taxonomy":"post_tag","embeddable":true,"href":"https:\/\/worldvapersalliance.com\/cs\/wp-json\/wp\/v2\/tags?post=6301"}],"curies":[{"name":"wp","href":"https:\/\/api.w.org\/{rel}","templated":true}]}}