{"id":5683,"date":"2024-06-12T07:36:08","date_gmt":"2024-06-12T11:36:08","guid":{"rendered":"https:\/\/worldvapersalliance.com\/?p=5683"},"modified":"2024-06-21T07:37:03","modified_gmt":"2024-06-21T11:37:03","slug":"ending-the-vaping-misperception-epidemic-for-the-sake-of-public-health","status":"publish","type":"post","link":"https:\/\/worldvapersalliance.com\/cs\/ending-the-vaping-misperception-epidemic-for-the-sake-of-public-health\/","title":{"rendered":"Ukon\u010den\u00ed epidemie myln\u00fdch p\u0159edstav o vapingu v z\u00e1jmu ve\u0159ejn\u00e9ho zdrav\u00ed"},"content":{"rendered":"<p>Je vapov\u00e1n\u00ed v\u00edce \u010di m\u00e9n\u011b \u0161kodliv\u00e9 ne\u017e kou\u0159en\u00ed a m\u016f\u017ee p\u0159isp\u011bt ke zlep\u0161en\u00ed ve\u0159ejn\u00e9ho zdrav\u00ed? Navzdory zd\u00e1nliv\u00e9 jednoduchosti tato ot\u00e1zka rozd\u011bluje parlamenty, novin\u00e1\u0159e a aktivisty za kontrolu tab\u00e1ku, i kdy\u017e odpov\u011b\u010f je p\u0159\u00edmo\u010dar\u00e1: vapov\u00e1n\u00ed je m\u00e9n\u011b \u0161kodliv\u00e9 ne\u017e kou\u0159en\u00ed a p\u0159edstavuje z\u00e1sadn\u00ed zm\u011bnu v oblasti ve\u0159ejn\u00e9ho zdrav\u00ed.<\/p>\n<h4><strong>Epidemie myln\u00e9ho vn\u00edm\u00e1n\u00ed<\/strong><\/h4>\n<p>Podle <a href=\"https:\/\/weareinnovation.global\/opinion-poll-innovation-under-fire-a-global-alert-on-the-misperception-epidemic-in-vaping-views\/\">v\u00fdzkum<\/a> Pr\u016fzkum, kter\u00fd provedla agentura Ipsos pro think tank \u201cWe Are Innovation\u201d, ukazuje ohromuj\u00edc\u00ed po\u010det ku\u0159\u00e1k\u016f z cel\u00e9ho sv\u011bta, kte\u0159\u00ed se myln\u011b domn\u00edvaj\u00ed, \u017ee vapov\u00e1n\u00ed je stejn\u011b \u0161kodliv\u00e9 nebo \u0161kodliv\u011bj\u0161\u00ed ne\u017e kou\u0159en\u00ed. Toto roz\u0161\u00ed\u0159en\u00e9 nedorozum\u011bn\u00ed, \u017eiven\u00e9 dezinformacemi, potenci\u00e1ln\u011b br\u00e1n\u00ed milion\u016fm lid\u00ed v p\u0159echodu na bezpe\u010dn\u011bj\u0161\u00ed alternativu, jako je vapov\u00e1n\u00ed. Ned\u00e1vn\u00fd pr\u016fzkum ve Spojen\u00e9m kr\u00e1lovstv\u00ed... <a href=\"https:\/\/www.bi.team\/blogs\/how-media-coverage-of-vaping-restrictions-might-influence-public-perceptions-insights-from-a-new-study\/\">studie<\/a> to podporuje a poznamen\u00e1v\u00e1, \u017ee \u201cvn\u00edm\u00e1n\u00ed \u0161kodlivosti p\u0159edpov\u00edd\u00e1 n\u00e1sledn\u00e9 chov\u00e1n\u00ed spojen\u00e9 s vapov\u00e1n\u00edm a kou\u0159en\u00edm\u201d.\u201d<\/p>\n<p>Vzhledem k tomu, \u017ee p\u0159esn\u00e9 informace jsou z\u00e1kladem \u00fa\u010dinn\u00e9 politiky ve\u0159ejn\u00e9ho zdrav\u00ed, je nezbytn\u00e9, aby ku\u0159\u00e1ci m\u011bli p\u0159\u00edstup k pravd\u011b o bezpe\u010dn\u011bj\u0161\u00edch alternativ\u00e1ch. Bohu\u017eel mnoho takzvan\u00fdch zdravotnick\u00fdch organizac\u00ed <a href=\"https:\/\/www.clearingtheair.eu\/post\/calling-out-fake-news-prohibitionists-getting-owned-by-community-notes\">p\u0159isp\u00edvat k \u0161\u00ed\u0159en\u00ed dezinformac\u00ed<\/a>. Tyto organizace, v\u010detn\u011b Sv\u011btov\u00e9 zdravotnick\u00e9 organizace (WHO), tuto epidemii myln\u00fdch p\u0159edstav udr\u017euj\u00ed zav\u00e1d\u011bj\u00edc\u00edmi prohl\u00e1\u0161en\u00edmi. Jen za posledn\u00edch \u0161est m\u011bs\u00edc\u016f WHO \u0161\u00ed\u0159ila zav\u00e1d\u011bj\u00edc\u00ed informace o vapingu a nikotinu v\u00edce ne\u017e desetkr\u00e1t, v\u010detn\u011b nepodlo\u017een\u00fdch tvrzen\u00ed, \u017ee vaping zp\u016fsobuje rakovinu a \u017ee vaporiz\u00e9ry \u010dasto obsahuj\u00ed v\u00edce toxick\u00fdch l\u00e1tek ne\u017e cigarety.<\/p>\n<p>Myln\u00e9 zam\u011b\u0159en\u00ed WHO na vaping a dal\u0161\u00ed bezpe\u010dn\u011bj\u0161\u00ed nikotinov\u00e9 produkty nam\u00edsto skute\u010dn\u00e9 hrozby \u2013 kou\u0159en\u00ed \u2013 br\u00e1n\u00ed ku\u0159\u00e1k\u016fm v p\u0159echodu na zdrav\u011bj\u0161\u00ed cigarety. To nen\u00ed jen zav\u00e1d\u011bj\u00edc\u00ed, je to nebezpe\u010dn\u00e9.<\/p>\n<p>P\u0159e\u010dt\u011bte si cel\u00fd text <a href=\"https:\/\/www.brusselsreport.eu\/2024\/06\/12\/ending-the-vaping-misperception-epidemic-for-the-sake-of-public-health\/\" target=\"_blank\" rel=\"noopener\">zde<\/a><\/p>","protected":false},"excerpt":{"rendered":"<p>Is vaping more or less harmful than smoking, and can it contribute to improved public health? Despite its apparent simplicity, this question divides parliaments, journalists, and tobacco control activists, even though the answer is straightforward: vaping is less harmful than smoking and represents a game changer for public health. The Misperception Epidemic According to research [&hellip;]<\/p>\n","protected":false},"author":11,"featured_media":6394,"comment_status":"open","ping_status":"open","sticky":false,"template":"","format":"standard","meta":{"footnotes":""},"categories":[15],"tags":[],"class_list":["post-5683","post","type-post","status-publish","format-standard","has-post-thumbnail","hentry","category-wva-in-the-news"],"yoast_head":"<!-- This site is optimized with the Yoast SEO plugin v27.3 - https:\/\/yoast.com\/product\/yoast-seo-wordpress\/ -->\n<title>Ending the vaping misperception epidemic for the sake of public health - World Vapers&#039; Alliance<\/title>\n<meta name=\"robots\" content=\"index, follow, max-snippet:-1, max-image-preview:large, max-video-preview:-1\" \/>\n<link rel=\"canonical\" href=\"https:\/\/worldvapersalliance.com\/cs\/ending-the-vaping-misperception-epidemic-for-the-sake-of-public-health\/\" \/>\n<meta property=\"og:locale\" content=\"cs_CZ\" \/>\n<meta property=\"og:type\" content=\"article\" \/>\n<meta property=\"og:title\" content=\"Ending the vaping misperception epidemic for the sake of public health - World Vapers&#039; Alliance\" \/>\n<meta property=\"og:description\" content=\"Is vaping more or less harmful than smoking, and can it contribute to improved public health? Despite its apparent simplicity, this question divides parliaments, journalists, and tobacco control activists, even though the answer is straightforward: vaping is less harmful than smoking and represents a game changer for public health. The Misperception Epidemic According to research [&hellip;]\" \/>\n<meta property=\"og:url\" content=\"https:\/\/worldvapersalliance.com\/cs\/ending-the-vaping-misperception-epidemic-for-the-sake-of-public-health\/\" \/>\n<meta property=\"og:site_name\" content=\"World Vapers&#039; Alliance\" \/>\n<meta property=\"article:published_time\" content=\"2024-06-12T11:36:08+00:00\" \/>\n<meta property=\"article:modified_time\" content=\"2024-06-21T11:37:03+00:00\" \/>\n<meta property=\"og:image\" content=\"https:\/\/worldvapersalliance.com\/wp-content\/uploads\/2022\/10\/Brussels-Report.png\" \/>\n\t<meta property=\"og:image:width\" content=\"2081\" \/>\n\t<meta property=\"og:image:height\" content=\"1920\" \/>\n\t<meta property=\"og:image:type\" content=\"image\/png\" \/>\n<meta name=\"author\" content=\"World Vapers&#039; Alliance\" \/>\n<meta name=\"twitter:card\" content=\"summary_large_image\" \/>\n<meta name=\"twitter:label1\" content=\"Napsal(a)\" \/>\n\t<meta name=\"twitter:data1\" content=\"World Vapers&#039; Alliance\" \/>\n\t<meta name=\"twitter:label2\" content=\"Odhadovan\u00e1 doba \u010dten\u00ed\" \/>\n\t<meta name=\"twitter:data2\" content=\"2 minuty\" \/>\n<script type=\"application\/ld+json\" class=\"yoast-schema-graph\">{\"@context\":\"https:\\\/\\\/schema.org\",\"@graph\":[{\"@type\":\"Article\",\"@id\":\"https:\\\/\\\/worldvapersalliance.com\\\/ending-the-vaping-misperception-epidemic-for-the-sake-of-public-health\\\/#article\",\"isPartOf\":{\"@id\":\"https:\\\/\\\/worldvapersalliance.com\\\/ending-the-vaping-misperception-epidemic-for-the-sake-of-public-health\\\/\"},\"author\":{\"name\":\"World Vapers' Alliance\",\"@id\":\"https:\\\/\\\/worldvapersalliance.com\\\/#\\\/schema\\\/person\\\/18484a6f20bcc6f70a2419c8babe017d\"},\"headline\":\"Ending the vaping misperception epidemic for the sake of public health\",\"datePublished\":\"2024-06-12T11:36:08+00:00\",\"dateModified\":\"2024-06-21T11:37:03+00:00\",\"mainEntityOfPage\":{\"@id\":\"https:\\\/\\\/worldvapersalliance.com\\\/ending-the-vaping-misperception-epidemic-for-the-sake-of-public-health\\\/\"},\"wordCount\":253,\"commentCount\":0,\"publisher\":{\"@id\":\"https:\\\/\\\/worldvapersalliance.com\\\/#organization\"},\"image\":{\"@id\":\"https:\\\/\\\/worldvapersalliance.com\\\/ending-the-vaping-misperception-epidemic-for-the-sake-of-public-health\\\/#primaryimage\"},\"thumbnailUrl\":\"https:\\\/\\\/worldvapersalliance.com\\\/wp-content\\\/uploads\\\/2025\\\/08\\\/WVA-in-the-news.png\",\"articleSection\":[\"WVA in the News\"],\"inLanguage\":\"cs\",\"potentialAction\":[{\"@type\":\"CommentAction\",\"name\":\"Comment\",\"target\":[\"https:\\\/\\\/worldvapersalliance.com\\\/ending-the-vaping-misperception-epidemic-for-the-sake-of-public-health\\\/#respond\"]}]},{\"@type\":\"WebPage\",\"@id\":\"https:\\\/\\\/worldvapersalliance.com\\\/ending-the-vaping-misperception-epidemic-for-the-sake-of-public-health\\\/\",\"url\":\"https:\\\/\\\/worldvapersalliance.com\\\/ending-the-vaping-misperception-epidemic-for-the-sake-of-public-health\\\/\",\"name\":\"Ending the vaping misperception epidemic for the sake of public health - World Vapers&#039; Alliance\",\"isPartOf\":{\"@id\":\"https:\\\/\\\/worldvapersalliance.com\\\/#website\"},\"primaryImageOfPage\":{\"@id\":\"https:\\\/\\\/worldvapersalliance.com\\\/ending-the-vaping-misperception-epidemic-for-the-sake-of-public-health\\\/#primaryimage\"},\"image\":{\"@id\":\"https:\\\/\\\/worldvapersalliance.com\\\/ending-the-vaping-misperception-epidemic-for-the-sake-of-public-health\\\/#primaryimage\"},\"thumbnailUrl\":\"https:\\\/\\\/worldvapersalliance.com\\\/wp-content\\\/uploads\\\/2025\\\/08\\\/WVA-in-the-news.png\",\"datePublished\":\"2024-06-12T11:36:08+00:00\",\"dateModified\":\"2024-06-21T11:37:03+00:00\",\"inLanguage\":\"cs\",\"potentialAction\":[{\"@type\":\"ReadAction\",\"target\":[\"https:\\\/\\\/worldvapersalliance.com\\\/ending-the-vaping-misperception-epidemic-for-the-sake-of-public-health\\\/\"]}]},{\"@type\":\"ImageObject\",\"inLanguage\":\"cs\",\"@id\":\"https:\\\/\\\/worldvapersalliance.com\\\/ending-the-vaping-misperception-epidemic-for-the-sake-of-public-health\\\/#primaryimage\",\"url\":\"https:\\\/\\\/worldvapersalliance.com\\\/wp-content\\\/uploads\\\/2025\\\/08\\\/WVA-in-the-news.png\",\"contentUrl\":\"https:\\\/\\\/worldvapersalliance.com\\\/wp-content\\\/uploads\\\/2025\\\/08\\\/WVA-in-the-news.png\",\"width\":1264,\"height\":848},{\"@type\":\"WebSite\",\"@id\":\"https:\\\/\\\/worldvapersalliance.com\\\/#website\",\"url\":\"https:\\\/\\\/worldvapersalliance.com\\\/\",\"name\":\"World Vapers&#039; Alliance\",\"description\":\"The largest community of vapers\",\"publisher\":{\"@id\":\"https:\\\/\\\/worldvapersalliance.com\\\/#organization\"},\"potentialAction\":[{\"@type\":\"SearchAction\",\"target\":{\"@type\":\"EntryPoint\",\"urlTemplate\":\"https:\\\/\\\/worldvapersalliance.com\\\/?s={search_term_string}\"},\"query-input\":{\"@type\":\"PropertyValueSpecification\",\"valueRequired\":true,\"valueName\":\"search_term_string\"}}],\"inLanguage\":\"cs\"},{\"@type\":\"Organization\",\"@id\":\"https:\\\/\\\/worldvapersalliance.com\\\/#organization\",\"name\":\"World Vapers&#039; Alliance\",\"url\":\"https:\\\/\\\/worldvapersalliance.com\\\/\",\"logo\":{\"@type\":\"ImageObject\",\"inLanguage\":\"cs\",\"@id\":\"https:\\\/\\\/worldvapersalliance.com\\\/#\\\/schema\\\/logo\\\/image\\\/\",\"url\":\"https:\\\/\\\/worldvapersalliance.com\\\/wp-content\\\/uploads\\\/2022\\\/01\\\/WVA_RB_Fist_G.png\",\"contentUrl\":\"https:\\\/\\\/worldvapersalliance.com\\\/wp-content\\\/uploads\\\/2022\\\/01\\\/WVA_RB_Fist_G.png\",\"width\":985,\"height\":1177,\"caption\":\"World Vapers&#039; Alliance\"},\"image\":{\"@id\":\"https:\\\/\\\/worldvapersalliance.com\\\/#\\\/schema\\\/logo\\\/image\\\/\"}},{\"@type\":\"Person\",\"@id\":\"https:\\\/\\\/worldvapersalliance.com\\\/#\\\/schema\\\/person\\\/18484a6f20bcc6f70a2419c8babe017d\",\"name\":\"World Vapers' Alliance\",\"image\":{\"@type\":\"ImageObject\",\"inLanguage\":\"cs\",\"@id\":\"https:\\\/\\\/secure.gravatar.com\\\/avatar\\\/456bf795c7a47c9ac527a94da4bff150aa49e48726d69bee9937f8383cffa246?s=96&d=mm&r=g\",\"url\":\"https:\\\/\\\/secure.gravatar.com\\\/avatar\\\/456bf795c7a47c9ac527a94da4bff150aa49e48726d69bee9937f8383cffa246?s=96&d=mm&r=g\",\"contentUrl\":\"https:\\\/\\\/secure.gravatar.com\\\/avatar\\\/456bf795c7a47c9ac527a94da4bff150aa49e48726d69bee9937f8383cffa246?s=96&d=mm&r=g\",\"caption\":\"World Vapers' Alliance\"},\"url\":\"https:\\\/\\\/worldvapersalliance.com\\\/cs\\\/author\\\/wva\\\/\"}]}<\/script>\n<!-- \/ Yoast SEO plugin. -->","yoast_head_json":{"title":"Ukon\u010den\u00ed epidemie myln\u00fdch p\u0159edstav o vapingu v z\u00e1jmu ve\u0159ejn\u00e9ho zdrav\u00ed - Sv\u011btov\u00e1 aliance vaper\u016f","robots":{"index":"index","follow":"follow","max-snippet":"max-snippet:-1","max-image-preview":"max-image-preview:large","max-video-preview":"max-video-preview:-1"},"canonical":"https:\/\/worldvapersalliance.com\/cs\/ending-the-vaping-misperception-epidemic-for-the-sake-of-public-health\/","og_locale":"cs_CZ","og_type":"article","og_title":"Ending the vaping misperception epidemic for the sake of public health - World Vapers&#039; Alliance","og_description":"Is vaping more or less harmful than smoking, and can it contribute to improved public health? Despite its apparent simplicity, this question divides parliaments, journalists, and tobacco control activists, even though the answer is straightforward: vaping is less harmful than smoking and represents a game changer for public health. The Misperception Epidemic According to research [&hellip;]","og_url":"https:\/\/worldvapersalliance.com\/cs\/ending-the-vaping-misperception-epidemic-for-the-sake-of-public-health\/","og_site_name":"World Vapers&#039; Alliance","article_published_time":"2024-06-12T11:36:08+00:00","article_modified_time":"2024-06-21T11:37:03+00:00","og_image":[{"width":2081,"height":1920,"url":"https:\/\/worldvapersalliance.com\/wp-content\/uploads\/2022\/10\/Brussels-Report.png","type":"image\/png"}],"author":"World Vapers' Alliance","twitter_card":"summary_large_image","twitter_misc":{"Napsal(a)":"World Vapers' Alliance","Odhadovan\u00e1 doba \u010dten\u00ed":"2 minuty"},"schema":{"@context":"https:\/\/schema.org","@graph":[{"@type":"Article","@id":"https:\/\/worldvapersalliance.com\/ending-the-vaping-misperception-epidemic-for-the-sake-of-public-health\/#article","isPartOf":{"@id":"https:\/\/worldvapersalliance.com\/ending-the-vaping-misperception-epidemic-for-the-sake-of-public-health\/"},"author":{"name":"World Vapers' Alliance","@id":"https:\/\/worldvapersalliance.com\/#\/schema\/person\/18484a6f20bcc6f70a2419c8babe017d"},"headline":"Ending the vaping misperception epidemic for the sake of public health","datePublished":"2024-06-12T11:36:08+00:00","dateModified":"2024-06-21T11:37:03+00:00","mainEntityOfPage":{"@id":"https:\/\/worldvapersalliance.com\/ending-the-vaping-misperception-epidemic-for-the-sake-of-public-health\/"},"wordCount":253,"commentCount":0,"publisher":{"@id":"https:\/\/worldvapersalliance.com\/#organization"},"image":{"@id":"https:\/\/worldvapersalliance.com\/ending-the-vaping-misperception-epidemic-for-the-sake-of-public-health\/#primaryimage"},"thumbnailUrl":"https:\/\/worldvapersalliance.com\/wp-content\/uploads\/2025\/08\/WVA-in-the-news.png","articleSection":["WVA in the News"],"inLanguage":"cs","potentialAction":[{"@type":"CommentAction","name":"Comment","target":["https:\/\/worldvapersalliance.com\/ending-the-vaping-misperception-epidemic-for-the-sake-of-public-health\/#respond"]}]},{"@type":"WebPage","@id":"https:\/\/worldvapersalliance.com\/ending-the-vaping-misperception-epidemic-for-the-sake-of-public-health\/","url":"https:\/\/worldvapersalliance.com\/ending-the-vaping-misperception-epidemic-for-the-sake-of-public-health\/","name":"Ukon\u010den\u00ed epidemie myln\u00fdch p\u0159edstav o vapingu v z\u00e1jmu ve\u0159ejn\u00e9ho zdrav\u00ed - Sv\u011btov\u00e1 aliance vaper\u016f","isPartOf":{"@id":"https:\/\/worldvapersalliance.com\/#website"},"primaryImageOfPage":{"@id":"https:\/\/worldvapersalliance.com\/ending-the-vaping-misperception-epidemic-for-the-sake-of-public-health\/#primaryimage"},"image":{"@id":"https:\/\/worldvapersalliance.com\/ending-the-vaping-misperception-epidemic-for-the-sake-of-public-health\/#primaryimage"},"thumbnailUrl":"https:\/\/worldvapersalliance.com\/wp-content\/uploads\/2025\/08\/WVA-in-the-news.png","datePublished":"2024-06-12T11:36:08+00:00","dateModified":"2024-06-21T11:37:03+00:00","inLanguage":"cs","potentialAction":[{"@type":"ReadAction","target":["https:\/\/worldvapersalliance.com\/ending-the-vaping-misperception-epidemic-for-the-sake-of-public-health\/"]}]},{"@type":"ImageObject","inLanguage":"cs","@id":"https:\/\/worldvapersalliance.com\/ending-the-vaping-misperception-epidemic-for-the-sake-of-public-health\/#primaryimage","url":"https:\/\/worldvapersalliance.com\/wp-content\/uploads\/2025\/08\/WVA-in-the-news.png","contentUrl":"https:\/\/worldvapersalliance.com\/wp-content\/uploads\/2025\/08\/WVA-in-the-news.png","width":1264,"height":848},{"@type":"WebSite","@id":"https:\/\/worldvapersalliance.com\/#website","url":"https:\/\/worldvapersalliance.com\/","name":"World Vapers&#039; Alliance","description":"Nejv\u011bt\u0161\u00ed komunita vaper\u016f","publisher":{"@id":"https:\/\/worldvapersalliance.com\/#organization"},"potentialAction":[{"@type":"SearchAction","target":{"@type":"EntryPoint","urlTemplate":"https:\/\/worldvapersalliance.com\/?s={search_term_string}"},"query-input":{"@type":"PropertyValueSpecification","valueRequired":true,"valueName":"search_term_string"}}],"inLanguage":"cs"},{"@type":"Organization","@id":"https:\/\/worldvapersalliance.com\/#organization","name":"World Vapers&#039; Alliance","url":"https:\/\/worldvapersalliance.com\/","logo":{"@type":"ImageObject","inLanguage":"cs","@id":"https:\/\/worldvapersalliance.com\/#\/schema\/logo\/image\/","url":"https:\/\/worldvapersalliance.com\/wp-content\/uploads\/2022\/01\/WVA_RB_Fist_G.png","contentUrl":"https:\/\/worldvapersalliance.com\/wp-content\/uploads\/2022\/01\/WVA_RB_Fist_G.png","width":985,"height":1177,"caption":"World Vapers&#039; Alliance"},"image":{"@id":"https:\/\/worldvapersalliance.com\/#\/schema\/logo\/image\/"}},{"@type":"Person","@id":"https:\/\/worldvapersalliance.com\/#\/schema\/person\/18484a6f20bcc6f70a2419c8babe017d","name":"World Vapers&#039; Alliance","image":{"@type":"ImageObject","inLanguage":"cs","@id":"https:\/\/secure.gravatar.com\/avatar\/456bf795c7a47c9ac527a94da4bff150aa49e48726d69bee9937f8383cffa246?s=96&d=mm&r=g","url":"https:\/\/secure.gravatar.com\/avatar\/456bf795c7a47c9ac527a94da4bff150aa49e48726d69bee9937f8383cffa246?s=96&d=mm&r=g","contentUrl":"https:\/\/secure.gravatar.com\/avatar\/456bf795c7a47c9ac527a94da4bff150aa49e48726d69bee9937f8383cffa246?s=96&d=mm&r=g","caption":"World Vapers' Alliance"},"url":"https:\/\/worldvapersalliance.com\/cs\/author\/wva\/"}]}},"_links":{"self":[{"href":"https:\/\/worldvapersalliance.com\/cs\/wp-json\/wp\/v2\/posts\/5683","targetHints":{"allow":["GET"]}}],"collection":[{"href":"https:\/\/worldvapersalliance.com\/cs\/wp-json\/wp\/v2\/posts"}],"about":[{"href":"https:\/\/worldvapersalliance.com\/cs\/wp-json\/wp\/v2\/types\/post"}],"author":[{"embeddable":true,"href":"https:\/\/worldvapersalliance.com\/cs\/wp-json\/wp\/v2\/users\/11"}],"replies":[{"embeddable":true,"href":"https:\/\/worldvapersalliance.com\/cs\/wp-json\/wp\/v2\/comments?post=5683"}],"version-history":[{"count":0,"href":"https:\/\/worldvapersalliance.com\/cs\/wp-json\/wp\/v2\/posts\/5683\/revisions"}],"wp:featuredmedia":[{"embeddable":true,"href":"https:\/\/worldvapersalliance.com\/cs\/wp-json\/wp\/v2\/media\/6394"}],"wp:attachment":[{"href":"https:\/\/worldvapersalliance.com\/cs\/wp-json\/wp\/v2\/media?parent=5683"}],"wp:term":[{"taxonomy":"category","embeddable":true,"href":"https:\/\/worldvapersalliance.com\/cs\/wp-json\/wp\/v2\/categories?post=5683"},{"taxonomy":"post_tag","embeddable":true,"href":"https:\/\/worldvapersalliance.com\/cs\/wp-json\/wp\/v2\/tags?post=5683"}],"curies":[{"name":"wp","href":"https:\/\/api.w.org\/{rel}","templated":true}]}}