{"id":5282,"date":"2023-12-13T08:33:09","date_gmt":"2023-12-13T13:33:09","guid":{"rendered":"https:\/\/worldvapersalliance.com\/?p=5282"},"modified":"2024-01-03T08:33:57","modified_gmt":"2024-01-03T13:33:57","slug":"argentina-asked-to-repeal-e-cigarette-ban","status":"publish","type":"post","link":"https:\/\/worldvapersalliance.com\/cs\/argentina-asked-to-repeal-e-cigarette-ban\/","title":{"rendered":"Argentina po\u017e\u00e1d\u00e1na o zru\u0161en\u00ed z\u00e1kazu elektronick\u00fdch cigaret"},"content":{"rendered":"<p>Argentinsk\u00e1 asociace vaper\u016f Asovape Argentina a Sv\u011btov\u00e1 aliance vaper\u016f zaslaly... <a href=\"https:\/\/worldvapersalliance.com\/wp-content\/uploads\/2023\/12\/Open-letter-EN-Argentina.pdf\">otev\u0159en\u00fd dopis<\/a> Ned\u00e1vno zvolen\u00fd argentinsk\u00fd prezident Javier Milei vyzval ke zru\u0161en\u00ed N\u00e1rodn\u00ed spr\u00e1vy pro l\u00e9\u010diva, potraviny a l\u00e9ka\u0159sk\u00e9 technologie. <a href=\"https:\/\/bancos.salud.gob.ar\/sites\/default\/files\/2018-10\/0000000026cnt-disposicion-anmat-ce.pdf\">Ustanoven\u00ed 3226\/2011<\/a> z\u00e1kaz komercializace elektronick\u00fdch cigaret.<\/p>\n<p>Toto ustanoven\u00ed zakazovalo dovoz, distribuci, marketing, reklamu a propagaci elektronick\u00fdch cigaret. Vstoupilo v platnost 6. kv\u011btna 2011.<\/p>\n<p>Dopis vysv\u011btluje, \u017ee \u010detn\u00e9 studie proveden\u00e9 od doby, kdy z\u00e1kaz vstoupil v platnost, prok\u00e1zaly v\u00fdrazn\u011b ni\u017e\u0161\u00ed rizikov\u00fd profil a u\u017eite\u010dnost elektronick\u00fdch cigaret pro odvyk\u00e1n\u00ed kou\u0159en\u00ed, jako\u017e i n\u00edzk\u00e9 zdravotn\u00ed riziko nikotinu. Signat\u00e1\u0159i rovn\u011b\u017e tvrd\u00ed, \u017ee z\u00e1kaz je neslu\u010diteln\u00fd s respektov\u00e1n\u00edm individu\u00e1ln\u00ed svobody dosp\u011bl\u00fdch argentinsk\u00fdch ob\u010dan\u016f a s pr\u00e1vem na svobodn\u00fd rozvoj osobnosti, informac\u00ed a zdrav\u00ed u\u017eivatel\u016f a ku\u0159\u00e1k\u016f.<\/p>\n<p>P\u0159e\u010dt\u011bte si cel\u00fd text <a href=\"https:\/\/tobaccoreporter.com\/2023\/12\/13\/argentina-urged-to-repeal-e-cigarette-ban\/\" target=\"_blank\" rel=\"noopener\">zde<\/a><\/p>","protected":false},"excerpt":{"rendered":"<p>The Argentinean vapers\u2019 association, Asovape Argentina, and the World Vapers\u2019 Alliance have sent an open letter Argentina\u2019s recently elected president, Javier Milei, calling for the repeal of the National Administration of Medicines, Food and Medical Technology Provision 3226\/2011 banning the commercialization of e-cigarettes. The provision banned the import, distribution, marketing, advertising and promotion of e-cigarettes. [&hellip;]<\/p>\n","protected":false},"author":11,"featured_media":6394,"comment_status":"open","ping_status":"open","sticky":false,"template":"","format":"standard","meta":{"footnotes":""},"categories":[15],"tags":[],"class_list":["post-5282","post","type-post","status-publish","format-standard","has-post-thumbnail","hentry","category-wva-in-the-news"],"yoast_head":"<!-- This site is optimized with the Yoast SEO plugin v27.3 - https:\/\/yoast.com\/product\/yoast-seo-wordpress\/ -->\n<title>Argentina Asked to Repeal E-cigarette Ban - World Vapers&#039; Alliance<\/title>\n<meta name=\"robots\" content=\"index, follow, max-snippet:-1, max-image-preview:large, max-video-preview:-1\" \/>\n<link rel=\"canonical\" href=\"https:\/\/worldvapersalliance.com\/cs\/argentina-asked-to-repeal-e-cigarette-ban\/\" \/>\n<meta property=\"og:locale\" content=\"cs_CZ\" \/>\n<meta property=\"og:type\" content=\"article\" \/>\n<meta property=\"og:title\" content=\"Argentina Asked to Repeal E-cigarette Ban - World Vapers&#039; Alliance\" \/>\n<meta property=\"og:description\" content=\"The Argentinean vapers\u2019 association, Asovape Argentina, and the World Vapers\u2019 Alliance have sent an open letter Argentina\u2019s recently elected president, Javier Milei, calling for the repeal of the National Administration of Medicines, Food and Medical Technology Provision 3226\/2011 banning the commercialization of e-cigarettes. The provision banned the import, distribution, marketing, advertising and promotion of e-cigarettes. [&hellip;]\" \/>\n<meta property=\"og:url\" content=\"https:\/\/worldvapersalliance.com\/cs\/argentina-asked-to-repeal-e-cigarette-ban\/\" \/>\n<meta property=\"og:site_name\" content=\"World Vapers&#039; Alliance\" \/>\n<meta property=\"article:published_time\" content=\"2023-12-13T13:33:09+00:00\" \/>\n<meta property=\"article:modified_time\" content=\"2024-01-03T13:33:57+00:00\" \/>\n<meta property=\"og:image\" content=\"https:\/\/worldvapersalliance.com\/wp-content\/uploads\/2022\/11\/tobacco-reporter.png\" \/>\n\t<meta property=\"og:image:width\" content=\"2081\" \/>\n\t<meta property=\"og:image:height\" content=\"1920\" \/>\n\t<meta property=\"og:image:type\" content=\"image\/png\" \/>\n<meta name=\"author\" content=\"World Vapers&#039; Alliance\" \/>\n<meta name=\"twitter:card\" content=\"summary_large_image\" \/>\n<meta name=\"twitter:label1\" content=\"Napsal(a)\" \/>\n\t<meta name=\"twitter:data1\" content=\"World Vapers&#039; Alliance\" \/>\n\t<meta name=\"twitter:label2\" content=\"Odhadovan\u00e1 doba \u010dten\u00ed\" \/>\n\t<meta name=\"twitter:data2\" content=\"1 minuta\" \/>\n<script type=\"application\/ld+json\" class=\"yoast-schema-graph\">{\"@context\":\"https:\\\/\\\/schema.org\",\"@graph\":[{\"@type\":\"Article\",\"@id\":\"https:\\\/\\\/worldvapersalliance.com\\\/argentina-asked-to-repeal-e-cigarette-ban\\\/#article\",\"isPartOf\":{\"@id\":\"https:\\\/\\\/worldvapersalliance.com\\\/argentina-asked-to-repeal-e-cigarette-ban\\\/\"},\"author\":{\"name\":\"World Vapers' Alliance\",\"@id\":\"https:\\\/\\\/worldvapersalliance.com\\\/#\\\/schema\\\/person\\\/18484a6f20bcc6f70a2419c8babe017d\"},\"headline\":\"Argentina Asked to Repeal E-cigarette Ban\",\"datePublished\":\"2023-12-13T13:33:09+00:00\",\"dateModified\":\"2024-01-03T13:33:57+00:00\",\"mainEntityOfPage\":{\"@id\":\"https:\\\/\\\/worldvapersalliance.com\\\/argentina-asked-to-repeal-e-cigarette-ban\\\/\"},\"wordCount\":140,\"commentCount\":0,\"publisher\":{\"@id\":\"https:\\\/\\\/worldvapersalliance.com\\\/#organization\"},\"image\":{\"@id\":\"https:\\\/\\\/worldvapersalliance.com\\\/argentina-asked-to-repeal-e-cigarette-ban\\\/#primaryimage\"},\"thumbnailUrl\":\"https:\\\/\\\/worldvapersalliance.com\\\/wp-content\\\/uploads\\\/2025\\\/08\\\/WVA-in-the-news.png\",\"articleSection\":[\"WVA in the News\"],\"inLanguage\":\"cs\",\"potentialAction\":[{\"@type\":\"CommentAction\",\"name\":\"Comment\",\"target\":[\"https:\\\/\\\/worldvapersalliance.com\\\/argentina-asked-to-repeal-e-cigarette-ban\\\/#respond\"]}]},{\"@type\":\"WebPage\",\"@id\":\"https:\\\/\\\/worldvapersalliance.com\\\/argentina-asked-to-repeal-e-cigarette-ban\\\/\",\"url\":\"https:\\\/\\\/worldvapersalliance.com\\\/argentina-asked-to-repeal-e-cigarette-ban\\\/\",\"name\":\"Argentina Asked to Repeal E-cigarette Ban - World Vapers&#039; Alliance\",\"isPartOf\":{\"@id\":\"https:\\\/\\\/worldvapersalliance.com\\\/#website\"},\"primaryImageOfPage\":{\"@id\":\"https:\\\/\\\/worldvapersalliance.com\\\/argentina-asked-to-repeal-e-cigarette-ban\\\/#primaryimage\"},\"image\":{\"@id\":\"https:\\\/\\\/worldvapersalliance.com\\\/argentina-asked-to-repeal-e-cigarette-ban\\\/#primaryimage\"},\"thumbnailUrl\":\"https:\\\/\\\/worldvapersalliance.com\\\/wp-content\\\/uploads\\\/2025\\\/08\\\/WVA-in-the-news.png\",\"datePublished\":\"2023-12-13T13:33:09+00:00\",\"dateModified\":\"2024-01-03T13:33:57+00:00\",\"inLanguage\":\"cs\",\"potentialAction\":[{\"@type\":\"ReadAction\",\"target\":[\"https:\\\/\\\/worldvapersalliance.com\\\/argentina-asked-to-repeal-e-cigarette-ban\\\/\"]}]},{\"@type\":\"ImageObject\",\"inLanguage\":\"cs\",\"@id\":\"https:\\\/\\\/worldvapersalliance.com\\\/argentina-asked-to-repeal-e-cigarette-ban\\\/#primaryimage\",\"url\":\"https:\\\/\\\/worldvapersalliance.com\\\/wp-content\\\/uploads\\\/2025\\\/08\\\/WVA-in-the-news.png\",\"contentUrl\":\"https:\\\/\\\/worldvapersalliance.com\\\/wp-content\\\/uploads\\\/2025\\\/08\\\/WVA-in-the-news.png\",\"width\":1264,\"height\":848},{\"@type\":\"WebSite\",\"@id\":\"https:\\\/\\\/worldvapersalliance.com\\\/#website\",\"url\":\"https:\\\/\\\/worldvapersalliance.com\\\/\",\"name\":\"World Vapers&#039; Alliance\",\"description\":\"The largest community of vapers\",\"publisher\":{\"@id\":\"https:\\\/\\\/worldvapersalliance.com\\\/#organization\"},\"potentialAction\":[{\"@type\":\"SearchAction\",\"target\":{\"@type\":\"EntryPoint\",\"urlTemplate\":\"https:\\\/\\\/worldvapersalliance.com\\\/?s={search_term_string}\"},\"query-input\":{\"@type\":\"PropertyValueSpecification\",\"valueRequired\":true,\"valueName\":\"search_term_string\"}}],\"inLanguage\":\"cs\"},{\"@type\":\"Organization\",\"@id\":\"https:\\\/\\\/worldvapersalliance.com\\\/#organization\",\"name\":\"World Vapers&#039; Alliance\",\"url\":\"https:\\\/\\\/worldvapersalliance.com\\\/\",\"logo\":{\"@type\":\"ImageObject\",\"inLanguage\":\"cs\",\"@id\":\"https:\\\/\\\/worldvapersalliance.com\\\/#\\\/schema\\\/logo\\\/image\\\/\",\"url\":\"https:\\\/\\\/worldvapersalliance.com\\\/wp-content\\\/uploads\\\/2022\\\/01\\\/WVA_RB_Fist_G.png\",\"contentUrl\":\"https:\\\/\\\/worldvapersalliance.com\\\/wp-content\\\/uploads\\\/2022\\\/01\\\/WVA_RB_Fist_G.png\",\"width\":985,\"height\":1177,\"caption\":\"World Vapers&#039; Alliance\"},\"image\":{\"@id\":\"https:\\\/\\\/worldvapersalliance.com\\\/#\\\/schema\\\/logo\\\/image\\\/\"}},{\"@type\":\"Person\",\"@id\":\"https:\\\/\\\/worldvapersalliance.com\\\/#\\\/schema\\\/person\\\/18484a6f20bcc6f70a2419c8babe017d\",\"name\":\"World Vapers' Alliance\",\"image\":{\"@type\":\"ImageObject\",\"inLanguage\":\"cs\",\"@id\":\"https:\\\/\\\/secure.gravatar.com\\\/avatar\\\/456bf795c7a47c9ac527a94da4bff150aa49e48726d69bee9937f8383cffa246?s=96&d=mm&r=g\",\"url\":\"https:\\\/\\\/secure.gravatar.com\\\/avatar\\\/456bf795c7a47c9ac527a94da4bff150aa49e48726d69bee9937f8383cffa246?s=96&d=mm&r=g\",\"contentUrl\":\"https:\\\/\\\/secure.gravatar.com\\\/avatar\\\/456bf795c7a47c9ac527a94da4bff150aa49e48726d69bee9937f8383cffa246?s=96&d=mm&r=g\",\"caption\":\"World Vapers' Alliance\"},\"url\":\"https:\\\/\\\/worldvapersalliance.com\\\/cs\\\/author\\\/wva\\\/\"}]}<\/script>\n<!-- \/ Yoast SEO plugin. -->","yoast_head_json":{"title":"Argentina po\u017e\u00e1d\u00e1na o zru\u0161en\u00ed z\u00e1kazu elektronick\u00fdch cigaret - Sv\u011btov\u00e1 aliance vaper\u016f","robots":{"index":"index","follow":"follow","max-snippet":"max-snippet:-1","max-image-preview":"max-image-preview:large","max-video-preview":"max-video-preview:-1"},"canonical":"https:\/\/worldvapersalliance.com\/cs\/argentina-asked-to-repeal-e-cigarette-ban\/","og_locale":"cs_CZ","og_type":"article","og_title":"Argentina Asked to Repeal E-cigarette Ban - World Vapers&#039; Alliance","og_description":"The Argentinean vapers\u2019 association, Asovape Argentina, and the World Vapers\u2019 Alliance have sent an open letter Argentina\u2019s recently elected president, Javier Milei, calling for the repeal of the National Administration of Medicines, Food and Medical Technology Provision 3226\/2011 banning the commercialization of e-cigarettes. The provision banned the import, distribution, marketing, advertising and promotion of e-cigarettes. [&hellip;]","og_url":"https:\/\/worldvapersalliance.com\/cs\/argentina-asked-to-repeal-e-cigarette-ban\/","og_site_name":"World Vapers&#039; Alliance","article_published_time":"2023-12-13T13:33:09+00:00","article_modified_time":"2024-01-03T13:33:57+00:00","og_image":[{"width":2081,"height":1920,"url":"https:\/\/worldvapersalliance.com\/wp-content\/uploads\/2022\/11\/tobacco-reporter.png","type":"image\/png"}],"author":"World Vapers' Alliance","twitter_card":"summary_large_image","twitter_misc":{"Napsal(a)":"World Vapers' Alliance","Odhadovan\u00e1 doba \u010dten\u00ed":"1 minuta"},"schema":{"@context":"https:\/\/schema.org","@graph":[{"@type":"Article","@id":"https:\/\/worldvapersalliance.com\/argentina-asked-to-repeal-e-cigarette-ban\/#article","isPartOf":{"@id":"https:\/\/worldvapersalliance.com\/argentina-asked-to-repeal-e-cigarette-ban\/"},"author":{"name":"World Vapers' Alliance","@id":"https:\/\/worldvapersalliance.com\/#\/schema\/person\/18484a6f20bcc6f70a2419c8babe017d"},"headline":"Argentina Asked to Repeal E-cigarette Ban","datePublished":"2023-12-13T13:33:09+00:00","dateModified":"2024-01-03T13:33:57+00:00","mainEntityOfPage":{"@id":"https:\/\/worldvapersalliance.com\/argentina-asked-to-repeal-e-cigarette-ban\/"},"wordCount":140,"commentCount":0,"publisher":{"@id":"https:\/\/worldvapersalliance.com\/#organization"},"image":{"@id":"https:\/\/worldvapersalliance.com\/argentina-asked-to-repeal-e-cigarette-ban\/#primaryimage"},"thumbnailUrl":"https:\/\/worldvapersalliance.com\/wp-content\/uploads\/2025\/08\/WVA-in-the-news.png","articleSection":["WVA in the News"],"inLanguage":"cs","potentialAction":[{"@type":"CommentAction","name":"Comment","target":["https:\/\/worldvapersalliance.com\/argentina-asked-to-repeal-e-cigarette-ban\/#respond"]}]},{"@type":"WebPage","@id":"https:\/\/worldvapersalliance.com\/argentina-asked-to-repeal-e-cigarette-ban\/","url":"https:\/\/worldvapersalliance.com\/argentina-asked-to-repeal-e-cigarette-ban\/","name":"Argentina po\u017e\u00e1d\u00e1na o zru\u0161en\u00ed z\u00e1kazu elektronick\u00fdch cigaret - Sv\u011btov\u00e1 aliance vaper\u016f","isPartOf":{"@id":"https:\/\/worldvapersalliance.com\/#website"},"primaryImageOfPage":{"@id":"https:\/\/worldvapersalliance.com\/argentina-asked-to-repeal-e-cigarette-ban\/#primaryimage"},"image":{"@id":"https:\/\/worldvapersalliance.com\/argentina-asked-to-repeal-e-cigarette-ban\/#primaryimage"},"thumbnailUrl":"https:\/\/worldvapersalliance.com\/wp-content\/uploads\/2025\/08\/WVA-in-the-news.png","datePublished":"2023-12-13T13:33:09+00:00","dateModified":"2024-01-03T13:33:57+00:00","inLanguage":"cs","potentialAction":[{"@type":"ReadAction","target":["https:\/\/worldvapersalliance.com\/argentina-asked-to-repeal-e-cigarette-ban\/"]}]},{"@type":"ImageObject","inLanguage":"cs","@id":"https:\/\/worldvapersalliance.com\/argentina-asked-to-repeal-e-cigarette-ban\/#primaryimage","url":"https:\/\/worldvapersalliance.com\/wp-content\/uploads\/2025\/08\/WVA-in-the-news.png","contentUrl":"https:\/\/worldvapersalliance.com\/wp-content\/uploads\/2025\/08\/WVA-in-the-news.png","width":1264,"height":848},{"@type":"WebSite","@id":"https:\/\/worldvapersalliance.com\/#website","url":"https:\/\/worldvapersalliance.com\/","name":"World Vapers&#039; Alliance","description":"Nejv\u011bt\u0161\u00ed komunita vaper\u016f","publisher":{"@id":"https:\/\/worldvapersalliance.com\/#organization"},"potentialAction":[{"@type":"SearchAction","target":{"@type":"EntryPoint","urlTemplate":"https:\/\/worldvapersalliance.com\/?s={search_term_string}"},"query-input":{"@type":"PropertyValueSpecification","valueRequired":true,"valueName":"search_term_string"}}],"inLanguage":"cs"},{"@type":"Organization","@id":"https:\/\/worldvapersalliance.com\/#organization","name":"World Vapers&#039; Alliance","url":"https:\/\/worldvapersalliance.com\/","logo":{"@type":"ImageObject","inLanguage":"cs","@id":"https:\/\/worldvapersalliance.com\/#\/schema\/logo\/image\/","url":"https:\/\/worldvapersalliance.com\/wp-content\/uploads\/2022\/01\/WVA_RB_Fist_G.png","contentUrl":"https:\/\/worldvapersalliance.com\/wp-content\/uploads\/2022\/01\/WVA_RB_Fist_G.png","width":985,"height":1177,"caption":"World Vapers&#039; Alliance"},"image":{"@id":"https:\/\/worldvapersalliance.com\/#\/schema\/logo\/image\/"}},{"@type":"Person","@id":"https:\/\/worldvapersalliance.com\/#\/schema\/person\/18484a6f20bcc6f70a2419c8babe017d","name":"World Vapers&#039; Alliance","image":{"@type":"ImageObject","inLanguage":"cs","@id":"https:\/\/secure.gravatar.com\/avatar\/456bf795c7a47c9ac527a94da4bff150aa49e48726d69bee9937f8383cffa246?s=96&d=mm&r=g","url":"https:\/\/secure.gravatar.com\/avatar\/456bf795c7a47c9ac527a94da4bff150aa49e48726d69bee9937f8383cffa246?s=96&d=mm&r=g","contentUrl":"https:\/\/secure.gravatar.com\/avatar\/456bf795c7a47c9ac527a94da4bff150aa49e48726d69bee9937f8383cffa246?s=96&d=mm&r=g","caption":"World Vapers' Alliance"},"url":"https:\/\/worldvapersalliance.com\/cs\/author\/wva\/"}]}},"_links":{"self":[{"href":"https:\/\/worldvapersalliance.com\/cs\/wp-json\/wp\/v2\/posts\/5282","targetHints":{"allow":["GET"]}}],"collection":[{"href":"https:\/\/worldvapersalliance.com\/cs\/wp-json\/wp\/v2\/posts"}],"about":[{"href":"https:\/\/worldvapersalliance.com\/cs\/wp-json\/wp\/v2\/types\/post"}],"author":[{"embeddable":true,"href":"https:\/\/worldvapersalliance.com\/cs\/wp-json\/wp\/v2\/users\/11"}],"replies":[{"embeddable":true,"href":"https:\/\/worldvapersalliance.com\/cs\/wp-json\/wp\/v2\/comments?post=5282"}],"version-history":[{"count":0,"href":"https:\/\/worldvapersalliance.com\/cs\/wp-json\/wp\/v2\/posts\/5282\/revisions"}],"wp:featuredmedia":[{"embeddable":true,"href":"https:\/\/worldvapersalliance.com\/cs\/wp-json\/wp\/v2\/media\/6394"}],"wp:attachment":[{"href":"https:\/\/worldvapersalliance.com\/cs\/wp-json\/wp\/v2\/media?parent=5282"}],"wp:term":[{"taxonomy":"category","embeddable":true,"href":"https:\/\/worldvapersalliance.com\/cs\/wp-json\/wp\/v2\/categories?post=5282"},{"taxonomy":"post_tag","embeddable":true,"href":"https:\/\/worldvapersalliance.com\/cs\/wp-json\/wp\/v2\/tags?post=5282"}],"curies":[{"name":"wp","href":"https:\/\/api.w.org\/{rel}","templated":true}]}}