{"id":5263,"date":"2023-12-12T09:15:50","date_gmt":"2023-12-12T14:15:50","guid":{"rendered":"https:\/\/worldvapersalliance.com\/?p=5263"},"modified":"2023-12-12T09:15:50","modified_gmt":"2023-12-12T14:15:50","slug":"vapers-call-on-javier-milei-to-repeal-the-ban-on-vaping-in-argentina","status":"publish","type":"post","link":"https:\/\/worldvapersalliance.com\/cs\/vapers-call-on-javier-milei-to-repeal-the-ban-on-vaping-in-argentina\/","title":{"rendered":"Vape\u0159i vyz\u00fdvaj\u00ed Javiera Mileiho, aby zru\u0161il z\u00e1kaz vapov\u00e1n\u00ed v Argentin\u011b."},"content":{"rendered":"<p dir=\"ltr\"><strong>Buenos Aires, 12.12.2023.<\/strong> \u2013 Argentinsk\u00e1 asociace vaper\u016f Asovape Argentina a Sv\u011btov\u00e1 aliance vaper\u016f zaslaly <a href=\"https:\/\/link.mediaoutreach.meltwater.com\/ls\/click?upn=v2OU6mEZsrF8RQMJ1eCY0g8ZtW9ddvzmg6KflWYNU1uG2GMctboGTvJrXaWIohaKp4FSciL9iyvOQwI2obXRngQrUG88HBO2vCBiqGuzv0CFB7WLZHnMvWl6I4yA4RFmItsK45bmYiPqn1Lze6mUIg-3D-3D1DcQ_6-2BOayirWiMnL4NNJ9ivl6YavKZeo6-2F4wNJspN1hyqCqN9Iica8t3kuAqeTUsoEZyEPArUXwlTHpmuotWGUYRcpQrE8nNUswQ7G-2Fk02oN1WEWHHt54BxhdFiplpKrmGj1WspfkeIJmwJCeW9Ajq2a-2BGqXpzskyzM61Tpiy5NDKhY8MUUudBe4LiKNPv1N9Sssb-2BbHdbIske2dNoFQB49IfBD7WGGCrxQrNfJIlUVLrer8I7OmwyMARCizdX3NY5kyc9Jx-2BHRXvq84lVNizMEExO-2BMorL1WSuSmbHDbJadCoO5GL2bK6GYLk9kdG7OVSqHtypmeRhaxMXvTWTHeN6iHcnLOuydOBoWXz-2BjoYEyrGWu5iQjepPjurIgpTqnt6svbwgA5avzZY9WO9UO7mDtOA-3D-3D\" target=\"_blank\" rel=\"noopener\" data-saferedirecturl=\"https:\/\/www.google.com\/url?q=https:\/\/link.mediaoutreach.meltwater.com\/ls\/click?upn%3Dv2OU6mEZsrF8RQMJ1eCY0g8ZtW9ddvzmg6KflWYNU1uG2GMctboGTvJrXaWIohaKp4FSciL9iyvOQwI2obXRngQrUG88HBO2vCBiqGuzv0CFB7WLZHnMvWl6I4yA4RFmItsK45bmYiPqn1Lze6mUIg-3D-3D1DcQ_6-2BOayirWiMnL4NNJ9ivl6YavKZeo6-2F4wNJspN1hyqCqN9Iica8t3kuAqeTUsoEZyEPArUXwlTHpmuotWGUYRcpQrE8nNUswQ7G-2Fk02oN1WEWHHt54BxhdFiplpKrmGj1WspfkeIJmwJCeW9Ajq2a-2BGqXpzskyzM61Tpiy5NDKhY8MUUudBe4LiKNPv1N9Sssb-2BbHdbIske2dNoFQB49IfBD7WGGCrxQrNfJIlUVLrer8I7OmwyMARCizdX3NY5kyc9Jx-2BHRXvq84lVNizMEExO-2BMorL1WSuSmbHDbJadCoO5GL2bK6GYLk9kdG7OVSqHtypmeRhaxMXvTWTHeN6iHcnLOuydOBoWXz-2BjoYEyrGWu5iQjepPjurIgpTqnt6svbwgA5avzZY9WO9UO7mDtOA-3D-3D&amp;source=gmail&amp;ust=1702476422465000&amp;usg=AOvVaw1Hxt1OfLENotiEP7S23DKY\">otev\u0159en\u00fd dopis<\/a> prezidentovi Argentiny Javierovi Mileimu, v n\u011bm\u017e vyz\u00fdv\u00e1 ke zru\u0161en\u00ed spr\u00e1vn\u00edho ustanoven\u00ed ANMAT zakazuj\u00edc\u00edho komercializaci elektronick\u00fdch cigaret.<\/p>\n<p dir=\"ltr\"><a href=\"https:\/\/link.mediaoutreach.meltwater.com\/ls\/click?upn=v2OU6mEZsrF8RQMJ1eCY0qTwOZ-2FQ3tKMaVW-2BmIDeTIClejWSRZL8QILrgz1s1Tt8rl0ZozMVezz8SKwXSOwW3CP-2BOM-2B5KU7OgIFj6n-2Bj8ZNBIUyHvOhz-2BWRp-2B-2Fy3CQoagM58m7R0aFZW26Nkya9GpQ-3D-3D3qt3_6-2BOayirWiMnL4NNJ9ivl6YavKZeo6-2F4wNJspN1hyqCqN9Iica8t3kuAqeTUsoEZyEPArUXwlTHpmuotWGUYRcpQrE8nNUswQ7G-2Fk02oN1WEWHHt54BxhdFiplpKrmGj1WspfkeIJmwJCeW9Ajq2a-2BGqXpzskyzM61Tpiy5NDKhY8MUUudBe4LiKNPv1N9Sssb-2BbHdbIske2dNoFQB49IfBD7WGGCrxQrNfJIlUVLrepmPk63z3fTCMHYtnYMWDMU-2F2Rmln9Srf-2Bc88EwDsjMvn0yWuZBryIvz2BM5ycjTm02X2539mhqYSLID25Sv-2B5-2FcdCna0r6XSCvMUOzaWrGCVE4wJ8h0O7ki-2FBYSHeVEpnx4rsSL541B-2BcqmJsyGuOmzVIwi7e8epkUsuS2kjc7RQ-3D-3D\" target=\"_blank\" rel=\"noopener\" data-saferedirecturl=\"https:\/\/www.google.com\/url?q=https:\/\/link.mediaoutreach.meltwater.com\/ls\/click?upn%3Dv2OU6mEZsrF8RQMJ1eCY0qTwOZ-2FQ3tKMaVW-2BmIDeTIClejWSRZL8QILrgz1s1Tt8rl0ZozMVezz8SKwXSOwW3CP-2BOM-2B5KU7OgIFj6n-2Bj8ZNBIUyHvOhz-2BWRp-2B-2Fy3CQoagM58m7R0aFZW26Nkya9GpQ-3D-3D3qt3_6-2BOayirWiMnL4NNJ9ivl6YavKZeo6-2F4wNJspN1hyqCqN9Iica8t3kuAqeTUsoEZyEPArUXwlTHpmuotWGUYRcpQrE8nNUswQ7G-2Fk02oN1WEWHHt54BxhdFiplpKrmGj1WspfkeIJmwJCeW9Ajq2a-2BGqXpzskyzM61Tpiy5NDKhY8MUUudBe4LiKNPv1N9Sssb-2BbHdbIske2dNoFQB49IfBD7WGGCrxQrNfJIlUVLrepmPk63z3fTCMHYtnYMWDMU-2F2Rmln9Srf-2Bc88EwDsjMvn0yWuZBryIvz2BM5ycjTm02X2539mhqYSLID25Sv-2B5-2FcdCna0r6XSCvMUOzaWrGCVE4wJ8h0O7ki-2FBYSHeVEpnx4rsSL541B-2BcqmJsyGuOmzVIwi7e8epkUsuS2kjc7RQ-3D-3D&amp;source=gmail&amp;ust=1702476422465000&amp;usg=AOvVaw3pMlMoQkYWAHAdlyFR6TwN\">Ustanoven\u00ed 3226\/2011<\/a> N\u00e1rodn\u00ed spr\u00e1va pro l\u00e9\u010diva, potraviny a l\u00e9ka\u0159sk\u00e9 technologie (ANMAT) dne 6. kv\u011btna 2011 zak\u00e1zala dovoz, distribuci, marketing, reklamu a propagaci elektronick\u00fdch cigaret.<\/p>\n<p dir=\"ltr\">Signat\u00e1\u0159sk\u00e9 asociace v dopise vysv\u011btluj\u00ed, \u017ee \u010detn\u00e9 studie proveden\u00e9 od doby, kdy z\u00e1kaz vstoupil v platnost, prok\u00e1zaly v\u00fdrazn\u011b ni\u017e\u0161\u00ed rizikov\u00fd profil a u\u017eite\u010dnost t\u011bchto za\u0159\u00edzen\u00ed pro odvyk\u00e1n\u00ed kou\u0159en\u00ed, stejn\u011b jako n\u00edzk\u00e9 zdravotn\u00ed riziko nikotinu. Argumentuj\u00ed tak\u00e9, \u017ee z\u00e1kaz je neslu\u010diteln\u00fd s respektov\u00e1n\u00edm individu\u00e1ln\u00ed svobody dosp\u011bl\u00fdch argentinsk\u00fdch ob\u010dan\u016f a s pr\u00e1vem na svobodn\u00fd rozvoj osobnosti, informac\u00ed a zdrav\u00ed u\u017eivatel\u016f a ku\u0159\u00e1k\u016f.<\/p>\n<p dir=\"ltr\"><strong>Juan Facundo Teme, prezident argentinsk\u00e9 asociace vaper\u016f Asovape Argentina, k tomu uvedl:<\/strong><\/p>\n<p dir=\"ltr\"><strong><em>\u201cZ\u00e1kaz poru\u0161uje pr\u00e1va a svobody dosp\u011bl\u00fdch argentinsk\u00fdch obyvatel a m\u011bl by b\u00fdt zru\u0161en.\u201c. <\/em><\/strong><em>St\u00e1t nen\u00ed ten, kdo by m\u011bl Argentinc\u016fm \u0159\u00edkat, jak konzumovat nikotin, a m\u011bl by respektovat rozhodnut\u00ed jednotlivc\u016f, kte\u0159\u00ed se rozhodnou vapovat, aby ho konzumovali m\u00e9n\u011b \u0161kodliv\u00fdm zp\u016fsobem. Nav\u00edc v\u0161echny argumenty, na kter\u00fdch byl z\u00e1kaz zalo\u017een, byly vyvr\u00e1ceny.\u201d<\/em><\/p>\n<p dir=\"ltr\">Ka\u017ed\u00fd rok <a href=\"https:\/\/link.mediaoutreach.meltwater.com\/ls\/click?upn=v2OU6mEZsrF8RQMJ1eCY0rb4zBU4fZaSOSIDjbE84NuPcl950tltA0pb5BfXj1w9mHSK4-2F6LjYTsw9c1mvE6JX4qcCQ8BL9ZYkFnUFlj0WWkvQ-2BmTuwGkC1JpDewy5e3bIQEH95WQzeFz-2FUOdp2dg9-2FcKDbrwWmGucarNyNdr6XUizqzxBzetW6DATe1oq7X4y0w2u0NXWGkevI9zhqEbNsWplRFKUfc16LTOPXFw5AKi6QLiw8XQtkA1euqG-2BkuObgfNw-2FTjNxB-2FHKAWWKOzHeVxia5-2BZ0Jdb0GqcKSXgvOs-2BjsEk66y6KC7aWKE5djVGde_6-2BOayirWiMnL4NNJ9ivl6YavKZeo6-2F4wNJspN1hyqCqN9Iica8t3kuAqeTUsoEZyEPArUXwlTHpmuotWGUYRcpQrE8nNUswQ7G-2Fk02oN1WEWHHt54BxhdFiplpKrmGj1WspfkeIJmwJCeW9Ajq2a-2BGqXpzskyzM61Tpiy5NDKhY8MUUudBe4LiKNPv1N9Sssb-2BbHdbIske2dNoFQB49IfBD7WGGCrxQrNfJIlUVLreoyhBMVevwWAYuuK-2BVQEvNlRTUNsw8nrgXWN1FzCUqblC0IQc7H4QzKBmgwQNYPm78YAoDPMAMLvxR-2BakMRgBEL35Dpw-2BvyvEaovPOvwlIYioP9uN2NHlaYCmkTD6BjwsrrZmKFyWKRdiX0oHCkk0-2FP3ljGMkP4DgGdqYG5GuedLQ-3D-3D\" target=\"_blank\" rel=\"noopener\" data-saferedirecturl=\"https:\/\/www.google.com\/url?q=https:\/\/link.mediaoutreach.meltwater.com\/ls\/click?upn%3Dv2OU6mEZsrF8RQMJ1eCY0rb4zBU4fZaSOSIDjbE84NuPcl950tltA0pb5BfXj1w9mHSK4-2F6LjYTsw9c1mvE6JX4qcCQ8BL9ZYkFnUFlj0WWkvQ-2BmTuwGkC1JpDewy5e3bIQEH95WQzeFz-2FUOdp2dg9-2FcKDbrwWmGucarNyNdr6XUizqzxBzetW6DATe1oq7X4y0w2u0NXWGkevI9zhqEbNsWplRFKUfc16LTOPXFw5AKi6QLiw8XQtkA1euqG-2BkuObgfNw-2FTjNxB-2FHKAWWKOzHeVxia5-2BZ0Jdb0GqcKSXgvOs-2BjsEk66y6KC7aWKE5djVGde_6-2BOayirWiMnL4NNJ9ivl6YavKZeo6-2F4wNJspN1hyqCqN9Iica8t3kuAqeTUsoEZyEPArUXwlTHpmuotWGUYRcpQrE8nNUswQ7G-2Fk02oN1WEWHHt54BxhdFiplpKrmGj1WspfkeIJmwJCeW9Ajq2a-2BGqXpzskyzM61Tpiy5NDKhY8MUUudBe4LiKNPv1N9Sssb-2BbHdbIske2dNoFQB49IfBD7WGGCrxQrNfJIlUVLreoyhBMVevwWAYuuK-2BVQEvNlRTUNsw8nrgXWN1FzCUqblC0IQc7H4QzKBmgwQNYPm78YAoDPMAMLvxR-2BakMRgBEL35Dpw-2BvyvEaovPOvwlIYioP9uN2NHlaYCmkTD6BjwsrrZmKFyWKRdiX0oHCkk0-2FP3ljGMkP4DgGdqYG5GuedLQ-3D-3D&amp;source=gmail&amp;ust=1702476422465000&amp;usg=AOvVaw1HEaK12Di2q-ejkv5liw44\">225,000<\/a> Argentinci onemocn\u00ed a t\u00e9m\u011b\u0159 <a href=\"https:\/\/link.mediaoutreach.meltwater.com\/ls\/click?upn=v2OU6mEZsrF8RQMJ1eCY0uNrTSnAmNIEOlrILvtsEXHV5Ldi7CUdHc5SszoozGXjkEPCNUxK6y9EBqxTQgUCcL0jeRImnhqoHJAWsCCRrE6bS2aRplbKcPkd4S9PFtjsrmvnLDDxYBTUMBaMVL5VGg-3D-3DqoCe_6-2BOayirWiMnL4NNJ9ivl6YavKZeo6-2F4wNJspN1hyqCqN9Iica8t3kuAqeTUsoEZyEPArUXwlTHpmuotWGUYRcpQrE8nNUswQ7G-2Fk02oN1WEWHHt54BxhdFiplpKrmGj1WspfkeIJmwJCeW9Ajq2a-2BGqXpzskyzM61Tpiy5NDKhY8MUUudBe4LiKNPv1N9Sssb-2BbHdbIske2dNoFQB49IfBD7WGGCrxQrNfJIlUVLreqpFfUYBvJ9diKl3Bw78VQgSgra0b38yHiCddrahJjSXadd0cEa0OskiBZbWZi7qZXH-2BcWQ4xbMii6MqzN8Krj5vp2uoskcmG7DlmIkRumqisW8e1W9RPOFJJK2-2FaW1-2FCTsXAjR6C-2F-2F65rliHH7mwgxuAz-2FE2T-2ByZCX-2FRC6b5e66A-3D-3D\" target=\"_blank\" rel=\"noopener\" data-saferedirecturl=\"https:\/\/www.google.com\/url?q=https:\/\/link.mediaoutreach.meltwater.com\/ls\/click?upn%3Dv2OU6mEZsrF8RQMJ1eCY0uNrTSnAmNIEOlrILvtsEXHV5Ldi7CUdHc5SszoozGXjkEPCNUxK6y9EBqxTQgUCcL0jeRImnhqoHJAWsCCRrE6bS2aRplbKcPkd4S9PFtjsrmvnLDDxYBTUMBaMVL5VGg-3D-3DqoCe_6-2BOayirWiMnL4NNJ9ivl6YavKZeo6-2F4wNJspN1hyqCqN9Iica8t3kuAqeTUsoEZyEPArUXwlTHpmuotWGUYRcpQrE8nNUswQ7G-2Fk02oN1WEWHHt54BxhdFiplpKrmGj1WspfkeIJmwJCeW9Ajq2a-2BGqXpzskyzM61Tpiy5NDKhY8MUUudBe4LiKNPv1N9Sssb-2BbHdbIske2dNoFQB49IfBD7WGGCrxQrNfJIlUVLreqpFfUYBvJ9diKl3Bw78VQgSgra0b38yHiCddrahJjSXadd0cEa0OskiBZbWZi7qZXH-2BcWQ4xbMii6MqzN8Krj5vp2uoskcmG7DlmIkRumqisW8e1W9RPOFJJK2-2FaW1-2FCTsXAjR6C-2F-2F65rliHH7mwgxuAz-2FE2T-2ByZCX-2FRC6b5e66A-3D-3D&amp;source=gmail&amp;ust=1702476422465000&amp;usg=AOvVaw3c5GP7T1pSSIaEGC-cnAtH\">60,000<\/a> Argentinci um\u00edraj\u00ed na nemoci souvisej\u00edc\u00ed s kou\u0159en\u00edm. Argentina m\u00e1 m\u00edru kou\u0159en\u00ed <a href=\"https:\/\/link.mediaoutreach.meltwater.com\/ls\/click?upn=v2OU6mEZsrF8RQMJ1eCY0hZfHR2O4q0FZHAgvymYB-2FPQ2b8XGXxv38ZLwABLN5o0isAtSVj3VcdwzS4e4moNKmjPCYjGL-2Fg1UAGuVewUKi9DyMywmpc-2BQWl67-2FnynAl1TJNLtijTM2lq5tWqiAmXNVryISyrCO32KLnsieIbblo-3D5CPo_6-2BOayirWiMnL4NNJ9ivl6YavKZeo6-2F4wNJspN1hyqCqN9Iica8t3kuAqeTUsoEZyEPArUXwlTHpmuotWGUYRcpQrE8nNUswQ7G-2Fk02oN1WEWHHt54BxhdFiplpKrmGj1WspfkeIJmwJCeW9Ajq2a-2BGqXpzskyzM61Tpiy5NDKhY8MUUudBe4LiKNPv1N9Sssb-2BbHdbIske2dNoFQB49IfBD7WGGCrxQrNfJIlUVLreo3aoYz59IR81nelZk2AQyVrrTWlwCHJe3EeBTjhogn5LsY0qjbfGCbA-2B4KfuUh5Du9MTsntaMAP9HbekxTySMMs665alFLfvqfPbBr82C0sgdF1E4gtziqc7OPbB-2BX9QpIbRPrZutsTsg9MSV2gp9Y8cQnmi8yVi-2FjrtCZFV9FCw-3D-3D\" target=\"_blank\" rel=\"noopener\" data-saferedirecturl=\"https:\/\/www.google.com\/url?q=https:\/\/link.mediaoutreach.meltwater.com\/ls\/click?upn%3Dv2OU6mEZsrF8RQMJ1eCY0hZfHR2O4q0FZHAgvymYB-2FPQ2b8XGXxv38ZLwABLN5o0isAtSVj3VcdwzS4e4moNKmjPCYjGL-2Fg1UAGuVewUKi9DyMywmpc-2BQWl67-2FnynAl1TJNLtijTM2lq5tWqiAmXNVryISyrCO32KLnsieIbblo-3D5CPo_6-2BOayirWiMnL4NNJ9ivl6YavKZeo6-2F4wNJspN1hyqCqN9Iica8t3kuAqeTUsoEZyEPArUXwlTHpmuotWGUYRcpQrE8nNUswQ7G-2Fk02oN1WEWHHt54BxhdFiplpKrmGj1WspfkeIJmwJCeW9Ajq2a-2BGqXpzskyzM61Tpiy5NDKhY8MUUudBe4LiKNPv1N9Sssb-2BbHdbIske2dNoFQB49IfBD7WGGCrxQrNfJIlUVLreo3aoYz59IR81nelZk2AQyVrrTWlwCHJe3EeBTjhogn5LsY0qjbfGCbA-2B4KfuUh5Du9MTsntaMAP9HbekxTySMMs665alFLfvqfPbBr82C0sgdF1E4gtziqc7OPbB-2BX9QpIbRPrZutsTsg9MSV2gp9Y8cQnmi8yVi-2FjrtCZFV9FCw-3D-3D&amp;source=gmail&amp;ust=1702476422465000&amp;usg=AOvVaw16b1VGaum-T2ObZCBerrA7\">24.5%<\/a>, druh\u00e1 nejvy\u0161\u0161\u00ed v Latinsk\u00e9 Americe a jedna z nejvy\u0161\u0161\u00edch na sv\u011bt\u011b.<\/p>\n<p dir=\"ltr\">K vysok\u00e9mu po\u010dtu ku\u0159\u00e1k\u016f v Argentin\u011b Teme dodal:<\/p>\n<p dir=\"ltr\"><em>\u201cKou\u0159en\u00ed je pro Argentinu obrovsk\u00fd probl\u00e9m a z\u00e1kaz ho jen zhor\u0161il. \u0160\u00ed\u0159\u00ed mylnou p\u0159edstavu, \u017ee vaping je stejn\u00fd nebo hor\u0161\u00ed ne\u017e kou\u0159en\u00ed, zt\u011b\u017euje milion\u016fm ku\u0159\u00e1k\u016f p\u0159echod na bezpe\u010dn\u011bj\u0161\u00ed alternativu a tla\u010d\u00ed tis\u00edce vaper\u016f zp\u011bt k tab\u00e1ku. S jasn\u00fdmi informacemi a \u0159\u00e1dnou regulac\u00ed vapingu bychom mohli rychle a v\u00fdrazn\u011b sn\u00ed\u017eit m\u00edru kou\u0159en\u00ed.\u201d<\/em><\/p>\n<p dir=\"ltr\"><strong>Alberto G\u00f3mez Hern\u00e1ndez, mana\u017eer pro politiku Sv\u011btov\u00e9 aliance vaper\u016f, k tomu uvedl:\u00a0<\/strong><\/p>\n<p dir=\"ltr\"><em><strong>\u201cArgentina je jednou z nejrestriktivn\u011bj\u0161\u00edch zem\u00ed v cel\u00e9m regionu, pokud jde o vaping, a v d\u016fsledku toho m\u00e1 jednu z nejvy\u0161\u0161\u00edch m\u011br kou\u0159en\u00ed. Je druh\u00e1 nejv\u00fd\u0161e po Chile, kter\u00e9 ned\u00e1vno schv\u00e1lilo z\u00e1kon reguluj\u00edc\u00ed vaping, aby dosp\u011bl\u00ed mohli s jeho pou\u017e\u00edv\u00e1n\u00edm p\u0159estat kou\u0159it.\u201c,<\/strong> jak se sna\u017e\u00ed i Braz\u00edlie. Argentina by nem\u011bla zaost\u00e1vat a m\u011bla by respektovat ku\u0159\u00e1ky, kte\u0159\u00ed se rozhodnou konzumovat nikotin m\u00e9n\u011b \u0161kodliv\u00fdm zp\u016fsobem.\u201d<\/em><\/p>\n<p dir=\"ltr\"><strong>Michael Landl, \u0159editel Sv\u011btov\u00e9 aliance vaper\u016f, dodal:\u00a0<\/strong><\/p>\n<p dir=\"ltr\"><em>\u201cArgentinsk\u00fd p\u0159\u00edstup k vapingu je zastaral\u00fd a neslu\u010diteln\u00fd s dodr\u017eov\u00e1n\u00edm individu\u00e1ln\u00ed svobody spot\u0159ebitel\u016f.\u201c. <strong>Argentina m\u00e1 nyn\u00ed skv\u011blou p\u0159\u00edle\u017eitost p\u0159evz\u00edt veden\u00ed a p\u0159ijmout p\u0159\u00edstup zem\u00ed jako \u0160v\u00e9dsko nebo Spojen\u00e9 kr\u00e1lovstv\u00ed, kter\u00e9 respektuj\u00ed pr\u00e1vo u\u017eivatel\u016f na volbu a z\u00e1rove\u0148 zlep\u0161uj\u00ed ve\u0159ejn\u00e9 zdrav\u00ed.<\/strong> \u0160v\u00e9dsko je d\u00edky tomuto p\u0159\u00edstupu na pokraji toho, aby se stalo prvn\u00ed zem\u00ed bez kou\u0159en\u00ed, a Spojen\u00e9 kr\u00e1lovstv\u00ed rychle sni\u017euje m\u00edru kou\u0159en\u00ed. Vyz\u00fdv\u00e1me prezidenta Mileiho a jeho vl\u00e1du, aby se t\u011bmito p\u0159\u00edklady \u0159\u00eddili. \u201dVaping nen\u00ed zlo\u010din a m\u011bl by b\u00fdt okam\u017eit\u011b legalizov\u00e1n.\u201c<\/em> uzav\u0159el Landl.<\/p>","protected":false},"excerpt":{"rendered":"<p>Buenos Aires, 12.12.2023. &#8211; The Argentinean vapers&#8217; association Asovape Argentina and the World Vapers&#8217; Alliance have sent an open letter to the President of Argentina, Javier Milei, calling for the repeal of the ANMAT administrative provision banning the commercialisation of e-cigarettes. Provision 3226\/2011 of the National Administration of Medicines, Food and Medical Technology (ANMAT) banned [&hellip;]<\/p>\n","protected":false},"author":11,"featured_media":3245,"comment_status":"open","ping_status":"open","sticky":false,"template":"","format":"standard","meta":{"footnotes":""},"categories":[13],"tags":[],"class_list":["post-5263","post","type-post","status-publish","format-standard","has-post-thumbnail","hentry","category-press-releases"],"yoast_head":"<!-- This site is optimized with the Yoast SEO plugin v27.3 - https:\/\/yoast.com\/product\/yoast-seo-wordpress\/ -->\n<title>Vapers call on Javier Milei to repeal the ban on vaping in Argentina - World Vapers&#039; Alliance<\/title>\n<meta name=\"robots\" content=\"index, follow, max-snippet:-1, max-image-preview:large, max-video-preview:-1\" \/>\n<link rel=\"canonical\" href=\"https:\/\/worldvapersalliance.com\/cs\/vapers-call-on-javier-milei-to-repeal-the-ban-on-vaping-in-argentina\/\" \/>\n<meta property=\"og:locale\" content=\"cs_CZ\" \/>\n<meta property=\"og:type\" content=\"article\" \/>\n<meta property=\"og:title\" content=\"Vapers call on Javier Milei to repeal the ban on vaping in Argentina - World Vapers&#039; Alliance\" \/>\n<meta property=\"og:description\" content=\"Buenos Aires, 12.12.2023. &#8211; The Argentinean vapers&#8217; association Asovape Argentina and the World Vapers&#8217; Alliance have sent an open letter to the President of Argentina, Javier Milei, calling for the repeal of the ANMAT administrative provision banning the commercialisation of e-cigarettes. Provision 3226\/2011 of the National Administration of Medicines, Food and Medical Technology (ANMAT) banned [&hellip;]\" \/>\n<meta property=\"og:url\" content=\"https:\/\/worldvapersalliance.com\/cs\/vapers-call-on-javier-milei-to-repeal-the-ban-on-vaping-in-argentina\/\" \/>\n<meta property=\"og:site_name\" content=\"World Vapers&#039; Alliance\" \/>\n<meta property=\"article:published_time\" content=\"2023-12-12T14:15:50+00:00\" \/>\n<meta property=\"og:image\" content=\"https:\/\/worldvapersalliance.com\/wp-content\/uploads\/2022\/10\/WVA_Press-Release_Cover-new.png\" \/>\n\t<meta property=\"og:image:width\" content=\"4162\" \/>\n\t<meta property=\"og:image:height\" content=\"3840\" \/>\n\t<meta property=\"og:image:type\" content=\"image\/png\" \/>\n<meta name=\"author\" content=\"World Vapers&#039; Alliance\" \/>\n<meta name=\"twitter:card\" content=\"summary_large_image\" \/>\n<meta name=\"twitter:label1\" content=\"Napsal(a)\" \/>\n\t<meta name=\"twitter:data1\" content=\"World Vapers&#039; Alliance\" \/>\n\t<meta name=\"twitter:label2\" content=\"Odhadovan\u00e1 doba \u010dten\u00ed\" \/>\n\t<meta name=\"twitter:data2\" content=\"3 minuty\" \/>\n<script type=\"application\/ld+json\" class=\"yoast-schema-graph\">{\"@context\":\"https:\\\/\\\/schema.org\",\"@graph\":[{\"@type\":\"Article\",\"@id\":\"https:\\\/\\\/worldvapersalliance.com\\\/vapers-call-on-javier-milei-to-repeal-the-ban-on-vaping-in-argentina\\\/#article\",\"isPartOf\":{\"@id\":\"https:\\\/\\\/worldvapersalliance.com\\\/vapers-call-on-javier-milei-to-repeal-the-ban-on-vaping-in-argentina\\\/\"},\"author\":{\"name\":\"World Vapers' Alliance\",\"@id\":\"https:\\\/\\\/worldvapersalliance.com\\\/#\\\/schema\\\/person\\\/18484a6f20bcc6f70a2419c8babe017d\"},\"headline\":\"Vapers call on Javier Milei to repeal the ban on vaping in Argentina\",\"datePublished\":\"2023-12-12T14:15:50+00:00\",\"mainEntityOfPage\":{\"@id\":\"https:\\\/\\\/worldvapersalliance.com\\\/vapers-call-on-javier-milei-to-repeal-the-ban-on-vaping-in-argentina\\\/\"},\"wordCount\":519,\"commentCount\":0,\"publisher\":{\"@id\":\"https:\\\/\\\/worldvapersalliance.com\\\/#organization\"},\"image\":{\"@id\":\"https:\\\/\\\/worldvapersalliance.com\\\/vapers-call-on-javier-milei-to-repeal-the-ban-on-vaping-in-argentina\\\/#primaryimage\"},\"thumbnailUrl\":\"https:\\\/\\\/worldvapersalliance.com\\\/wp-content\\\/uploads\\\/2022\\\/10\\\/WVA_Press-Release_Cover-new.png\",\"articleSection\":[\"Press Releases\"],\"inLanguage\":\"cs\",\"potentialAction\":[{\"@type\":\"CommentAction\",\"name\":\"Comment\",\"target\":[\"https:\\\/\\\/worldvapersalliance.com\\\/vapers-call-on-javier-milei-to-repeal-the-ban-on-vaping-in-argentina\\\/#respond\"]}]},{\"@type\":\"WebPage\",\"@id\":\"https:\\\/\\\/worldvapersalliance.com\\\/vapers-call-on-javier-milei-to-repeal-the-ban-on-vaping-in-argentina\\\/\",\"url\":\"https:\\\/\\\/worldvapersalliance.com\\\/vapers-call-on-javier-milei-to-repeal-the-ban-on-vaping-in-argentina\\\/\",\"name\":\"Vapers call on Javier Milei to repeal the ban on vaping in Argentina - World Vapers&#039; Alliance\",\"isPartOf\":{\"@id\":\"https:\\\/\\\/worldvapersalliance.com\\\/#website\"},\"primaryImageOfPage\":{\"@id\":\"https:\\\/\\\/worldvapersalliance.com\\\/vapers-call-on-javier-milei-to-repeal-the-ban-on-vaping-in-argentina\\\/#primaryimage\"},\"image\":{\"@id\":\"https:\\\/\\\/worldvapersalliance.com\\\/vapers-call-on-javier-milei-to-repeal-the-ban-on-vaping-in-argentina\\\/#primaryimage\"},\"thumbnailUrl\":\"https:\\\/\\\/worldvapersalliance.com\\\/wp-content\\\/uploads\\\/2022\\\/10\\\/WVA_Press-Release_Cover-new.png\",\"datePublished\":\"2023-12-12T14:15:50+00:00\",\"inLanguage\":\"cs\",\"potentialAction\":[{\"@type\":\"ReadAction\",\"target\":[\"https:\\\/\\\/worldvapersalliance.com\\\/vapers-call-on-javier-milei-to-repeal-the-ban-on-vaping-in-argentina\\\/\"]}]},{\"@type\":\"ImageObject\",\"inLanguage\":\"cs\",\"@id\":\"https:\\\/\\\/worldvapersalliance.com\\\/vapers-call-on-javier-milei-to-repeal-the-ban-on-vaping-in-argentina\\\/#primaryimage\",\"url\":\"https:\\\/\\\/worldvapersalliance.com\\\/wp-content\\\/uploads\\\/2022\\\/10\\\/WVA_Press-Release_Cover-new.png\",\"contentUrl\":\"https:\\\/\\\/worldvapersalliance.com\\\/wp-content\\\/uploads\\\/2022\\\/10\\\/WVA_Press-Release_Cover-new.png\",\"width\":4162,\"height\":3840},{\"@type\":\"WebSite\",\"@id\":\"https:\\\/\\\/worldvapersalliance.com\\\/#website\",\"url\":\"https:\\\/\\\/worldvapersalliance.com\\\/\",\"name\":\"World Vapers&#039; Alliance\",\"description\":\"The largest community of vapers\",\"publisher\":{\"@id\":\"https:\\\/\\\/worldvapersalliance.com\\\/#organization\"},\"potentialAction\":[{\"@type\":\"SearchAction\",\"target\":{\"@type\":\"EntryPoint\",\"urlTemplate\":\"https:\\\/\\\/worldvapersalliance.com\\\/?s={search_term_string}\"},\"query-input\":{\"@type\":\"PropertyValueSpecification\",\"valueRequired\":true,\"valueName\":\"search_term_string\"}}],\"inLanguage\":\"cs\"},{\"@type\":\"Organization\",\"@id\":\"https:\\\/\\\/worldvapersalliance.com\\\/#organization\",\"name\":\"World Vapers&#039; Alliance\",\"url\":\"https:\\\/\\\/worldvapersalliance.com\\\/\",\"logo\":{\"@type\":\"ImageObject\",\"inLanguage\":\"cs\",\"@id\":\"https:\\\/\\\/worldvapersalliance.com\\\/#\\\/schema\\\/logo\\\/image\\\/\",\"url\":\"https:\\\/\\\/worldvapersalliance.com\\\/wp-content\\\/uploads\\\/2022\\\/01\\\/WVA_RB_Fist_G.png\",\"contentUrl\":\"https:\\\/\\\/worldvapersalliance.com\\\/wp-content\\\/uploads\\\/2022\\\/01\\\/WVA_RB_Fist_G.png\",\"width\":985,\"height\":1177,\"caption\":\"World Vapers&#039; Alliance\"},\"image\":{\"@id\":\"https:\\\/\\\/worldvapersalliance.com\\\/#\\\/schema\\\/logo\\\/image\\\/\"}},{\"@type\":\"Person\",\"@id\":\"https:\\\/\\\/worldvapersalliance.com\\\/#\\\/schema\\\/person\\\/18484a6f20bcc6f70a2419c8babe017d\",\"name\":\"World Vapers' Alliance\",\"image\":{\"@type\":\"ImageObject\",\"inLanguage\":\"cs\",\"@id\":\"https:\\\/\\\/secure.gravatar.com\\\/avatar\\\/456bf795c7a47c9ac527a94da4bff150aa49e48726d69bee9937f8383cffa246?s=96&d=mm&r=g\",\"url\":\"https:\\\/\\\/secure.gravatar.com\\\/avatar\\\/456bf795c7a47c9ac527a94da4bff150aa49e48726d69bee9937f8383cffa246?s=96&d=mm&r=g\",\"contentUrl\":\"https:\\\/\\\/secure.gravatar.com\\\/avatar\\\/456bf795c7a47c9ac527a94da4bff150aa49e48726d69bee9937f8383cffa246?s=96&d=mm&r=g\",\"caption\":\"World Vapers' Alliance\"},\"url\":\"https:\\\/\\\/worldvapersalliance.com\\\/cs\\\/author\\\/wva\\\/\"}]}<\/script>\n<!-- \/ Yoast SEO plugin. -->","yoast_head_json":{"title":"Vape\u0159i vyz\u00fdvaj\u00ed Javiera Mileiho, aby zru\u0161il z\u00e1kaz vapov\u00e1n\u00ed v Argentin\u011b - Sv\u011btov\u00e1 aliance vaper\u016f","robots":{"index":"index","follow":"follow","max-snippet":"max-snippet:-1","max-image-preview":"max-image-preview:large","max-video-preview":"max-video-preview:-1"},"canonical":"https:\/\/worldvapersalliance.com\/cs\/vapers-call-on-javier-milei-to-repeal-the-ban-on-vaping-in-argentina\/","og_locale":"cs_CZ","og_type":"article","og_title":"Vapers call on Javier Milei to repeal the ban on vaping in Argentina - World Vapers&#039; Alliance","og_description":"Buenos Aires, 12.12.2023. &#8211; The Argentinean vapers&#8217; association Asovape Argentina and the World Vapers&#8217; Alliance have sent an open letter to the President of Argentina, Javier Milei, calling for the repeal of the ANMAT administrative provision banning the commercialisation of e-cigarettes. Provision 3226\/2011 of the National Administration of Medicines, Food and Medical Technology (ANMAT) banned [&hellip;]","og_url":"https:\/\/worldvapersalliance.com\/cs\/vapers-call-on-javier-milei-to-repeal-the-ban-on-vaping-in-argentina\/","og_site_name":"World Vapers&#039; Alliance","article_published_time":"2023-12-12T14:15:50+00:00","og_image":[{"width":4162,"height":3840,"url":"https:\/\/worldvapersalliance.com\/wp-content\/uploads\/2022\/10\/WVA_Press-Release_Cover-new.png","type":"image\/png"}],"author":"World Vapers' Alliance","twitter_card":"summary_large_image","twitter_misc":{"Napsal(a)":"World Vapers' Alliance","Odhadovan\u00e1 doba \u010dten\u00ed":"3 minuty"},"schema":{"@context":"https:\/\/schema.org","@graph":[{"@type":"Article","@id":"https:\/\/worldvapersalliance.com\/vapers-call-on-javier-milei-to-repeal-the-ban-on-vaping-in-argentina\/#article","isPartOf":{"@id":"https:\/\/worldvapersalliance.com\/vapers-call-on-javier-milei-to-repeal-the-ban-on-vaping-in-argentina\/"},"author":{"name":"World Vapers' Alliance","@id":"https:\/\/worldvapersalliance.com\/#\/schema\/person\/18484a6f20bcc6f70a2419c8babe017d"},"headline":"Vapers call on Javier Milei to repeal the ban on vaping in Argentina","datePublished":"2023-12-12T14:15:50+00:00","mainEntityOfPage":{"@id":"https:\/\/worldvapersalliance.com\/vapers-call-on-javier-milei-to-repeal-the-ban-on-vaping-in-argentina\/"},"wordCount":519,"commentCount":0,"publisher":{"@id":"https:\/\/worldvapersalliance.com\/#organization"},"image":{"@id":"https:\/\/worldvapersalliance.com\/vapers-call-on-javier-milei-to-repeal-the-ban-on-vaping-in-argentina\/#primaryimage"},"thumbnailUrl":"https:\/\/worldvapersalliance.com\/wp-content\/uploads\/2022\/10\/WVA_Press-Release_Cover-new.png","articleSection":["Press Releases"],"inLanguage":"cs","potentialAction":[{"@type":"CommentAction","name":"Comment","target":["https:\/\/worldvapersalliance.com\/vapers-call-on-javier-milei-to-repeal-the-ban-on-vaping-in-argentina\/#respond"]}]},{"@type":"WebPage","@id":"https:\/\/worldvapersalliance.com\/vapers-call-on-javier-milei-to-repeal-the-ban-on-vaping-in-argentina\/","url":"https:\/\/worldvapersalliance.com\/vapers-call-on-javier-milei-to-repeal-the-ban-on-vaping-in-argentina\/","name":"Vape\u0159i vyz\u00fdvaj\u00ed Javiera Mileiho, aby zru\u0161il z\u00e1kaz vapov\u00e1n\u00ed v Argentin\u011b - Sv\u011btov\u00e1 aliance vaper\u016f","isPartOf":{"@id":"https:\/\/worldvapersalliance.com\/#website"},"primaryImageOfPage":{"@id":"https:\/\/worldvapersalliance.com\/vapers-call-on-javier-milei-to-repeal-the-ban-on-vaping-in-argentina\/#primaryimage"},"image":{"@id":"https:\/\/worldvapersalliance.com\/vapers-call-on-javier-milei-to-repeal-the-ban-on-vaping-in-argentina\/#primaryimage"},"thumbnailUrl":"https:\/\/worldvapersalliance.com\/wp-content\/uploads\/2022\/10\/WVA_Press-Release_Cover-new.png","datePublished":"2023-12-12T14:15:50+00:00","inLanguage":"cs","potentialAction":[{"@type":"ReadAction","target":["https:\/\/worldvapersalliance.com\/vapers-call-on-javier-milei-to-repeal-the-ban-on-vaping-in-argentina\/"]}]},{"@type":"ImageObject","inLanguage":"cs","@id":"https:\/\/worldvapersalliance.com\/vapers-call-on-javier-milei-to-repeal-the-ban-on-vaping-in-argentina\/#primaryimage","url":"https:\/\/worldvapersalliance.com\/wp-content\/uploads\/2022\/10\/WVA_Press-Release_Cover-new.png","contentUrl":"https:\/\/worldvapersalliance.com\/wp-content\/uploads\/2022\/10\/WVA_Press-Release_Cover-new.png","width":4162,"height":3840},{"@type":"WebSite","@id":"https:\/\/worldvapersalliance.com\/#website","url":"https:\/\/worldvapersalliance.com\/","name":"World Vapers&#039; Alliance","description":"Nejv\u011bt\u0161\u00ed komunita vaper\u016f","publisher":{"@id":"https:\/\/worldvapersalliance.com\/#organization"},"potentialAction":[{"@type":"SearchAction","target":{"@type":"EntryPoint","urlTemplate":"https:\/\/worldvapersalliance.com\/?s={search_term_string}"},"query-input":{"@type":"PropertyValueSpecification","valueRequired":true,"valueName":"search_term_string"}}],"inLanguage":"cs"},{"@type":"Organization","@id":"https:\/\/worldvapersalliance.com\/#organization","name":"World Vapers&#039; Alliance","url":"https:\/\/worldvapersalliance.com\/","logo":{"@type":"ImageObject","inLanguage":"cs","@id":"https:\/\/worldvapersalliance.com\/#\/schema\/logo\/image\/","url":"https:\/\/worldvapersalliance.com\/wp-content\/uploads\/2022\/01\/WVA_RB_Fist_G.png","contentUrl":"https:\/\/worldvapersalliance.com\/wp-content\/uploads\/2022\/01\/WVA_RB_Fist_G.png","width":985,"height":1177,"caption":"World Vapers&#039; Alliance"},"image":{"@id":"https:\/\/worldvapersalliance.com\/#\/schema\/logo\/image\/"}},{"@type":"Person","@id":"https:\/\/worldvapersalliance.com\/#\/schema\/person\/18484a6f20bcc6f70a2419c8babe017d","name":"World Vapers&#039; Alliance","image":{"@type":"ImageObject","inLanguage":"cs","@id":"https:\/\/secure.gravatar.com\/avatar\/456bf795c7a47c9ac527a94da4bff150aa49e48726d69bee9937f8383cffa246?s=96&d=mm&r=g","url":"https:\/\/secure.gravatar.com\/avatar\/456bf795c7a47c9ac527a94da4bff150aa49e48726d69bee9937f8383cffa246?s=96&d=mm&r=g","contentUrl":"https:\/\/secure.gravatar.com\/avatar\/456bf795c7a47c9ac527a94da4bff150aa49e48726d69bee9937f8383cffa246?s=96&d=mm&r=g","caption":"World Vapers' Alliance"},"url":"https:\/\/worldvapersalliance.com\/cs\/author\/wva\/"}]}},"_links":{"self":[{"href":"https:\/\/worldvapersalliance.com\/cs\/wp-json\/wp\/v2\/posts\/5263","targetHints":{"allow":["GET"]}}],"collection":[{"href":"https:\/\/worldvapersalliance.com\/cs\/wp-json\/wp\/v2\/posts"}],"about":[{"href":"https:\/\/worldvapersalliance.com\/cs\/wp-json\/wp\/v2\/types\/post"}],"author":[{"embeddable":true,"href":"https:\/\/worldvapersalliance.com\/cs\/wp-json\/wp\/v2\/users\/11"}],"replies":[{"embeddable":true,"href":"https:\/\/worldvapersalliance.com\/cs\/wp-json\/wp\/v2\/comments?post=5263"}],"version-history":[{"count":0,"href":"https:\/\/worldvapersalliance.com\/cs\/wp-json\/wp\/v2\/posts\/5263\/revisions"}],"wp:featuredmedia":[{"embeddable":true,"href":"https:\/\/worldvapersalliance.com\/cs\/wp-json\/wp\/v2\/media\/3245"}],"wp:attachment":[{"href":"https:\/\/worldvapersalliance.com\/cs\/wp-json\/wp\/v2\/media?parent=5263"}],"wp:term":[{"taxonomy":"category","embeddable":true,"href":"https:\/\/worldvapersalliance.com\/cs\/wp-json\/wp\/v2\/categories?post=5263"},{"taxonomy":"post_tag","embeddable":true,"href":"https:\/\/worldvapersalliance.com\/cs\/wp-json\/wp\/v2\/tags?post=5263"}],"curies":[{"name":"wp","href":"https:\/\/api.w.org\/{rel}","templated":true}]}}