{"id":5105,"date":"2023-11-02T08:37:39","date_gmt":"2023-11-02T12:37:39","guid":{"rendered":"https:\/\/worldvapersalliance.com\/?p=5105"},"modified":"2023-11-08T08:39:21","modified_gmt":"2023-11-08T13:39:21","slug":"belgium-urged-to-prioritise-harm-reduction","status":"publish","type":"post","link":"https:\/\/worldvapersalliance.com\/cs\/belgium-urged-to-prioritise-harm-reduction\/","title":{"rendered":"Belgie vyzvala, aby up\u0159ednost\u0148ovala sni\u017eov\u00e1n\u00ed \u0161kod"},"content":{"rendered":"<div class=\"field field-name-field-news-intro-text field-type-text-long field-label-hidden\">\n<div class=\"field-items\">\n<h4 class=\"field-item even\">V roce 2022 Belgick\u00e1 vrchn\u00ed zdravotn\u00ed rada ve zpr\u00e1v\u011b vl\u00e1d\u011b uznala, \u017ee vaping je m\u00e9n\u011b \u0161kodliv\u00fd ne\u017e kou\u0159en\u00ed, a doporu\u010dila ku\u0159\u00e1k\u016fm p\u0159ej\u00edt na vaping. Evrop\u0161t\u00ed \u010dlenov\u00e9 World Vapers&#039; Alliance nyn\u00ed nal\u00e9haj\u00ed na belgickou vl\u00e1du, aby se vzhledem k nedostate\u010dn\u00e9mu pokroku zab\u00fdvala sni\u017eov\u00e1n\u00edm \u0161kod jako svou zdravotn\u00ed prioritou v nadch\u00e1zej\u00edc\u00edm obdob\u00ed p\u0159edsednictv\u00ed Rady.<\/h4>\n<\/div>\n<\/div>\n<div class=\"field field-name-field-news-body-text field-type-text-long field-label-hidden\">\n<div class=\"field-items\">\n<div class=\"field-item even\">\n<p>Minul\u00fd t\u00fdden Politico zve\u0159ejnilo pracovn\u00ed program belgick\u00e9ho p\u0159edsednictv\u00ed, kter\u00fd se zab\u00fdval jeho p\u011bti prioritami v oblasti zdrav\u00ed, v\u010detn\u011b odolnosti zdravotnictv\u00ed a zdravotn\u00edch syst\u00e9m\u016f, rovnosti zdrav\u00ed a zdrav\u00e9 populace.<\/p>\n<p>Michael Landl, \u0159editel World Vapers&#039; Alliance \u0159ekl: \u201e<i>Sn\u00ed\u017een\u00ed \u0161kod zp\u016fsoben\u00fdch tab\u00e1kem by m\u011blo b\u00fdt z\u00e1kladn\u00edm kamenem priorit EU v oblasti zdrav\u00ed, proto\u017ee kou\u0159en\u00ed je st\u00e1le hlavn\u00ed p\u0159\u00ed\u010dinou \u00famrt\u00ed v EU, kter\u00fdm lze p\u0159edej\u00edt.<\/i><\/p>\n<p><i>\u201eExistuje v\u00edce ne\u017e 1,3 miliardy lid\u00ed, kte\u0159\u00ed st\u00e1le kou\u0159\u00ed, z toho 88 milion\u016f jen v Evropsk\u00e9 unii. \u0160v\u00e9dsko se stalo \u0161ampionem harm reduction, proto\u017ee se posouv\u00e1 k celon\u00e1rodn\u00ed politice zalo\u017een\u00e9 na riziku se snusem, tradi\u010dn\u00edm bezd\u00fdmn\u00fdm tab\u00e1kov\u00fdm v\u00fdrobkem, kter\u00fd sni\u017euje da\u0148 o 20%. Vyz\u00fdv\u00e1me belgickou vl\u00e1du, aby n\u00e1sledovala \u0161v\u00e9dsk\u00fd p\u0159\u00edklad a p\u0159ijala harm reduction jako hnac\u00ed s\u00edlu sm\u011brem k Evrop\u011b bez kou\u0159e.<\/i>.<\/p>\n<p>P\u0159e\u010dt\u011bte si cel\u00fd text <a href=\"https:\/\/www.planetofthevapes.co.uk\/news\/vaping-news\/2023-11-02_belgium-urged-to-prioritise-harm-reduction.html\" target=\"_blank\" rel=\"noopener\">zde<\/a><\/p>\n<\/div>\n<\/div>\n<\/div>","protected":false},"excerpt":{"rendered":"<p>In 2022, the Belgian Superior Health Council acknowledged in a report to the government that vaping is less harmful than smoking and recommended smokers switch to vaping. Now, European members of the World Vapers\u2019 Alliance are urging the Belgian government to address harm reduction as their health priority in the upcoming Council presidency term due [&hellip;]<\/p>\n","protected":false},"author":11,"featured_media":6394,"comment_status":"open","ping_status":"open","sticky":false,"template":"","format":"standard","meta":{"footnotes":""},"categories":[15],"tags":[],"class_list":["post-5105","post","type-post","status-publish","format-standard","has-post-thumbnail","hentry","category-wva-in-the-news"],"yoast_head":"<!-- This site is optimized with the Yoast SEO plugin v27.3 - https:\/\/yoast.com\/product\/yoast-seo-wordpress\/ -->\n<title>Belgium Urged to Prioritise Harm Reduction - World Vapers&#039; Alliance<\/title>\n<meta name=\"robots\" content=\"index, follow, max-snippet:-1, max-image-preview:large, max-video-preview:-1\" \/>\n<link rel=\"canonical\" href=\"https:\/\/worldvapersalliance.com\/cs\/belgium-urged-to-prioritise-harm-reduction\/\" \/>\n<meta property=\"og:locale\" content=\"cs_CZ\" \/>\n<meta property=\"og:type\" content=\"article\" \/>\n<meta property=\"og:title\" content=\"Belgium Urged to Prioritise Harm Reduction - World Vapers&#039; Alliance\" \/>\n<meta property=\"og:description\" content=\"In 2022, the Belgian Superior Health Council acknowledged in a report to the government that vaping is less harmful than smoking and recommended smokers switch to vaping. Now, European members of the World Vapers\u2019 Alliance are urging the Belgian government to address harm reduction as their health priority in the upcoming Council presidency term due [&hellip;]\" \/>\n<meta property=\"og:url\" content=\"https:\/\/worldvapersalliance.com\/cs\/belgium-urged-to-prioritise-harm-reduction\/\" \/>\n<meta property=\"og:site_name\" content=\"World Vapers&#039; Alliance\" \/>\n<meta property=\"article:published_time\" content=\"2023-11-02T12:37:39+00:00\" \/>\n<meta property=\"article:modified_time\" content=\"2023-11-08T13:39:21+00:00\" \/>\n<meta property=\"og:image\" content=\"https:\/\/worldvapersalliance.com\/wp-content\/uploads\/2022\/07\/Planet-of-the-vapes.png\" \/>\n\t<meta property=\"og:image:width\" content=\"2081\" \/>\n\t<meta property=\"og:image:height\" content=\"1920\" \/>\n\t<meta property=\"og:image:type\" content=\"image\/png\" \/>\n<meta name=\"author\" content=\"World Vapers&#039; Alliance\" \/>\n<meta name=\"twitter:card\" content=\"summary_large_image\" \/>\n<meta name=\"twitter:label1\" content=\"Napsal(a)\" \/>\n\t<meta name=\"twitter:data1\" content=\"World Vapers&#039; Alliance\" \/>\n\t<meta name=\"twitter:label2\" content=\"Odhadovan\u00e1 doba \u010dten\u00ed\" \/>\n\t<meta name=\"twitter:data2\" content=\"1 minuta\" \/>\n<script type=\"application\/ld+json\" class=\"yoast-schema-graph\">{\"@context\":\"https:\\\/\\\/schema.org\",\"@graph\":[{\"@type\":\"Article\",\"@id\":\"https:\\\/\\\/worldvapersalliance.com\\\/belgium-urged-to-prioritise-harm-reduction\\\/#article\",\"isPartOf\":{\"@id\":\"https:\\\/\\\/worldvapersalliance.com\\\/belgium-urged-to-prioritise-harm-reduction\\\/\"},\"author\":{\"name\":\"World Vapers' Alliance\",\"@id\":\"https:\\\/\\\/worldvapersalliance.com\\\/#\\\/schema\\\/person\\\/18484a6f20bcc6f70a2419c8babe017d\"},\"headline\":\"Belgium Urged to Prioritise Harm Reduction\",\"datePublished\":\"2023-11-02T12:37:39+00:00\",\"dateModified\":\"2023-11-08T13:39:21+00:00\",\"mainEntityOfPage\":{\"@id\":\"https:\\\/\\\/worldvapersalliance.com\\\/belgium-urged-to-prioritise-harm-reduction\\\/\"},\"wordCount\":202,\"commentCount\":0,\"publisher\":{\"@id\":\"https:\\\/\\\/worldvapersalliance.com\\\/#organization\"},\"image\":{\"@id\":\"https:\\\/\\\/worldvapersalliance.com\\\/belgium-urged-to-prioritise-harm-reduction\\\/#primaryimage\"},\"thumbnailUrl\":\"https:\\\/\\\/worldvapersalliance.com\\\/wp-content\\\/uploads\\\/2025\\\/08\\\/WVA-in-the-news.png\",\"articleSection\":[\"WVA in the News\"],\"inLanguage\":\"cs\",\"potentialAction\":[{\"@type\":\"CommentAction\",\"name\":\"Comment\",\"target\":[\"https:\\\/\\\/worldvapersalliance.com\\\/belgium-urged-to-prioritise-harm-reduction\\\/#respond\"]}]},{\"@type\":\"WebPage\",\"@id\":\"https:\\\/\\\/worldvapersalliance.com\\\/belgium-urged-to-prioritise-harm-reduction\\\/\",\"url\":\"https:\\\/\\\/worldvapersalliance.com\\\/belgium-urged-to-prioritise-harm-reduction\\\/\",\"name\":\"Belgium Urged to Prioritise Harm Reduction - World Vapers&#039; Alliance\",\"isPartOf\":{\"@id\":\"https:\\\/\\\/worldvapersalliance.com\\\/#website\"},\"primaryImageOfPage\":{\"@id\":\"https:\\\/\\\/worldvapersalliance.com\\\/belgium-urged-to-prioritise-harm-reduction\\\/#primaryimage\"},\"image\":{\"@id\":\"https:\\\/\\\/worldvapersalliance.com\\\/belgium-urged-to-prioritise-harm-reduction\\\/#primaryimage\"},\"thumbnailUrl\":\"https:\\\/\\\/worldvapersalliance.com\\\/wp-content\\\/uploads\\\/2025\\\/08\\\/WVA-in-the-news.png\",\"datePublished\":\"2023-11-02T12:37:39+00:00\",\"dateModified\":\"2023-11-08T13:39:21+00:00\",\"inLanguage\":\"cs\",\"potentialAction\":[{\"@type\":\"ReadAction\",\"target\":[\"https:\\\/\\\/worldvapersalliance.com\\\/belgium-urged-to-prioritise-harm-reduction\\\/\"]}]},{\"@type\":\"ImageObject\",\"inLanguage\":\"cs\",\"@id\":\"https:\\\/\\\/worldvapersalliance.com\\\/belgium-urged-to-prioritise-harm-reduction\\\/#primaryimage\",\"url\":\"https:\\\/\\\/worldvapersalliance.com\\\/wp-content\\\/uploads\\\/2025\\\/08\\\/WVA-in-the-news.png\",\"contentUrl\":\"https:\\\/\\\/worldvapersalliance.com\\\/wp-content\\\/uploads\\\/2025\\\/08\\\/WVA-in-the-news.png\",\"width\":1264,\"height\":848},{\"@type\":\"WebSite\",\"@id\":\"https:\\\/\\\/worldvapersalliance.com\\\/#website\",\"url\":\"https:\\\/\\\/worldvapersalliance.com\\\/\",\"name\":\"World Vapers&#039; Alliance\",\"description\":\"The largest community of vapers\",\"publisher\":{\"@id\":\"https:\\\/\\\/worldvapersalliance.com\\\/#organization\"},\"potentialAction\":[{\"@type\":\"SearchAction\",\"target\":{\"@type\":\"EntryPoint\",\"urlTemplate\":\"https:\\\/\\\/worldvapersalliance.com\\\/?s={search_term_string}\"},\"query-input\":{\"@type\":\"PropertyValueSpecification\",\"valueRequired\":true,\"valueName\":\"search_term_string\"}}],\"inLanguage\":\"cs\"},{\"@type\":\"Organization\",\"@id\":\"https:\\\/\\\/worldvapersalliance.com\\\/#organization\",\"name\":\"World Vapers&#039; Alliance\",\"url\":\"https:\\\/\\\/worldvapersalliance.com\\\/\",\"logo\":{\"@type\":\"ImageObject\",\"inLanguage\":\"cs\",\"@id\":\"https:\\\/\\\/worldvapersalliance.com\\\/#\\\/schema\\\/logo\\\/image\\\/\",\"url\":\"https:\\\/\\\/worldvapersalliance.com\\\/wp-content\\\/uploads\\\/2022\\\/01\\\/WVA_RB_Fist_G.png\",\"contentUrl\":\"https:\\\/\\\/worldvapersalliance.com\\\/wp-content\\\/uploads\\\/2022\\\/01\\\/WVA_RB_Fist_G.png\",\"width\":985,\"height\":1177,\"caption\":\"World Vapers&#039; Alliance\"},\"image\":{\"@id\":\"https:\\\/\\\/worldvapersalliance.com\\\/#\\\/schema\\\/logo\\\/image\\\/\"}},{\"@type\":\"Person\",\"@id\":\"https:\\\/\\\/worldvapersalliance.com\\\/#\\\/schema\\\/person\\\/18484a6f20bcc6f70a2419c8babe017d\",\"name\":\"World Vapers' Alliance\",\"image\":{\"@type\":\"ImageObject\",\"inLanguage\":\"cs\",\"@id\":\"https:\\\/\\\/secure.gravatar.com\\\/avatar\\\/456bf795c7a47c9ac527a94da4bff150aa49e48726d69bee9937f8383cffa246?s=96&d=mm&r=g\",\"url\":\"https:\\\/\\\/secure.gravatar.com\\\/avatar\\\/456bf795c7a47c9ac527a94da4bff150aa49e48726d69bee9937f8383cffa246?s=96&d=mm&r=g\",\"contentUrl\":\"https:\\\/\\\/secure.gravatar.com\\\/avatar\\\/456bf795c7a47c9ac527a94da4bff150aa49e48726d69bee9937f8383cffa246?s=96&d=mm&r=g\",\"caption\":\"World Vapers' Alliance\"},\"url\":\"https:\\\/\\\/worldvapersalliance.com\\\/cs\\\/author\\\/wva\\\/\"}]}<\/script>\n<!-- \/ Yoast SEO plugin. -->","yoast_head_json":{"title":"Belgie vyz\u00fdv\u00e1 k up\u0159ednostn\u011bn\u00ed sni\u017eov\u00e1n\u00ed \u0161kod \u2013 World Vapers&#039; Alliance","robots":{"index":"index","follow":"follow","max-snippet":"max-snippet:-1","max-image-preview":"max-image-preview:large","max-video-preview":"max-video-preview:-1"},"canonical":"https:\/\/worldvapersalliance.com\/cs\/belgium-urged-to-prioritise-harm-reduction\/","og_locale":"cs_CZ","og_type":"article","og_title":"Belgium Urged to Prioritise Harm Reduction - World Vapers&#039; Alliance","og_description":"In 2022, the Belgian Superior Health Council acknowledged in a report to the government that vaping is less harmful than smoking and recommended smokers switch to vaping. Now, European members of the World Vapers\u2019 Alliance are urging the Belgian government to address harm reduction as their health priority in the upcoming Council presidency term due [&hellip;]","og_url":"https:\/\/worldvapersalliance.com\/cs\/belgium-urged-to-prioritise-harm-reduction\/","og_site_name":"World Vapers&#039; Alliance","article_published_time":"2023-11-02T12:37:39+00:00","article_modified_time":"2023-11-08T13:39:21+00:00","og_image":[{"width":2081,"height":1920,"url":"https:\/\/worldvapersalliance.com\/wp-content\/uploads\/2022\/07\/Planet-of-the-vapes.png","type":"image\/png"}],"author":"World Vapers' Alliance","twitter_card":"summary_large_image","twitter_misc":{"Napsal(a)":"World Vapers' Alliance","Odhadovan\u00e1 doba \u010dten\u00ed":"1 minuta"},"schema":{"@context":"https:\/\/schema.org","@graph":[{"@type":"Article","@id":"https:\/\/worldvapersalliance.com\/belgium-urged-to-prioritise-harm-reduction\/#article","isPartOf":{"@id":"https:\/\/worldvapersalliance.com\/belgium-urged-to-prioritise-harm-reduction\/"},"author":{"name":"World Vapers' Alliance","@id":"https:\/\/worldvapersalliance.com\/#\/schema\/person\/18484a6f20bcc6f70a2419c8babe017d"},"headline":"Belgium Urged to Prioritise Harm Reduction","datePublished":"2023-11-02T12:37:39+00:00","dateModified":"2023-11-08T13:39:21+00:00","mainEntityOfPage":{"@id":"https:\/\/worldvapersalliance.com\/belgium-urged-to-prioritise-harm-reduction\/"},"wordCount":202,"commentCount":0,"publisher":{"@id":"https:\/\/worldvapersalliance.com\/#organization"},"image":{"@id":"https:\/\/worldvapersalliance.com\/belgium-urged-to-prioritise-harm-reduction\/#primaryimage"},"thumbnailUrl":"https:\/\/worldvapersalliance.com\/wp-content\/uploads\/2025\/08\/WVA-in-the-news.png","articleSection":["WVA in the News"],"inLanguage":"cs","potentialAction":[{"@type":"CommentAction","name":"Comment","target":["https:\/\/worldvapersalliance.com\/belgium-urged-to-prioritise-harm-reduction\/#respond"]}]},{"@type":"WebPage","@id":"https:\/\/worldvapersalliance.com\/belgium-urged-to-prioritise-harm-reduction\/","url":"https:\/\/worldvapersalliance.com\/belgium-urged-to-prioritise-harm-reduction\/","name":"Belgie vyz\u00fdv\u00e1 k up\u0159ednostn\u011bn\u00ed sni\u017eov\u00e1n\u00ed \u0161kod \u2013 World Vapers&#039; Alliance","isPartOf":{"@id":"https:\/\/worldvapersalliance.com\/#website"},"primaryImageOfPage":{"@id":"https:\/\/worldvapersalliance.com\/belgium-urged-to-prioritise-harm-reduction\/#primaryimage"},"image":{"@id":"https:\/\/worldvapersalliance.com\/belgium-urged-to-prioritise-harm-reduction\/#primaryimage"},"thumbnailUrl":"https:\/\/worldvapersalliance.com\/wp-content\/uploads\/2025\/08\/WVA-in-the-news.png","datePublished":"2023-11-02T12:37:39+00:00","dateModified":"2023-11-08T13:39:21+00:00","inLanguage":"cs","potentialAction":[{"@type":"ReadAction","target":["https:\/\/worldvapersalliance.com\/belgium-urged-to-prioritise-harm-reduction\/"]}]},{"@type":"ImageObject","inLanguage":"cs","@id":"https:\/\/worldvapersalliance.com\/belgium-urged-to-prioritise-harm-reduction\/#primaryimage","url":"https:\/\/worldvapersalliance.com\/wp-content\/uploads\/2025\/08\/WVA-in-the-news.png","contentUrl":"https:\/\/worldvapersalliance.com\/wp-content\/uploads\/2025\/08\/WVA-in-the-news.png","width":1264,"height":848},{"@type":"WebSite","@id":"https:\/\/worldvapersalliance.com\/#website","url":"https:\/\/worldvapersalliance.com\/","name":"World Vapers&#039; Alliance","description":"Nejv\u011bt\u0161\u00ed komunita vaper\u016f","publisher":{"@id":"https:\/\/worldvapersalliance.com\/#organization"},"potentialAction":[{"@type":"SearchAction","target":{"@type":"EntryPoint","urlTemplate":"https:\/\/worldvapersalliance.com\/?s={search_term_string}"},"query-input":{"@type":"PropertyValueSpecification","valueRequired":true,"valueName":"search_term_string"}}],"inLanguage":"cs"},{"@type":"Organization","@id":"https:\/\/worldvapersalliance.com\/#organization","name":"World Vapers&#039; Alliance","url":"https:\/\/worldvapersalliance.com\/","logo":{"@type":"ImageObject","inLanguage":"cs","@id":"https:\/\/worldvapersalliance.com\/#\/schema\/logo\/image\/","url":"https:\/\/worldvapersalliance.com\/wp-content\/uploads\/2022\/01\/WVA_RB_Fist_G.png","contentUrl":"https:\/\/worldvapersalliance.com\/wp-content\/uploads\/2022\/01\/WVA_RB_Fist_G.png","width":985,"height":1177,"caption":"World Vapers&#039; Alliance"},"image":{"@id":"https:\/\/worldvapersalliance.com\/#\/schema\/logo\/image\/"}},{"@type":"Person","@id":"https:\/\/worldvapersalliance.com\/#\/schema\/person\/18484a6f20bcc6f70a2419c8babe017d","name":"World Vapers&#039; Alliance","image":{"@type":"ImageObject","inLanguage":"cs","@id":"https:\/\/secure.gravatar.com\/avatar\/456bf795c7a47c9ac527a94da4bff150aa49e48726d69bee9937f8383cffa246?s=96&d=mm&r=g","url":"https:\/\/secure.gravatar.com\/avatar\/456bf795c7a47c9ac527a94da4bff150aa49e48726d69bee9937f8383cffa246?s=96&d=mm&r=g","contentUrl":"https:\/\/secure.gravatar.com\/avatar\/456bf795c7a47c9ac527a94da4bff150aa49e48726d69bee9937f8383cffa246?s=96&d=mm&r=g","caption":"World Vapers' Alliance"},"url":"https:\/\/worldvapersalliance.com\/cs\/author\/wva\/"}]}},"_links":{"self":[{"href":"https:\/\/worldvapersalliance.com\/cs\/wp-json\/wp\/v2\/posts\/5105","targetHints":{"allow":["GET"]}}],"collection":[{"href":"https:\/\/worldvapersalliance.com\/cs\/wp-json\/wp\/v2\/posts"}],"about":[{"href":"https:\/\/worldvapersalliance.com\/cs\/wp-json\/wp\/v2\/types\/post"}],"author":[{"embeddable":true,"href":"https:\/\/worldvapersalliance.com\/cs\/wp-json\/wp\/v2\/users\/11"}],"replies":[{"embeddable":true,"href":"https:\/\/worldvapersalliance.com\/cs\/wp-json\/wp\/v2\/comments?post=5105"}],"version-history":[{"count":0,"href":"https:\/\/worldvapersalliance.com\/cs\/wp-json\/wp\/v2\/posts\/5105\/revisions"}],"wp:featuredmedia":[{"embeddable":true,"href":"https:\/\/worldvapersalliance.com\/cs\/wp-json\/wp\/v2\/media\/6394"}],"wp:attachment":[{"href":"https:\/\/worldvapersalliance.com\/cs\/wp-json\/wp\/v2\/media?parent=5105"}],"wp:term":[{"taxonomy":"category","embeddable":true,"href":"https:\/\/worldvapersalliance.com\/cs\/wp-json\/wp\/v2\/categories?post=5105"},{"taxonomy":"post_tag","embeddable":true,"href":"https:\/\/worldvapersalliance.com\/cs\/wp-json\/wp\/v2\/tags?post=5105"}],"curies":[{"name":"wp","href":"https:\/\/api.w.org\/{rel}","templated":true}]}}