{"id":4921,"date":"2023-10-17T06:41:33","date_gmt":"2023-10-17T10:41:33","guid":{"rendered":"https:\/\/worldvapersalliance.com\/?p=4921"},"modified":"2023-10-17T06:41:33","modified_gmt":"2023-10-17T10:41:33","slug":"european-consumers-urge-belgian-presidency-to-prioritise-harm-reduction","status":"publish","type":"post","link":"https:\/\/worldvapersalliance.com\/cs\/european-consumers-urge-belgian-presidency-to-prioritise-harm-reduction\/","title":{"rendered":"Evrop\u0161t\u00ed spot\u0159ebitel\u00e9 nal\u00e9haj\u00ed na belgick\u00e9 p\u0159edsednictv\u00ed, aby up\u0159ednostnilo sni\u017eov\u00e1n\u00ed \u0161kod"},"content":{"rendered":"<p dir=\"ltr\"><strong>Brusel, Belgie, 17.10.2023 \u2014<\/strong> Evrop\u0161t\u00ed \u010dlenov\u00e9 Sv\u011btov\u00e9 aliance vaper\u016f nal\u00e9hav\u011b \u017e\u00e1daj\u00ed belgickou vl\u00e1du, aby se v nadch\u00e1zej\u00edc\u00edm p\u0159edsednictv\u00ed Rady, kter\u00e9 za\u010d\u00edn\u00e1 1. ledna 2024, zab\u00fdvala sni\u017eov\u00e1n\u00edm \u0161kod jako svou prioritou v oblasti zdrav\u00ed.<\/p>\n<p dir=\"ltr\">Server Politico dnes zve\u0159ejnil pracovn\u00ed program belgick\u00e9ho p\u0159edsednictv\u00ed, kter\u00fd se zab\u00fdv\u00e1 p\u011bti prioritami v oblasti zdrav\u00ed, v\u010detn\u011b odolnosti zdravotnictv\u00ed a zdravotnick\u00fdch syst\u00e9m\u016f, rovnosti v oblasti zdrav\u00ed a zdrav\u00e9 populace. <em><strong>\u201cSni\u017eov\u00e1n\u00ed \u0161kod zp\u016fsoben\u00fdch tab\u00e1kem by m\u011blo b\u00fdt z\u00e1kladn\u00edm kamenem priorit EU v oblasti zdrav\u00ed, proto\u017ee kou\u0159en\u00ed je st\u00e1le nej\u010dast\u011bj\u0161\u00ed p\u0159\u00ed\u010dinou \u00famrt\u00ed v EU, kter\u00fdm lze p\u0159edch\u00e1zet,\u201d<\/strong><\/em> \u0159\u00edk\u00e1 Michael Landl, \u0159editel Sv\u011btov\u00e9 aliance vaper\u016f.<\/p>\n<p dir=\"ltr\"><em>\u201cExistuje v\u00edce ne\u017e 1,3 miliardy lid\u00ed, kte\u0159\u00ed st\u00e1le kou\u0159\u00ed, s\u2026\u201c <a href=\"https:\/\/link.mediaoutreach.meltwater.com\/ls\/click?upn=v2OU6mEZsrF8RQMJ1eCY0jOfBK6KgGHbLFBq6pw7Q8bb53hWkDhT548pA00hhN-2FKoxAOwZxAxiKk8O-2FNJWVsVsBEBuqX4qGc9KZ-2B2D6SIBJZ9V3bRHOwr63T3OxwIlCRDUDo4vDl0r5N-2FishOArnEw-3D-3DjxfY_6-2BOayirWiMnL4NNJ9ivl6YavKZeo6-2F4wNJspN1hyqCqN9Iica8t3kuAqeTUsoEZyEPArUXwlTHpmuotWGUYRcpQrE8nNUswQ7G-2Fk02oN1WEWHHt54BxhdFiplpKrmGj1ZPwqqtWNZ9IBD5fcBQLl-2BT-2BSTUvXypqJKYDHwcv7o4hU7o9Bd3Pvglep-2Bo4zvaNg89DB1OornddnG3TjDd2VEXMlmzXJIsINaITLb3CzW1ruTl8Ou7-2F2nvqITJ7YSrWenKl1dMPjG3rwTKPAuSTG5sK6nhGt-2F64spPlHRVRCNvFddaALeUl5ktpS4-2BVGbXJhCxkJgIHXdK4dfVDk2SahIQS-2B-2FYFVO2wbmcceZDF6p518BuyzH5ng1tTTVNV3Gum5rZw1lQclyqWIueG0pjSfwg-3D-3D\" target=\"_blank\" rel=\"noopener\" data-saferedirecturl=\"https:\/\/www.google.com\/url?q=https:\/\/link.mediaoutreach.meltwater.com\/ls\/click?upn%3Dv2OU6mEZsrF8RQMJ1eCY0jOfBK6KgGHbLFBq6pw7Q8bb53hWkDhT548pA00hhN-2FKoxAOwZxAxiKk8O-2FNJWVsVsBEBuqX4qGc9KZ-2B2D6SIBJZ9V3bRHOwr63T3OxwIlCRDUDo4vDl0r5N-2FishOArnEw-3D-3DjxfY_6-2BOayirWiMnL4NNJ9ivl6YavKZeo6-2F4wNJspN1hyqCqN9Iica8t3kuAqeTUsoEZyEPArUXwlTHpmuotWGUYRcpQrE8nNUswQ7G-2Fk02oN1WEWHHt54BxhdFiplpKrmGj1ZPwqqtWNZ9IBD5fcBQLl-2BT-2BSTUvXypqJKYDHwcv7o4hU7o9Bd3Pvglep-2Bo4zvaNg89DB1OornddnG3TjDd2VEXMlmzXJIsINaITLb3CzW1ruTl8Ou7-2F2nvqITJ7YSrWenKl1dMPjG3rwTKPAuSTG5sK6nhGt-2F64spPlHRVRCNvFddaALeUl5ktpS4-2BVGbXJhCxkJgIHXdK4dfVDk2SahIQS-2B-2FYFVO2wbmcceZDF6p518BuyzH5ng1tTTVNV3Gum5rZw1lQclyqWIueG0pjSfwg-3D-3D&amp;source=gmail&amp;ust=1697625599703000&amp;usg=AOvVaw30OcaE8xKwCE7xJTPLID7z\">88 milion\u016f v Evropsk\u00e9 unii<\/a> \u0160v\u00e9dsko se stalo \u0161ampionem v oblasti sni\u017eov\u00e1n\u00ed \u0161kod, proto\u017ee p\u0159ech\u00e1z\u00ed k celost\u00e1tn\u00ed politice zalo\u017een\u00e9 na riziku a do roku 20% sni\u017euje da\u0148 ze snusu, tradi\u010dn\u00edho bezd\u00fdmn\u00e9ho tab\u00e1kov\u00e9ho v\u00fdrobku. <strong>Nal\u00e9hav\u011b \u017e\u00e1d\u00e1me belgickou vl\u00e1du, aby n\u00e1sledovala \u0161v\u00e9dsk\u00fd p\u0159\u00edklad a p\u0159ijala sni\u017eov\u00e1n\u00ed \u0161kod jako hnac\u00ed s\u00edlu sm\u011brem k Evrop\u011b bez kou\u0159e,\u201d<\/strong><\/em> dodal Landl.<\/p>\n<p dir=\"ltr\"><em><strong>\u201cEU by m\u011bla ku\u0159\u00e1k\u016fm usnadnit odvyk\u00e1n\u00ed, ne ho zt\u00ed\u017eit.\u201c.<\/strong> Povolen\u00ed p\u0159\u00edchut\u00ed a sn\u00ed\u017een\u00ed dan\u00ed u v\u00fdrobk\u016f s ni\u017e\u0161\u00edm rizikem se uk\u00e1zalo jako nej\u00fa\u010dinn\u011bj\u0161\u00ed zp\u016fsob, jak podpo\u0159it odvyk\u00e1n\u00ed kou\u0159en\u00ed, jako je tomu ve \u0160v\u00e9dsku a Spojen\u00e9m kr\u00e1lovstv\u00ed.,<\/em>\u201duzav\u0159el Landl.<\/p>\n<p dir=\"ltr\">Sv\u011btov\u00e1 aliance vaper\u016f ned\u00e1vno zve\u0159ejnila komplexn\u00ed informa\u010dn\u00ed list s dostupn\u00fdm v\u00fdzkumem vl\u00e1dn\u00edch, l\u00e9ka\u0159sk\u00fdch a v\u00fdzkumn\u00fdch instituc\u00ed o vapov\u00e1n\u00ed a sni\u017eov\u00e1n\u00ed \u0161kod zp\u016fsoben\u00fdch tab\u00e1kem. Zdroj je k dispozici <a href=\"https:\/\/link.mediaoutreach.meltwater.com\/ls\/click?upn=v2OU6mEZsrF8RQMJ1eCY0g8ZtW9ddvzmg6KflWYNU1vqD5UTAad7hdqLnvzRVgQn0rESJQAbGQa73LkeNbwXTl9FFQxPGmKtlqGHHOEElA0-3DTK___6-2BOayirWiMnL4NNJ9ivl6YavKZeo6-2F4wNJspN1hyqCqN9Iica8t3kuAqeTUsoEZyEPArUXwlTHpmuotWGUYRcpQrE8nNUswQ7G-2Fk02oN1WEWHHt54BxhdFiplpKrmGj1ZPwqqtWNZ9IBD5fcBQLl-2BT-2BSTUvXypqJKYDHwcv7o4hU7o9Bd3Pvglep-2Bo4zvaNg89DB1OornddnG3TjDd2VEXMlmzXJIsINaITLb3CzW1ql7dlI82J6MZ2Ux6hZALM7ptOxwPTgQA6bF9GDRRibgT0wgn4EUNgIkNTcSjQVDjPYqk1Cw3w0DtyUkY4EDeaS-2BENu7KSd4-2BFTSZAzmL5FO12HcrrxAsWB0T4vS3gRaJyZBhKyTiwp1NxTkgY-2FqkxkrNcs-2FhT7ITk90Bd8r7Bo6Q-3D-3D\" target=\"_blank\" rel=\"noopener\" data-saferedirecturl=\"https:\/\/www.google.com\/url?q=https:\/\/link.mediaoutreach.meltwater.com\/ls\/click?upn%3Dv2OU6mEZsrF8RQMJ1eCY0g8ZtW9ddvzmg6KflWYNU1vqD5UTAad7hdqLnvzRVgQn0rESJQAbGQa73LkeNbwXTl9FFQxPGmKtlqGHHOEElA0-3DTK___6-2BOayirWiMnL4NNJ9ivl6YavKZeo6-2F4wNJspN1hyqCqN9Iica8t3kuAqeTUsoEZyEPArUXwlTHpmuotWGUYRcpQrE8nNUswQ7G-2Fk02oN1WEWHHt54BxhdFiplpKrmGj1ZPwqqtWNZ9IBD5fcBQLl-2BT-2BSTUvXypqJKYDHwcv7o4hU7o9Bd3Pvglep-2Bo4zvaNg89DB1OornddnG3TjDd2VEXMlmzXJIsINaITLb3CzW1ql7dlI82J6MZ2Ux6hZALM7ptOxwPTgQA6bF9GDRRibgT0wgn4EUNgIkNTcSjQVDjPYqk1Cw3w0DtyUkY4EDeaS-2BENu7KSd4-2BFTSZAzmL5FO12HcrrxAsWB0T4vS3gRaJyZBhKyTiwp1NxTkgY-2FqkxkrNcs-2FhT7ITk90Bd8r7Bo6Q-3D-3D&amp;source=gmail&amp;ust=1697625599703000&amp;usg=AOvVaw23BbtgGWzZgWTCdijUKqg1\">zde<\/a>.<\/p>","protected":false},"excerpt":{"rendered":"<p>Brussels, Belgium, 17.10.2023\u00a0 \u2014 European members of the World Vapers\u2019 Alliance urge the Belgian government to address harm reduction as their health priority in the upcoming Council presidency term which starts on 1 January 2024. Earlier today, Politico published a working program of the Belgian presidency that addresses its five health priorities, including resiliency of [&hellip;]<\/p>\n","protected":false},"author":11,"featured_media":3245,"comment_status":"open","ping_status":"open","sticky":false,"template":"","format":"standard","meta":{"footnotes":""},"categories":[13],"tags":[],"class_list":["post-4921","post","type-post","status-publish","format-standard","has-post-thumbnail","hentry","category-press-releases"],"yoast_head":"<!-- This site is optimized with the Yoast SEO plugin v27.3 - https:\/\/yoast.com\/product\/yoast-seo-wordpress\/ -->\n<title>European consumers urge Belgian presidency to prioritise harm reduction - World Vapers&#039; Alliance<\/title>\n<meta name=\"description\" content=\"European members of the WVA urge the Belgian government to address harm reduction as their health priority in the upcoming Council presidency term.\" \/>\n<meta name=\"robots\" content=\"index, follow, max-snippet:-1, max-image-preview:large, max-video-preview:-1\" \/>\n<link rel=\"canonical\" href=\"https:\/\/worldvapersalliance.com\/cs\/european-consumers-urge-belgian-presidency-to-prioritise-harm-reduction\/\" \/>\n<meta property=\"og:locale\" content=\"cs_CZ\" \/>\n<meta property=\"og:type\" content=\"article\" \/>\n<meta property=\"og:title\" content=\"European consumers urge Belgian presidency to prioritise harm reduction - World Vapers&#039; Alliance\" \/>\n<meta property=\"og:description\" content=\"European members of the WVA urge the Belgian government to address harm reduction as their health priority in the upcoming Council presidency term.\" \/>\n<meta property=\"og:url\" content=\"https:\/\/worldvapersalliance.com\/cs\/european-consumers-urge-belgian-presidency-to-prioritise-harm-reduction\/\" \/>\n<meta property=\"og:site_name\" content=\"World Vapers&#039; Alliance\" \/>\n<meta property=\"article:published_time\" content=\"2023-10-17T10:41:33+00:00\" \/>\n<meta property=\"og:image\" content=\"https:\/\/worldvapersalliance.com\/wp-content\/uploads\/2022\/10\/WVA_Press-Release_Cover-new.png\" \/>\n\t<meta property=\"og:image:width\" content=\"4162\" \/>\n\t<meta property=\"og:image:height\" content=\"3840\" \/>\n\t<meta property=\"og:image:type\" content=\"image\/png\" \/>\n<meta name=\"author\" content=\"World Vapers&#039; Alliance\" \/>\n<meta name=\"twitter:card\" content=\"summary_large_image\" \/>\n<meta name=\"twitter:label1\" content=\"Napsal(a)\" \/>\n\t<meta name=\"twitter:data1\" content=\"World Vapers&#039; Alliance\" \/>\n\t<meta name=\"twitter:label2\" content=\"Odhadovan\u00e1 doba \u010dten\u00ed\" \/>\n\t<meta name=\"twitter:data2\" content=\"2 minuty\" \/>\n<script type=\"application\/ld+json\" class=\"yoast-schema-graph\">{\"@context\":\"https:\\\/\\\/schema.org\",\"@graph\":[{\"@type\":\"Article\",\"@id\":\"https:\\\/\\\/worldvapersalliance.com\\\/european-consumers-urge-belgian-presidency-to-prioritise-harm-reduction\\\/#article\",\"isPartOf\":{\"@id\":\"https:\\\/\\\/worldvapersalliance.com\\\/european-consumers-urge-belgian-presidency-to-prioritise-harm-reduction\\\/\"},\"author\":{\"name\":\"World Vapers' Alliance\",\"@id\":\"https:\\\/\\\/worldvapersalliance.com\\\/#\\\/schema\\\/person\\\/18484a6f20bcc6f70a2419c8babe017d\"},\"headline\":\"European consumers urge Belgian presidency to prioritise harm reduction\",\"datePublished\":\"2023-10-17T10:41:33+00:00\",\"mainEntityOfPage\":{\"@id\":\"https:\\\/\\\/worldvapersalliance.com\\\/european-consumers-urge-belgian-presidency-to-prioritise-harm-reduction\\\/\"},\"wordCount\":246,\"commentCount\":0,\"publisher\":{\"@id\":\"https:\\\/\\\/worldvapersalliance.com\\\/#organization\"},\"image\":{\"@id\":\"https:\\\/\\\/worldvapersalliance.com\\\/european-consumers-urge-belgian-presidency-to-prioritise-harm-reduction\\\/#primaryimage\"},\"thumbnailUrl\":\"https:\\\/\\\/worldvapersalliance.com\\\/wp-content\\\/uploads\\\/2022\\\/10\\\/WVA_Press-Release_Cover-new.png\",\"articleSection\":[\"Press Releases\"],\"inLanguage\":\"cs\",\"potentialAction\":[{\"@type\":\"CommentAction\",\"name\":\"Comment\",\"target\":[\"https:\\\/\\\/worldvapersalliance.com\\\/european-consumers-urge-belgian-presidency-to-prioritise-harm-reduction\\\/#respond\"]}]},{\"@type\":\"WebPage\",\"@id\":\"https:\\\/\\\/worldvapersalliance.com\\\/european-consumers-urge-belgian-presidency-to-prioritise-harm-reduction\\\/\",\"url\":\"https:\\\/\\\/worldvapersalliance.com\\\/european-consumers-urge-belgian-presidency-to-prioritise-harm-reduction\\\/\",\"name\":\"European consumers urge Belgian presidency to prioritise harm reduction - World Vapers&#039; Alliance\",\"isPartOf\":{\"@id\":\"https:\\\/\\\/worldvapersalliance.com\\\/#website\"},\"primaryImageOfPage\":{\"@id\":\"https:\\\/\\\/worldvapersalliance.com\\\/european-consumers-urge-belgian-presidency-to-prioritise-harm-reduction\\\/#primaryimage\"},\"image\":{\"@id\":\"https:\\\/\\\/worldvapersalliance.com\\\/european-consumers-urge-belgian-presidency-to-prioritise-harm-reduction\\\/#primaryimage\"},\"thumbnailUrl\":\"https:\\\/\\\/worldvapersalliance.com\\\/wp-content\\\/uploads\\\/2022\\\/10\\\/WVA_Press-Release_Cover-new.png\",\"datePublished\":\"2023-10-17T10:41:33+00:00\",\"description\":\"European members of the WVA urge the Belgian government to address harm reduction as their health priority in the upcoming Council presidency term.\",\"inLanguage\":\"cs\",\"potentialAction\":[{\"@type\":\"ReadAction\",\"target\":[\"https:\\\/\\\/worldvapersalliance.com\\\/european-consumers-urge-belgian-presidency-to-prioritise-harm-reduction\\\/\"]}]},{\"@type\":\"ImageObject\",\"inLanguage\":\"cs\",\"@id\":\"https:\\\/\\\/worldvapersalliance.com\\\/european-consumers-urge-belgian-presidency-to-prioritise-harm-reduction\\\/#primaryimage\",\"url\":\"https:\\\/\\\/worldvapersalliance.com\\\/wp-content\\\/uploads\\\/2022\\\/10\\\/WVA_Press-Release_Cover-new.png\",\"contentUrl\":\"https:\\\/\\\/worldvapersalliance.com\\\/wp-content\\\/uploads\\\/2022\\\/10\\\/WVA_Press-Release_Cover-new.png\",\"width\":4162,\"height\":3840},{\"@type\":\"WebSite\",\"@id\":\"https:\\\/\\\/worldvapersalliance.com\\\/#website\",\"url\":\"https:\\\/\\\/worldvapersalliance.com\\\/\",\"name\":\"World Vapers&#039; Alliance\",\"description\":\"The largest community of vapers\",\"publisher\":{\"@id\":\"https:\\\/\\\/worldvapersalliance.com\\\/#organization\"},\"potentialAction\":[{\"@type\":\"SearchAction\",\"target\":{\"@type\":\"EntryPoint\",\"urlTemplate\":\"https:\\\/\\\/worldvapersalliance.com\\\/?s={search_term_string}\"},\"query-input\":{\"@type\":\"PropertyValueSpecification\",\"valueRequired\":true,\"valueName\":\"search_term_string\"}}],\"inLanguage\":\"cs\"},{\"@type\":\"Organization\",\"@id\":\"https:\\\/\\\/worldvapersalliance.com\\\/#organization\",\"name\":\"World Vapers&#039; Alliance\",\"url\":\"https:\\\/\\\/worldvapersalliance.com\\\/\",\"logo\":{\"@type\":\"ImageObject\",\"inLanguage\":\"cs\",\"@id\":\"https:\\\/\\\/worldvapersalliance.com\\\/#\\\/schema\\\/logo\\\/image\\\/\",\"url\":\"https:\\\/\\\/worldvapersalliance.com\\\/wp-content\\\/uploads\\\/2022\\\/01\\\/WVA_RB_Fist_G.png\",\"contentUrl\":\"https:\\\/\\\/worldvapersalliance.com\\\/wp-content\\\/uploads\\\/2022\\\/01\\\/WVA_RB_Fist_G.png\",\"width\":985,\"height\":1177,\"caption\":\"World Vapers&#039; Alliance\"},\"image\":{\"@id\":\"https:\\\/\\\/worldvapersalliance.com\\\/#\\\/schema\\\/logo\\\/image\\\/\"}},{\"@type\":\"Person\",\"@id\":\"https:\\\/\\\/worldvapersalliance.com\\\/#\\\/schema\\\/person\\\/18484a6f20bcc6f70a2419c8babe017d\",\"name\":\"World Vapers' Alliance\",\"image\":{\"@type\":\"ImageObject\",\"inLanguage\":\"cs\",\"@id\":\"https:\\\/\\\/secure.gravatar.com\\\/avatar\\\/456bf795c7a47c9ac527a94da4bff150aa49e48726d69bee9937f8383cffa246?s=96&d=mm&r=g\",\"url\":\"https:\\\/\\\/secure.gravatar.com\\\/avatar\\\/456bf795c7a47c9ac527a94da4bff150aa49e48726d69bee9937f8383cffa246?s=96&d=mm&r=g\",\"contentUrl\":\"https:\\\/\\\/secure.gravatar.com\\\/avatar\\\/456bf795c7a47c9ac527a94da4bff150aa49e48726d69bee9937f8383cffa246?s=96&d=mm&r=g\",\"caption\":\"World Vapers' Alliance\"},\"url\":\"https:\\\/\\\/worldvapersalliance.com\\\/cs\\\/author\\\/wva\\\/\"}]}<\/script>\n<!-- \/ Yoast SEO plugin. -->","yoast_head_json":{"title":"Evrop\u0161t\u00ed spot\u0159ebitel\u00e9 nal\u00e9haj\u00ed na belgick\u00e9 p\u0159edsednictv\u00ed, aby up\u0159ednostnilo sni\u017eov\u00e1n\u00ed \u0161kod - Sv\u011btov\u00e1 aliance vaper\u016f","description":"Evrop\u0161t\u00ed \u010dlenov\u00e9 WVA nal\u00e9hav\u011b \u017e\u00e1daj\u00ed belgickou vl\u00e1du, aby se v nadch\u00e1zej\u00edc\u00edm p\u0159edsednictv\u00ed Rady zab\u00fdvala sni\u017eov\u00e1n\u00edm \u0161kod jako svou prioritou v oblasti zdrav\u00ed.","robots":{"index":"index","follow":"follow","max-snippet":"max-snippet:-1","max-image-preview":"max-image-preview:large","max-video-preview":"max-video-preview:-1"},"canonical":"https:\/\/worldvapersalliance.com\/cs\/european-consumers-urge-belgian-presidency-to-prioritise-harm-reduction\/","og_locale":"cs_CZ","og_type":"article","og_title":"European consumers urge Belgian presidency to prioritise harm reduction - World Vapers&#039; Alliance","og_description":"European members of the WVA urge the Belgian government to address harm reduction as their health priority in the upcoming Council presidency term.","og_url":"https:\/\/worldvapersalliance.com\/cs\/european-consumers-urge-belgian-presidency-to-prioritise-harm-reduction\/","og_site_name":"World Vapers&#039; Alliance","article_published_time":"2023-10-17T10:41:33+00:00","og_image":[{"width":4162,"height":3840,"url":"https:\/\/worldvapersalliance.com\/wp-content\/uploads\/2022\/10\/WVA_Press-Release_Cover-new.png","type":"image\/png"}],"author":"World Vapers' Alliance","twitter_card":"summary_large_image","twitter_misc":{"Napsal(a)":"World Vapers' Alliance","Odhadovan\u00e1 doba \u010dten\u00ed":"2 minuty"},"schema":{"@context":"https:\/\/schema.org","@graph":[{"@type":"Article","@id":"https:\/\/worldvapersalliance.com\/european-consumers-urge-belgian-presidency-to-prioritise-harm-reduction\/#article","isPartOf":{"@id":"https:\/\/worldvapersalliance.com\/european-consumers-urge-belgian-presidency-to-prioritise-harm-reduction\/"},"author":{"name":"World Vapers' Alliance","@id":"https:\/\/worldvapersalliance.com\/#\/schema\/person\/18484a6f20bcc6f70a2419c8babe017d"},"headline":"European consumers urge Belgian presidency to prioritise harm reduction","datePublished":"2023-10-17T10:41:33+00:00","mainEntityOfPage":{"@id":"https:\/\/worldvapersalliance.com\/european-consumers-urge-belgian-presidency-to-prioritise-harm-reduction\/"},"wordCount":246,"commentCount":0,"publisher":{"@id":"https:\/\/worldvapersalliance.com\/#organization"},"image":{"@id":"https:\/\/worldvapersalliance.com\/european-consumers-urge-belgian-presidency-to-prioritise-harm-reduction\/#primaryimage"},"thumbnailUrl":"https:\/\/worldvapersalliance.com\/wp-content\/uploads\/2022\/10\/WVA_Press-Release_Cover-new.png","articleSection":["Press Releases"],"inLanguage":"cs","potentialAction":[{"@type":"CommentAction","name":"Comment","target":["https:\/\/worldvapersalliance.com\/european-consumers-urge-belgian-presidency-to-prioritise-harm-reduction\/#respond"]}]},{"@type":"WebPage","@id":"https:\/\/worldvapersalliance.com\/european-consumers-urge-belgian-presidency-to-prioritise-harm-reduction\/","url":"https:\/\/worldvapersalliance.com\/european-consumers-urge-belgian-presidency-to-prioritise-harm-reduction\/","name":"Evrop\u0161t\u00ed spot\u0159ebitel\u00e9 nal\u00e9haj\u00ed na belgick\u00e9 p\u0159edsednictv\u00ed, aby up\u0159ednostnilo sni\u017eov\u00e1n\u00ed \u0161kod - Sv\u011btov\u00e1 aliance vaper\u016f","isPartOf":{"@id":"https:\/\/worldvapersalliance.com\/#website"},"primaryImageOfPage":{"@id":"https:\/\/worldvapersalliance.com\/european-consumers-urge-belgian-presidency-to-prioritise-harm-reduction\/#primaryimage"},"image":{"@id":"https:\/\/worldvapersalliance.com\/european-consumers-urge-belgian-presidency-to-prioritise-harm-reduction\/#primaryimage"},"thumbnailUrl":"https:\/\/worldvapersalliance.com\/wp-content\/uploads\/2022\/10\/WVA_Press-Release_Cover-new.png","datePublished":"2023-10-17T10:41:33+00:00","description":"Evrop\u0161t\u00ed \u010dlenov\u00e9 WVA nal\u00e9hav\u011b \u017e\u00e1daj\u00ed belgickou vl\u00e1du, aby se v nadch\u00e1zej\u00edc\u00edm p\u0159edsednictv\u00ed Rady zab\u00fdvala sni\u017eov\u00e1n\u00edm \u0161kod jako svou prioritou v oblasti zdrav\u00ed.","inLanguage":"cs","potentialAction":[{"@type":"ReadAction","target":["https:\/\/worldvapersalliance.com\/european-consumers-urge-belgian-presidency-to-prioritise-harm-reduction\/"]}]},{"@type":"ImageObject","inLanguage":"cs","@id":"https:\/\/worldvapersalliance.com\/european-consumers-urge-belgian-presidency-to-prioritise-harm-reduction\/#primaryimage","url":"https:\/\/worldvapersalliance.com\/wp-content\/uploads\/2022\/10\/WVA_Press-Release_Cover-new.png","contentUrl":"https:\/\/worldvapersalliance.com\/wp-content\/uploads\/2022\/10\/WVA_Press-Release_Cover-new.png","width":4162,"height":3840},{"@type":"WebSite","@id":"https:\/\/worldvapersalliance.com\/#website","url":"https:\/\/worldvapersalliance.com\/","name":"World Vapers&#039; Alliance","description":"Nejv\u011bt\u0161\u00ed komunita vaper\u016f","publisher":{"@id":"https:\/\/worldvapersalliance.com\/#organization"},"potentialAction":[{"@type":"SearchAction","target":{"@type":"EntryPoint","urlTemplate":"https:\/\/worldvapersalliance.com\/?s={search_term_string}"},"query-input":{"@type":"PropertyValueSpecification","valueRequired":true,"valueName":"search_term_string"}}],"inLanguage":"cs"},{"@type":"Organization","@id":"https:\/\/worldvapersalliance.com\/#organization","name":"World Vapers&#039; Alliance","url":"https:\/\/worldvapersalliance.com\/","logo":{"@type":"ImageObject","inLanguage":"cs","@id":"https:\/\/worldvapersalliance.com\/#\/schema\/logo\/image\/","url":"https:\/\/worldvapersalliance.com\/wp-content\/uploads\/2022\/01\/WVA_RB_Fist_G.png","contentUrl":"https:\/\/worldvapersalliance.com\/wp-content\/uploads\/2022\/01\/WVA_RB_Fist_G.png","width":985,"height":1177,"caption":"World Vapers&#039; Alliance"},"image":{"@id":"https:\/\/worldvapersalliance.com\/#\/schema\/logo\/image\/"}},{"@type":"Person","@id":"https:\/\/worldvapersalliance.com\/#\/schema\/person\/18484a6f20bcc6f70a2419c8babe017d","name":"World Vapers&#039; Alliance","image":{"@type":"ImageObject","inLanguage":"cs","@id":"https:\/\/secure.gravatar.com\/avatar\/456bf795c7a47c9ac527a94da4bff150aa49e48726d69bee9937f8383cffa246?s=96&d=mm&r=g","url":"https:\/\/secure.gravatar.com\/avatar\/456bf795c7a47c9ac527a94da4bff150aa49e48726d69bee9937f8383cffa246?s=96&d=mm&r=g","contentUrl":"https:\/\/secure.gravatar.com\/avatar\/456bf795c7a47c9ac527a94da4bff150aa49e48726d69bee9937f8383cffa246?s=96&d=mm&r=g","caption":"World Vapers' Alliance"},"url":"https:\/\/worldvapersalliance.com\/cs\/author\/wva\/"}]}},"_links":{"self":[{"href":"https:\/\/worldvapersalliance.com\/cs\/wp-json\/wp\/v2\/posts\/4921","targetHints":{"allow":["GET"]}}],"collection":[{"href":"https:\/\/worldvapersalliance.com\/cs\/wp-json\/wp\/v2\/posts"}],"about":[{"href":"https:\/\/worldvapersalliance.com\/cs\/wp-json\/wp\/v2\/types\/post"}],"author":[{"embeddable":true,"href":"https:\/\/worldvapersalliance.com\/cs\/wp-json\/wp\/v2\/users\/11"}],"replies":[{"embeddable":true,"href":"https:\/\/worldvapersalliance.com\/cs\/wp-json\/wp\/v2\/comments?post=4921"}],"version-history":[{"count":0,"href":"https:\/\/worldvapersalliance.com\/cs\/wp-json\/wp\/v2\/posts\/4921\/revisions"}],"wp:featuredmedia":[{"embeddable":true,"href":"https:\/\/worldvapersalliance.com\/cs\/wp-json\/wp\/v2\/media\/3245"}],"wp:attachment":[{"href":"https:\/\/worldvapersalliance.com\/cs\/wp-json\/wp\/v2\/media?parent=4921"}],"wp:term":[{"taxonomy":"category","embeddable":true,"href":"https:\/\/worldvapersalliance.com\/cs\/wp-json\/wp\/v2\/categories?post=4921"},{"taxonomy":"post_tag","embeddable":true,"href":"https:\/\/worldvapersalliance.com\/cs\/wp-json\/wp\/v2\/tags?post=4921"}],"curies":[{"name":"wp","href":"https:\/\/api.w.org\/{rel}","templated":true}]}}