{"id":3170,"date":"2022-10-03T06:28:11","date_gmt":"2022-10-03T10:28:11","guid":{"rendered":"https:\/\/worldvapersalliance.com\/?p=3170"},"modified":"2022-10-03T09:01:45","modified_gmt":"2022-10-03T13:01:45","slug":"vapers-will-go-to-black-market-in-case-of-tax-increases-survey-finds","status":"publish","type":"post","link":"https:\/\/worldvapersalliance.com\/cs\/vapers-will-go-to-black-market-in-case-of-tax-increases-survey-finds\/","title":{"rendered":"Pr\u016fzkum ukazuje, \u017ee v p\u0159\u00edpad\u011b zv\u00fd\u0161en\u00ed dan\u00ed se vapery p\u0159esunou na \u010dern\u00fd trh"},"content":{"rendered":"<p><span style=\"font-weight: 400;\">Minul\u00fd m\u011bs\u00edc, WVA <\/span><a href=\"https:\/\/worldvapersalliance.com\/cs\/survey-confirms-vaping-flavours-matter-for-harm-reduction\/\" target=\"_blank\" rel=\"noopener\"><span style=\"font-weight: 400;\">provedl pr\u016fzkum<\/span><\/a><span style=\"font-weight: 400;\"> mezi jej\u00edmi \u010dleny o vn\u00edm\u00e1n\u00ed zastoupen\u00ed z\u00e1jm\u016f spot\u0159ebitel\u016f mezi tv\u016frci politik a o regula\u010dn\u00edch zm\u011bn\u00e1ch t\u00fdkaj\u00edc\u00edch se vapov\u00e1n\u00ed, v\u010detn\u011b mo\u017en\u00e9ho z\u00e1kazu p\u0159\u00edchut\u00ed a zv\u00fd\u0161en\u00ed dan\u00ed.<\/span><\/p>\n<p><span style=\"font-weight: 400;\">WVA provedla pr\u016fzkum mezi sv\u00fdmi \u010dleny, kte\u0159\u00ed v sou\u010dasn\u00e9 dob\u011b vapuj\u00ed. Pr\u016fzkumu se z\u00fa\u010dastnilo celkem 415 vaper\u016f z 36 zem\u00ed cel\u00e9ho sv\u011bta.\u00a0<\/span><\/p>\n<p><span style=\"font-weight: 400;\">V\u00fdsledky pr\u016fzkumu ukazuj\u00ed, \u017ee vy\u0161\u0161\u00ed zdan\u011bn\u00ed by t\u00e9m\u011b\u0159 t\u0159etinu vaper\u016f posunulo na \u010dern\u00fd trh. Podle pr\u016fzkumu by zv\u00fd\u0161en\u00ed dan\u00ed rozd\u011blilo spot\u0159ebn\u00ed chov\u00e1n\u00ed vaper\u016f:\u00a0<\/span><\/p>\n<ul>\n<li style=\"font-weight: 400;\" aria-level=\"2\"><span style=\"font-weight: 400;\">31% (126 odpov\u011bd\u00ed) by pokra\u010doval ve vapov\u00e1n\u00ed jako te\u010f a zaplatil by vy\u0161\u0161\u00ed cenu;<\/span><\/li>\n<li style=\"font-weight: 400;\" aria-level=\"2\"><span style=\"font-weight: 400;\">30% (119 odpov\u011bd\u00ed) uv\u00e1d\u00ed, \u017ee by vapovali m\u00e9n\u011b, aby vykompenzovali zv\u00fd\u0161enou cenu;<\/span><\/li>\n<li style=\"font-weight: 400;\" aria-level=\"2\"><span style=\"font-weight: 400;\">28% (113 odpov\u011bd\u00ed) by se pokusilo dostat sv\u00e9 produkty na \u010dern\u00fd trh.<\/span><\/li>\n<\/ul>\n<p><span style=\"font-weight: 400;\">Tyto v\u00fdsledky ukazuj\u00ed, \u017ee zv\u00fd\u0161en\u00e9 zdan\u011bn\u00ed nezm\u011bn\u00ed chov\u00e1n\u00ed t\u011bch, kte\u0159\u00ed si mohou dovolit vy\u0161\u0161\u00ed ceny, proto\u017ee by pouze zaplatili dodate\u010dnou cenu za produkt. Znepokojiv\u00e9 je, \u017ee pro mnoho lid\u00ed by se vaping stal luxusn\u00edm zbo\u017e\u00edm a t\u00e9m\u011b\u0159 t\u0159etina by byla odsunuta na \u010dern\u00fd trh, co\u017e by riskovalo poskytov\u00e1n\u00ed produkt\u016f ni\u017e\u0161\u00ed kvality nebo neregulovan\u00fdch produkt\u016f. Z\u00e1rove\u0148 by t\u00e9m\u011b\u0159 dal\u0161\u00ed t\u0159etina sn\u00ed\u017eila vaping, co\u017e zvy\u0161uje pravd\u011bpodobnost n\u00e1vratu ke kou\u0159en\u00ed.\u00a0<\/span><\/p>\n<p><span style=\"font-weight: 400;\">Evropsk\u00e1 komise v sou\u010dasn\u00e9 dob\u011b prov\u00e1d\u00ed revizi pravidel sm\u011brnice o spot\u0159ebn\u00ed dani z tab\u00e1ku. V roce 2020 Komise zve\u0159ejnila hodnocen\u00ed sm\u011brnice, v n\u011bm\u017e dosp\u011bla k z\u00e1v\u011bru, \u017ee st\u00e1vaj\u00edc\u00ed pravidla ji\u017e nesni\u017euj\u00ed spot\u0159ebu tab\u00e1ku. N\u00e1vrh revidovan\u00e9 sm\u011brnice o spot\u0159ebn\u00ed dani z tab\u00e1ku by m\u011bl b\u00fdt zve\u0159ejn\u011bn ve \u010dtvrt\u00e9m \u010dtvrtlet\u00ed roku 2022.<\/span><\/p>\n<p><span style=\"font-weight: 400;\">Pokud se Evropa zav\u00e1zala ke sn\u00ed\u017een\u00ed \u0161kodliv\u00fdch \u00fa\u010dink\u016f kou\u0159en\u00ed, m\u011bla by se zav\u00e1zat k tomu, aby produkty pro vaping z\u016fstaly pro spot\u0159ebitele cenov\u011b dostupn\u00e9. Bylo prok\u00e1z\u00e1no, \u017ee <\/span><a href=\"https:\/\/www.nber.org\/papers\/w26724\" target=\"_blank\" rel=\"noopener\"><span style=\"font-weight: 400;\">Rostouc\u00ed ceny vapingov\u00fdch produkt\u016f zvy\u0161uj\u00ed prodej cigaret<\/span><\/a><span style=\"font-weight: 400;\">, jak potvrzuj\u00ed i v\u00fdsledky pr\u016fzkumu. Pokud se tedy EU rozhodne zv\u00fd\u0161it spot\u0159ebn\u00ed da\u0148 na elektronick\u00e9 cigarety, m\u011bla by b\u00fdt tato zm\u011bna pe\u010dliv\u011b zpracov\u00e1na, aby nedo\u0161lo k opa\u010dn\u00e9mu efektu, kter\u00fdm by b\u00fdval\u00e9 ku\u0159\u00e1ky donutili vr\u00e1tit se k cigaret\u00e1m.\u00a0<\/span><\/p>\n<p><span style=\"font-weight: 400;\">WVA v sou\u010dasn\u00e9 dob\u011b vede ve\u0159ejnou petici adresovanou poslanc\u016fm Evropsk\u00e9ho parlamentu, v n\u00ed\u017e vyz\u00fdv\u00e1 evropsk\u00e9 tv\u016frce politik, aby p\u0159ijali p\u0159\u00edstup sni\u017eov\u00e1n\u00ed \u0161kod a zdr\u017eeli se zvy\u0161ov\u00e1n\u00ed zdan\u011bn\u00ed. V\u00edce se dozv\u00edte na <\/span><a href=\"https:\/\/worldvapersalliance.com\/cs\/back-vaping-beat-smoking\/\" target=\"_blank\" rel=\"noopener\"><span style=\"font-weight: 400;\">www.worldvapersalliance.com\/back-vaping-beat-smoking<\/span><\/a><span style=\"font-weight: 400;\">.<\/span><\/p>\n<p><span style=\"font-weight: 400;\">V\u0161echny v\u00fdsledky pr\u016fzkumu najdete <\/span><a href=\"https:\/\/worldvapersalliance.com\/cs\/wva-conducted-a-survey-on-a-perception-of-vaping-policies-worldwide\/\" target=\"_blank\" rel=\"noopener\"><span style=\"font-weight: 400;\">zde<\/span><\/a><span style=\"font-weight: 400;\">.<\/span><\/p>","protected":false},"excerpt":{"rendered":"<p>Last month, WVA conducted a survey among its members about the perception of consumer interest representation among policymakers and regulatory changes in regards to vaping, including potential flavour ban and tax increases. WVA surveyed its members who are currently vaping. A total of 415 vapers participated in the survey from 36 countries across the world.\u00a0 [&hellip;]<\/p>\n","protected":false},"author":12,"featured_media":3176,"comment_status":"open","ping_status":"open","sticky":false,"template":"","format":"standard","meta":{"footnotes":""},"categories":[17],"tags":[],"class_list":["post-3170","post","type-post","status-publish","format-standard","has-post-thumbnail","hentry","category-blog"],"yoast_head":"<!-- This site is optimized with the Yoast SEO plugin v27.3 - https:\/\/yoast.com\/product\/yoast-seo-wordpress\/ -->\n<title>Vapers will go to black market in case of tax increases, survey finds<\/title>\n<meta name=\"description\" content=\"Last month, WVA conducted a survey among its members about the perception of consumer interest representation among policymakers.\" \/>\n<meta name=\"robots\" content=\"index, follow, max-snippet:-1, max-image-preview:large, max-video-preview:-1\" \/>\n<link rel=\"canonical\" href=\"https:\/\/worldvapersalliance.com\/cs\/vapers-will-go-to-black-market-in-case-of-tax-increases-survey-finds\/\" \/>\n<meta property=\"og:locale\" content=\"cs_CZ\" \/>\n<meta property=\"og:type\" content=\"article\" \/>\n<meta property=\"og:title\" content=\"Vapers will go to black market in case of tax increases, survey finds\" \/>\n<meta property=\"og:description\" content=\"Last month, WVA conducted a survey among its members about the perception of consumer interest representation among policymakers.\" \/>\n<meta property=\"og:url\" content=\"https:\/\/worldvapersalliance.com\/cs\/vapers-will-go-to-black-market-in-case-of-tax-increases-survey-finds\/\" \/>\n<meta property=\"og:site_name\" content=\"World Vapers&#039; Alliance\" \/>\n<meta property=\"article:published_time\" content=\"2022-10-03T10:28:11+00:00\" \/>\n<meta property=\"article:modified_time\" content=\"2022-10-03T13:01:45+00:00\" \/>\n<meta property=\"og:image\" content=\"https:\/\/worldvapersalliance.com\/wp-content\/uploads\/2022\/10\/WVA-Blog-Image-3-1-1024x945.png\" \/>\n\t<meta property=\"og:image:width\" content=\"1024\" \/>\n\t<meta property=\"og:image:height\" content=\"945\" \/>\n\t<meta property=\"og:image:type\" content=\"image\/png\" \/>\n<meta name=\"author\" content=\"Julia Kril\" \/>\n<meta name=\"twitter:card\" content=\"summary_large_image\" \/>\n<meta name=\"twitter:label1\" content=\"Napsal(a)\" \/>\n\t<meta name=\"twitter:data1\" content=\"Julia Kril\" \/>\n\t<meta name=\"twitter:label2\" content=\"Odhadovan\u00e1 doba \u010dten\u00ed\" \/>\n\t<meta name=\"twitter:data2\" content=\"2 minuty\" \/>\n<script type=\"application\/ld+json\" class=\"yoast-schema-graph\">{\"@context\":\"https:\\\/\\\/schema.org\",\"@graph\":[{\"@type\":\"Article\",\"@id\":\"https:\\\/\\\/worldvapersalliance.com\\\/vapers-will-go-to-black-market-in-case-of-tax-increases-survey-finds\\\/#article\",\"isPartOf\":{\"@id\":\"https:\\\/\\\/worldvapersalliance.com\\\/vapers-will-go-to-black-market-in-case-of-tax-increases-survey-finds\\\/\"},\"author\":{\"name\":\"Julia Kril\",\"@id\":\"https:\\\/\\\/worldvapersalliance.com\\\/#\\\/schema\\\/person\\\/1c206d760f8a3f0cc562bb633fa84225\"},\"headline\":\"Vapers will go to black market in case of tax increases, survey finds\",\"datePublished\":\"2022-10-03T10:28:11+00:00\",\"dateModified\":\"2022-10-03T13:01:45+00:00\",\"mainEntityOfPage\":{\"@id\":\"https:\\\/\\\/worldvapersalliance.com\\\/vapers-will-go-to-black-market-in-case-of-tax-increases-survey-finds\\\/\"},\"wordCount\":386,\"commentCount\":0,\"publisher\":{\"@id\":\"https:\\\/\\\/worldvapersalliance.com\\\/#organization\"},\"image\":{\"@id\":\"https:\\\/\\\/worldvapersalliance.com\\\/vapers-will-go-to-black-market-in-case-of-tax-increases-survey-finds\\\/#primaryimage\"},\"thumbnailUrl\":\"https:\\\/\\\/worldvapersalliance.com\\\/wp-content\\\/uploads\\\/2022\\\/10\\\/WVA-Blog-Image-3-1.png\",\"articleSection\":[\"Blog\"],\"inLanguage\":\"cs\",\"potentialAction\":[{\"@type\":\"CommentAction\",\"name\":\"Comment\",\"target\":[\"https:\\\/\\\/worldvapersalliance.com\\\/vapers-will-go-to-black-market-in-case-of-tax-increases-survey-finds\\\/#respond\"]}]},{\"@type\":\"WebPage\",\"@id\":\"https:\\\/\\\/worldvapersalliance.com\\\/vapers-will-go-to-black-market-in-case-of-tax-increases-survey-finds\\\/\",\"url\":\"https:\\\/\\\/worldvapersalliance.com\\\/vapers-will-go-to-black-market-in-case-of-tax-increases-survey-finds\\\/\",\"name\":\"Vapers will go to black market in case of tax increases, survey finds\",\"isPartOf\":{\"@id\":\"https:\\\/\\\/worldvapersalliance.com\\\/#website\"},\"primaryImageOfPage\":{\"@id\":\"https:\\\/\\\/worldvapersalliance.com\\\/vapers-will-go-to-black-market-in-case-of-tax-increases-survey-finds\\\/#primaryimage\"},\"image\":{\"@id\":\"https:\\\/\\\/worldvapersalliance.com\\\/vapers-will-go-to-black-market-in-case-of-tax-increases-survey-finds\\\/#primaryimage\"},\"thumbnailUrl\":\"https:\\\/\\\/worldvapersalliance.com\\\/wp-content\\\/uploads\\\/2022\\\/10\\\/WVA-Blog-Image-3-1.png\",\"datePublished\":\"2022-10-03T10:28:11+00:00\",\"dateModified\":\"2022-10-03T13:01:45+00:00\",\"description\":\"Last month, WVA conducted a survey among its members about the perception of consumer interest representation among policymakers.\",\"inLanguage\":\"cs\",\"potentialAction\":[{\"@type\":\"ReadAction\",\"target\":[\"https:\\\/\\\/worldvapersalliance.com\\\/vapers-will-go-to-black-market-in-case-of-tax-increases-survey-finds\\\/\"]}]},{\"@type\":\"ImageObject\",\"inLanguage\":\"cs\",\"@id\":\"https:\\\/\\\/worldvapersalliance.com\\\/vapers-will-go-to-black-market-in-case-of-tax-increases-survey-finds\\\/#primaryimage\",\"url\":\"https:\\\/\\\/worldvapersalliance.com\\\/wp-content\\\/uploads\\\/2022\\\/10\\\/WVA-Blog-Image-3-1.png\",\"contentUrl\":\"https:\\\/\\\/worldvapersalliance.com\\\/wp-content\\\/uploads\\\/2022\\\/10\\\/WVA-Blog-Image-3-1.png\",\"width\":2081,\"height\":1920},{\"@type\":\"WebSite\",\"@id\":\"https:\\\/\\\/worldvapersalliance.com\\\/#website\",\"url\":\"https:\\\/\\\/worldvapersalliance.com\\\/\",\"name\":\"World Vapers&#039; Alliance\",\"description\":\"The largest community of vapers\",\"publisher\":{\"@id\":\"https:\\\/\\\/worldvapersalliance.com\\\/#organization\"},\"potentialAction\":[{\"@type\":\"SearchAction\",\"target\":{\"@type\":\"EntryPoint\",\"urlTemplate\":\"https:\\\/\\\/worldvapersalliance.com\\\/?s={search_term_string}\"},\"query-input\":{\"@type\":\"PropertyValueSpecification\",\"valueRequired\":true,\"valueName\":\"search_term_string\"}}],\"inLanguage\":\"cs\"},{\"@type\":\"Organization\",\"@id\":\"https:\\\/\\\/worldvapersalliance.com\\\/#organization\",\"name\":\"World Vapers&#039; Alliance\",\"url\":\"https:\\\/\\\/worldvapersalliance.com\\\/\",\"logo\":{\"@type\":\"ImageObject\",\"inLanguage\":\"cs\",\"@id\":\"https:\\\/\\\/worldvapersalliance.com\\\/#\\\/schema\\\/logo\\\/image\\\/\",\"url\":\"https:\\\/\\\/worldvapersalliance.com\\\/wp-content\\\/uploads\\\/2022\\\/01\\\/WVA_RB_Fist_G.png\",\"contentUrl\":\"https:\\\/\\\/worldvapersalliance.com\\\/wp-content\\\/uploads\\\/2022\\\/01\\\/WVA_RB_Fist_G.png\",\"width\":985,\"height\":1177,\"caption\":\"World Vapers&#039; Alliance\"},\"image\":{\"@id\":\"https:\\\/\\\/worldvapersalliance.com\\\/#\\\/schema\\\/logo\\\/image\\\/\"}},{\"@type\":\"Person\",\"@id\":\"https:\\\/\\\/worldvapersalliance.com\\\/#\\\/schema\\\/person\\\/1c206d760f8a3f0cc562bb633fa84225\",\"name\":\"Julia Kril\",\"image\":{\"@type\":\"ImageObject\",\"inLanguage\":\"cs\",\"@id\":\"https:\\\/\\\/secure.gravatar.com\\\/avatar\\\/85eaddb58f6884d52910db0950aa89a74b5bcef4dcef1237926e6c34ed894bc8?s=96&d=mm&r=g\",\"url\":\"https:\\\/\\\/secure.gravatar.com\\\/avatar\\\/85eaddb58f6884d52910db0950aa89a74b5bcef4dcef1237926e6c34ed894bc8?s=96&d=mm&r=g\",\"contentUrl\":\"https:\\\/\\\/secure.gravatar.com\\\/avatar\\\/85eaddb58f6884d52910db0950aa89a74b5bcef4dcef1237926e6c34ed894bc8?s=96&d=mm&r=g\",\"caption\":\"Julia Kril\"},\"url\":\"https:\\\/\\\/worldvapersalliance.com\\\/cs\\\/author\\\/julia\\\/\"}]}<\/script>\n<!-- \/ Yoast SEO plugin. -->","yoast_head_json":{"title":"Pr\u016fzkum ukazuje, \u017ee v p\u0159\u00edpad\u011b zv\u00fd\u0161en\u00ed dan\u00ed se vapery p\u0159esunou na \u010dern\u00fd trh","description":"Minul\u00fd m\u011bs\u00edc provedla WVA mezi sv\u00fdmi \u010dleny pr\u016fzkum o vn\u00edm\u00e1n\u00ed zastoupen\u00ed z\u00e1jm\u016f spot\u0159ebitel\u016f mezi tv\u016frci politik.","robots":{"index":"index","follow":"follow","max-snippet":"max-snippet:-1","max-image-preview":"max-image-preview:large","max-video-preview":"max-video-preview:-1"},"canonical":"https:\/\/worldvapersalliance.com\/cs\/vapers-will-go-to-black-market-in-case-of-tax-increases-survey-finds\/","og_locale":"cs_CZ","og_type":"article","og_title":"Vapers will go to black market in case of tax increases, survey finds","og_description":"Last month, WVA conducted a survey among its members about the perception of consumer interest representation among policymakers.","og_url":"https:\/\/worldvapersalliance.com\/cs\/vapers-will-go-to-black-market-in-case-of-tax-increases-survey-finds\/","og_site_name":"World Vapers&#039; Alliance","article_published_time":"2022-10-03T10:28:11+00:00","article_modified_time":"2022-10-03T13:01:45+00:00","og_image":[{"width":1024,"height":945,"url":"https:\/\/worldvapersalliance.com\/wp-content\/uploads\/2022\/10\/WVA-Blog-Image-3-1-1024x945.png","type":"image\/png"}],"author":"Julia Kril","twitter_card":"summary_large_image","twitter_misc":{"Napsal(a)":"Julia Kril","Odhadovan\u00e1 doba \u010dten\u00ed":"2 minuty"},"schema":{"@context":"https:\/\/schema.org","@graph":[{"@type":"Article","@id":"https:\/\/worldvapersalliance.com\/vapers-will-go-to-black-market-in-case-of-tax-increases-survey-finds\/#article","isPartOf":{"@id":"https:\/\/worldvapersalliance.com\/vapers-will-go-to-black-market-in-case-of-tax-increases-survey-finds\/"},"author":{"name":"Julia Kril","@id":"https:\/\/worldvapersalliance.com\/#\/schema\/person\/1c206d760f8a3f0cc562bb633fa84225"},"headline":"Vapers will go to black market in case of tax increases, survey finds","datePublished":"2022-10-03T10:28:11+00:00","dateModified":"2022-10-03T13:01:45+00:00","mainEntityOfPage":{"@id":"https:\/\/worldvapersalliance.com\/vapers-will-go-to-black-market-in-case-of-tax-increases-survey-finds\/"},"wordCount":386,"commentCount":0,"publisher":{"@id":"https:\/\/worldvapersalliance.com\/#organization"},"image":{"@id":"https:\/\/worldvapersalliance.com\/vapers-will-go-to-black-market-in-case-of-tax-increases-survey-finds\/#primaryimage"},"thumbnailUrl":"https:\/\/worldvapersalliance.com\/wp-content\/uploads\/2022\/10\/WVA-Blog-Image-3-1.png","articleSection":["Blog"],"inLanguage":"cs","potentialAction":[{"@type":"CommentAction","name":"Comment","target":["https:\/\/worldvapersalliance.com\/vapers-will-go-to-black-market-in-case-of-tax-increases-survey-finds\/#respond"]}]},{"@type":"WebPage","@id":"https:\/\/worldvapersalliance.com\/vapers-will-go-to-black-market-in-case-of-tax-increases-survey-finds\/","url":"https:\/\/worldvapersalliance.com\/vapers-will-go-to-black-market-in-case-of-tax-increases-survey-finds\/","name":"Pr\u016fzkum ukazuje, \u017ee v p\u0159\u00edpad\u011b zv\u00fd\u0161en\u00ed dan\u00ed se vapery p\u0159esunou na \u010dern\u00fd trh","isPartOf":{"@id":"https:\/\/worldvapersalliance.com\/#website"},"primaryImageOfPage":{"@id":"https:\/\/worldvapersalliance.com\/vapers-will-go-to-black-market-in-case-of-tax-increases-survey-finds\/#primaryimage"},"image":{"@id":"https:\/\/worldvapersalliance.com\/vapers-will-go-to-black-market-in-case-of-tax-increases-survey-finds\/#primaryimage"},"thumbnailUrl":"https:\/\/worldvapersalliance.com\/wp-content\/uploads\/2022\/10\/WVA-Blog-Image-3-1.png","datePublished":"2022-10-03T10:28:11+00:00","dateModified":"2022-10-03T13:01:45+00:00","description":"Minul\u00fd m\u011bs\u00edc provedla WVA mezi sv\u00fdmi \u010dleny pr\u016fzkum o vn\u00edm\u00e1n\u00ed zastoupen\u00ed z\u00e1jm\u016f spot\u0159ebitel\u016f mezi tv\u016frci politik.","inLanguage":"cs","potentialAction":[{"@type":"ReadAction","target":["https:\/\/worldvapersalliance.com\/vapers-will-go-to-black-market-in-case-of-tax-increases-survey-finds\/"]}]},{"@type":"ImageObject","inLanguage":"cs","@id":"https:\/\/worldvapersalliance.com\/vapers-will-go-to-black-market-in-case-of-tax-increases-survey-finds\/#primaryimage","url":"https:\/\/worldvapersalliance.com\/wp-content\/uploads\/2022\/10\/WVA-Blog-Image-3-1.png","contentUrl":"https:\/\/worldvapersalliance.com\/wp-content\/uploads\/2022\/10\/WVA-Blog-Image-3-1.png","width":2081,"height":1920},{"@type":"WebSite","@id":"https:\/\/worldvapersalliance.com\/#website","url":"https:\/\/worldvapersalliance.com\/","name":"World Vapers&#039; Alliance","description":"Nejv\u011bt\u0161\u00ed komunita vaper\u016f","publisher":{"@id":"https:\/\/worldvapersalliance.com\/#organization"},"potentialAction":[{"@type":"SearchAction","target":{"@type":"EntryPoint","urlTemplate":"https:\/\/worldvapersalliance.com\/?s={search_term_string}"},"query-input":{"@type":"PropertyValueSpecification","valueRequired":true,"valueName":"search_term_string"}}],"inLanguage":"cs"},{"@type":"Organization","@id":"https:\/\/worldvapersalliance.com\/#organization","name":"World Vapers&#039; Alliance","url":"https:\/\/worldvapersalliance.com\/","logo":{"@type":"ImageObject","inLanguage":"cs","@id":"https:\/\/worldvapersalliance.com\/#\/schema\/logo\/image\/","url":"https:\/\/worldvapersalliance.com\/wp-content\/uploads\/2022\/01\/WVA_RB_Fist_G.png","contentUrl":"https:\/\/worldvapersalliance.com\/wp-content\/uploads\/2022\/01\/WVA_RB_Fist_G.png","width":985,"height":1177,"caption":"World Vapers&#039; Alliance"},"image":{"@id":"https:\/\/worldvapersalliance.com\/#\/schema\/logo\/image\/"}},{"@type":"Person","@id":"https:\/\/worldvapersalliance.com\/#\/schema\/person\/1c206d760f8a3f0cc562bb633fa84225","name":"Julia Kril","image":{"@type":"ImageObject","inLanguage":"cs","@id":"https:\/\/secure.gravatar.com\/avatar\/85eaddb58f6884d52910db0950aa89a74b5bcef4dcef1237926e6c34ed894bc8?s=96&d=mm&r=g","url":"https:\/\/secure.gravatar.com\/avatar\/85eaddb58f6884d52910db0950aa89a74b5bcef4dcef1237926e6c34ed894bc8?s=96&d=mm&r=g","contentUrl":"https:\/\/secure.gravatar.com\/avatar\/85eaddb58f6884d52910db0950aa89a74b5bcef4dcef1237926e6c34ed894bc8?s=96&d=mm&r=g","caption":"Julia Kril"},"url":"https:\/\/worldvapersalliance.com\/cs\/author\/julia\/"}]}},"_links":{"self":[{"href":"https:\/\/worldvapersalliance.com\/cs\/wp-json\/wp\/v2\/posts\/3170","targetHints":{"allow":["GET"]}}],"collection":[{"href":"https:\/\/worldvapersalliance.com\/cs\/wp-json\/wp\/v2\/posts"}],"about":[{"href":"https:\/\/worldvapersalliance.com\/cs\/wp-json\/wp\/v2\/types\/post"}],"author":[{"embeddable":true,"href":"https:\/\/worldvapersalliance.com\/cs\/wp-json\/wp\/v2\/users\/12"}],"replies":[{"embeddable":true,"href":"https:\/\/worldvapersalliance.com\/cs\/wp-json\/wp\/v2\/comments?post=3170"}],"version-history":[{"count":0,"href":"https:\/\/worldvapersalliance.com\/cs\/wp-json\/wp\/v2\/posts\/3170\/revisions"}],"wp:featuredmedia":[{"embeddable":true,"href":"https:\/\/worldvapersalliance.com\/cs\/wp-json\/wp\/v2\/media\/3176"}],"wp:attachment":[{"href":"https:\/\/worldvapersalliance.com\/cs\/wp-json\/wp\/v2\/media?parent=3170"}],"wp:term":[{"taxonomy":"category","embeddable":true,"href":"https:\/\/worldvapersalliance.com\/cs\/wp-json\/wp\/v2\/categories?post=3170"},{"taxonomy":"post_tag","embeddable":true,"href":"https:\/\/worldvapersalliance.com\/cs\/wp-json\/wp\/v2\/tags?post=3170"}],"curies":[{"name":"wp","href":"https:\/\/api.w.org\/{rel}","templated":true}]}}