{"id":1348,"date":"2021-05-22T12:31:47","date_gmt":"2021-05-22T16:31:47","guid":{"rendered":"https:\/\/worldvapersalliance.com\/?p=1348"},"modified":"2022-05-12T06:42:27","modified_gmt":"2022-05-12T10:42:27","slug":"vape-army-berlin","status":"publish","type":"post","link":"https:\/\/worldvapersalliance.com\/cs\/vape-army-berlin\/","title":{"rendered":"\u2018Vape Army\u2019 op\u011bt vyrazila do ulic Berl\u00edna na demonstraci p\u0159\u00e1telskou ke COVIDu\u2026"},"content":{"rendered":"<p><strong>BERL\u00cdN, N\u011aMECKO. 22. kv\u011btna 2021 <\/strong>\u2013 Vape\u0159i z N\u011bmecka a cel\u00e9 Evropy dnes vy\u0161li do ulic Berl\u00edna, aby se postavili a bojovali za sv\u00e1 pr\u00e1va. Unik\u00e1tn\u00ed demonstraci zam\u011b\u0159enou na boj proti Covidu zorganizovala Sv\u011btov\u00e1 aliance vaper\u016f na protest proti navrhovan\u00e9mu zv\u00fd\u0161en\u00ed dan\u00ed z \u2019e-liquid\u016f\u2018, o kter\u00e9m se diskutuje v n\u011bmeck\u00e9m parlamentu, a tak\u00e9 proti legislativ\u011b EU, jako je Evropsk\u00fd pl\u00e1n boje proti rakovin\u011b. Tyto z\u00e1kony p\u0159edstavuj\u00ed velkou hrozbu pro v\u00edce ne\u017e dva miliony vaper\u016f v N\u011bmecku, kte\u0159\u00ed ji\u017e od cigaret p\u0159e\u0161li.<\/p>\n<p>Zpr\u00e1va Evropsk\u00e9 komise zve\u0159ejn\u011bn\u00e1 za\u010d\u00e1tkem tohoto t\u00fddne mezit\u00edm otev\u00edr\u00e1 dve\u0159e z\u00e1kazu p\u0159\u00edchut\u00ed a v\u00fdrazn\u00e9mu zv\u00fd\u0161en\u00ed cen na \u00farovni EU, p\u0159i\u010dem\u017e ni\u017e\u0161\u00ed m\u00edru kou\u0159en\u00ed v Evrop\u011b p\u0159ipisuje sp\u00ed\u0161e prohibi\u010dn\u00ed politice ne\u017e produkt\u016fm se sn\u00ed\u017eenou \u0161kodlivost\u00ed, jako je vaping.\u00a0<img decoding=\"async\" src=\"https:\/\/lh6.googleusercontent.com\/2Abx3lojptwt3fgqFfe64NtIXn0qNnLpTOF_1pqio25t_npsZ-kWw-ogp-QGwX_JyrWGnnzN6bK422xzbl1UBJCVucrxJP-liOxzL1kWZy713kVwo6ixZyK-ZIikIi5i9o6s_kv9\" alt=\"\" \/><\/p>\n<p>\u0158editel Sv\u011btov\u00e9 aliance vaper\u016f Michael Landl uvedl:<\/p>\n<p><em>\u2018Vaping ji\u017e zachr\u00e1nil miliony \u017eivot\u016f. P\u0159esto tv\u016frci politik a zast\u00e1nci kontroly tab\u00e1ku odm\u00edtaj\u00ed vid\u011bt realitu a rad\u011bji up\u0159ednost\u0148uj\u00ed svou vlastn\u00ed ideologii p\u0159ed z\u00e1chranou \u017eivot\u016f. Tyto navrhovan\u00e9 nov\u00e9 z\u00e1kony budou velkou p\u0159ek\u00e1\u017ekou pro vapery i pro ku\u0159\u00e1ky, kte\u0159\u00ed cht\u011bj\u00ed p\u0159estat. Proto se na\u0161i \u010dlenov\u00e9 c\u00edtili povinni jednat a p\u0159iv\u00e9st do ulic Berl\u00edna v r\u00e1mci t\u00e9to demonstrace p\u0159\u00e1telsk\u00e9 k covidu arm\u00e1du vaper\u016f.\u201c.\u00a0<\/em><\/p>\n<p><em>Pro zdrav\u00ed ob\u010dan\u016f je nezbytn\u00e9, aby n\u011bmeck\u00e1 vl\u00e1da a instituce EU zm\u011bnily kurz a vr\u00e1tily se k vapov\u00e1n\u00ed jako m\u00e9n\u011b \u0161kodliv\u00e9 alternativ\u011b kou\u0159en\u00ed.\u00a0<\/em><\/p>\n<p>B\u011bhem protestu podporuj\u00edc\u00edho COVID st\u00e1li vape\u0159i z N\u011bmecka a cel\u00e9 Evropy spole\u010dn\u011b p\u0159ed ikonickou Braniborskou br\u00e1nou. V\u00edce fotografi\u00ed z akce najdete zde. <a href=\"https:\/\/drive.google.com\/drive\/folders\/1-Q2QSNfUlE6jADZm2969XV-KhO-Tkx5a?usp=sharing\">zde<\/a>.<\/p>\n<p><strong><em>Pozn\u00e1mka: Fotografie jsou k dispozici pro pou\u017eit\u00ed v m\u00e9di\u00edch bez poplatku za reprodukci. Uve\u010fte pros\u00edm autora fotografie Maximiliana Markowsk\u00e9ho.\u00a0<\/em><\/strong><\/p>","protected":false},"excerpt":{"rendered":"<p>BERLIN, GERMANY. 22 May 2021 &#8211; Vapers from Germany and around Europe took to the streets of Berlin today to raise their voices and fight for their rights. The unique Covid-friendly demo was organised by the World Vapers\u2019 Alliance to protest against the proposed tax increase on \u2018e-liquids\u2019 being debated in the German Parliament, as [&hellip;]<\/p>\n","protected":false},"author":4,"featured_media":0,"comment_status":"open","ping_status":"open","sticky":false,"template":"","format":"standard","meta":{"footnotes":""},"categories":[13],"tags":[],"class_list":["post-1348","post","type-post","status-publish","format-standard","hentry","category-press-releases"],"yoast_head":"<!-- This site is optimized with the Yoast SEO plugin v27.3 - https:\/\/yoast.com\/product\/yoast-seo-wordpress\/ -->\n<title>\u2018Vape Army\u2019 takes to the streets of Berlin in COVID friendly demo against anti-vaping laws - World Vapers&#039; Alliance<\/title>\n<meta name=\"robots\" content=\"index, follow, max-snippet:-1, max-image-preview:large, max-video-preview:-1\" \/>\n<link rel=\"canonical\" href=\"https:\/\/worldvapersalliance.com\/cs\/vape-army-berlin\/\" \/>\n<meta property=\"og:locale\" content=\"cs_CZ\" \/>\n<meta property=\"og:type\" content=\"article\" \/>\n<meta property=\"og:title\" content=\"\u2018Vape Army\u2019 takes to the streets of Berlin in COVID friendly demo against anti-vaping laws - World Vapers&#039; Alliance\" \/>\n<meta property=\"og:description\" content=\"BERLIN, GERMANY. 22 May 2021 &#8211; Vapers from Germany and around Europe took to the streets of Berlin today to raise their voices and fight for their rights. The unique Covid-friendly demo was organised by the World Vapers\u2019 Alliance to protest against the proposed tax increase on \u2018e-liquids\u2019 being debated in the German Parliament, as [&hellip;]\" \/>\n<meta property=\"og:url\" content=\"https:\/\/worldvapersalliance.com\/cs\/vape-army-berlin\/\" \/>\n<meta property=\"og:site_name\" content=\"World Vapers&#039; Alliance\" \/>\n<meta property=\"article:published_time\" content=\"2021-05-22T16:31:47+00:00\" \/>\n<meta property=\"article:modified_time\" content=\"2022-05-12T10:42:27+00:00\" \/>\n<meta property=\"og:image\" content=\"https:\/\/worldvapersalliance.com\/wp-content\/uploads\/2022\/05\/Press-Release.png\" \/>\n\t<meta property=\"og:image:width\" content=\"2081\" \/>\n\t<meta property=\"og:image:height\" content=\"1920\" \/>\n\t<meta property=\"og:image:type\" content=\"image\/png\" \/>\n<meta name=\"author\" content=\"Michael Landl\" \/>\n<meta name=\"twitter:card\" content=\"summary_large_image\" \/>\n<meta name=\"twitter:label1\" content=\"Napsal(a)\" \/>\n\t<meta name=\"twitter:data1\" content=\"Michael Landl\" \/>\n\t<meta name=\"twitter:label2\" content=\"Odhadovan\u00e1 doba \u010dten\u00ed\" \/>\n\t<meta name=\"twitter:data2\" content=\"1 minuta\" \/>\n<script type=\"application\/ld+json\" class=\"yoast-schema-graph\">{\"@context\":\"https:\\\/\\\/schema.org\",\"@graph\":[{\"@type\":\"Article\",\"@id\":\"https:\\\/\\\/worldvapersalliance.com\\\/vape-army-berlin\\\/#article\",\"isPartOf\":{\"@id\":\"https:\\\/\\\/worldvapersalliance.com\\\/vape-army-berlin\\\/\"},\"author\":{\"name\":\"Michael Landl\",\"@id\":\"https:\\\/\\\/worldvapersalliance.com\\\/#\\\/schema\\\/person\\\/05f663571d787d89a2d5c77c482a6583\"},\"headline\":\"\u2018Vape Army\u2019 takes to the streets of Berlin in COVID friendly demo again &hellip;\",\"datePublished\":\"2021-05-22T16:31:47+00:00\",\"dateModified\":\"2022-05-12T10:42:27+00:00\",\"mainEntityOfPage\":{\"@id\":\"https:\\\/\\\/worldvapersalliance.com\\\/vape-army-berlin\\\/\"},\"wordCount\":293,\"commentCount\":0,\"publisher\":{\"@id\":\"https:\\\/\\\/worldvapersalliance.com\\\/#organization\"},\"image\":{\"@id\":\"https:\\\/\\\/worldvapersalliance.com\\\/vape-army-berlin\\\/#primaryimage\"},\"thumbnailUrl\":\"https:\\\/\\\/lh6.googleusercontent.com\\\/2Abx3lojptwt3fgqFfe64NtIXn0qNnLpTOF_1pqio25t_npsZ-kWw-ogp-QGwX_JyrWGnnzN6bK422xzbl1UBJCVucrxJP-liOxzL1kWZy713kVwo6ixZyK-ZIikIi5i9o6s_kv9\",\"articleSection\":[\"Press Releases\"],\"inLanguage\":\"cs\",\"potentialAction\":[{\"@type\":\"CommentAction\",\"name\":\"Comment\",\"target\":[\"https:\\\/\\\/worldvapersalliance.com\\\/vape-army-berlin\\\/#respond\"]}]},{\"@type\":\"WebPage\",\"@id\":\"https:\\\/\\\/worldvapersalliance.com\\\/vape-army-berlin\\\/\",\"url\":\"https:\\\/\\\/worldvapersalliance.com\\\/vape-army-berlin\\\/\",\"name\":\"\u2018Vape Army\u2019 takes to the streets of Berlin in COVID friendly demo against anti-vaping laws - World Vapers&#039; Alliance\",\"isPartOf\":{\"@id\":\"https:\\\/\\\/worldvapersalliance.com\\\/#website\"},\"primaryImageOfPage\":{\"@id\":\"https:\\\/\\\/worldvapersalliance.com\\\/vape-army-berlin\\\/#primaryimage\"},\"image\":{\"@id\":\"https:\\\/\\\/worldvapersalliance.com\\\/vape-army-berlin\\\/#primaryimage\"},\"thumbnailUrl\":\"https:\\\/\\\/lh6.googleusercontent.com\\\/2Abx3lojptwt3fgqFfe64NtIXn0qNnLpTOF_1pqio25t_npsZ-kWw-ogp-QGwX_JyrWGnnzN6bK422xzbl1UBJCVucrxJP-liOxzL1kWZy713kVwo6ixZyK-ZIikIi5i9o6s_kv9\",\"datePublished\":\"2021-05-22T16:31:47+00:00\",\"dateModified\":\"2022-05-12T10:42:27+00:00\",\"inLanguage\":\"cs\",\"potentialAction\":[{\"@type\":\"ReadAction\",\"target\":[\"https:\\\/\\\/worldvapersalliance.com\\\/vape-army-berlin\\\/\"]}]},{\"@type\":\"ImageObject\",\"inLanguage\":\"cs\",\"@id\":\"https:\\\/\\\/worldvapersalliance.com\\\/vape-army-berlin\\\/#primaryimage\",\"url\":\"https:\\\/\\\/lh6.googleusercontent.com\\\/2Abx3lojptwt3fgqFfe64NtIXn0qNnLpTOF_1pqio25t_npsZ-kWw-ogp-QGwX_JyrWGnnzN6bK422xzbl1UBJCVucrxJP-liOxzL1kWZy713kVwo6ixZyK-ZIikIi5i9o6s_kv9\",\"contentUrl\":\"https:\\\/\\\/lh6.googleusercontent.com\\\/2Abx3lojptwt3fgqFfe64NtIXn0qNnLpTOF_1pqio25t_npsZ-kWw-ogp-QGwX_JyrWGnnzN6bK422xzbl1UBJCVucrxJP-liOxzL1kWZy713kVwo6ixZyK-ZIikIi5i9o6s_kv9\"},{\"@type\":\"WebSite\",\"@id\":\"https:\\\/\\\/worldvapersalliance.com\\\/#website\",\"url\":\"https:\\\/\\\/worldvapersalliance.com\\\/\",\"name\":\"World Vapers&#039; Alliance\",\"description\":\"The largest community of vapers\",\"publisher\":{\"@id\":\"https:\\\/\\\/worldvapersalliance.com\\\/#organization\"},\"potentialAction\":[{\"@type\":\"SearchAction\",\"target\":{\"@type\":\"EntryPoint\",\"urlTemplate\":\"https:\\\/\\\/worldvapersalliance.com\\\/?s={search_term_string}\"},\"query-input\":{\"@type\":\"PropertyValueSpecification\",\"valueRequired\":true,\"valueName\":\"search_term_string\"}}],\"inLanguage\":\"cs\"},{\"@type\":\"Organization\",\"@id\":\"https:\\\/\\\/worldvapersalliance.com\\\/#organization\",\"name\":\"World Vapers&#039; Alliance\",\"url\":\"https:\\\/\\\/worldvapersalliance.com\\\/\",\"logo\":{\"@type\":\"ImageObject\",\"inLanguage\":\"cs\",\"@id\":\"https:\\\/\\\/worldvapersalliance.com\\\/#\\\/schema\\\/logo\\\/image\\\/\",\"url\":\"https:\\\/\\\/worldvapersalliance.com\\\/wp-content\\\/uploads\\\/2022\\\/01\\\/WVA_RB_Fist_G.png\",\"contentUrl\":\"https:\\\/\\\/worldvapersalliance.com\\\/wp-content\\\/uploads\\\/2022\\\/01\\\/WVA_RB_Fist_G.png\",\"width\":985,\"height\":1177,\"caption\":\"World Vapers&#039; Alliance\"},\"image\":{\"@id\":\"https:\\\/\\\/worldvapersalliance.com\\\/#\\\/schema\\\/logo\\\/image\\\/\"}},{\"@type\":\"Person\",\"@id\":\"https:\\\/\\\/worldvapersalliance.com\\\/#\\\/schema\\\/person\\\/05f663571d787d89a2d5c77c482a6583\",\"name\":\"Michael Landl\",\"image\":{\"@type\":\"ImageObject\",\"inLanguage\":\"cs\",\"@id\":\"https:\\\/\\\/secure.gravatar.com\\\/avatar\\\/1537a11db5ae7fef0631b6c662f439d8a632c50630c980828d0e2c4de581568b?s=96&d=mm&r=g\",\"url\":\"https:\\\/\\\/secure.gravatar.com\\\/avatar\\\/1537a11db5ae7fef0631b6c662f439d8a632c50630c980828d0e2c4de581568b?s=96&d=mm&r=g\",\"contentUrl\":\"https:\\\/\\\/secure.gravatar.com\\\/avatar\\\/1537a11db5ae7fef0631b6c662f439d8a632c50630c980828d0e2c4de581568b?s=96&d=mm&r=g\",\"caption\":\"Michael Landl\"},\"url\":\"https:\\\/\\\/worldvapersalliance.com\\\/cs\\\/author\\\/michael\\\/\"}]}<\/script>\n<!-- \/ Yoast SEO plugin. -->","yoast_head_json":{"title":"\u2018Vape Army\u2019 vych\u00e1z\u00ed v ulic\u00edch Berl\u00edna na demonstraci v duchu COVIDu proti z\u00e1kon\u016fm proti vapingu - Sv\u011btov\u00e1 aliance vaper\u016f","robots":{"index":"index","follow":"follow","max-snippet":"max-snippet:-1","max-image-preview":"max-image-preview:large","max-video-preview":"max-video-preview:-1"},"canonical":"https:\/\/worldvapersalliance.com\/cs\/vape-army-berlin\/","og_locale":"cs_CZ","og_type":"article","og_title":"\u2018Vape Army\u2019 takes to the streets of Berlin in COVID friendly demo against anti-vaping laws - World Vapers&#039; Alliance","og_description":"BERLIN, GERMANY. 22 May 2021 &#8211; Vapers from Germany and around Europe took to the streets of Berlin today to raise their voices and fight for their rights. The unique Covid-friendly demo was organised by the World Vapers\u2019 Alliance to protest against the proposed tax increase on \u2018e-liquids\u2019 being debated in the German Parliament, as [&hellip;]","og_url":"https:\/\/worldvapersalliance.com\/cs\/vape-army-berlin\/","og_site_name":"World Vapers&#039; Alliance","article_published_time":"2021-05-22T16:31:47+00:00","article_modified_time":"2022-05-12T10:42:27+00:00","og_image":[{"width":2081,"height":1920,"url":"https:\/\/worldvapersalliance.com\/wp-content\/uploads\/2022\/05\/Press-Release.png","type":"image\/png"}],"author":"Michael Landl","twitter_card":"summary_large_image","twitter_misc":{"Napsal(a)":"Michael Landl","Odhadovan\u00e1 doba \u010dten\u00ed":"1 minuta"},"schema":{"@context":"https:\/\/schema.org","@graph":[{"@type":"Article","@id":"https:\/\/worldvapersalliance.com\/vape-army-berlin\/#article","isPartOf":{"@id":"https:\/\/worldvapersalliance.com\/vape-army-berlin\/"},"author":{"name":"Michael Landl","@id":"https:\/\/worldvapersalliance.com\/#\/schema\/person\/05f663571d787d89a2d5c77c482a6583"},"headline":"\u2018Vape Army\u2019 takes to the streets of Berlin in COVID friendly demo again &hellip;","datePublished":"2021-05-22T16:31:47+00:00","dateModified":"2022-05-12T10:42:27+00:00","mainEntityOfPage":{"@id":"https:\/\/worldvapersalliance.com\/vape-army-berlin\/"},"wordCount":293,"commentCount":0,"publisher":{"@id":"https:\/\/worldvapersalliance.com\/#organization"},"image":{"@id":"https:\/\/worldvapersalliance.com\/vape-army-berlin\/#primaryimage"},"thumbnailUrl":"https:\/\/lh6.googleusercontent.com\/2Abx3lojptwt3fgqFfe64NtIXn0qNnLpTOF_1pqio25t_npsZ-kWw-ogp-QGwX_JyrWGnnzN6bK422xzbl1UBJCVucrxJP-liOxzL1kWZy713kVwo6ixZyK-ZIikIi5i9o6s_kv9","articleSection":["Press Releases"],"inLanguage":"cs","potentialAction":[{"@type":"CommentAction","name":"Comment","target":["https:\/\/worldvapersalliance.com\/vape-army-berlin\/#respond"]}]},{"@type":"WebPage","@id":"https:\/\/worldvapersalliance.com\/vape-army-berlin\/","url":"https:\/\/worldvapersalliance.com\/vape-army-berlin\/","name":"\u2018Vape Army\u2019 vych\u00e1z\u00ed v ulic\u00edch Berl\u00edna na demonstraci v duchu COVIDu proti z\u00e1kon\u016fm proti vapingu - Sv\u011btov\u00e1 aliance vaper\u016f","isPartOf":{"@id":"https:\/\/worldvapersalliance.com\/#website"},"primaryImageOfPage":{"@id":"https:\/\/worldvapersalliance.com\/vape-army-berlin\/#primaryimage"},"image":{"@id":"https:\/\/worldvapersalliance.com\/vape-army-berlin\/#primaryimage"},"thumbnailUrl":"https:\/\/lh6.googleusercontent.com\/2Abx3lojptwt3fgqFfe64NtIXn0qNnLpTOF_1pqio25t_npsZ-kWw-ogp-QGwX_JyrWGnnzN6bK422xzbl1UBJCVucrxJP-liOxzL1kWZy713kVwo6ixZyK-ZIikIi5i9o6s_kv9","datePublished":"2021-05-22T16:31:47+00:00","dateModified":"2022-05-12T10:42:27+00:00","inLanguage":"cs","potentialAction":[{"@type":"ReadAction","target":["https:\/\/worldvapersalliance.com\/vape-army-berlin\/"]}]},{"@type":"ImageObject","inLanguage":"cs","@id":"https:\/\/worldvapersalliance.com\/vape-army-berlin\/#primaryimage","url":"https:\/\/lh6.googleusercontent.com\/2Abx3lojptwt3fgqFfe64NtIXn0qNnLpTOF_1pqio25t_npsZ-kWw-ogp-QGwX_JyrWGnnzN6bK422xzbl1UBJCVucrxJP-liOxzL1kWZy713kVwo6ixZyK-ZIikIi5i9o6s_kv9","contentUrl":"https:\/\/lh6.googleusercontent.com\/2Abx3lojptwt3fgqFfe64NtIXn0qNnLpTOF_1pqio25t_npsZ-kWw-ogp-QGwX_JyrWGnnzN6bK422xzbl1UBJCVucrxJP-liOxzL1kWZy713kVwo6ixZyK-ZIikIi5i9o6s_kv9"},{"@type":"WebSite","@id":"https:\/\/worldvapersalliance.com\/#website","url":"https:\/\/worldvapersalliance.com\/","name":"World Vapers&#039; Alliance","description":"Nejv\u011bt\u0161\u00ed komunita vaper\u016f","publisher":{"@id":"https:\/\/worldvapersalliance.com\/#organization"},"potentialAction":[{"@type":"SearchAction","target":{"@type":"EntryPoint","urlTemplate":"https:\/\/worldvapersalliance.com\/?s={search_term_string}"},"query-input":{"@type":"PropertyValueSpecification","valueRequired":true,"valueName":"search_term_string"}}],"inLanguage":"cs"},{"@type":"Organization","@id":"https:\/\/worldvapersalliance.com\/#organization","name":"World Vapers&#039; Alliance","url":"https:\/\/worldvapersalliance.com\/","logo":{"@type":"ImageObject","inLanguage":"cs","@id":"https:\/\/worldvapersalliance.com\/#\/schema\/logo\/image\/","url":"https:\/\/worldvapersalliance.com\/wp-content\/uploads\/2022\/01\/WVA_RB_Fist_G.png","contentUrl":"https:\/\/worldvapersalliance.com\/wp-content\/uploads\/2022\/01\/WVA_RB_Fist_G.png","width":985,"height":1177,"caption":"World Vapers&#039; Alliance"},"image":{"@id":"https:\/\/worldvapersalliance.com\/#\/schema\/logo\/image\/"}},{"@type":"Person","@id":"https:\/\/worldvapersalliance.com\/#\/schema\/person\/05f663571d787d89a2d5c77c482a6583","name":"Michael Landl","image":{"@type":"ImageObject","inLanguage":"cs","@id":"https:\/\/secure.gravatar.com\/avatar\/1537a11db5ae7fef0631b6c662f439d8a632c50630c980828d0e2c4de581568b?s=96&d=mm&r=g","url":"https:\/\/secure.gravatar.com\/avatar\/1537a11db5ae7fef0631b6c662f439d8a632c50630c980828d0e2c4de581568b?s=96&d=mm&r=g","contentUrl":"https:\/\/secure.gravatar.com\/avatar\/1537a11db5ae7fef0631b6c662f439d8a632c50630c980828d0e2c4de581568b?s=96&d=mm&r=g","caption":"Michael Landl"},"url":"https:\/\/worldvapersalliance.com\/cs\/author\/michael\/"}]}},"_links":{"self":[{"href":"https:\/\/worldvapersalliance.com\/cs\/wp-json\/wp\/v2\/posts\/1348","targetHints":{"allow":["GET"]}}],"collection":[{"href":"https:\/\/worldvapersalliance.com\/cs\/wp-json\/wp\/v2\/posts"}],"about":[{"href":"https:\/\/worldvapersalliance.com\/cs\/wp-json\/wp\/v2\/types\/post"}],"author":[{"embeddable":true,"href":"https:\/\/worldvapersalliance.com\/cs\/wp-json\/wp\/v2\/users\/4"}],"replies":[{"embeddable":true,"href":"https:\/\/worldvapersalliance.com\/cs\/wp-json\/wp\/v2\/comments?post=1348"}],"version-history":[{"count":0,"href":"https:\/\/worldvapersalliance.com\/cs\/wp-json\/wp\/v2\/posts\/1348\/revisions"}],"wp:attachment":[{"href":"https:\/\/worldvapersalliance.com\/cs\/wp-json\/wp\/v2\/media?parent=1348"}],"wp:term":[{"taxonomy":"category","embeddable":true,"href":"https:\/\/worldvapersalliance.com\/cs\/wp-json\/wp\/v2\/categories?post=1348"},{"taxonomy":"post_tag","embeddable":true,"href":"https:\/\/worldvapersalliance.com\/cs\/wp-json\/wp\/v2\/tags?post=1348"}],"curies":[{"name":"wp","href":"https:\/\/api.w.org\/{rel}","templated":true}]}}