{"id":1008,"date":"2022-03-22T16:57:20","date_gmt":"2022-03-22T20:57:20","guid":{"rendered":"https:\/\/cccwva.wpengine.com\/?p=1008"},"modified":"2022-04-09T03:15:53","modified_gmt":"2022-04-09T07:15:53","slug":"consumatori-europei-di-e-cig-manifestano-contro-il-divieto-defli-aromi","status":"publish","type":"post","link":"https:\/\/worldvapersalliance.com\/cs\/consumatori-europei-di-e-cig-manifestano-contro-il-divieto-defli-aromi\/","title":{"rendered":"Europei di e-cig manifestano contro il divieto defli aroma"},"content":{"rendered":"<p><em>La World Vapers Alliance lancia lo slogan Flavours Matter. Svezia a Olanda prossimi a introdurre limitazioni nei gusti dei liquidi.<\/em><\/p>\r\n\r\n\r\n\r\n<p>\u0160v\u00e9dsko je v bl\u00edzkosti\u00a0<a href=\"https:\/\/www.sigmagazine.it\/2022\/02\/svezia-divieto-aromi\/\" target=\"_blank\" rel=\"noreferrer noopener\">di vietare la vendita dei liquidi aromatizzati per sigarette elettroniche<\/a>. E allora la rete dei consumatori si sta attivando per impedire che l&#039;ipotesi governativa vada a buon fine, cercando di believere i parlamentari con argomenti sciencei e pratici. E za coinvolgere maggiormente l&#039;opinione pubblica, the World Vapers&#039; Alliance (WVA) in queste or sta manifestando for le street di Stoccolma with un a simple message: Flavours Matter, gli aromi sonno importanti.<\/p>\r\n\r\n\r\n\r\n<p>\u201c<em>Vietare gli aromi nei liquidi per sigaretta elettronica<\/em>\u2013 spiega Michael Landl, presidente del network internazionale Wva \u2013\u00a0<em>infliggerebbe un colpo catastrofico alla salute pubblica. I dati mostrano che vietare gli aromi potrebbe far tornare a fumare fino a 150.000 svedesi. Anche altri paesi stanno prendendo in a misure podobn\u011b, tra cui Spagna e Paesi Bassi. Gli svapatori di tutto il mondo sono sottoposti a un&#039;immensa pressione da parte dei policy che cercano di limitare il loro accesso ad alternative men dannose. Stiamo alzando la voce perch\u00e9 rischiamo di perdere decenni di progressi nella riduzione del tasso di fumo. Se gli aromi per svapo fossero vietati agli adulti, potremmo assistere a un ritorno dei tassi di fumo come quelli di decenni fa<\/em>\u201c&quot;. Proteste pro &quot;Flavours Matter&quot; proseguiranno anche nei prossimi giorni. Gioved\u00ec 24 March la delegazione di Wva Sar\u00e0 a L&#039;Aia, fronte il parlament holandsk\u00e9ho, dove se diskutuj\u00ed a analogo provvedimento di divieto.<\/p>\r\n\r\n\r\n\r\n<p><a href=\"https:\/\/www.sigmagazine.it\/2022\/03\/aromi-divieto-svezia-olanda\/\">P\u016fvodn\u011b publikov\u00e1no zde.<\/a><\/p>","protected":false},"excerpt":{"rendered":"<p>La World Vapers&#8217; Alliance lancia lo slogan Flavours Matter. Svezia e Olanda prossimi a introdurre limitazioni nei gusti dei liquidi. La Svezia \u00e8 in procinto\u00a0di vietare la vendita dei liquidi aromatizzati per sigarette elettroniche. E allora la rete dei consumatori si sta attivando per impedire che l\u2019ipotesi governativa vada a buon fine, cercando di convincere [&hellip;]<\/p>\n","protected":false},"author":4,"featured_media":6394,"comment_status":"open","ping_status":"open","sticky":false,"template":"","format":"standard","meta":{"footnotes":""},"categories":[15],"tags":[],"class_list":["post-1008","post","type-post","status-publish","format-standard","has-post-thumbnail","hentry","category-wva-in-the-news"],"yoast_head":"<!-- This site is optimized with the Yoast SEO plugin v27.3 - https:\/\/yoast.com\/product\/yoast-seo-wordpress\/ -->\n<title>Consumatori europei di e-cig manifestano contro il divieto defli aromi - World Vapers&#039; Alliance<\/title>\n<meta name=\"robots\" content=\"index, follow, max-snippet:-1, max-image-preview:large, max-video-preview:-1\" \/>\n<link rel=\"canonical\" href=\"https:\/\/worldvapersalliance.com\/cs\/consumatori-europei-di-e-cig-manifestano-contro-il-divieto-defli-aromi\/\" \/>\n<meta property=\"og:locale\" content=\"cs_CZ\" \/>\n<meta property=\"og:type\" content=\"article\" \/>\n<meta property=\"og:title\" content=\"Consumatori europei di e-cig manifestano contro il divieto defli aromi - World Vapers&#039; Alliance\" \/>\n<meta property=\"og:description\" content=\"La World Vapers&#8217; Alliance lancia lo slogan Flavours Matter. Svezia e Olanda prossimi a introdurre limitazioni nei gusti dei liquidi. La Svezia \u00e8 in procinto\u00a0di vietare la vendita dei liquidi aromatizzati per sigarette elettroniche. E allora la rete dei consumatori si sta attivando per impedire che l\u2019ipotesi governativa vada a buon fine, cercando di convincere [&hellip;]\" \/>\n<meta property=\"og:url\" content=\"https:\/\/worldvapersalliance.com\/cs\/consumatori-europei-di-e-cig-manifestano-contro-il-divieto-defli-aromi\/\" \/>\n<meta property=\"og:site_name\" content=\"World Vapers&#039; Alliance\" \/>\n<meta property=\"article:published_time\" content=\"2022-03-22T20:57:20+00:00\" \/>\n<meta property=\"article:modified_time\" content=\"2022-04-09T07:15:53+00:00\" \/>\n<meta property=\"og:image\" content=\"https:\/\/worldvapersalliance.com\/wp-content\/uploads\/2022\/03\/World_Vapers_Alliance_Logo_White_Stripes.png\" \/>\n\t<meta property=\"og:image:width\" content=\"2081\" \/>\n\t<meta property=\"og:image:height\" content=\"1920\" \/>\n\t<meta property=\"og:image:type\" content=\"image\/png\" \/>\n<meta name=\"author\" content=\"Michael Landl\" \/>\n<meta name=\"twitter:card\" content=\"summary_large_image\" \/>\n<meta name=\"twitter:label1\" content=\"Napsal(a)\" \/>\n\t<meta name=\"twitter:data1\" content=\"Michael Landl\" \/>\n\t<meta name=\"twitter:label2\" content=\"Odhadovan\u00e1 doba \u010dten\u00ed\" \/>\n\t<meta name=\"twitter:data2\" content=\"1 minuta\" \/>\n<script type=\"application\/ld+json\" class=\"yoast-schema-graph\">{\"@context\":\"https:\\\/\\\/schema.org\",\"@graph\":[{\"@type\":\"Article\",\"@id\":\"https:\\\/\\\/worldvapersalliance.com\\\/consumatori-europei-di-e-cig-manifestano-contro-il-divieto-defli-aromi\\\/#article\",\"isPartOf\":{\"@id\":\"https:\\\/\\\/worldvapersalliance.com\\\/consumatori-europei-di-e-cig-manifestano-contro-il-divieto-defli-aromi\\\/\"},\"author\":{\"name\":\"Michael Landl\",\"@id\":\"https:\\\/\\\/worldvapersalliance.com\\\/#\\\/schema\\\/person\\\/05f663571d787d89a2d5c77c482a6583\"},\"headline\":\"Consumatori europei di e-cig manifestano contro il divieto defli aromi\",\"datePublished\":\"2022-03-22T20:57:20+00:00\",\"dateModified\":\"2022-04-09T07:15:53+00:00\",\"mainEntityOfPage\":{\"@id\":\"https:\\\/\\\/worldvapersalliance.com\\\/consumatori-europei-di-e-cig-manifestano-contro-il-divieto-defli-aromi\\\/\"},\"wordCount\":262,\"commentCount\":0,\"publisher\":{\"@id\":\"https:\\\/\\\/worldvapersalliance.com\\\/#organization\"},\"image\":{\"@id\":\"https:\\\/\\\/worldvapersalliance.com\\\/consumatori-europei-di-e-cig-manifestano-contro-il-divieto-defli-aromi\\\/#primaryimage\"},\"thumbnailUrl\":\"https:\\\/\\\/worldvapersalliance.com\\\/wp-content\\\/uploads\\\/2025\\\/08\\\/WVA-in-the-news.png\",\"articleSection\":[\"WVA in the News\"],\"inLanguage\":\"cs\",\"potentialAction\":[{\"@type\":\"CommentAction\",\"name\":\"Comment\",\"target\":[\"https:\\\/\\\/worldvapersalliance.com\\\/consumatori-europei-di-e-cig-manifestano-contro-il-divieto-defli-aromi\\\/#respond\"]}]},{\"@type\":\"WebPage\",\"@id\":\"https:\\\/\\\/worldvapersalliance.com\\\/consumatori-europei-di-e-cig-manifestano-contro-il-divieto-defli-aromi\\\/\",\"url\":\"https:\\\/\\\/worldvapersalliance.com\\\/consumatori-europei-di-e-cig-manifestano-contro-il-divieto-defli-aromi\\\/\",\"name\":\"Consumatori europei di e-cig manifestano contro il divieto defli aromi - World Vapers&#039; Alliance\",\"isPartOf\":{\"@id\":\"https:\\\/\\\/worldvapersalliance.com\\\/#website\"},\"primaryImageOfPage\":{\"@id\":\"https:\\\/\\\/worldvapersalliance.com\\\/consumatori-europei-di-e-cig-manifestano-contro-il-divieto-defli-aromi\\\/#primaryimage\"},\"image\":{\"@id\":\"https:\\\/\\\/worldvapersalliance.com\\\/consumatori-europei-di-e-cig-manifestano-contro-il-divieto-defli-aromi\\\/#primaryimage\"},\"thumbnailUrl\":\"https:\\\/\\\/worldvapersalliance.com\\\/wp-content\\\/uploads\\\/2025\\\/08\\\/WVA-in-the-news.png\",\"datePublished\":\"2022-03-22T20:57:20+00:00\",\"dateModified\":\"2022-04-09T07:15:53+00:00\",\"inLanguage\":\"cs\",\"potentialAction\":[{\"@type\":\"ReadAction\",\"target\":[\"https:\\\/\\\/worldvapersalliance.com\\\/consumatori-europei-di-e-cig-manifestano-contro-il-divieto-defli-aromi\\\/\"]}]},{\"@type\":\"ImageObject\",\"inLanguage\":\"cs\",\"@id\":\"https:\\\/\\\/worldvapersalliance.com\\\/consumatori-europei-di-e-cig-manifestano-contro-il-divieto-defli-aromi\\\/#primaryimage\",\"url\":\"https:\\\/\\\/worldvapersalliance.com\\\/wp-content\\\/uploads\\\/2025\\\/08\\\/WVA-in-the-news.png\",\"contentUrl\":\"https:\\\/\\\/worldvapersalliance.com\\\/wp-content\\\/uploads\\\/2025\\\/08\\\/WVA-in-the-news.png\",\"width\":1264,\"height\":848},{\"@type\":\"WebSite\",\"@id\":\"https:\\\/\\\/worldvapersalliance.com\\\/#website\",\"url\":\"https:\\\/\\\/worldvapersalliance.com\\\/\",\"name\":\"World Vapers&#039; Alliance\",\"description\":\"The largest community of vapers\",\"publisher\":{\"@id\":\"https:\\\/\\\/worldvapersalliance.com\\\/#organization\"},\"potentialAction\":[{\"@type\":\"SearchAction\",\"target\":{\"@type\":\"EntryPoint\",\"urlTemplate\":\"https:\\\/\\\/worldvapersalliance.com\\\/?s={search_term_string}\"},\"query-input\":{\"@type\":\"PropertyValueSpecification\",\"valueRequired\":true,\"valueName\":\"search_term_string\"}}],\"inLanguage\":\"cs\"},{\"@type\":\"Organization\",\"@id\":\"https:\\\/\\\/worldvapersalliance.com\\\/#organization\",\"name\":\"World Vapers&#039; Alliance\",\"url\":\"https:\\\/\\\/worldvapersalliance.com\\\/\",\"logo\":{\"@type\":\"ImageObject\",\"inLanguage\":\"cs\",\"@id\":\"https:\\\/\\\/worldvapersalliance.com\\\/#\\\/schema\\\/logo\\\/image\\\/\",\"url\":\"https:\\\/\\\/worldvapersalliance.com\\\/wp-content\\\/uploads\\\/2022\\\/01\\\/WVA_RB_Fist_G.png\",\"contentUrl\":\"https:\\\/\\\/worldvapersalliance.com\\\/wp-content\\\/uploads\\\/2022\\\/01\\\/WVA_RB_Fist_G.png\",\"width\":985,\"height\":1177,\"caption\":\"World Vapers&#039; Alliance\"},\"image\":{\"@id\":\"https:\\\/\\\/worldvapersalliance.com\\\/#\\\/schema\\\/logo\\\/image\\\/\"}},{\"@type\":\"Person\",\"@id\":\"https:\\\/\\\/worldvapersalliance.com\\\/#\\\/schema\\\/person\\\/05f663571d787d89a2d5c77c482a6583\",\"name\":\"Michael Landl\",\"image\":{\"@type\":\"ImageObject\",\"inLanguage\":\"cs\",\"@id\":\"https:\\\/\\\/secure.gravatar.com\\\/avatar\\\/1537a11db5ae7fef0631b6c662f439d8a632c50630c980828d0e2c4de581568b?s=96&d=mm&r=g\",\"url\":\"https:\\\/\\\/secure.gravatar.com\\\/avatar\\\/1537a11db5ae7fef0631b6c662f439d8a632c50630c980828d0e2c4de581568b?s=96&d=mm&r=g\",\"contentUrl\":\"https:\\\/\\\/secure.gravatar.com\\\/avatar\\\/1537a11db5ae7fef0631b6c662f439d8a632c50630c980828d0e2c4de581568b?s=96&d=mm&r=g\",\"caption\":\"Michael Landl\"},\"url\":\"https:\\\/\\\/worldvapersalliance.com\\\/cs\\\/author\\\/michael\\\/\"}]}<\/script>\n<!-- \/ Yoast SEO plugin. -->","yoast_head_json":{"title":"Consumatori europei di e-cig manifestano control il divieto defli aroma - World Vapers&#039; Alliance","robots":{"index":"index","follow":"follow","max-snippet":"max-snippet:-1","max-image-preview":"max-image-preview:large","max-video-preview":"max-video-preview:-1"},"canonical":"https:\/\/worldvapersalliance.com\/cs\/consumatori-europei-di-e-cig-manifestano-contro-il-divieto-defli-aromi\/","og_locale":"cs_CZ","og_type":"article","og_title":"Consumatori europei di e-cig manifestano contro il divieto defli aromi - World Vapers&#039; Alliance","og_description":"La World Vapers&#8217; Alliance lancia lo slogan Flavours Matter. Svezia e Olanda prossimi a introdurre limitazioni nei gusti dei liquidi. La Svezia \u00e8 in procinto\u00a0di vietare la vendita dei liquidi aromatizzati per sigarette elettroniche. E allora la rete dei consumatori si sta attivando per impedire che l\u2019ipotesi governativa vada a buon fine, cercando di convincere [&hellip;]","og_url":"https:\/\/worldvapersalliance.com\/cs\/consumatori-europei-di-e-cig-manifestano-contro-il-divieto-defli-aromi\/","og_site_name":"World Vapers&#039; Alliance","article_published_time":"2022-03-22T20:57:20+00:00","article_modified_time":"2022-04-09T07:15:53+00:00","og_image":[{"width":2081,"height":1920,"url":"https:\/\/worldvapersalliance.com\/wp-content\/uploads\/2022\/03\/World_Vapers_Alliance_Logo_White_Stripes.png","type":"image\/png"}],"author":"Michael Landl","twitter_card":"summary_large_image","twitter_misc":{"Napsal(a)":"Michael Landl","Odhadovan\u00e1 doba \u010dten\u00ed":"1 minuta"},"schema":{"@context":"https:\/\/schema.org","@graph":[{"@type":"Article","@id":"https:\/\/worldvapersalliance.com\/consumatori-europei-di-e-cig-manifestano-contro-il-divieto-defli-aromi\/#article","isPartOf":{"@id":"https:\/\/worldvapersalliance.com\/consumatori-europei-di-e-cig-manifestano-contro-il-divieto-defli-aromi\/"},"author":{"name":"Michael Landl","@id":"https:\/\/worldvapersalliance.com\/#\/schema\/person\/05f663571d787d89a2d5c77c482a6583"},"headline":"Consumatori europei di e-cig manifestano contro il divieto defli aromi","datePublished":"2022-03-22T20:57:20+00:00","dateModified":"2022-04-09T07:15:53+00:00","mainEntityOfPage":{"@id":"https:\/\/worldvapersalliance.com\/consumatori-europei-di-e-cig-manifestano-contro-il-divieto-defli-aromi\/"},"wordCount":262,"commentCount":0,"publisher":{"@id":"https:\/\/worldvapersalliance.com\/#organization"},"image":{"@id":"https:\/\/worldvapersalliance.com\/consumatori-europei-di-e-cig-manifestano-contro-il-divieto-defli-aromi\/#primaryimage"},"thumbnailUrl":"https:\/\/worldvapersalliance.com\/wp-content\/uploads\/2025\/08\/WVA-in-the-news.png","articleSection":["WVA in the News"],"inLanguage":"cs","potentialAction":[{"@type":"CommentAction","name":"Comment","target":["https:\/\/worldvapersalliance.com\/consumatori-europei-di-e-cig-manifestano-contro-il-divieto-defli-aromi\/#respond"]}]},{"@type":"WebPage","@id":"https:\/\/worldvapersalliance.com\/consumatori-europei-di-e-cig-manifestano-contro-il-divieto-defli-aromi\/","url":"https:\/\/worldvapersalliance.com\/consumatori-europei-di-e-cig-manifestano-contro-il-divieto-defli-aromi\/","name":"Consumatori europei di e-cig manifestano control il divieto defli aroma - World Vapers&#039; Alliance","isPartOf":{"@id":"https:\/\/worldvapersalliance.com\/#website"},"primaryImageOfPage":{"@id":"https:\/\/worldvapersalliance.com\/consumatori-europei-di-e-cig-manifestano-contro-il-divieto-defli-aromi\/#primaryimage"},"image":{"@id":"https:\/\/worldvapersalliance.com\/consumatori-europei-di-e-cig-manifestano-contro-il-divieto-defli-aromi\/#primaryimage"},"thumbnailUrl":"https:\/\/worldvapersalliance.com\/wp-content\/uploads\/2025\/08\/WVA-in-the-news.png","datePublished":"2022-03-22T20:57:20+00:00","dateModified":"2022-04-09T07:15:53+00:00","inLanguage":"cs","potentialAction":[{"@type":"ReadAction","target":["https:\/\/worldvapersalliance.com\/consumatori-europei-di-e-cig-manifestano-contro-il-divieto-defli-aromi\/"]}]},{"@type":"ImageObject","inLanguage":"cs","@id":"https:\/\/worldvapersalliance.com\/consumatori-europei-di-e-cig-manifestano-contro-il-divieto-defli-aromi\/#primaryimage","url":"https:\/\/worldvapersalliance.com\/wp-content\/uploads\/2025\/08\/WVA-in-the-news.png","contentUrl":"https:\/\/worldvapersalliance.com\/wp-content\/uploads\/2025\/08\/WVA-in-the-news.png","width":1264,"height":848},{"@type":"WebSite","@id":"https:\/\/worldvapersalliance.com\/#website","url":"https:\/\/worldvapersalliance.com\/","name":"World Vapers&#039; Alliance","description":"Nejv\u011bt\u0161\u00ed komunita vaper\u016f","publisher":{"@id":"https:\/\/worldvapersalliance.com\/#organization"},"potentialAction":[{"@type":"SearchAction","target":{"@type":"EntryPoint","urlTemplate":"https:\/\/worldvapersalliance.com\/?s={search_term_string}"},"query-input":{"@type":"PropertyValueSpecification","valueRequired":true,"valueName":"search_term_string"}}],"inLanguage":"cs"},{"@type":"Organization","@id":"https:\/\/worldvapersalliance.com\/#organization","name":"World Vapers&#039; Alliance","url":"https:\/\/worldvapersalliance.com\/","logo":{"@type":"ImageObject","inLanguage":"cs","@id":"https:\/\/worldvapersalliance.com\/#\/schema\/logo\/image\/","url":"https:\/\/worldvapersalliance.com\/wp-content\/uploads\/2022\/01\/WVA_RB_Fist_G.png","contentUrl":"https:\/\/worldvapersalliance.com\/wp-content\/uploads\/2022\/01\/WVA_RB_Fist_G.png","width":985,"height":1177,"caption":"World Vapers&#039; Alliance"},"image":{"@id":"https:\/\/worldvapersalliance.com\/#\/schema\/logo\/image\/"}},{"@type":"Person","@id":"https:\/\/worldvapersalliance.com\/#\/schema\/person\/05f663571d787d89a2d5c77c482a6583","name":"Michael Landl","image":{"@type":"ImageObject","inLanguage":"cs","@id":"https:\/\/secure.gravatar.com\/avatar\/1537a11db5ae7fef0631b6c662f439d8a632c50630c980828d0e2c4de581568b?s=96&d=mm&r=g","url":"https:\/\/secure.gravatar.com\/avatar\/1537a11db5ae7fef0631b6c662f439d8a632c50630c980828d0e2c4de581568b?s=96&d=mm&r=g","contentUrl":"https:\/\/secure.gravatar.com\/avatar\/1537a11db5ae7fef0631b6c662f439d8a632c50630c980828d0e2c4de581568b?s=96&d=mm&r=g","caption":"Michael Landl"},"url":"https:\/\/worldvapersalliance.com\/cs\/author\/michael\/"}]}},"_links":{"self":[{"href":"https:\/\/worldvapersalliance.com\/cs\/wp-json\/wp\/v2\/posts\/1008","targetHints":{"allow":["GET"]}}],"collection":[{"href":"https:\/\/worldvapersalliance.com\/cs\/wp-json\/wp\/v2\/posts"}],"about":[{"href":"https:\/\/worldvapersalliance.com\/cs\/wp-json\/wp\/v2\/types\/post"}],"author":[{"embeddable":true,"href":"https:\/\/worldvapersalliance.com\/cs\/wp-json\/wp\/v2\/users\/4"}],"replies":[{"embeddable":true,"href":"https:\/\/worldvapersalliance.com\/cs\/wp-json\/wp\/v2\/comments?post=1008"}],"version-history":[{"count":0,"href":"https:\/\/worldvapersalliance.com\/cs\/wp-json\/wp\/v2\/posts\/1008\/revisions"}],"wp:featuredmedia":[{"embeddable":true,"href":"https:\/\/worldvapersalliance.com\/cs\/wp-json\/wp\/v2\/media\/6394"}],"wp:attachment":[{"href":"https:\/\/worldvapersalliance.com\/cs\/wp-json\/wp\/v2\/media?parent=1008"}],"wp:term":[{"taxonomy":"category","embeddable":true,"href":"https:\/\/worldvapersalliance.com\/cs\/wp-json\/wp\/v2\/categories?post=1008"},{"taxonomy":"post_tag","embeddable":true,"href":"https:\/\/worldvapersalliance.com\/cs\/wp-json\/wp\/v2\/tags?post=1008"}],"curies":[{"name":"wp","href":"https:\/\/api.w.org\/{rel}","templated":true}]}}